
{"id":21177,"date":"2021-07-12T08:00:00","date_gmt":"2021-07-12T06:00:00","guid":{"rendered":"https:\/\/rauchfrei.at\/?p=21177"},"modified":"2022-05-25T12:20:58","modified_gmt":"2022-05-25T10:20:58","slug":"rauchfrei-mit-unterstuetzung","status":"publish","type":"post","link":"https:\/\/rauchfrei.at\/en\/rauchfrei-mit-unterstuetzung\/","title":{"rendered":"Rauchfrei mit Unterst\u00fctzung"},"content":{"rendered":"<p>[et_pb_section fb_built=&#8221;1&#8243; module_class=&#8221;header&#8221; _builder_version=&#8221;4.16&#8243; global_colors_info=&#8221;{}&#8221;][et_pb_row _builder_version=&#8221;4.16&#8243; global_colors_info=&#8221;{}&#8221;][et_pb_column type=&#8221;4_4&#8243; _builder_version=&#8221;4.16&#8243; custom_padding=&#8221;|||&#8221; global_colors_info=&#8221;{}&#8221; custom_padding__hover=&#8221;|||&#8221;][et_pb_dp_dmb_module_10001 subheadline=&#8221;Bekommen Sie Hilfe beim Rauchfrei werden&#8221; _builder_version=&#8221;4.16&#8243; z_index_tablet=&#8221;500&#8243; global_colors_info=&#8221;{}&#8221;][\/et_pb_dp_dmb_module_10001][\/et_pb_column][\/et_pb_row][\/et_pb_section][et_pb_section fb_built=&#8221;1&#8243; _builder_version=&#8221;4.16&#8243; custom_padding=&#8221;30px|||&#8221; global_colors_info=&#8221;{}&#8221;][et_pb_row column_structure=&#8221;2_3,1_3&#8243; _builder_version=&#8221;4.16&#8243; global_colors_info=&#8221;{}&#8221;][et_pb_column type=&#8221;2_3&#8243; module_class=&#8221;blog-content&#8221; _builder_version=&#8221;4.16&#8243; custom_padding=&#8221;|||&#8221; global_colors_info=&#8221;{}&#8221; custom_padding__hover=&#8221;|||&#8221;][et_pb_text _builder_version=&#8221;4.17.1&#8243; hover_enabled=&#8221;0&#8243; global_colors_info=&#8221;{}&#8221; sticky_enabled=&#8221;0&#8243;]<\/p>\n<p>Durch Corona konnten viele Tabakentw\u00f6hnangebote nicht wie geplant stattfinden, wurden auf Onlinekurse umgelegt Entw\u00f6hn-Programme in Einrichtungen waren zum Teil gar nicht m\u00f6glich. Es starten wieder viele neue Angebote.<\/p>\n<p>Sie m\u00f6chten rauchfrei durchstarten und haben vielleicht sogar probiert vom Glimmst\u00e4ngel los zu kommen?<\/p>\n<p>Fest steht: Raucherinnen und Raucher, die Unterst\u00fctzung annehmen, haben deutlich h\u00f6here Erfolgsquoten.<\/p>\n<p>Sie sind bei der SVS versichert? Dann sicheren Sie sich einen Platz bei den bew\u00e4hrten <a href=\"https:\/\/www.svs.at\/cdscontent\/?contentid=10007.835017&amp;portal=svsportal\">No Smoking Camps<\/a>, die Sozialversicherungsanstalt der Selbstst\u00e4ndigen startet wieder durch.<a href=\"https:\/\/www.svs.at\/cdscontent\/?contentid=10007.835017&amp;portal=svsportal\"><\/a><\/p>\n<p>Die Versicherungsanstalt \u00f6ffentlich Bediensteter, Eisenbahnen und Bergbau bittet seit letztem Sommer Angebote sowohl online als auch telefonisch an, weiters k\u00f6nnen <a href=\"https:\/\/www.bvaeb.at\/cdscontent\/?contentid=10007.840452&amp;portal=bvaebbportal\">BVAEB-Versicherte<\/a> auch an den Angeboten der \u00d6GK teilnehmen.<a href=\"https:\/\/www.bvaeb.at\/cdscontent\/?contentid=10007.840452&amp;portal=bvaebbportal\"><\/a><\/p>\n<p>Die <a href=\"http:\/\/www.gesundheitskasse.at\/rauchfrei\" target=\"_blank\" rel=\"noopener\">\u00d6sterreichische Gesundheitskasse<\/a> (\u00d6GK) bietet in den Bundesl\u00e4ndern unterschiedliche Angebote an, teils online, teils auch als Pr\u00e4senzkurs. <a href=\"https:\/\/www.gesundheitskasse.at\/cdscontent\/rauchfrei\"><\/a><\/p>\n<p>Schnell sein hei\u00dft es in der <a href=\"https:\/\/www.gesundheitskasse.at\/rauchfrei\">Steiermark<\/a> (Onlinekurs Mitte Juli) und in <a href=\"https:\/\/krankenhaus.mariaebene.at\/beitraege\/angebot-fuer-raucher\" target=\"_blank\" rel=\"noopener\">Vorarlberg<\/a> hier startet ein Gruppenkurs Ende Juli.<\/p>\n<p>Auch hier finden Sie die <a href=\"https:\/\/rauchfrei.at\/aufhoeren\/weitere-beratungsangebote-in-oe\/ambulante-beratung\/\">Angebote nach Bundesl\u00e4ndern<\/a> aufgelistet.<\/p>\n<p>Werden Sie rauchfrei, mit Unterst\u00fctzung gelingt es leichter!<\/p>\n<p>[\/et_pb_text][et_pb_post_nav in_same_term=&#8221;off&#8221; _builder_version=&#8221;4.16&#8243; global_colors_info=&#8221;{}&#8221;][\/et_pb_post_nav][\/et_pb_column][et_pb_column type=&#8221;1_3&#8243; module_class=&#8221;cat-and-tag&#8221; _builder_version=&#8221;4.16&#8243; custom_padding=&#8221;|||&#8221; global_colors_info=&#8221;{}&#8221; custom_padding__hover=&#8221;|||&#8221;][et_pb_sidebar area=&#8221;et_pb_widget_area_1&#8243; _builder_version=&#8221;4.16&#8243; global_colors_info=&#8221;{}&#8221;][\/et_pb_sidebar][\/et_pb_column][\/et_pb_row][\/et_pb_section]<\/p>\n","protected":false},"excerpt":{"rendered":"<p>Sie geh\u00f6ren auch zu jenen, die dieses Jahr gerne rauchfrei aufatmen m\u00f6chten? Durch die Corona-Pandemie konnten viele Angebote nicht stattfinden. Derzeit starten wieder viele Programme, wir geben einen \u00dcberblick.<\/p>\n","protected":false},"author":25,"featured_media":0,"comment_status":"open","ping_status":"open","sticky":false,"template":"","format":"standard","meta":{"_et_pb_use_builder":"on","_et_pb_old_content":"","_et_gb_content_width":"2880","footnotes":""},"categories":[236],"tags":[],"class_list":["post-21177","post","type-post","status-publish","format-standard","hentry","category-nicht-kategorisiert"],"yoast_head":"<!-- This site is optimized with the Yoast SEO plugin v26.2 - https:\/\/yoast.com\/wordpress\/plugins\/seo\/ -->\n<title>Rauchfrei mit Unterst\u00fctzung - Rauchfrei Telefon<\/title>\n<meta name=\"robots\" content=\"index, follow, max-snippet:-1, max-image-preview:large, max-video-preview:-1\" \/>\n<link rel=\"canonical\" href=\"https:\/\/rauchfrei.at\/rauchfrei-mit-unterstuetzung\/\" \/>\n<meta property=\"og:locale\" content=\"en_US\" \/>\n<meta property=\"og:type\" content=\"article\" \/>\n<meta property=\"og:title\" content=\"Rauchfrei mit Unterst\u00fctzung - Rauchfrei Telefon\" \/>\n<meta property=\"og:description\" content=\"Sie geh\u00f6ren auch zu jenen, die dieses Jahr gerne rauchfrei aufatmen m\u00f6chten? Durch die Corona-Pandemie konnten viele Angebote nicht stattfinden. Derzeit starten wieder viele Programme, wir geben einen \u00dcberblick.\" \/>\n<meta property=\"og:url\" content=\"https:\/\/rauchfrei.at\/rauchfrei-mit-unterstuetzung\/\" \/>\n<meta property=\"og:site_name\" content=\"Rauchfrei Telefon\" \/>\n<meta property=\"article:published_time\" content=\"2021-07-12T06:00:00+00:00\" \/>\n<meta property=\"article:modified_time\" content=\"2022-05-25T10:20:58+00:00\" \/>\n<meta name=\"author\" content=\"Rauchfrei Team\" \/>\n<meta name=\"twitter:card\" content=\"summary_large_image\" \/>\n<meta name=\"twitter:label1\" content=\"Written by\" \/>\n\t<meta name=\"twitter:data1\" content=\"Rauchfrei Team\" \/>\n\t<meta name=\"twitter:label2\" content=\"Est. reading time\" \/>\n\t<meta name=\"twitter:data2\" content=\"1 minute\" \/>\n<script type=\"application\/ld+json\" class=\"yoast-schema-graph\">{\"@context\":\"https:\/\/schema.org\",\"@graph\":[{\"@type\":\"WebPage\",\"@id\":\"https:\/\/rauchfrei.at\/rauchfrei-mit-unterstuetzung\/\",\"url\":\"https:\/\/rauchfrei.at\/rauchfrei-mit-unterstuetzung\/\",\"name\":\"Rauchfrei mit Unterst\u00fctzung - Rauchfrei Telefon\",\"isPartOf\":{\"@id\":\"https:\/\/rauchfrei.at\/#website\"},\"datePublished\":\"2021-07-12T06:00:00+00:00\",\"dateModified\":\"2022-05-25T10:20:58+00:00\",\"author\":{\"@id\":\"https:\/\/rauchfrei.at\/#\/schema\/person\/504bbf90c5482004fc09aef6de7f9277\"},\"inLanguage\":\"en-US\",\"potentialAction\":[{\"@type\":\"ReadAction\",\"target\":[\"https:\/\/rauchfrei.at\/rauchfrei-mit-unterstuetzung\/\"]}]},{\"@type\":\"WebSite\",\"@id\":\"https:\/\/rauchfrei.at\/#website\",\"url\":\"https:\/\/rauchfrei.at\/\",\"name\":\"Rauchfrei Telefon\",\"description\":\"Eine \u00f6sterreichweite Initiative der Sozialversicherungen.\",\"potentialAction\":[{\"@type\":\"SearchAction\",\"target\":{\"@type\":\"EntryPoint\",\"urlTemplate\":\"https:\/\/rauchfrei.at\/?s={search_term_string}\"},\"query-input\":{\"@type\":\"PropertyValueSpecification\",\"valueRequired\":true,\"valueName\":\"search_term_string\"}}],\"inLanguage\":\"en-US\"},{\"@type\":\"Person\",\"@id\":\"https:\/\/rauchfrei.at\/#\/schema\/person\/504bbf90c5482004fc09aef6de7f9277\",\"name\":\"Rauchfrei Team\",\"image\":{\"@type\":\"ImageObject\",\"inLanguage\":\"en-US\",\"@id\":\"https:\/\/rauchfrei.at\/#\/schema\/person\/image\/\",\"url\":\"https:\/\/secure.gravatar.com\/avatar\/2115b79a00800516fa1523bb5a329611f90e73e89be559131fc7e82b4fdc95ff?s=96&d=mm&r=g\",\"contentUrl\":\"https:\/\/secure.gravatar.com\/avatar\/2115b79a00800516fa1523bb5a329611f90e73e89be559131fc7e82b4fdc95ff?s=96&d=mm&r=g\",\"caption\":\"Rauchfrei Team\"},\"url\":\"https:\/\/rauchfrei.at\/en\/author\/rauchfrei-team\/\"}]}<\/script>\n<!-- \/ Yoast SEO plugin. -->","yoast_head_json":{"title":"Rauchfrei mit Unterst\u00fctzung - Rauchfrei Telefon","robots":{"index":"index","follow":"follow","max-snippet":"max-snippet:-1","max-image-preview":"max-image-preview:large","max-video-preview":"max-video-preview:-1"},"canonical":"https:\/\/rauchfrei.at\/rauchfrei-mit-unterstuetzung\/","og_locale":"en_US","og_type":"article","og_title":"Rauchfrei mit Unterst\u00fctzung - Rauchfrei Telefon","og_description":"Sie geh\u00f6ren auch zu jenen, die dieses Jahr gerne rauchfrei aufatmen m\u00f6chten? Durch die Corona-Pandemie konnten viele Angebote nicht stattfinden. Derzeit starten wieder viele Programme, wir geben einen \u00dcberblick.","og_url":"https:\/\/rauchfrei.at\/rauchfrei-mit-unterstuetzung\/","og_site_name":"Rauchfrei Telefon","article_published_time":"2021-07-12T06:00:00+00:00","article_modified_time":"2022-05-25T10:20:58+00:00","author":"Rauchfrei Team","twitter_card":"summary_large_image","twitter_misc":{"Written by":"Rauchfrei Team","Est. reading time":"1 minute"},"schema":{"@context":"https:\/\/schema.org","@graph":[{"@type":"WebPage","@id":"https:\/\/rauchfrei.at\/rauchfrei-mit-unterstuetzung\/","url":"https:\/\/rauchfrei.at\/rauchfrei-mit-unterstuetzung\/","name":"Rauchfrei mit Unterst\u00fctzung - Rauchfrei Telefon","isPartOf":{"@id":"https:\/\/rauchfrei.at\/#website"},"datePublished":"2021-07-12T06:00:00+00:00","dateModified":"2022-05-25T10:20:58+00:00","author":{"@id":"https:\/\/rauchfrei.at\/#\/schema\/person\/504bbf90c5482004fc09aef6de7f9277"},"inLanguage":"en-US","potentialAction":[{"@type":"ReadAction","target":["https:\/\/rauchfrei.at\/rauchfrei-mit-unterstuetzung\/"]}]},{"@type":"WebSite","@id":"https:\/\/rauchfrei.at\/#website","url":"https:\/\/rauchfrei.at\/","name":"Rauchfrei Telefon","description":"Eine \u00f6sterreichweite Initiative der Sozialversicherungen.","potentialAction":[{"@type":"SearchAction","target":{"@type":"EntryPoint","urlTemplate":"https:\/\/rauchfrei.at\/?s={search_term_string}"},"query-input":{"@type":"PropertyValueSpecification","valueRequired":true,"valueName":"search_term_string"}}],"inLanguage":"en-US"},{"@type":"Person","@id":"https:\/\/rauchfrei.at\/#\/schema\/person\/504bbf90c5482004fc09aef6de7f9277","name":"Rauchfrei Team","image":{"@type":"ImageObject","inLanguage":"en-US","@id":"https:\/\/rauchfrei.at\/#\/schema\/person\/image\/","url":"https:\/\/secure.gravatar.com\/avatar\/2115b79a00800516fa1523bb5a329611f90e73e89be559131fc7e82b4fdc95ff?s=96&d=mm&r=g","contentUrl":"https:\/\/secure.gravatar.com\/avatar\/2115b79a00800516fa1523bb5a329611f90e73e89be559131fc7e82b4fdc95ff?s=96&d=mm&r=g","caption":"Rauchfrei Team"},"url":"https:\/\/rauchfrei.at\/en\/author\/rauchfrei-team\/"}]}},"_links":{"self":[{"href":"https:\/\/rauchfrei.at\/en\/wp-json\/wp\/v2\/posts\/21177","targetHints":{"allow":["GET"]}}],"collection":[{"href":"https:\/\/rauchfrei.at\/en\/wp-json\/wp\/v2\/posts"}],"about":[{"href":"https:\/\/rauchfrei.at\/en\/wp-json\/wp\/v2\/types\/post"}],"author":[{"embeddable":true,"href":"https:\/\/rauchfrei.at\/en\/wp-json\/wp\/v2\/users\/25"}],"replies":[{"embeddable":true,"href":"https:\/\/rauchfrei.at\/en\/wp-json\/wp\/v2\/comments?post=21177"}],"version-history":[{"count":11,"href":"https:\/\/rauchfrei.at\/en\/wp-json\/wp\/v2\/posts\/21177\/revisions"}],"predecessor-version":[{"id":24027,"href":"https:\/\/rauchfrei.at\/en\/wp-json\/wp\/v2\/posts\/21177\/revisions\/24027"}],"wp:attachment":[{"href":"https:\/\/rauchfrei.at\/en\/wp-json\/wp\/v2\/media?parent=21177"}],"wp:term":[{"taxonomy":"category","embeddable":true,"href":"https:\/\/rauchfrei.at\/en\/wp-json\/wp\/v2\/categories?post=21177"},{"taxonomy":"post_tag","embeddable":true,"href":"https:\/\/rauchfrei.at\/en\/wp-json\/wp\/v2\/tags?post=21177"}],"curies":[{"name":"wp","href":"https:\/\/api.w.org\/{rel}","templated":true}]}}