
{"id":21218,"date":"2021-07-19T08:00:00","date_gmt":"2021-07-19T06:00:00","guid":{"rendered":"https:\/\/rauchfrei.at\/?p=21218"},"modified":"2021-07-21T09:23:27","modified_gmt":"2021-07-21T07:23:27","slug":"sommerstimmung-ohne-zigarette","status":"publish","type":"post","link":"https:\/\/rauchfrei.at\/en\/sommerstimmung-ohne-zigarette\/","title":{"rendered":"Sommerstimmung ohne Zigarette?"},"content":{"rendered":"\n[et_pb_section fb_built=&#8221;1&#8243; module_class=&#8221;header&#8221; _builder_version=&#8221;3.22&#8243;][et_pb_row _builder_version=&#8221;3.25&#8243;][et_pb_column type=&#8221;4_4&#8243; _builder_version=&#8221;3.25&#8243; custom_padding=&#8221;|||&#8221; custom_padding__hover=&#8221;|||&#8221;][et_pb_dp_dmb_module_10001 subheadline=&#8221;Im Sommer werde ich rauchfrei&#8221; _builder_version=&#8221;4.9.4&#8243; z_index_tablet=&#8221;500&#8243;][\/et_pb_dp_dmb_module_10001][\/et_pb_column][\/et_pb_row][\/et_pb_section][et_pb_section fb_built=&#8221;1&#8243; _builder_version=&#8221;3.22&#8243; custom_padding=&#8221;30px|||&#8221;][et_pb_row column_structure=&#8221;2_3,1_3&#8243; _builder_version=&#8221;3.25&#8243;][et_pb_column type=&#8221;2_3&#8243; module_class=&#8221;blog-content&#8221; _builder_version=&#8221;3.25&#8243; custom_padding=&#8221;|||&#8221; custom_padding__hover=&#8221;|||&#8221;][et_pb_text _builder_version=&#8221;4.9.4&#8243;]<p>F\u00fcr viele ist die Zigarette untrennbar mit dem Erleben lauer Abende im Freundeskreis, Grillabenden, einem Gl\u00e4schen Wein und Entspannungs\u2013 oder Wohlf\u00fchlmomenten verkn\u00fcpft. Da scheint der Rauchstopp in weite Ferne verschoben.<\/p>\n<p>Das Vorhaben ist dann h\u00e4ufig nach dem Urlaub mit dem Rauchen aufzuh\u00f6ren, oder gar nach dem Sommer. Doch das Freiheitsgef\u00fchl des Sommers l\u00e4sst sich auch rauchfrei in vollen Z\u00fcgen sp\u00fcren und genie\u00dfen!<\/p>\n<p>Gerade der Sommer eignet sich besonders gut f\u00fcr einen Rauchstopp: Das Sonnenlicht hilft unserem K\u00f6rper dabei Vitamin D zu produzieren. Es sorgt f\u00fcr Aktivit\u00e4t und Energie, indem es die Produktion des Gl\u00fcckshormons Serotonin anregt, sodass Gl\u00fccksgef\u00fchle vorherrschen und dadurch auch der Rauchstopp leichter wird. Ein passender Ausgleich, denn auch die Aufnahme von Nikotin f\u00fchrt im K\u00f6rper zur Produktion von Serotonin.<\/p>\n<p>Au\u00dferdem gibt es im Sommer viele M\u00f6glichkeiten sich in freier Natur zu bewegen, sei es eine kleine Radtour zu einem Badesee oder ein Spaziergang am Abend, wenn die \u00e4rgste Hitze einem frischen Wind Platz macht. Die zus\u00e4tzliche Bewegung verhindert eine allzu gro\u00dfe Gewichtszunahme beim Rauchstopp und sorgt ebenfalls f\u00fcr Gl\u00fccksgef\u00fchle. Um der Hitze gewappnet zu sein, helfen selbstgemachte Limonaden mit frischen Fr\u00fcchten oder ein Krug Mineralwasser mit Zitrone, Minze und Eisw\u00fcrfeln \u2013 auch gut in der Flasche zum Mitnehmen und gleichzeitig gute Alternativen zu einer Zigarette.<\/p>\n<p>F\u00fcr Situationen in der fr\u00f6hlichen Runde, bei der gemeinsam mit lieben Menschen eine sch\u00f6ne Zeit verbracht wird, ist es wichtig sich im Vorfeld einen guten Plan zu machen, wie man diese Momente auch rauchfrei genie\u00dfen kann. Gibt es einen Satz, den man sagen kann, wenn einem eine Zigarette angeboten wird? Nichts spricht dagegen diesen vorher zu \u00fcben. Wichtig ist auch sein Umfeld aufzukl\u00e4ren \u00fcber die Absicht nicht mehr rauchen zu wollen. Oft erh\u00e4lt man dabei mehr Unterst\u00fctzung als man vorher vielleicht gedacht h\u00e4tte.<\/p>\n<p>Dann steht dem Ziel rauchfrei den Sommer zu genie\u00dfen nichts mehr im Wege!<\/p>[\/et_pb_text][et_pb_post_nav in_same_term=&#8221;off&#8221; _builder_version=&#8221;3.0.99&#8243;][\/et_pb_post_nav][et_pb_image _builder_version=&#8221;4.9.4&#8243; _module_preset=&#8221;default&#8221; hover_enabled=&#8221;0&#8243; sticky_enabled=&#8221;0&#8243;][\/et_pb_image][et_pb_text _builder_version=&#8221;4.9.4&#8243; _module_preset=&#8221;default&#8221;]<p>(C) Shutterstock<\/p>[\/et_pb_text][\/et_pb_column][et_pb_column type=&#8221;1_3&#8243; module_class=&#8221;cat-and-tag&#8221; _builder_version=&#8221;3.25&#8243; custom_padding=&#8221;|||&#8221; custom_padding__hover=&#8221;|||&#8221;][et_pb_sidebar area=&#8221;et_pb_widget_area_1&#8243; _builder_version=&#8221;3.0.99&#8243;][\/et_pb_sidebar][et_pb_dp_dmb_module_10093 farbe=&#8221;blitzgelb&#8221; headline=&#8221;Trauen Sie sich den Rauchstopp zu!&#8221; image=&#8221;https:\/\/rauchfrei.at\/wp-content\/uploads\/Quitting-Yellow.png&#8221; image_position=&#8221;center&#8221; link_text=&#8221;mehr&#8221; link_url=&#8221;https:\/\/rauchfrei.at\/aufhoeren\/schritte-zum-rauchstopp\/trauen-sie-sich-den-rauchstopp-zu\/&#8221; admin_label=&#8221;Trauen Sie sich den Rauchstopp zu&#8221; _builder_version=&#8221;3.19.15&#8243; global_module=&#8221;13173&#8243; saved_tabs=&#8221;all&#8221;]<p>Sie m\u00f6chten etwas \u00e4ndern? Worauf warten Sie noch?<\/p>\n[\/et_pb_dp_dmb_module_10093][\/et_pb_column][\/et_pb_row][\/et_pb_section]\n","protected":false},"excerpt":{"rendered":"<p>Die Temperaturen sind sommerlich \u2013 endlich stellt sich Ferien- oder Urlaubsstimmung ein. Da geh\u00f6rt die Zigarette doch dazu &#8211; oder gibt es Alternativen?<\/p>\n","protected":false},"author":25,"featured_media":0,"comment_status":"open","ping_status":"open","sticky":false,"template":"","format":"standard","meta":{"_et_pb_use_builder":"on","_et_pb_old_content":"","_et_gb_content_width":"2880","footnotes":""},"categories":[236],"tags":[],"class_list":["post-21218","post","type-post","status-publish","format-standard","hentry","category-nicht-kategorisiert"],"yoast_head":"<!-- This site is optimized with the Yoast SEO plugin v26.2 - https:\/\/yoast.com\/wordpress\/plugins\/seo\/ -->\n<title>Sommerstimmung ohne Zigarette? - Rauchfrei Telefon<\/title>\n<meta name=\"robots\" content=\"index, follow, max-snippet:-1, max-image-preview:large, max-video-preview:-1\" \/>\n<link rel=\"canonical\" href=\"https:\/\/rauchfrei.at\/sommerstimmung-ohne-zigarette\/\" \/>\n<meta property=\"og:locale\" content=\"en_US\" \/>\n<meta property=\"og:type\" content=\"article\" \/>\n<meta property=\"og:title\" content=\"Sommerstimmung ohne Zigarette? - Rauchfrei Telefon\" \/>\n<meta property=\"og:description\" content=\"Die Temperaturen sind sommerlich \u2013 endlich stellt sich Ferien- oder Urlaubsstimmung ein. Da geh\u00f6rt die Zigarette doch dazu - oder gibt es Alternativen?\" \/>\n<meta property=\"og:url\" content=\"https:\/\/rauchfrei.at\/sommerstimmung-ohne-zigarette\/\" \/>\n<meta property=\"og:site_name\" content=\"Rauchfrei Telefon\" \/>\n<meta property=\"article:published_time\" content=\"2021-07-19T06:00:00+00:00\" \/>\n<meta property=\"article:modified_time\" content=\"2021-07-21T07:23:27+00:00\" \/>\n<meta name=\"author\" content=\"Rauchfrei Team\" \/>\n<meta name=\"twitter:card\" content=\"summary_large_image\" \/>\n<meta name=\"twitter:label1\" content=\"Written by\" \/>\n\t<meta name=\"twitter:data1\" content=\"Rauchfrei Team\" \/>\n\t<meta name=\"twitter:label2\" content=\"Est. reading time\" \/>\n\t<meta name=\"twitter:data2\" content=\"2 minutes\" \/>\n<script type=\"application\/ld+json\" class=\"yoast-schema-graph\">{\"@context\":\"https:\/\/schema.org\",\"@graph\":[{\"@type\":\"WebPage\",\"@id\":\"https:\/\/rauchfrei.at\/sommerstimmung-ohne-zigarette\/\",\"url\":\"https:\/\/rauchfrei.at\/sommerstimmung-ohne-zigarette\/\",\"name\":\"Sommerstimmung ohne Zigarette? - Rauchfrei Telefon\",\"isPartOf\":{\"@id\":\"https:\/\/rauchfrei.at\/#website\"},\"datePublished\":\"2021-07-19T06:00:00+00:00\",\"dateModified\":\"2021-07-21T07:23:27+00:00\",\"author\":{\"@id\":\"https:\/\/rauchfrei.at\/#\/schema\/person\/504bbf90c5482004fc09aef6de7f9277\"},\"inLanguage\":\"en-US\",\"potentialAction\":[{\"@type\":\"ReadAction\",\"target\":[\"https:\/\/rauchfrei.at\/sommerstimmung-ohne-zigarette\/\"]}]},{\"@type\":\"WebSite\",\"@id\":\"https:\/\/rauchfrei.at\/#website\",\"url\":\"https:\/\/rauchfrei.at\/\",\"name\":\"Rauchfrei Telefon\",\"description\":\"Eine \u00f6sterreichweite Initiative der Sozialversicherungen.\",\"potentialAction\":[{\"@type\":\"SearchAction\",\"target\":{\"@type\":\"EntryPoint\",\"urlTemplate\":\"https:\/\/rauchfrei.at\/?s={search_term_string}\"},\"query-input\":{\"@type\":\"PropertyValueSpecification\",\"valueRequired\":true,\"valueName\":\"search_term_string\"}}],\"inLanguage\":\"en-US\"},{\"@type\":\"Person\",\"@id\":\"https:\/\/rauchfrei.at\/#\/schema\/person\/504bbf90c5482004fc09aef6de7f9277\",\"name\":\"Rauchfrei Team\",\"image\":{\"@type\":\"ImageObject\",\"inLanguage\":\"en-US\",\"@id\":\"https:\/\/rauchfrei.at\/#\/schema\/person\/image\/\",\"url\":\"https:\/\/secure.gravatar.com\/avatar\/2115b79a00800516fa1523bb5a329611f90e73e89be559131fc7e82b4fdc95ff?s=96&d=mm&r=g\",\"contentUrl\":\"https:\/\/secure.gravatar.com\/avatar\/2115b79a00800516fa1523bb5a329611f90e73e89be559131fc7e82b4fdc95ff?s=96&d=mm&r=g\",\"caption\":\"Rauchfrei Team\"},\"url\":\"https:\/\/rauchfrei.at\/en\/author\/rauchfrei-team\/\"}]}<\/script>\n<!-- \/ Yoast SEO plugin. -->","yoast_head_json":{"title":"Sommerstimmung ohne Zigarette? - Rauchfrei Telefon","robots":{"index":"index","follow":"follow","max-snippet":"max-snippet:-1","max-image-preview":"max-image-preview:large","max-video-preview":"max-video-preview:-1"},"canonical":"https:\/\/rauchfrei.at\/sommerstimmung-ohne-zigarette\/","og_locale":"en_US","og_type":"article","og_title":"Sommerstimmung ohne Zigarette? - Rauchfrei Telefon","og_description":"Die Temperaturen sind sommerlich \u2013 endlich stellt sich Ferien- oder Urlaubsstimmung ein. Da geh\u00f6rt die Zigarette doch dazu - oder gibt es Alternativen?","og_url":"https:\/\/rauchfrei.at\/sommerstimmung-ohne-zigarette\/","og_site_name":"Rauchfrei Telefon","article_published_time":"2021-07-19T06:00:00+00:00","article_modified_time":"2021-07-21T07:23:27+00:00","author":"Rauchfrei Team","twitter_card":"summary_large_image","twitter_misc":{"Written by":"Rauchfrei Team","Est. reading time":"2 minutes"},"schema":{"@context":"https:\/\/schema.org","@graph":[{"@type":"WebPage","@id":"https:\/\/rauchfrei.at\/sommerstimmung-ohne-zigarette\/","url":"https:\/\/rauchfrei.at\/sommerstimmung-ohne-zigarette\/","name":"Sommerstimmung ohne Zigarette? - Rauchfrei Telefon","isPartOf":{"@id":"https:\/\/rauchfrei.at\/#website"},"datePublished":"2021-07-19T06:00:00+00:00","dateModified":"2021-07-21T07:23:27+00:00","author":{"@id":"https:\/\/rauchfrei.at\/#\/schema\/person\/504bbf90c5482004fc09aef6de7f9277"},"inLanguage":"en-US","potentialAction":[{"@type":"ReadAction","target":["https:\/\/rauchfrei.at\/sommerstimmung-ohne-zigarette\/"]}]},{"@type":"WebSite","@id":"https:\/\/rauchfrei.at\/#website","url":"https:\/\/rauchfrei.at\/","name":"Rauchfrei Telefon","description":"Eine \u00f6sterreichweite Initiative der Sozialversicherungen.","potentialAction":[{"@type":"SearchAction","target":{"@type":"EntryPoint","urlTemplate":"https:\/\/rauchfrei.at\/?s={search_term_string}"},"query-input":{"@type":"PropertyValueSpecification","valueRequired":true,"valueName":"search_term_string"}}],"inLanguage":"en-US"},{"@type":"Person","@id":"https:\/\/rauchfrei.at\/#\/schema\/person\/504bbf90c5482004fc09aef6de7f9277","name":"Rauchfrei Team","image":{"@type":"ImageObject","inLanguage":"en-US","@id":"https:\/\/rauchfrei.at\/#\/schema\/person\/image\/","url":"https:\/\/secure.gravatar.com\/avatar\/2115b79a00800516fa1523bb5a329611f90e73e89be559131fc7e82b4fdc95ff?s=96&d=mm&r=g","contentUrl":"https:\/\/secure.gravatar.com\/avatar\/2115b79a00800516fa1523bb5a329611f90e73e89be559131fc7e82b4fdc95ff?s=96&d=mm&r=g","caption":"Rauchfrei Team"},"url":"https:\/\/rauchfrei.at\/en\/author\/rauchfrei-team\/"}]}},"_links":{"self":[{"href":"https:\/\/rauchfrei.at\/en\/wp-json\/wp\/v2\/posts\/21218","targetHints":{"allow":["GET"]}}],"collection":[{"href":"https:\/\/rauchfrei.at\/en\/wp-json\/wp\/v2\/posts"}],"about":[{"href":"https:\/\/rauchfrei.at\/en\/wp-json\/wp\/v2\/types\/post"}],"author":[{"embeddable":true,"href":"https:\/\/rauchfrei.at\/en\/wp-json\/wp\/v2\/users\/25"}],"replies":[{"embeddable":true,"href":"https:\/\/rauchfrei.at\/en\/wp-json\/wp\/v2\/comments?post=21218"}],"version-history":[{"count":15,"href":"https:\/\/rauchfrei.at\/en\/wp-json\/wp\/v2\/posts\/21218\/revisions"}],"predecessor-version":[{"id":21291,"href":"https:\/\/rauchfrei.at\/en\/wp-json\/wp\/v2\/posts\/21218\/revisions\/21291"}],"wp:attachment":[{"href":"https:\/\/rauchfrei.at\/en\/wp-json\/wp\/v2\/media?parent=21218"}],"wp:term":[{"taxonomy":"category","embeddable":true,"href":"https:\/\/rauchfrei.at\/en\/wp-json\/wp\/v2\/categories?post=21218"},{"taxonomy":"post_tag","embeddable":true,"href":"https:\/\/rauchfrei.at\/en\/wp-json\/wp\/v2\/tags?post=21218"}],"curies":[{"name":"wp","href":"https:\/\/api.w.org\/{rel}","templated":true}]}}