
{"id":21551,"date":"2021-08-23T08:00:00","date_gmt":"2021-08-23T06:00:00","guid":{"rendered":"https:\/\/rauchfrei.at\/?p=21551"},"modified":"2021-09-09T16:42:07","modified_gmt":"2021-09-09T14:42:07","slug":"sommer-sonne-trockene-haut","status":"publish","type":"post","link":"https:\/\/rauchfrei.at\/en\/sommer-sonne-trockene-haut\/","title":{"rendered":"Sommer, Sonne, Trockene Haut"},"content":{"rendered":"<p>[et_pb_section fb_built=&#8221;1&#8243; module_class=&#8221;header&#8221; _builder_version=&#8221;3.22&#8243;][et_pb_row _builder_version=&#8221;3.25&#8243;][et_pb_column type=&#8221;4_4&#8243; _builder_version=&#8221;3.25&#8243; custom_padding=&#8221;|||&#8221; custom_padding__hover=&#8221;|||&#8221;][et_pb_dp_dmb_module_10001 subheadline=&#8221;Sonnen und Rauchen schaden der Haut&#8221; _builder_version=&#8221;4.9.4&#8243; z_index_tablet=&#8221;500&#8243;][\/et_pb_dp_dmb_module_10001][\/et_pb_column][\/et_pb_row][\/et_pb_section][et_pb_section fb_built=&#8221;1&#8243; _builder_version=&#8221;3.22&#8243; custom_padding=&#8221;30px|||&#8221;][et_pb_row column_structure=&#8221;2_3,1_3&#8243; _builder_version=&#8221;3.25&#8243;][et_pb_column type=&#8221;2_3&#8243; module_class=&#8221;blog-content&#8221; _builder_version=&#8221;3.25&#8243; custom_padding=&#8221;|||&#8221; custom_padding__hover=&#8221;|||&#8221;][et_pb_text _builder_version=&#8221;4.9.4&#8243; hover_enabled=&#8221;0&#8243; sticky_enabled=&#8221;0&#8243;]<\/p>\n<p>Die Kombination von Sonneneinstrahlung und Rauchen setzt der Haut gerade jetzt stark zu.<\/p>\n<p>Trockene oder faltige Haut, die oft juckt oder fahl ist. Muttermale oder Pigmentflecken, die vermehrt auffallen. Fast jeder kennt diese Ver\u00e4nderungen der Haut.<\/p>\n<p><a href=\"https:\/\/www.dkfz.de\/de\/rauchertelefon\/download\/FzR_Hautschaeden.pdf\"><img loading=\"lazy\" decoding=\"async\" src=\"https:\/\/rauchfrei.at\/wp-content\/uploads\/shutterstock_1381465037_Rido-225x149.jpg\" alt=\"\" class=\"wp-image-21558 alignnone size-medium\" width=\"225\" height=\"149\" \/><strong>\u00a0<\/strong><\/a><a href=\"https:\/\/www.dkfz.de\/de\/rauchertelefon\/download\/FzR_Hautschaeden.pdf\">(C) Shutterstock<\/a><a href=\"https:\/\/www.dkfz.de\/de\/rauchertelefon\/download\/FzR_Hautschaeden.pdf\"><\/a><\/p>\n<p>Aber wie kann man seine Haut retten?<\/p>\n<p>Versuchen Sie gleich zwei Fliegen mit einer zu Klappe schlagen:<\/p>\n<p>Greifen Sie statt zur Zigarettenpackung einfach einmal zur Sonnencreme.<\/p>\n<p>Eine Zigarettenl\u00e4nge lang gut damit eincremen, den Geruch der Sonnencreme und das weiche Gef\u00fchl auf der Haut dabei bewusst wahrnehmen.\u00a0\u00a0<\/p>\n<p>Auch von innen k\u00f6nnen Sie ihrer Haut Gutes tun. Trinken Sie viel, am besten Wasser in allen Variationen, prickelnd, still, hei\u00df oder kalt. Besonders erfrischend schmeckt selbstgemachtes Gurken- oder Zitronenwasser. Dazu einfach Scheiben davon in einen Wasserkrug einlegen und ziehen lassen. \u00a0Genie\u00dfen Sie es!<\/p>\n<p><strong>Mehr dazu:<\/strong><\/p>\n<p><a href=\"https:\/\/www.dkfz.de\/de\/rauchertelefon\/download\/FzR_Hautschaeden.pdf\">Rauchen und Hautsch\u00e4den <\/a><\/p>\n<p><a href=\"https:\/\/www.24vita.de\/allergien-unvertraeglichkeiten\/symptome-diagnose\/haut\/tabakkonsum-rauchen-haut-alterung-wundheilung-raucher-folgen-neurodermitis-allergien-dkfz-heidelberg-90205113.html\">Wie Rauchen unsere Haut ver\u00e4ndert<\/a><\/p>\n<p><strong>\u00a0<\/strong><\/p>\n<p><a href=\"https:\/\/www.google.com\/url?sa=t&amp;rct=j&amp;q=&amp;esrc=s&amp;source=web&amp;cd=&amp;cad=rja&amp;uact=8&amp;ved=2ahUKEwiaxPzawrryAhVjhP0HHRyqAdAQFnoECAYQAQ&amp;url=https%3A%2F%2Fwww.24vita.de%2Fallergien-unvertraeglichkeiten%2Fsymptome-diagnose%2Fhaut%2Ftabakkonsum-rauchen-haut-alterung-wundheilung-raucher-folgen-neurodermitis-allergien-dkfz-heidelberg-90205113.html&amp;usg=AOvVaw0PP5mpTR7iJ5BdW8uQ9fUu\"><strong><\/strong><\/a><\/p>\n<p>[\/et_pb_text][et_pb_post_nav in_same_term=&#8221;off&#8221; _builder_version=&#8221;3.0.99&#8243;][\/et_pb_post_nav][\/et_pb_column][et_pb_column type=&#8221;1_3&#8243; module_class=&#8221;cat-and-tag&#8221; _builder_version=&#8221;3.25&#8243; custom_padding=&#8221;|||&#8221; custom_padding__hover=&#8221;|||&#8221;][et_pb_dp_dmb_module_10093 farbe=&#8221;blitzblau&#8221; headline=&#8221;Alternativen zum Rauchen&#8221; image=&#8221;https:\/\/rauchfrei.at\/wp-content\/uploads\/Relax-in-hammok.png&#8221; image_position=&#8221;center&#8221; link_text=&#8221;mehr&#8221; link_url=&#8221;https:\/\/rauchfrei.at\/alternativen\/&#8221; admin_label=&#8221;Alternativen zum Rauchen&#8221; _builder_version=&#8221;4.9.0&#8243; z_index_tablet=&#8221;500&#8243; global_module=&#8221;13174&#8243; saved_tabs=&#8221;all&#8221;]<\/p>\n<p>Es gibt viele M\u00f6glichkeiten, um nicht zur Zigarette zu greifen!<\/p>\n<p>[\/et_pb_dp_dmb_module_10093][et_pb_dp_dmb_module_10080 link_text=&#8221;hier downloaden&#8221; link_url=&#8221;https:\/\/rauchfrei.at\/broschueren-downloads\/download-broschueren\/&#8221; admin_label=&#8221;Materialdownloads&#8221; _builder_version=&#8221;3.19.15&#8243; global_module=&#8221;13235&#8243; saved_tabs=&#8221;all&#8221;]<\/p>\n<p><span lang=\"DE-AT\"><strong>Brosch\u00fcren, Folder<\/strong> und <strong>Poster<\/strong><\/span><\/p>\n<p>[\/et_pb_dp_dmb_module_10080][\/et_pb_column][\/et_pb_row][\/et_pb_section]<\/p>\n","protected":false},"excerpt":{"rendered":"<p>Wussten Sie das man Raucherinnen und Raucher oft schon an ihrer Haut erkennt? Rauchen macht Falten und schadet der Hautgesundheit. Gerade im Sommer wo die Sonne allein schon Stress f\u00fcr die Haut bedeutet, w\u00e4re es wichtig sich zu gut sch\u00fctzen.<\/p>\n","protected":false},"author":25,"featured_media":0,"comment_status":"open","ping_status":"open","sticky":false,"template":"","format":"standard","meta":{"_et_pb_use_builder":"on","_et_pb_old_content":"","_et_gb_content_width":"2880","footnotes":""},"categories":[236],"tags":[],"class_list":["post-21551","post","type-post","status-publish","format-standard","hentry","category-nicht-kategorisiert"],"yoast_head":"<!-- This site is optimized with the Yoast SEO plugin v26.2 - https:\/\/yoast.com\/wordpress\/plugins\/seo\/ -->\n<title>Sommer, Sonne, Trockene Haut - Rauchfrei Telefon<\/title>\n<meta name=\"robots\" content=\"index, follow, max-snippet:-1, max-image-preview:large, max-video-preview:-1\" \/>\n<link rel=\"canonical\" href=\"https:\/\/rauchfrei.at\/sommer-sonne-trockene-haut\/\" \/>\n<meta property=\"og:locale\" content=\"en_US\" \/>\n<meta property=\"og:type\" content=\"article\" \/>\n<meta property=\"og:title\" content=\"Sommer, Sonne, Trockene Haut - Rauchfrei Telefon\" \/>\n<meta property=\"og:description\" content=\"Wussten Sie das man Raucherinnen und Raucher oft schon an ihrer Haut erkennt? Rauchen macht Falten und schadet der Hautgesundheit. Gerade im Sommer wo die Sonne allein schon Stress f\u00fcr die Haut bedeutet, w\u00e4re es wichtig sich zu gut sch\u00fctzen.\" \/>\n<meta property=\"og:url\" content=\"https:\/\/rauchfrei.at\/sommer-sonne-trockene-haut\/\" \/>\n<meta property=\"og:site_name\" content=\"Rauchfrei Telefon\" \/>\n<meta property=\"article:published_time\" content=\"2021-08-23T06:00:00+00:00\" \/>\n<meta property=\"article:modified_time\" content=\"2021-09-09T14:42:07+00:00\" \/>\n<meta property=\"og:image\" content=\"https:\/\/rauchfrei.at\/wp-content\/uploads\/shutterstock_1381465037_Rido-225x149.jpg\" \/>\n<meta name=\"author\" content=\"Rauchfrei Team\" \/>\n<meta name=\"twitter:card\" content=\"summary_large_image\" \/>\n<meta name=\"twitter:label1\" content=\"Written by\" \/>\n\t<meta name=\"twitter:data1\" content=\"Rauchfrei Team\" \/>\n\t<meta name=\"twitter:label2\" content=\"Est. reading time\" \/>\n\t<meta name=\"twitter:data2\" content=\"2 minutes\" \/>\n<script type=\"application\/ld+json\" class=\"yoast-schema-graph\">{\"@context\":\"https:\/\/schema.org\",\"@graph\":[{\"@type\":\"WebPage\",\"@id\":\"https:\/\/rauchfrei.at\/sommer-sonne-trockene-haut\/\",\"url\":\"https:\/\/rauchfrei.at\/sommer-sonne-trockene-haut\/\",\"name\":\"Sommer, Sonne, Trockene Haut - Rauchfrei Telefon\",\"isPartOf\":{\"@id\":\"https:\/\/rauchfrei.at\/#website\"},\"primaryImageOfPage\":{\"@id\":\"https:\/\/rauchfrei.at\/sommer-sonne-trockene-haut\/#primaryimage\"},\"image\":{\"@id\":\"https:\/\/rauchfrei.at\/sommer-sonne-trockene-haut\/#primaryimage\"},\"thumbnailUrl\":\"https:\/\/rauchfrei.at\/wp-content\/uploads\/shutterstock_1381465037_Rido-225x149.jpg\",\"datePublished\":\"2021-08-23T06:00:00+00:00\",\"dateModified\":\"2021-09-09T14:42:07+00:00\",\"author\":{\"@id\":\"https:\/\/rauchfrei.at\/#\/schema\/person\/504bbf90c5482004fc09aef6de7f9277\"},\"inLanguage\":\"en-US\",\"potentialAction\":[{\"@type\":\"ReadAction\",\"target\":[\"https:\/\/rauchfrei.at\/sommer-sonne-trockene-haut\/\"]}]},{\"@type\":\"ImageObject\",\"inLanguage\":\"en-US\",\"@id\":\"https:\/\/rauchfrei.at\/sommer-sonne-trockene-haut\/#primaryimage\",\"url\":\"https:\/\/rauchfrei.at\/wp-content\/uploads\/shutterstock_1381465037_Rido-225x149.jpg\",\"contentUrl\":\"https:\/\/rauchfrei.at\/wp-content\/uploads\/shutterstock_1381465037_Rido-225x149.jpg\"},{\"@type\":\"WebSite\",\"@id\":\"https:\/\/rauchfrei.at\/#website\",\"url\":\"https:\/\/rauchfrei.at\/\",\"name\":\"Rauchfrei Telefon\",\"description\":\"Eine \u00f6sterreichweite Initiative der Sozialversicherungen.\",\"potentialAction\":[{\"@type\":\"SearchAction\",\"target\":{\"@type\":\"EntryPoint\",\"urlTemplate\":\"https:\/\/rauchfrei.at\/?s={search_term_string}\"},\"query-input\":{\"@type\":\"PropertyValueSpecification\",\"valueRequired\":true,\"valueName\":\"search_term_string\"}}],\"inLanguage\":\"en-US\"},{\"@type\":\"Person\",\"@id\":\"https:\/\/rauchfrei.at\/#\/schema\/person\/504bbf90c5482004fc09aef6de7f9277\",\"name\":\"Rauchfrei Team\",\"image\":{\"@type\":\"ImageObject\",\"inLanguage\":\"en-US\",\"@id\":\"https:\/\/rauchfrei.at\/#\/schema\/person\/image\/\",\"url\":\"https:\/\/secure.gravatar.com\/avatar\/2115b79a00800516fa1523bb5a329611f90e73e89be559131fc7e82b4fdc95ff?s=96&d=mm&r=g\",\"contentUrl\":\"https:\/\/secure.gravatar.com\/avatar\/2115b79a00800516fa1523bb5a329611f90e73e89be559131fc7e82b4fdc95ff?s=96&d=mm&r=g\",\"caption\":\"Rauchfrei Team\"},\"url\":\"https:\/\/rauchfrei.at\/en\/author\/rauchfrei-team\/\"}]}<\/script>\n<!-- \/ Yoast SEO plugin. -->","yoast_head_json":{"title":"Sommer, Sonne, Trockene Haut - Rauchfrei Telefon","robots":{"index":"index","follow":"follow","max-snippet":"max-snippet:-1","max-image-preview":"max-image-preview:large","max-video-preview":"max-video-preview:-1"},"canonical":"https:\/\/rauchfrei.at\/sommer-sonne-trockene-haut\/","og_locale":"en_US","og_type":"article","og_title":"Sommer, Sonne, Trockene Haut - Rauchfrei Telefon","og_description":"Wussten Sie das man Raucherinnen und Raucher oft schon an ihrer Haut erkennt? Rauchen macht Falten und schadet der Hautgesundheit. Gerade im Sommer wo die Sonne allein schon Stress f\u00fcr die Haut bedeutet, w\u00e4re es wichtig sich zu gut sch\u00fctzen.","og_url":"https:\/\/rauchfrei.at\/sommer-sonne-trockene-haut\/","og_site_name":"Rauchfrei Telefon","article_published_time":"2021-08-23T06:00:00+00:00","article_modified_time":"2021-09-09T14:42:07+00:00","og_image":[{"url":"https:\/\/rauchfrei.at\/wp-content\/uploads\/shutterstock_1381465037_Rido-225x149.jpg","type":"","width":"","height":""}],"author":"Rauchfrei Team","twitter_card":"summary_large_image","twitter_misc":{"Written by":"Rauchfrei Team","Est. reading time":"2 minutes"},"schema":{"@context":"https:\/\/schema.org","@graph":[{"@type":"WebPage","@id":"https:\/\/rauchfrei.at\/sommer-sonne-trockene-haut\/","url":"https:\/\/rauchfrei.at\/sommer-sonne-trockene-haut\/","name":"Sommer, Sonne, Trockene Haut - Rauchfrei Telefon","isPartOf":{"@id":"https:\/\/rauchfrei.at\/#website"},"primaryImageOfPage":{"@id":"https:\/\/rauchfrei.at\/sommer-sonne-trockene-haut\/#primaryimage"},"image":{"@id":"https:\/\/rauchfrei.at\/sommer-sonne-trockene-haut\/#primaryimage"},"thumbnailUrl":"https:\/\/rauchfrei.at\/wp-content\/uploads\/shutterstock_1381465037_Rido-225x149.jpg","datePublished":"2021-08-23T06:00:00+00:00","dateModified":"2021-09-09T14:42:07+00:00","author":{"@id":"https:\/\/rauchfrei.at\/#\/schema\/person\/504bbf90c5482004fc09aef6de7f9277"},"inLanguage":"en-US","potentialAction":[{"@type":"ReadAction","target":["https:\/\/rauchfrei.at\/sommer-sonne-trockene-haut\/"]}]},{"@type":"ImageObject","inLanguage":"en-US","@id":"https:\/\/rauchfrei.at\/sommer-sonne-trockene-haut\/#primaryimage","url":"https:\/\/rauchfrei.at\/wp-content\/uploads\/shutterstock_1381465037_Rido-225x149.jpg","contentUrl":"https:\/\/rauchfrei.at\/wp-content\/uploads\/shutterstock_1381465037_Rido-225x149.jpg"},{"@type":"WebSite","@id":"https:\/\/rauchfrei.at\/#website","url":"https:\/\/rauchfrei.at\/","name":"Rauchfrei Telefon","description":"Eine \u00f6sterreichweite Initiative der Sozialversicherungen.","potentialAction":[{"@type":"SearchAction","target":{"@type":"EntryPoint","urlTemplate":"https:\/\/rauchfrei.at\/?s={search_term_string}"},"query-input":{"@type":"PropertyValueSpecification","valueRequired":true,"valueName":"search_term_string"}}],"inLanguage":"en-US"},{"@type":"Person","@id":"https:\/\/rauchfrei.at\/#\/schema\/person\/504bbf90c5482004fc09aef6de7f9277","name":"Rauchfrei Team","image":{"@type":"ImageObject","inLanguage":"en-US","@id":"https:\/\/rauchfrei.at\/#\/schema\/person\/image\/","url":"https:\/\/secure.gravatar.com\/avatar\/2115b79a00800516fa1523bb5a329611f90e73e89be559131fc7e82b4fdc95ff?s=96&d=mm&r=g","contentUrl":"https:\/\/secure.gravatar.com\/avatar\/2115b79a00800516fa1523bb5a329611f90e73e89be559131fc7e82b4fdc95ff?s=96&d=mm&r=g","caption":"Rauchfrei Team"},"url":"https:\/\/rauchfrei.at\/en\/author\/rauchfrei-team\/"}]}},"_links":{"self":[{"href":"https:\/\/rauchfrei.at\/en\/wp-json\/wp\/v2\/posts\/21551","targetHints":{"allow":["GET"]}}],"collection":[{"href":"https:\/\/rauchfrei.at\/en\/wp-json\/wp\/v2\/posts"}],"about":[{"href":"https:\/\/rauchfrei.at\/en\/wp-json\/wp\/v2\/types\/post"}],"author":[{"embeddable":true,"href":"https:\/\/rauchfrei.at\/en\/wp-json\/wp\/v2\/users\/25"}],"replies":[{"embeddable":true,"href":"https:\/\/rauchfrei.at\/en\/wp-json\/wp\/v2\/comments?post=21551"}],"version-history":[{"count":10,"href":"https:\/\/rauchfrei.at\/en\/wp-json\/wp\/v2\/posts\/21551\/revisions"}],"predecessor-version":[{"id":21695,"href":"https:\/\/rauchfrei.at\/en\/wp-json\/wp\/v2\/posts\/21551\/revisions\/21695"}],"wp:attachment":[{"href":"https:\/\/rauchfrei.at\/en\/wp-json\/wp\/v2\/media?parent=21551"}],"wp:term":[{"taxonomy":"category","embeddable":true,"href":"https:\/\/rauchfrei.at\/en\/wp-json\/wp\/v2\/categories?post=21551"},{"taxonomy":"post_tag","embeddable":true,"href":"https:\/\/rauchfrei.at\/en\/wp-json\/wp\/v2\/tags?post=21551"}],"curies":[{"name":"wp","href":"https:\/\/api.w.org\/{rel}","templated":true}]}}