
{"id":21679,"date":"2021-09-13T08:00:00","date_gmt":"2021-09-13T06:00:00","guid":{"rendered":"https:\/\/rauchfrei.at\/?p=21679"},"modified":"2021-09-16T09:39:12","modified_gmt":"2021-09-16T07:39:12","slug":"automatisch-gespeicherter-entwurf-13","status":"publish","type":"post","link":"https:\/\/rauchfrei.at\/en\/automatisch-gespeicherter-entwurf-13\/","title":{"rendered":"Drau\u00dfen rauchfrei?"},"content":{"rendered":"\n[et_pb_section fb_built=&#8221;1&#8243; module_class=&#8221;header&#8221; _builder_version=&#8221;3.22&#8243;][et_pb_row _builder_version=&#8221;3.25&#8243;][et_pb_column type=&#8221;4_4&#8243; _builder_version=&#8221;3.25&#8243; custom_padding=&#8221;|||&#8221; custom_padding__hover=&#8221;|||&#8221;][et_pb_dp_dmb_module_10001 subheadline=&#8221;Rauchfrei im Freien&#8221; _builder_version=&#8221;4.9.4&#8243;][\/et_pb_dp_dmb_module_10001][\/et_pb_column][\/et_pb_row][\/et_pb_section][et_pb_section fb_built=&#8221;1&#8243; _builder_version=&#8221;3.22&#8243;][et_pb_row column_structure=&#8221;2_3,1_3&#8243; _builder_version=&#8221;3.25&#8243; background_size=&#8221;initial&#8221; background_position=&#8221;top_left&#8221; background_repeat=&#8221;repeat&#8221;][et_pb_column type=&#8221;2_3&#8243; _builder_version=&#8221;3.25&#8243; custom_padding=&#8221;|||&#8221; custom_padding__hover=&#8221;|||&#8221;][et_pb_text _builder_version=&#8221;4.9.4&#8243;]<p>Im Jahr 2014 erreichte uns ein Beitrag \u00fcber das Rauchen in Gastg\u00e4rten. Da wir uns jetzt nach M\u00f6glichkeit mehr im Freien aufhalten, ist die Frage nach einem rauchfreien Au\u00dfenbereich vielleicht aktueller denn je.<\/p>\n<p>Hier der Beitrag aus dem Jahr 2014 zum Nachlesen:<\/p>[\/et_pb_text][et_pb_toggle title=&#8221;Gastkommentar Florian S.&#8221; _builder_version=&#8221;4.9.4&#8243; _module_preset=&#8221;default&#8221;]<p><em>Der Sommer ist zwar schon wieder vorbei und man kann nicht mehr so oft drau\u00dfen sitzen. Trotzdem m\u00f6chte ich noch etwas zum Rauchen im Freien sagen.<\/em><\/p>\n<p><em>Jedes Jahr im Sommer frage ich mich wieder, warum es (vor allem in Lokalen) drau\u00dfen keine Zonen ohne Rauch gibt. Ich mag nicht von Rauchwolken umgeben sein und diese Giftluft inhalieren, wenn ich im Freien was trinke. Wieso kann ich im Freien nicht einfach \u201enormale\u201c Luft einatmen?<\/em><\/p>\n<p><em>Es macht keinen gro\u00dfen Unterschied, ob man drinnen oder drau\u00dfen sitzt, wenn rund um einen herum der Rauch aufsteigt \u2013 wobei, eben das ist es \u2013 der Rauch steigt nicht nur auf \u2013 er greift um sich, breitet sich unangenehm aus, mein Gewand stinkt!! Und die gr\u00f6\u00dfte Frechheit: ich muss das einatmen!!<\/em><\/p>\n<p><em>[\u2026] Jetzt will ich Lokale suchen, die einen rauchfreien Gastgarten haben (bisher ist mir nur ein einziges Kaffee bekannt, wo es das gibt). Bitte schreibt mir, wenn Ihr etwas wisst.\u201c<\/em><\/p>\n<p><em>Gastkommentar Florian S.<\/em><\/p>\n<p>&nbsp;<\/p>[\/et_pb_toggle][et_pb_text _builder_version=&#8221;4.9.4&#8243; _module_preset=&#8221;default&#8221;]<p>Mittlerweile gilt seit 1.November 2019 in Restaurants und Bars in \u00d6sterreich Rauchverbot, aber was hat sich seither im Au\u00dfenbereich ge\u00e4ndert?<\/p>\n<p>Viele Nichtraucherinnen und Nichtraucher f\u00fchlen sich nach wie vor durch das Rauchen gest\u00f6rt, auch im Freien wird man oft vom Rauch eingenebelt. Gerade mit Kindern sucht man oft vergebens nach einem Platz ohne Rauch in der Umgebung. Bei Raucherinnen und Rauchern st\u00f6\u00dft man teils auf Unverst\u00e4ndnis: \u201eWir sind eh im Freien\u201c, hei\u00dft es dann oft.<\/p>\n<p>Aber auch im Freien stellt der Passivrauch nicht nur eine Geruchsbel\u00e4stigung sondern auch eine gesundheitliche Belastung dar. In einigen L\u00e4ndern, wie etwa Australien, sind rauchfreie Au\u00dfenbereiche schon Normalit\u00e4t, auch mehrere englische St\u00e4dte haben im Sommer verk\u00fcndet bis zum Jahr 2025 rauchfrei zu werden.\u00a0<\/p>\n<p>Teilweise findet man vereinzelt auch in \u00d6sterreich rauchfreie Gastg\u00e4rten, die auf Freiwilligkeit beruhen. Hier weisen freundliche Schilder darauf hin, dass es sich um einen rauchfreien Gastgarten handelt.<\/p>\n<p>W\u00fcrden Sie bei der Lokalauswahl einen rauchfreien Gastgarten bevorzugen?<\/p>[\/et_pb_text][\/et_pb_column][et_pb_column type=&#8221;1_3&#8243; _builder_version=&#8221;3.25&#8243; custom_padding=&#8221;|||&#8221; custom_padding__hover=&#8221;|||&#8221;][et_pb_dp_dmb_module_10093 farbe=&#8221;blitzgelb&#8221; headline=&#8221;Trauen Sie sich den Rauchstopp zu!&#8221; image=&#8221;https:\/\/rauchfrei.at\/wp-content\/uploads\/Quitting-Yellow.png&#8221; image_position=&#8221;center&#8221; link_text=&#8221;mehr&#8221; link_url=&#8221;https:\/\/rauchfrei.at\/aufhoeren\/schritte-zum-rauchstopp\/trauen-sie-sich-den-rauchstopp-zu\/&#8221; admin_label=&#8221;Trauen Sie sich den Rauchstopp zu&#8221; _builder_version=&#8221;3.19.15&#8243; global_module=&#8221;13173&#8243; saved_tabs=&#8221;all&#8221;]<p>Sie m\u00f6chten etwas \u00e4ndern? Worauf warten Sie noch?<\/p>\n[\/et_pb_dp_dmb_module_10093][et_pb_dp_dmb_module_10080 link_text=&#8221;Hier&#8221; link_url=&#8221;https:\/\/rauchfrei.at\/downloads-tests-und-tools\/&#8221; admin_label=&#8221;Testen Sie Ihre Abh\u00e4ngigkeit&#8221; _builder_version=&#8221;3.21.1&#8243; dp_tiny_mce_line_height=&#8221;1em&#8221; z_index_tablet=&#8221;500&#8243; saved_tabs=&#8221;all&#8221; global_module=&#8221;13157&#8243;]\n\n<p><strong>Testen <\/strong>Sie Ihre <strong>Abh\u00e4ngigkeit!<\/strong><\/p>\n\n[\/et_pb_dp_dmb_module_10080][\/et_pb_column][\/et_pb_row][\/et_pb_section]\n","protected":false},"excerpt":{"rendered":"<p>Aufgrund der Pandemie wird unser Leben so gut es geht ins Freie verlegt und Treffen finden vermehrt in Gastg\u00e4rten statt. Was halten Sie von rauchfreien Gastg\u00e4rten? Ist eine Trennung im Au\u00dfenbereich gew\u00fcnscht?<\/p>\n","protected":false},"author":25,"featured_media":0,"comment_status":"open","ping_status":"open","sticky":false,"template":"","format":"standard","meta":{"_et_pb_use_builder":"on","_et_pb_old_content":"","_et_gb_content_width":"2880","footnotes":""},"categories":[236],"tags":[],"class_list":["post-21679","post","type-post","status-publish","format-standard","hentry","category-nicht-kategorisiert"],"yoast_head":"<!-- This site is optimized with the Yoast SEO plugin v26.2 - https:\/\/yoast.com\/wordpress\/plugins\/seo\/ -->\n<title>Drau\u00dfen rauchfrei? - Rauchfrei Telefon<\/title>\n<meta name=\"robots\" content=\"index, follow, max-snippet:-1, max-image-preview:large, max-video-preview:-1\" \/>\n<link rel=\"canonical\" href=\"https:\/\/rauchfrei.at\/automatisch-gespeicherter-entwurf-13\/\" \/>\n<meta property=\"og:locale\" content=\"en_US\" \/>\n<meta property=\"og:type\" content=\"article\" \/>\n<meta property=\"og:title\" content=\"Drau\u00dfen rauchfrei? - Rauchfrei Telefon\" \/>\n<meta property=\"og:description\" content=\"Aufgrund der Pandemie wird unser Leben so gut es geht ins Freie verlegt und Treffen finden vermehrt in Gastg\u00e4rten statt. Was halten Sie von rauchfreien Gastg\u00e4rten? Ist eine Trennung im Au\u00dfenbereich gew\u00fcnscht?\" \/>\n<meta property=\"og:url\" content=\"https:\/\/rauchfrei.at\/automatisch-gespeicherter-entwurf-13\/\" \/>\n<meta property=\"og:site_name\" content=\"Rauchfrei Telefon\" \/>\n<meta property=\"article:published_time\" content=\"2021-09-13T06:00:00+00:00\" \/>\n<meta property=\"article:modified_time\" content=\"2021-09-16T07:39:12+00:00\" \/>\n<meta name=\"author\" content=\"Rauchfrei Team\" \/>\n<meta name=\"twitter:card\" content=\"summary_large_image\" \/>\n<meta name=\"twitter:label1\" content=\"Written by\" \/>\n\t<meta name=\"twitter:data1\" content=\"Rauchfrei Team\" \/>\n\t<meta name=\"twitter:label2\" content=\"Est. reading time\" \/>\n\t<meta name=\"twitter:data2\" content=\"2 minutes\" \/>\n<script type=\"application\/ld+json\" class=\"yoast-schema-graph\">{\"@context\":\"https:\/\/schema.org\",\"@graph\":[{\"@type\":\"WebPage\",\"@id\":\"https:\/\/rauchfrei.at\/automatisch-gespeicherter-entwurf-13\/\",\"url\":\"https:\/\/rauchfrei.at\/automatisch-gespeicherter-entwurf-13\/\",\"name\":\"Drau\u00dfen rauchfrei? - Rauchfrei Telefon\",\"isPartOf\":{\"@id\":\"https:\/\/rauchfrei.at\/#website\"},\"datePublished\":\"2021-09-13T06:00:00+00:00\",\"dateModified\":\"2021-09-16T07:39:12+00:00\",\"author\":{\"@id\":\"https:\/\/rauchfrei.at\/#\/schema\/person\/504bbf90c5482004fc09aef6de7f9277\"},\"inLanguage\":\"en-US\",\"potentialAction\":[{\"@type\":\"ReadAction\",\"target\":[\"https:\/\/rauchfrei.at\/automatisch-gespeicherter-entwurf-13\/\"]}]},{\"@type\":\"WebSite\",\"@id\":\"https:\/\/rauchfrei.at\/#website\",\"url\":\"https:\/\/rauchfrei.at\/\",\"name\":\"Rauchfrei Telefon\",\"description\":\"Eine \u00f6sterreichweite Initiative der Sozialversicherungen.\",\"potentialAction\":[{\"@type\":\"SearchAction\",\"target\":{\"@type\":\"EntryPoint\",\"urlTemplate\":\"https:\/\/rauchfrei.at\/?s={search_term_string}\"},\"query-input\":{\"@type\":\"PropertyValueSpecification\",\"valueRequired\":true,\"valueName\":\"search_term_string\"}}],\"inLanguage\":\"en-US\"},{\"@type\":\"Person\",\"@id\":\"https:\/\/rauchfrei.at\/#\/schema\/person\/504bbf90c5482004fc09aef6de7f9277\",\"name\":\"Rauchfrei Team\",\"image\":{\"@type\":\"ImageObject\",\"inLanguage\":\"en-US\",\"@id\":\"https:\/\/rauchfrei.at\/#\/schema\/person\/image\/\",\"url\":\"https:\/\/secure.gravatar.com\/avatar\/2115b79a00800516fa1523bb5a329611f90e73e89be559131fc7e82b4fdc95ff?s=96&d=mm&r=g\",\"contentUrl\":\"https:\/\/secure.gravatar.com\/avatar\/2115b79a00800516fa1523bb5a329611f90e73e89be559131fc7e82b4fdc95ff?s=96&d=mm&r=g\",\"caption\":\"Rauchfrei Team\"},\"url\":\"https:\/\/rauchfrei.at\/en\/author\/rauchfrei-team\/\"}]}<\/script>\n<!-- \/ Yoast SEO plugin. -->","yoast_head_json":{"title":"Drau\u00dfen rauchfrei? - Rauchfrei Telefon","robots":{"index":"index","follow":"follow","max-snippet":"max-snippet:-1","max-image-preview":"max-image-preview:large","max-video-preview":"max-video-preview:-1"},"canonical":"https:\/\/rauchfrei.at\/automatisch-gespeicherter-entwurf-13\/","og_locale":"en_US","og_type":"article","og_title":"Drau\u00dfen rauchfrei? - Rauchfrei Telefon","og_description":"Aufgrund der Pandemie wird unser Leben so gut es geht ins Freie verlegt und Treffen finden vermehrt in Gastg\u00e4rten statt. Was halten Sie von rauchfreien Gastg\u00e4rten? Ist eine Trennung im Au\u00dfenbereich gew\u00fcnscht?","og_url":"https:\/\/rauchfrei.at\/automatisch-gespeicherter-entwurf-13\/","og_site_name":"Rauchfrei Telefon","article_published_time":"2021-09-13T06:00:00+00:00","article_modified_time":"2021-09-16T07:39:12+00:00","author":"Rauchfrei Team","twitter_card":"summary_large_image","twitter_misc":{"Written by":"Rauchfrei Team","Est. reading time":"2 minutes"},"schema":{"@context":"https:\/\/schema.org","@graph":[{"@type":"WebPage","@id":"https:\/\/rauchfrei.at\/automatisch-gespeicherter-entwurf-13\/","url":"https:\/\/rauchfrei.at\/automatisch-gespeicherter-entwurf-13\/","name":"Drau\u00dfen rauchfrei? - Rauchfrei Telefon","isPartOf":{"@id":"https:\/\/rauchfrei.at\/#website"},"datePublished":"2021-09-13T06:00:00+00:00","dateModified":"2021-09-16T07:39:12+00:00","author":{"@id":"https:\/\/rauchfrei.at\/#\/schema\/person\/504bbf90c5482004fc09aef6de7f9277"},"inLanguage":"en-US","potentialAction":[{"@type":"ReadAction","target":["https:\/\/rauchfrei.at\/automatisch-gespeicherter-entwurf-13\/"]}]},{"@type":"WebSite","@id":"https:\/\/rauchfrei.at\/#website","url":"https:\/\/rauchfrei.at\/","name":"Rauchfrei Telefon","description":"Eine \u00f6sterreichweite Initiative der Sozialversicherungen.","potentialAction":[{"@type":"SearchAction","target":{"@type":"EntryPoint","urlTemplate":"https:\/\/rauchfrei.at\/?s={search_term_string}"},"query-input":{"@type":"PropertyValueSpecification","valueRequired":true,"valueName":"search_term_string"}}],"inLanguage":"en-US"},{"@type":"Person","@id":"https:\/\/rauchfrei.at\/#\/schema\/person\/504bbf90c5482004fc09aef6de7f9277","name":"Rauchfrei Team","image":{"@type":"ImageObject","inLanguage":"en-US","@id":"https:\/\/rauchfrei.at\/#\/schema\/person\/image\/","url":"https:\/\/secure.gravatar.com\/avatar\/2115b79a00800516fa1523bb5a329611f90e73e89be559131fc7e82b4fdc95ff?s=96&d=mm&r=g","contentUrl":"https:\/\/secure.gravatar.com\/avatar\/2115b79a00800516fa1523bb5a329611f90e73e89be559131fc7e82b4fdc95ff?s=96&d=mm&r=g","caption":"Rauchfrei Team"},"url":"https:\/\/rauchfrei.at\/en\/author\/rauchfrei-team\/"}]}},"_links":{"self":[{"href":"https:\/\/rauchfrei.at\/en\/wp-json\/wp\/v2\/posts\/21679","targetHints":{"allow":["GET"]}}],"collection":[{"href":"https:\/\/rauchfrei.at\/en\/wp-json\/wp\/v2\/posts"}],"about":[{"href":"https:\/\/rauchfrei.at\/en\/wp-json\/wp\/v2\/types\/post"}],"author":[{"embeddable":true,"href":"https:\/\/rauchfrei.at\/en\/wp-json\/wp\/v2\/users\/25"}],"replies":[{"embeddable":true,"href":"https:\/\/rauchfrei.at\/en\/wp-json\/wp\/v2\/comments?post=21679"}],"version-history":[{"count":10,"href":"https:\/\/rauchfrei.at\/en\/wp-json\/wp\/v2\/posts\/21679\/revisions"}],"predecessor-version":[{"id":21749,"href":"https:\/\/rauchfrei.at\/en\/wp-json\/wp\/v2\/posts\/21679\/revisions\/21749"}],"wp:attachment":[{"href":"https:\/\/rauchfrei.at\/en\/wp-json\/wp\/v2\/media?parent=21679"}],"wp:term":[{"taxonomy":"category","embeddable":true,"href":"https:\/\/rauchfrei.at\/en\/wp-json\/wp\/v2\/categories?post=21679"},{"taxonomy":"post_tag","embeddable":true,"href":"https:\/\/rauchfrei.at\/en\/wp-json\/wp\/v2\/tags?post=21679"}],"curies":[{"name":"wp","href":"https:\/\/api.w.org\/{rel}","templated":true}]}}