
{"id":21724,"date":"2021-09-27T08:00:00","date_gmt":"2021-09-27T06:00:00","guid":{"rendered":"https:\/\/rauchfrei.at\/?p=21724"},"modified":"2021-09-28T11:32:05","modified_gmt":"2021-09-28T09:32:05","slug":"ich-hoer-auf-mein-herz","status":"publish","type":"post","link":"https:\/\/rauchfrei.at\/en\/ich-hoer-auf-mein-herz\/","title":{"rendered":"Ich h\u00f6r&#8217; auf mein Herz"},"content":{"rendered":"\n\n\n[et_pb_section fb_built=&#8221;1&#8243; module_class=&#8221;header&#8221; _builder_version=&#8221;3.22&#8243;][et_pb_row _builder_version=&#8221;3.25&#8243;][et_pb_column type=&#8221;4_4&#8243; _builder_version=&#8221;3.25&#8243; custom_padding=&#8221;|||&#8221; custom_padding__hover=&#8221;|||&#8221;][et_pb_dp_dmb_module_10001 subheadline=&#8221;Rauchfrei f\u00fcr die Herzgesundheit&#8221; _builder_version=&#8221;4.9.4&#8243; z_index_tablet=&#8221;500&#8243;][\/et_pb_dp_dmb_module_10001][\/et_pb_column][\/et_pb_row][\/et_pb_section][et_pb_section fb_built=&#8221;1&#8243; _builder_version=&#8221;3.22&#8243; custom_padding=&#8221;30px|||&#8221;][et_pb_row column_structure=&#8221;2_3,1_3&#8243; _builder_version=&#8221;3.25&#8243;][et_pb_column type=&#8221;2_3&#8243; module_class=&#8221;blog-content&#8221; _builder_version=&#8221;3.25&#8243; custom_padding=&#8221;|||&#8221; custom_padding__hover=&#8221;|||&#8221;][et_pb_text _builder_version=&#8221;4.9.4&#8243; hover_enabled=&#8221;0&#8243; sticky_enabled=&#8221;0&#8243;]<p>Streng genommen ist unser Herz einfach ein Hohlmuskel, der wie eine Pumpe arbeitet und mit seinen Kontraktionen den Blutkreislauf in Bewegung h\u00e4lt. Dar\u00fcber hinaus werden \u00fcber das Herz alle K\u00f6rpergewebe mit Sauerstoff und den notwendigen N\u00e4hrstoffen versorgt.<br \/>Unser Bild vom Herzen ist jedoch wesentlich vielseitiger, steht das Herz symbolisch betrachtet ja auch f\u00fcr Liebe und hat f\u00fcr uns eine besondere Bedeutung. Die Gesundheit dieses Organs sollte uns also besonders am Herzen liegen und Belastungen sollten eher vermieden werden.<\/p>\n<p>Das Rauchen stellt eine der wichtigsten vermeidbaren Ursachen f\u00fcr Herz-Kreislauf-Erkrankungen dar, zu denen Herzinfarkt, Schlaganfall, Krankheiten der Blutgef\u00e4\u00dfe und Herzinsuffizienz (Herzschw\u00e4che) z\u00e4hlen. Hauptverantwortlich f\u00fcr die Sch\u00e4digung des Herz-Kreislauf-Systems sind die Inhaltsstoffe Nikotin und Kohlenmonoxid. Dabei wirken sich schon wenige Zigaretten pro Tag gesundheitssch\u00e4dlich aus. Doch nicht nur aktives Rauchen, auch das Einatmen von Passivrauch schadet der Herzgesundheit.<\/p>\n<p>Ein Rauchstopp erfreut also das Herz und sorgt daf\u00fcr, dass es noch lange gute Dienste leisten wird. Unterst\u00fctzend f\u00fcr die Herzgesundheit sind zus\u00e4tzlich auch rauchfreie Innenr\u00e4ume, Bewegung und eine gesunde Ern\u00e4hrung. Ihr Herz wird es Ihnen damit danken, noch lange f\u00fcr Sie da zu sein und best\u00e4ndig seinen Takt zu schlagen.<\/p>\n<p>H\u00f6ren Sie auf Ihr Herz und lassen Sie sich zum Rauchstopp beraten!<\/p>\n<p><a href=\"file:\/\/\/C:\/Users\/BuettnAn\/AppData\/Local\/Temp\/4\/RFT_2021_Herzgesundheit_Folder_Finlal_Freigabe-1.pdf\"><img loading=\"lazy\" decoding=\"async\" src=\"https:\/\/rauchfrei.at\/wp-content\/uploads\/Rauchfrei-fuer-die-Herzgesundheit-.jpg\" width=\"215\" height=\"450\" \/><\/a>(C) Rauchfrei Telefon<\/p>\n<p>Link: Folder &#8220;<a href=\"file:\/\/\/C:\/Users\/BuettnAn\/AppData\/Local\/Temp\/4\/RFT_2021_Herzgesundheit_Folder_Finlal_Freigabe-1.pdf\">Ich h\u00f6r&#8217; auf mein Herz<\/a>&#8220;<\/p>[\/et_pb_text][et_pb_post_nav in_same_term=&#8221;off&#8221; _builder_version=&#8221;3.0.99&#8243;][\/et_pb_post_nav][\/et_pb_column][et_pb_column type=&#8221;1_3&#8243; module_class=&#8221;cat-and-tag&#8221; _builder_version=&#8221;3.25&#8243; custom_padding=&#8221;|||&#8221; custom_padding__hover=&#8221;|||&#8221;][et_pb_sidebar area=&#8221;et_pb_widget_area_1&#8243; _builder_version=&#8221;3.0.99&#8243;][\/et_pb_sidebar][et_pb_dp_dmb_module_10093 farbe=&#8221;blitzgelb&#8221; headline=&#8221;Trauen Sie sich den Rauchstopp zu!&#8221; image=&#8221;https:\/\/rauchfrei.at\/wp-content\/uploads\/Quitting-Yellow.png&#8221; image_position=&#8221;center&#8221; link_text=&#8221;mehr&#8221; link_url=&#8221;https:\/\/rauchfrei.at\/aufhoeren\/schritte-zum-rauchstopp\/trauen-sie-sich-den-rauchstopp-zu\/&#8221; admin_label=&#8221;Trauen Sie sich den Rauchstopp zu&#8221; _builder_version=&#8221;3.19.15&#8243; saved_tabs=&#8221;all&#8221; global_module=&#8221;13173&#8243;]<p>Sie m\u00f6chten etwas \u00e4ndern? Worauf warten Sie noch?<\/p>\n[\/et_pb_dp_dmb_module_10093][et_pb_dp_dmb_module_10093 farbe=&#8221;blitzblau&#8221; headline=&#8221;Alternativen zum Rauchen&#8221; image=&#8221;https:\/\/rauchfrei.at\/wp-content\/uploads\/Relax-in-hammok.png&#8221; image_position=&#8221;center&#8221; link_text=&#8221;mehr&#8221; link_url=&#8221;https:\/\/rauchfrei.at\/alternativen\/&#8221; admin_label=&#8221;Alternativen zum Rauchen&#8221; _builder_version=&#8221;4.9.0&#8243; z_index_tablet=&#8221;500&#8243; saved_tabs=&#8221;all&#8221; global_module=&#8221;13174&#8243;]<p>Es gibt viele M\u00f6glichkeiten, um nicht zur Zigarette zu greifen!<\/p>[\/et_pb_dp_dmb_module_10093][\/et_pb_column][\/et_pb_row][\/et_pb_section]\n\n\n","protected":false},"excerpt":{"rendered":"<p>Der Weltherztag am 29.9. erinnert an ein lebensnotwendiges Organ und daran, wie wichtig Herzgesundheit f\u00fcr unser allt\u00e4gliches Leben ist. Dabei spielt Rauchfreiheit eine gro\u00dfe Rolle.<\/p>\n","protected":false},"author":25,"featured_media":0,"comment_status":"open","ping_status":"open","sticky":false,"template":"","format":"standard","meta":{"_et_pb_use_builder":"on","_et_pb_old_content":"","_et_gb_content_width":"2880","footnotes":""},"categories":[236],"tags":[],"class_list":["post-21724","post","type-post","status-publish","format-standard","hentry","category-nicht-kategorisiert"],"yoast_head":"<!-- This site is optimized with the Yoast SEO plugin v26.2 - https:\/\/yoast.com\/wordpress\/plugins\/seo\/ -->\n<title>Ich h\u00f6r&#039; auf mein Herz - Rauchfrei Telefon<\/title>\n<meta name=\"robots\" content=\"index, follow, max-snippet:-1, max-image-preview:large, max-video-preview:-1\" \/>\n<link rel=\"canonical\" href=\"https:\/\/rauchfrei.at\/ich-hoer-auf-mein-herz\/\" \/>\n<meta property=\"og:locale\" content=\"en_US\" \/>\n<meta property=\"og:type\" content=\"article\" \/>\n<meta property=\"og:title\" content=\"Ich h\u00f6r&#039; auf mein Herz - Rauchfrei Telefon\" \/>\n<meta property=\"og:description\" content=\"Der Weltherztag am 29.9. erinnert an ein lebensnotwendiges Organ und daran, wie wichtig Herzgesundheit f\u00fcr unser allt\u00e4gliches Leben ist. Dabei spielt Rauchfreiheit eine gro\u00dfe Rolle.\" \/>\n<meta property=\"og:url\" content=\"https:\/\/rauchfrei.at\/ich-hoer-auf-mein-herz\/\" \/>\n<meta property=\"og:site_name\" content=\"Rauchfrei Telefon\" \/>\n<meta property=\"article:published_time\" content=\"2021-09-27T06:00:00+00:00\" \/>\n<meta property=\"article:modified_time\" content=\"2021-09-28T09:32:05+00:00\" \/>\n<meta property=\"og:image\" content=\"https:\/\/rauchfrei.at\/wp-content\/uploads\/Rauchfrei-fuer-die-Herzgesundheit-.jpg\" \/>\n<meta name=\"author\" content=\"Rauchfrei Team\" \/>\n<meta name=\"twitter:card\" content=\"summary_large_image\" \/>\n<meta name=\"twitter:label1\" content=\"Written by\" \/>\n\t<meta name=\"twitter:data1\" content=\"Rauchfrei Team\" \/>\n\t<meta name=\"twitter:label2\" content=\"Est. reading time\" \/>\n\t<meta name=\"twitter:data2\" content=\"2 minutes\" \/>\n<script type=\"application\/ld+json\" class=\"yoast-schema-graph\">{\"@context\":\"https:\/\/schema.org\",\"@graph\":[{\"@type\":\"WebPage\",\"@id\":\"https:\/\/rauchfrei.at\/ich-hoer-auf-mein-herz\/\",\"url\":\"https:\/\/rauchfrei.at\/ich-hoer-auf-mein-herz\/\",\"name\":\"Ich h\u00f6r' auf mein Herz - Rauchfrei Telefon\",\"isPartOf\":{\"@id\":\"https:\/\/rauchfrei.at\/#website\"},\"primaryImageOfPage\":{\"@id\":\"https:\/\/rauchfrei.at\/ich-hoer-auf-mein-herz\/#primaryimage\"},\"image\":{\"@id\":\"https:\/\/rauchfrei.at\/ich-hoer-auf-mein-herz\/#primaryimage\"},\"thumbnailUrl\":\"https:\/\/rauchfrei.at\/wp-content\/uploads\/Rauchfrei-fuer-die-Herzgesundheit-.jpg\",\"datePublished\":\"2021-09-27T06:00:00+00:00\",\"dateModified\":\"2021-09-28T09:32:05+00:00\",\"author\":{\"@id\":\"https:\/\/rauchfrei.at\/#\/schema\/person\/504bbf90c5482004fc09aef6de7f9277\"},\"inLanguage\":\"en-US\",\"potentialAction\":[{\"@type\":\"ReadAction\",\"target\":[\"https:\/\/rauchfrei.at\/ich-hoer-auf-mein-herz\/\"]}]},{\"@type\":\"ImageObject\",\"inLanguage\":\"en-US\",\"@id\":\"https:\/\/rauchfrei.at\/ich-hoer-auf-mein-herz\/#primaryimage\",\"url\":\"https:\/\/rauchfrei.at\/wp-content\/uploads\/Rauchfrei-fuer-die-Herzgesundheit-.jpg\",\"contentUrl\":\"https:\/\/rauchfrei.at\/wp-content\/uploads\/Rauchfrei-fuer-die-Herzgesundheit-.jpg\"},{\"@type\":\"WebSite\",\"@id\":\"https:\/\/rauchfrei.at\/#website\",\"url\":\"https:\/\/rauchfrei.at\/\",\"name\":\"Rauchfrei Telefon\",\"description\":\"Eine \u00f6sterreichweite Initiative der Sozialversicherungen.\",\"potentialAction\":[{\"@type\":\"SearchAction\",\"target\":{\"@type\":\"EntryPoint\",\"urlTemplate\":\"https:\/\/rauchfrei.at\/?s={search_term_string}\"},\"query-input\":{\"@type\":\"PropertyValueSpecification\",\"valueRequired\":true,\"valueName\":\"search_term_string\"}}],\"inLanguage\":\"en-US\"},{\"@type\":\"Person\",\"@id\":\"https:\/\/rauchfrei.at\/#\/schema\/person\/504bbf90c5482004fc09aef6de7f9277\",\"name\":\"Rauchfrei Team\",\"image\":{\"@type\":\"ImageObject\",\"inLanguage\":\"en-US\",\"@id\":\"https:\/\/rauchfrei.at\/#\/schema\/person\/image\/\",\"url\":\"https:\/\/secure.gravatar.com\/avatar\/2115b79a00800516fa1523bb5a329611f90e73e89be559131fc7e82b4fdc95ff?s=96&d=mm&r=g\",\"contentUrl\":\"https:\/\/secure.gravatar.com\/avatar\/2115b79a00800516fa1523bb5a329611f90e73e89be559131fc7e82b4fdc95ff?s=96&d=mm&r=g\",\"caption\":\"Rauchfrei Team\"},\"url\":\"https:\/\/rauchfrei.at\/en\/author\/rauchfrei-team\/\"}]}<\/script>\n<!-- \/ Yoast SEO plugin. -->","yoast_head_json":{"title":"Ich h\u00f6r' auf mein Herz - Rauchfrei Telefon","robots":{"index":"index","follow":"follow","max-snippet":"max-snippet:-1","max-image-preview":"max-image-preview:large","max-video-preview":"max-video-preview:-1"},"canonical":"https:\/\/rauchfrei.at\/ich-hoer-auf-mein-herz\/","og_locale":"en_US","og_type":"article","og_title":"Ich h\u00f6r' auf mein Herz - Rauchfrei Telefon","og_description":"Der Weltherztag am 29.9. erinnert an ein lebensnotwendiges Organ und daran, wie wichtig Herzgesundheit f\u00fcr unser allt\u00e4gliches Leben ist. Dabei spielt Rauchfreiheit eine gro\u00dfe Rolle.","og_url":"https:\/\/rauchfrei.at\/ich-hoer-auf-mein-herz\/","og_site_name":"Rauchfrei Telefon","article_published_time":"2021-09-27T06:00:00+00:00","article_modified_time":"2021-09-28T09:32:05+00:00","og_image":[{"url":"https:\/\/rauchfrei.at\/wp-content\/uploads\/Rauchfrei-fuer-die-Herzgesundheit-.jpg","type":"","width":"","height":""}],"author":"Rauchfrei Team","twitter_card":"summary_large_image","twitter_misc":{"Written by":"Rauchfrei Team","Est. reading time":"2 minutes"},"schema":{"@context":"https:\/\/schema.org","@graph":[{"@type":"WebPage","@id":"https:\/\/rauchfrei.at\/ich-hoer-auf-mein-herz\/","url":"https:\/\/rauchfrei.at\/ich-hoer-auf-mein-herz\/","name":"Ich h\u00f6r' auf mein Herz - Rauchfrei Telefon","isPartOf":{"@id":"https:\/\/rauchfrei.at\/#website"},"primaryImageOfPage":{"@id":"https:\/\/rauchfrei.at\/ich-hoer-auf-mein-herz\/#primaryimage"},"image":{"@id":"https:\/\/rauchfrei.at\/ich-hoer-auf-mein-herz\/#primaryimage"},"thumbnailUrl":"https:\/\/rauchfrei.at\/wp-content\/uploads\/Rauchfrei-fuer-die-Herzgesundheit-.jpg","datePublished":"2021-09-27T06:00:00+00:00","dateModified":"2021-09-28T09:32:05+00:00","author":{"@id":"https:\/\/rauchfrei.at\/#\/schema\/person\/504bbf90c5482004fc09aef6de7f9277"},"inLanguage":"en-US","potentialAction":[{"@type":"ReadAction","target":["https:\/\/rauchfrei.at\/ich-hoer-auf-mein-herz\/"]}]},{"@type":"ImageObject","inLanguage":"en-US","@id":"https:\/\/rauchfrei.at\/ich-hoer-auf-mein-herz\/#primaryimage","url":"https:\/\/rauchfrei.at\/wp-content\/uploads\/Rauchfrei-fuer-die-Herzgesundheit-.jpg","contentUrl":"https:\/\/rauchfrei.at\/wp-content\/uploads\/Rauchfrei-fuer-die-Herzgesundheit-.jpg"},{"@type":"WebSite","@id":"https:\/\/rauchfrei.at\/#website","url":"https:\/\/rauchfrei.at\/","name":"Rauchfrei Telefon","description":"Eine \u00f6sterreichweite Initiative der Sozialversicherungen.","potentialAction":[{"@type":"SearchAction","target":{"@type":"EntryPoint","urlTemplate":"https:\/\/rauchfrei.at\/?s={search_term_string}"},"query-input":{"@type":"PropertyValueSpecification","valueRequired":true,"valueName":"search_term_string"}}],"inLanguage":"en-US"},{"@type":"Person","@id":"https:\/\/rauchfrei.at\/#\/schema\/person\/504bbf90c5482004fc09aef6de7f9277","name":"Rauchfrei Team","image":{"@type":"ImageObject","inLanguage":"en-US","@id":"https:\/\/rauchfrei.at\/#\/schema\/person\/image\/","url":"https:\/\/secure.gravatar.com\/avatar\/2115b79a00800516fa1523bb5a329611f90e73e89be559131fc7e82b4fdc95ff?s=96&d=mm&r=g","contentUrl":"https:\/\/secure.gravatar.com\/avatar\/2115b79a00800516fa1523bb5a329611f90e73e89be559131fc7e82b4fdc95ff?s=96&d=mm&r=g","caption":"Rauchfrei Team"},"url":"https:\/\/rauchfrei.at\/en\/author\/rauchfrei-team\/"}]}},"_links":{"self":[{"href":"https:\/\/rauchfrei.at\/en\/wp-json\/wp\/v2\/posts\/21724","targetHints":{"allow":["GET"]}}],"collection":[{"href":"https:\/\/rauchfrei.at\/en\/wp-json\/wp\/v2\/posts"}],"about":[{"href":"https:\/\/rauchfrei.at\/en\/wp-json\/wp\/v2\/types\/post"}],"author":[{"embeddable":true,"href":"https:\/\/rauchfrei.at\/en\/wp-json\/wp\/v2\/users\/25"}],"replies":[{"embeddable":true,"href":"https:\/\/rauchfrei.at\/en\/wp-json\/wp\/v2\/comments?post=21724"}],"version-history":[{"count":5,"href":"https:\/\/rauchfrei.at\/en\/wp-json\/wp\/v2\/posts\/21724\/revisions"}],"predecessor-version":[{"id":21738,"href":"https:\/\/rauchfrei.at\/en\/wp-json\/wp\/v2\/posts\/21724\/revisions\/21738"}],"wp:attachment":[{"href":"https:\/\/rauchfrei.at\/en\/wp-json\/wp\/v2\/media?parent=21724"}],"wp:term":[{"taxonomy":"category","embeddable":true,"href":"https:\/\/rauchfrei.at\/en\/wp-json\/wp\/v2\/categories?post=21724"},{"taxonomy":"post_tag","embeddable":true,"href":"https:\/\/rauchfrei.at\/en\/wp-json\/wp\/v2\/tags?post=21724"}],"curies":[{"name":"wp","href":"https:\/\/api.w.org\/{rel}","templated":true}]}}