
{"id":21752,"date":"2021-09-20T08:00:00","date_gmt":"2021-09-20T06:00:00","guid":{"rendered":"https:\/\/rauchfrei.at\/?p=21752"},"modified":"2021-09-16T16:29:42","modified_gmt":"2021-09-16T14:29:42","slug":"wie-das-geschaeft-mit-dem-tabak-kinderrechte-verletzt","status":"publish","type":"post","link":"https:\/\/rauchfrei.at\/en\/wie-das-geschaeft-mit-dem-tabak-kinderrechte-verletzt\/","title":{"rendered":"Wie das Gesch\u00e4ft mit dem Tabak Kinderrechte verletzt"},"content":{"rendered":"\n[et_pb_section fb_built=&#8221;1&#8243; module_class=&#8221;header&#8221; _builder_version=&#8221;3.22&#8243;][et_pb_row _builder_version=&#8221;3.25&#8243;][et_pb_column type=&#8221;4_4&#8243; _builder_version=&#8221;3.25&#8243; custom_padding=&#8221;|||&#8221; custom_padding__hover=&#8221;|||&#8221;][et_pb_dp_dmb_module_10001 subheadline=&#8221;Zum Weltkindertag&#8221; _builder_version=&#8221;4.9.4&#8243; z_index_tablet=&#8221;500&#8243;][\/et_pb_dp_dmb_module_10001][\/et_pb_column][\/et_pb_row][\/et_pb_section][et_pb_section fb_built=&#8221;1&#8243; _builder_version=&#8221;3.22&#8243; custom_padding=&#8221;30px|||&#8221;][et_pb_row column_structure=&#8221;2_3,1_3&#8243; _builder_version=&#8221;3.25&#8243;][et_pb_column type=&#8221;2_3&#8243; module_class=&#8221;blog-content&#8221; _builder_version=&#8221;3.25&#8243; custom_padding=&#8221;|||&#8221; custom_padding__hover=&#8221;|||&#8221;][et_pb_text _builder_version=&#8221;4.9.4&#8243; hover_enabled=&#8221;0&#8243; sticky_enabled=&#8221;0&#8243;]<p>Fest steht: Kinder haben das Recht vor den Interessen der Tabakindustrie gesch\u00fctzt zu werden. Jedoch ist die Liste der negativen Folgen der Vermarktung des Tabaks f\u00fcr Kinder lang. Bislang werden Kinderrechte dabei h\u00e4ufig nicht beachtet. So werden Kinder und Jugendliche als junge Arbeitskr\u00e4fte im Tabakanbau ausgebeutet, zudem sind sie weltweit Tabakwerbung und sch\u00e4dlichem Passivrauch ausgesetzt.<\/p>\n<p>Ein immer noch positives Image des Rauchens in der Gesellschaft (z.B. durch Rauchen in Filmen) und das vorgelebte Rauchverhalten der Eltern erh\u00f6hen die Wahrscheinlichkeit f\u00fcr Jugendliche, mit dem Rauchen zu beginnen. \u00a0Zus\u00e4tzlich stellen neue Tabakprodukte wie E-Zigaretten, E-Shishas und Tabakerhitzer vermehrt eine Gefahr f\u00fcr Kinder und Jugendliche dar, da sie zu Nikotinabh\u00e4ngigkeit f\u00fchren k\u00f6nnen und einen sp\u00e4teren Tabakkonsum m\u00f6glicherweise beg\u00fcnstigen. Tabakkonzerne sind in den letzten Jahren weltweit dazu \u00fcbergegangen, ihre Produkte als l\u00e4ssige, wie selbstverst\u00e4ndlich dazugeh\u00f6rende Lifestyle-Accessoires auch mittels Influencern in den sozialen Medien zu vermarkten, um so direkt Einfluss auf Kinder und Jugendliche aus\u00fcben zu k\u00f6nnen. Vor allem E-Zigaretten k\u00f6nnen dazu anregen mit dem Rauchen zu beginnen und sind bereits ein auch von \u00f6sterreichischen Jugendlichen h\u00e4ufig konsumiertes Produkt. Dadurch werden sie immer h\u00e4ufiger zum Tor f\u00fcr einen sp\u00e4teren Tabakkonsum. Dies nennt man den \u201eGateway-Effekt\u201c.<\/p>\n<p>Seit 2019 erlaubt das Jugendschutzgesetz in allen \u00f6sterreichischen Bundesl\u00e4ndern den Konsum und den Erwerb von Tabak erst ab 18 Jahren. Inkludiert sind dabei nun auch E-Zigaretten, jedoch bislang nicht die auch h\u00e4ufig von Jugendlichen konsumierten Nikotinbeutel. Diese d\u00fcrften theoretisch auch an J\u00fcngere verkauft werden.<\/p>\n<p>Wie k\u00f6nnen sich Kinder und Jugendliche selbst sch\u00fctzen, wenn sie bemerken, dass sie einer Gefahr, sei es durch Passivrauch oder durch ungewollten Konsum von Zigaretten oder anderen Tabakprodukten ausgesetzt sind? Manchmal ist es gar nicht so einfach deutlich zu machen, dass eine Grenze \u00fcberschritten wird und man sich gerade nicht so wohl dabei f\u00fchlt. Auch Erwachsene kennen diese Situationen. Eine M\u00f6glichkeit ist trotz der Angst abgelehnt zu werden oder Streit zu riskieren deutlich die eigene Meinung zu artikulieren und zu sagen, wenn einem etwas nicht passt. Die Kinderrechte sprechen auf jeden Fall daf\u00fcr!<\/p>\n<p>Link: <a href=\"http:\/\/www.unfairtobacco.org\">www.unfairtobacco.org<\/a><\/p>[\/et_pb_text][et_pb_post_nav in_same_term=&#8221;off&#8221; _builder_version=&#8221;3.0.99&#8243;][\/et_pb_post_nav][\/et_pb_column][et_pb_column type=&#8221;1_3&#8243; module_class=&#8221;cat-and-tag&#8221; _builder_version=&#8221;3.25&#8243; custom_padding=&#8221;|||&#8221; custom_padding__hover=&#8221;|||&#8221;][et_pb_sidebar area=&#8221;et_pb_widget_area_1&#8243; _builder_version=&#8221;3.0.99&#8243;][\/et_pb_sidebar][et_pb_dp_dmb_module_10093 farbe=&#8221;blitzblau&#8221; headline=&#8221;Rauchstopp und Gewicht&#8221; image=&#8221;https:\/\/rauchfrei.at\/wp-content\/uploads\/Gain-weight.png&#8221; image_position=&#8221;center&#8221; link_text=&#8221;mehr&#8221; link_url=&#8221;https:\/\/rauchfrei.at\/aufhoeren\/schritte-zum-rauchstopp\/gewicht-verdauung-und-bewegung\/&#8221; image_size=&#8221;70&#8243; admin_label=&#8221;Rauchstopp und Gewicht&#8221; _builder_version=&#8221;3.19.15&#8243; global_module=&#8221;13171&#8243; saved_tabs=&#8221;all&#8221;]<p>Gewichtszunahme nach dem Rauchstopp? Das muss nicht sein!<\/p>\n[\/et_pb_dp_dmb_module_10093][\/et_pb_column][\/et_pb_row][\/et_pb_section]\n","protected":false},"excerpt":{"rendered":"<p>Nach wie vor werden beim Tabakanbau, bei der Vermarktung von Tabak sowie hinsichtlich der Folgen des Rauchens und Passivrauchens weltweit Kinderrechte verletzt. <\/p>\n","protected":false},"author":25,"featured_media":0,"comment_status":"open","ping_status":"open","sticky":false,"template":"","format":"standard","meta":{"_et_pb_use_builder":"on","_et_pb_old_content":"","_et_gb_content_width":"2880","footnotes":""},"categories":[236],"tags":[],"class_list":["post-21752","post","type-post","status-publish","format-standard","hentry","category-nicht-kategorisiert"],"yoast_head":"<!-- This site is optimized with the Yoast SEO plugin v26.2 - https:\/\/yoast.com\/wordpress\/plugins\/seo\/ -->\n<title>Wie das Gesch\u00e4ft mit dem Tabak Kinderrechte verletzt - Rauchfrei Telefon<\/title>\n<meta name=\"robots\" content=\"index, follow, max-snippet:-1, max-image-preview:large, max-video-preview:-1\" \/>\n<link rel=\"canonical\" href=\"https:\/\/rauchfrei.at\/wie-das-geschaeft-mit-dem-tabak-kinderrechte-verletzt\/\" \/>\n<meta property=\"og:locale\" content=\"en_US\" \/>\n<meta property=\"og:type\" content=\"article\" \/>\n<meta property=\"og:title\" content=\"Wie das Gesch\u00e4ft mit dem Tabak Kinderrechte verletzt - Rauchfrei Telefon\" \/>\n<meta property=\"og:description\" content=\"Nach wie vor werden beim Tabakanbau, bei der Vermarktung von Tabak sowie hinsichtlich der Folgen des Rauchens und Passivrauchens weltweit Kinderrechte verletzt.\" \/>\n<meta property=\"og:url\" content=\"https:\/\/rauchfrei.at\/wie-das-geschaeft-mit-dem-tabak-kinderrechte-verletzt\/\" \/>\n<meta property=\"og:site_name\" content=\"Rauchfrei Telefon\" \/>\n<meta property=\"article:published_time\" content=\"2021-09-20T06:00:00+00:00\" \/>\n<meta name=\"author\" content=\"Rauchfrei Team\" \/>\n<meta name=\"twitter:card\" content=\"summary_large_image\" \/>\n<meta name=\"twitter:label1\" content=\"Written by\" \/>\n\t<meta name=\"twitter:data1\" content=\"Rauchfrei Team\" \/>\n\t<meta name=\"twitter:label2\" content=\"Est. reading time\" \/>\n\t<meta name=\"twitter:data2\" content=\"2 minutes\" \/>\n<script type=\"application\/ld+json\" class=\"yoast-schema-graph\">{\"@context\":\"https:\/\/schema.org\",\"@graph\":[{\"@type\":\"WebPage\",\"@id\":\"https:\/\/rauchfrei.at\/wie-das-geschaeft-mit-dem-tabak-kinderrechte-verletzt\/\",\"url\":\"https:\/\/rauchfrei.at\/wie-das-geschaeft-mit-dem-tabak-kinderrechte-verletzt\/\",\"name\":\"Wie das Gesch\u00e4ft mit dem Tabak Kinderrechte verletzt - Rauchfrei Telefon\",\"isPartOf\":{\"@id\":\"https:\/\/rauchfrei.at\/#website\"},\"datePublished\":\"2021-09-20T06:00:00+00:00\",\"author\":{\"@id\":\"https:\/\/rauchfrei.at\/#\/schema\/person\/504bbf90c5482004fc09aef6de7f9277\"},\"inLanguage\":\"en-US\",\"potentialAction\":[{\"@type\":\"ReadAction\",\"target\":[\"https:\/\/rauchfrei.at\/wie-das-geschaeft-mit-dem-tabak-kinderrechte-verletzt\/\"]}]},{\"@type\":\"WebSite\",\"@id\":\"https:\/\/rauchfrei.at\/#website\",\"url\":\"https:\/\/rauchfrei.at\/\",\"name\":\"Rauchfrei Telefon\",\"description\":\"Eine \u00f6sterreichweite Initiative der Sozialversicherungen.\",\"potentialAction\":[{\"@type\":\"SearchAction\",\"target\":{\"@type\":\"EntryPoint\",\"urlTemplate\":\"https:\/\/rauchfrei.at\/?s={search_term_string}\"},\"query-input\":{\"@type\":\"PropertyValueSpecification\",\"valueRequired\":true,\"valueName\":\"search_term_string\"}}],\"inLanguage\":\"en-US\"},{\"@type\":\"Person\",\"@id\":\"https:\/\/rauchfrei.at\/#\/schema\/person\/504bbf90c5482004fc09aef6de7f9277\",\"name\":\"Rauchfrei Team\",\"image\":{\"@type\":\"ImageObject\",\"inLanguage\":\"en-US\",\"@id\":\"https:\/\/rauchfrei.at\/#\/schema\/person\/image\/\",\"url\":\"https:\/\/secure.gravatar.com\/avatar\/2115b79a00800516fa1523bb5a329611f90e73e89be559131fc7e82b4fdc95ff?s=96&d=mm&r=g\",\"contentUrl\":\"https:\/\/secure.gravatar.com\/avatar\/2115b79a00800516fa1523bb5a329611f90e73e89be559131fc7e82b4fdc95ff?s=96&d=mm&r=g\",\"caption\":\"Rauchfrei Team\"},\"url\":\"https:\/\/rauchfrei.at\/en\/author\/rauchfrei-team\/\"}]}<\/script>\n<!-- \/ Yoast SEO plugin. -->","yoast_head_json":{"title":"Wie das Gesch\u00e4ft mit dem Tabak Kinderrechte verletzt - Rauchfrei Telefon","robots":{"index":"index","follow":"follow","max-snippet":"max-snippet:-1","max-image-preview":"max-image-preview:large","max-video-preview":"max-video-preview:-1"},"canonical":"https:\/\/rauchfrei.at\/wie-das-geschaeft-mit-dem-tabak-kinderrechte-verletzt\/","og_locale":"en_US","og_type":"article","og_title":"Wie das Gesch\u00e4ft mit dem Tabak Kinderrechte verletzt - Rauchfrei Telefon","og_description":"Nach wie vor werden beim Tabakanbau, bei der Vermarktung von Tabak sowie hinsichtlich der Folgen des Rauchens und Passivrauchens weltweit Kinderrechte verletzt.","og_url":"https:\/\/rauchfrei.at\/wie-das-geschaeft-mit-dem-tabak-kinderrechte-verletzt\/","og_site_name":"Rauchfrei Telefon","article_published_time":"2021-09-20T06:00:00+00:00","author":"Rauchfrei Team","twitter_card":"summary_large_image","twitter_misc":{"Written by":"Rauchfrei Team","Est. reading time":"2 minutes"},"schema":{"@context":"https:\/\/schema.org","@graph":[{"@type":"WebPage","@id":"https:\/\/rauchfrei.at\/wie-das-geschaeft-mit-dem-tabak-kinderrechte-verletzt\/","url":"https:\/\/rauchfrei.at\/wie-das-geschaeft-mit-dem-tabak-kinderrechte-verletzt\/","name":"Wie das Gesch\u00e4ft mit dem Tabak Kinderrechte verletzt - Rauchfrei Telefon","isPartOf":{"@id":"https:\/\/rauchfrei.at\/#website"},"datePublished":"2021-09-20T06:00:00+00:00","author":{"@id":"https:\/\/rauchfrei.at\/#\/schema\/person\/504bbf90c5482004fc09aef6de7f9277"},"inLanguage":"en-US","potentialAction":[{"@type":"ReadAction","target":["https:\/\/rauchfrei.at\/wie-das-geschaeft-mit-dem-tabak-kinderrechte-verletzt\/"]}]},{"@type":"WebSite","@id":"https:\/\/rauchfrei.at\/#website","url":"https:\/\/rauchfrei.at\/","name":"Rauchfrei Telefon","description":"Eine \u00f6sterreichweite Initiative der Sozialversicherungen.","potentialAction":[{"@type":"SearchAction","target":{"@type":"EntryPoint","urlTemplate":"https:\/\/rauchfrei.at\/?s={search_term_string}"},"query-input":{"@type":"PropertyValueSpecification","valueRequired":true,"valueName":"search_term_string"}}],"inLanguage":"en-US"},{"@type":"Person","@id":"https:\/\/rauchfrei.at\/#\/schema\/person\/504bbf90c5482004fc09aef6de7f9277","name":"Rauchfrei Team","image":{"@type":"ImageObject","inLanguage":"en-US","@id":"https:\/\/rauchfrei.at\/#\/schema\/person\/image\/","url":"https:\/\/secure.gravatar.com\/avatar\/2115b79a00800516fa1523bb5a329611f90e73e89be559131fc7e82b4fdc95ff?s=96&d=mm&r=g","contentUrl":"https:\/\/secure.gravatar.com\/avatar\/2115b79a00800516fa1523bb5a329611f90e73e89be559131fc7e82b4fdc95ff?s=96&d=mm&r=g","caption":"Rauchfrei Team"},"url":"https:\/\/rauchfrei.at\/en\/author\/rauchfrei-team\/"}]}},"_links":{"self":[{"href":"https:\/\/rauchfrei.at\/en\/wp-json\/wp\/v2\/posts\/21752","targetHints":{"allow":["GET"]}}],"collection":[{"href":"https:\/\/rauchfrei.at\/en\/wp-json\/wp\/v2\/posts"}],"about":[{"href":"https:\/\/rauchfrei.at\/en\/wp-json\/wp\/v2\/types\/post"}],"author":[{"embeddable":true,"href":"https:\/\/rauchfrei.at\/en\/wp-json\/wp\/v2\/users\/25"}],"replies":[{"embeddable":true,"href":"https:\/\/rauchfrei.at\/en\/wp-json\/wp\/v2\/comments?post=21752"}],"version-history":[{"count":6,"href":"https:\/\/rauchfrei.at\/en\/wp-json\/wp\/v2\/posts\/21752\/revisions"}],"predecessor-version":[{"id":21762,"href":"https:\/\/rauchfrei.at\/en\/wp-json\/wp\/v2\/posts\/21752\/revisions\/21762"}],"wp:attachment":[{"href":"https:\/\/rauchfrei.at\/en\/wp-json\/wp\/v2\/media?parent=21752"}],"wp:term":[{"taxonomy":"category","embeddable":true,"href":"https:\/\/rauchfrei.at\/en\/wp-json\/wp\/v2\/categories?post=21752"},{"taxonomy":"post_tag","embeddable":true,"href":"https:\/\/rauchfrei.at\/en\/wp-json\/wp\/v2\/tags?post=21752"}],"curies":[{"name":"wp","href":"https:\/\/api.w.org\/{rel}","templated":true}]}}