
{"id":21801,"date":"2021-10-04T08:00:00","date_gmt":"2021-10-04T06:00:00","guid":{"rendered":"https:\/\/rauchfrei.at\/?p=21801"},"modified":"2021-09-28T11:32:34","modified_gmt":"2021-09-28T09:32:34","slug":"denken-sie-beim-rauchstopp-an-ihren-vogel","status":"publish","type":"post","link":"https:\/\/rauchfrei.at\/en\/denken-sie-beim-rauchstopp-an-ihren-vogel\/","title":{"rendered":"Denken Sie beim Rauchstopp an Ihren Vogel"},"content":{"rendered":"\n\n[et_pb_section fb_built=&#8221;1&#8243; module_class=&#8221;header&#8221; _builder_version=&#8221;3.22&#8243;][et_pb_row _builder_version=&#8221;3.25&#8243;][et_pb_column type=&#8221;4_4&#8243; _builder_version=&#8221;3.25&#8243; custom_padding=&#8221;|||&#8221; custom_padding__hover=&#8221;|||&#8221;][et_pb_dp_dmb_module_10001 subheadline=&#8221;Katz, Hund und Co. verdienen es rauchfrei&#8221; _builder_version=&#8221;4.9.4&#8243; z_index_tablet=&#8221;500&#8243;][\/et_pb_dp_dmb_module_10001][\/et_pb_column][\/et_pb_row][\/et_pb_section][et_pb_section fb_built=&#8221;1&#8243; _builder_version=&#8221;3.22&#8243; custom_padding=&#8221;30px|||&#8221;][et_pb_row column_structure=&#8221;2_3,1_3&#8243; _builder_version=&#8221;3.25&#8243;][et_pb_column type=&#8221;2_3&#8243; module_class=&#8221;blog-content&#8221; _builder_version=&#8221;3.25&#8243; custom_padding=&#8221;|||&#8221; custom_padding__hover=&#8221;|||&#8221;][et_pb_text _builder_version=&#8221;4.9.4&#8243;]<p>Am 4. Oktober ist Welttierschutztag. <span>Rund 1,39 Mio Privathaushalte in \u00d6sterreich haben Haustiere. In diesen Haushalten leben insgesamt 1.537.850 Katzen und\/oder 629.120 Hunde.<\/span><\/p>\n<p>Zu viele dieser Haustiere sind Passivrauch\u00a0 ausgesetzt. Wird in den Wohnr\u00e4umen geraucht, sind die dort lebenden Tiere im Vergleich zu Artgenossen aus rauchfreien Haushalten einem <strong>60 Prozent erh\u00f6htem Krebsrisiko<\/strong> ausgesetzt \u2013 das belegen Studien. Beim Lungenkrebsrisiko ist es sogar so, dass Hunde und Katzen ein h\u00f6heres Risiko haben als Ihre \u201eHerrchen und Frauchen\u201c.<\/p>\n<p>Katzen sind am st\u00e4rksten von den Folgen des Passivrauches betroffen. Das liegt daran, dass Katzen sehr reinliche Tiere sind und der Rauch sie gesundheitlich belastet und stresst. Katzen reinigen ihr Fell sehr ausgiebig, denn so entspannen sie und bauen gleichzeitig einen Schutzfilm auf. Durch das Putzen nehmen Katzen besonders viele giftige R\u00fcckst\u00e4nde des Tabakrauchs aus dem Fell mit ihren Zungen auf. Diese Giftstoffe gelangen in den Magen und Darm und verursachen oft Erkrankungen. Zus\u00e4tzlich verliert das Katzenfell an Glanz und der Eigengeruch wird gest\u00f6rt.<\/p>\n<p><img loading=\"lazy\" decoding=\"async\" src=\"https:\/\/rauchfrei.at\/wp-content\/uploads\/monk-225x150.jpg\" alt=\"\" class=\"wp-image-21804 alignnone size-medium\" width=\"225\" height=\"150\" \/>(C)Rauchfrei Telefon<\/p>\n<p>Hunde sind eher gef\u00e4hrdet f\u00fcr Tumore der oberen Atemwege, da sie die Giftstoffe bereits aus dem Tabakrauch filtern, ehe dieser ihre Lunge erreichen kann. \u00c4hnlich wie bei uns Menschen bekommen sowohl Katzen als auch Hunde gereizte Schleimh\u00e4ute durch den Passivrauch, auch das Immunsystem wird geschw\u00e4cht.<\/p>\n<p>Egal, ob Hund, Katze oder Kleintier \u2013 sie alle werden ungefragt Giftstoffen ausgesetzt<\/p>\n<p>Wie k\u00f6nnen Sie das Risiko f\u00fcr Ihre Haustiere reduzieren:<\/p>\n<ul>\n<li>Rauchen Sie nicht in der Wohnung oder im Haus.<\/li>\n<li>Lassen Sie keine Aschenbecher oder Zigarettenstummel in Reichweite Ihrer Tiere.<\/li>\n<li>Waschen Sie sich gut Ihre H\u00e4nde, nachdem Sie geraucht haben.<\/li>\n<li>Sollten Sie in den Innenr\u00e4umen rauchen, reinigen Sie regelm\u00e4\u00dfig Oberfl\u00e4chen, Teppiche und M\u00f6bel.<\/li>\n<\/ul>\n<p>Sie wollen mit dem Rauchen aufh\u00f6ren? Wir beraten und unterst\u00fctzen Sie gerne beim Rauchstopp! Rufen Sie uns an &#8211; 0800 810 013!<\/p>[\/et_pb_text][\/et_pb_column][et_pb_column type=&#8221;1_3&#8243; module_class=&#8221;cat-and-tag&#8221; _builder_version=&#8221;3.25&#8243; custom_padding=&#8221;|||&#8221; custom_padding__hover=&#8221;|||&#8221;][et_pb_dp_dmb_module_10093 farbe=&#8221;blitzgelb&#8221; headline=&#8221;Trauen Sie sich den Rauchstopp zu!&#8221; image=&#8221;https:\/\/rauchfrei.at\/wp-content\/uploads\/Quitting-Yellow.png&#8221; image_position=&#8221;center&#8221; link_text=&#8221;mehr&#8221; link_url=&#8221;https:\/\/rauchfrei.at\/aufhoeren\/schritte-zum-rauchstopp\/trauen-sie-sich-den-rauchstopp-zu\/&#8221; admin_label=&#8221;Trauen Sie sich den Rauchstopp zu&#8221; _builder_version=&#8221;3.19.15&#8243; global_module=&#8221;13173&#8243; saved_tabs=&#8221;all&#8221;]<p>Sie m\u00f6chten etwas \u00e4ndern? Worauf warten Sie noch?<\/p>\n[\/et_pb_dp_dmb_module_10093][\/et_pb_column][\/et_pb_row][\/et_pb_section]\n\n","protected":false},"excerpt":{"rendered":"<p>Katzen sind zwar besonders betroffen, aber auch jedes andere Haustier leidet unter dem Rauch in Innenr\u00e4umen. Wer die eigenen vier W\u00e4nden rauchfrei macht, sorgt nicht nur f\u00fcr mehr Wohlbefinden bei allen Haushaltsangeh\u00f6rigen, sondern erspart sich auch R\u00fcckst\u00e4nde an Teppichen und M\u00f6beln.<\/p>\n","protected":false},"author":25,"featured_media":0,"comment_status":"open","ping_status":"open","sticky":false,"template":"","format":"standard","meta":{"_et_pb_use_builder":"on","_et_pb_old_content":"","_et_gb_content_width":"2880","footnotes":""},"categories":[236],"tags":[],"class_list":["post-21801","post","type-post","status-publish","format-standard","hentry","category-nicht-kategorisiert"],"yoast_head":"<!-- This site is optimized with the Yoast SEO plugin v26.2 - https:\/\/yoast.com\/wordpress\/plugins\/seo\/ -->\n<title>Denken Sie beim Rauchstopp an Ihren Vogel - Rauchfrei Telefon<\/title>\n<meta name=\"robots\" content=\"index, follow, max-snippet:-1, max-image-preview:large, max-video-preview:-1\" \/>\n<link rel=\"canonical\" href=\"https:\/\/rauchfrei.at\/denken-sie-beim-rauchstopp-an-ihren-vogel\/\" \/>\n<meta property=\"og:locale\" content=\"en_US\" \/>\n<meta property=\"og:type\" content=\"article\" \/>\n<meta property=\"og:title\" content=\"Denken Sie beim Rauchstopp an Ihren Vogel - Rauchfrei Telefon\" \/>\n<meta property=\"og:description\" content=\"Katzen sind zwar besonders betroffen, aber auch jedes andere Haustier leidet unter dem Rauch in Innenr\u00e4umen. Wer die eigenen vier W\u00e4nden rauchfrei macht, sorgt nicht nur f\u00fcr mehr Wohlbefinden bei allen Haushaltsangeh\u00f6rigen, sondern erspart sich auch R\u00fcckst\u00e4nde an Teppichen und M\u00f6beln.\" \/>\n<meta property=\"og:url\" content=\"https:\/\/rauchfrei.at\/denken-sie-beim-rauchstopp-an-ihren-vogel\/\" \/>\n<meta property=\"og:site_name\" content=\"Rauchfrei Telefon\" \/>\n<meta property=\"article:published_time\" content=\"2021-10-04T06:00:00+00:00\" \/>\n<meta property=\"og:image\" content=\"https:\/\/rauchfrei.at\/wp-content\/uploads\/monk-225x150.jpg\" \/>\n<meta name=\"author\" content=\"Rauchfrei Team\" \/>\n<meta name=\"twitter:card\" content=\"summary_large_image\" \/>\n<meta name=\"twitter:label1\" content=\"Written by\" \/>\n\t<meta name=\"twitter:data1\" content=\"Rauchfrei Team\" \/>\n\t<meta name=\"twitter:label2\" content=\"Est. reading time\" \/>\n\t<meta name=\"twitter:data2\" content=\"2 minutes\" \/>\n<script type=\"application\/ld+json\" class=\"yoast-schema-graph\">{\"@context\":\"https:\/\/schema.org\",\"@graph\":[{\"@type\":\"WebPage\",\"@id\":\"https:\/\/rauchfrei.at\/denken-sie-beim-rauchstopp-an-ihren-vogel\/\",\"url\":\"https:\/\/rauchfrei.at\/denken-sie-beim-rauchstopp-an-ihren-vogel\/\",\"name\":\"Denken Sie beim Rauchstopp an Ihren Vogel - Rauchfrei Telefon\",\"isPartOf\":{\"@id\":\"https:\/\/rauchfrei.at\/#website\"},\"primaryImageOfPage\":{\"@id\":\"https:\/\/rauchfrei.at\/denken-sie-beim-rauchstopp-an-ihren-vogel\/#primaryimage\"},\"image\":{\"@id\":\"https:\/\/rauchfrei.at\/denken-sie-beim-rauchstopp-an-ihren-vogel\/#primaryimage\"},\"thumbnailUrl\":\"https:\/\/rauchfrei.at\/wp-content\/uploads\/monk-225x150.jpg\",\"datePublished\":\"2021-10-04T06:00:00+00:00\",\"author\":{\"@id\":\"https:\/\/rauchfrei.at\/#\/schema\/person\/504bbf90c5482004fc09aef6de7f9277\"},\"inLanguage\":\"en-US\",\"potentialAction\":[{\"@type\":\"ReadAction\",\"target\":[\"https:\/\/rauchfrei.at\/denken-sie-beim-rauchstopp-an-ihren-vogel\/\"]}]},{\"@type\":\"ImageObject\",\"inLanguage\":\"en-US\",\"@id\":\"https:\/\/rauchfrei.at\/denken-sie-beim-rauchstopp-an-ihren-vogel\/#primaryimage\",\"url\":\"https:\/\/rauchfrei.at\/wp-content\/uploads\/monk-225x150.jpg\",\"contentUrl\":\"https:\/\/rauchfrei.at\/wp-content\/uploads\/monk-225x150.jpg\"},{\"@type\":\"WebSite\",\"@id\":\"https:\/\/rauchfrei.at\/#website\",\"url\":\"https:\/\/rauchfrei.at\/\",\"name\":\"Rauchfrei Telefon\",\"description\":\"Eine \u00f6sterreichweite Initiative der Sozialversicherungen.\",\"potentialAction\":[{\"@type\":\"SearchAction\",\"target\":{\"@type\":\"EntryPoint\",\"urlTemplate\":\"https:\/\/rauchfrei.at\/?s={search_term_string}\"},\"query-input\":{\"@type\":\"PropertyValueSpecification\",\"valueRequired\":true,\"valueName\":\"search_term_string\"}}],\"inLanguage\":\"en-US\"},{\"@type\":\"Person\",\"@id\":\"https:\/\/rauchfrei.at\/#\/schema\/person\/504bbf90c5482004fc09aef6de7f9277\",\"name\":\"Rauchfrei Team\",\"image\":{\"@type\":\"ImageObject\",\"inLanguage\":\"en-US\",\"@id\":\"https:\/\/rauchfrei.at\/#\/schema\/person\/image\/\",\"url\":\"https:\/\/secure.gravatar.com\/avatar\/2115b79a00800516fa1523bb5a329611f90e73e89be559131fc7e82b4fdc95ff?s=96&d=mm&r=g\",\"contentUrl\":\"https:\/\/secure.gravatar.com\/avatar\/2115b79a00800516fa1523bb5a329611f90e73e89be559131fc7e82b4fdc95ff?s=96&d=mm&r=g\",\"caption\":\"Rauchfrei Team\"},\"url\":\"https:\/\/rauchfrei.at\/en\/author\/rauchfrei-team\/\"}]}<\/script>\n<!-- \/ Yoast SEO plugin. -->","yoast_head_json":{"title":"Denken Sie beim Rauchstopp an Ihren Vogel - Rauchfrei Telefon","robots":{"index":"index","follow":"follow","max-snippet":"max-snippet:-1","max-image-preview":"max-image-preview:large","max-video-preview":"max-video-preview:-1"},"canonical":"https:\/\/rauchfrei.at\/denken-sie-beim-rauchstopp-an-ihren-vogel\/","og_locale":"en_US","og_type":"article","og_title":"Denken Sie beim Rauchstopp an Ihren Vogel - Rauchfrei Telefon","og_description":"Katzen sind zwar besonders betroffen, aber auch jedes andere Haustier leidet unter dem Rauch in Innenr\u00e4umen. Wer die eigenen vier W\u00e4nden rauchfrei macht, sorgt nicht nur f\u00fcr mehr Wohlbefinden bei allen Haushaltsangeh\u00f6rigen, sondern erspart sich auch R\u00fcckst\u00e4nde an Teppichen und M\u00f6beln.","og_url":"https:\/\/rauchfrei.at\/denken-sie-beim-rauchstopp-an-ihren-vogel\/","og_site_name":"Rauchfrei Telefon","article_published_time":"2021-10-04T06:00:00+00:00","og_image":[{"url":"https:\/\/rauchfrei.at\/wp-content\/uploads\/monk-225x150.jpg","type":"","width":"","height":""}],"author":"Rauchfrei Team","twitter_card":"summary_large_image","twitter_misc":{"Written by":"Rauchfrei Team","Est. reading time":"2 minutes"},"schema":{"@context":"https:\/\/schema.org","@graph":[{"@type":"WebPage","@id":"https:\/\/rauchfrei.at\/denken-sie-beim-rauchstopp-an-ihren-vogel\/","url":"https:\/\/rauchfrei.at\/denken-sie-beim-rauchstopp-an-ihren-vogel\/","name":"Denken Sie beim Rauchstopp an Ihren Vogel - Rauchfrei Telefon","isPartOf":{"@id":"https:\/\/rauchfrei.at\/#website"},"primaryImageOfPage":{"@id":"https:\/\/rauchfrei.at\/denken-sie-beim-rauchstopp-an-ihren-vogel\/#primaryimage"},"image":{"@id":"https:\/\/rauchfrei.at\/denken-sie-beim-rauchstopp-an-ihren-vogel\/#primaryimage"},"thumbnailUrl":"https:\/\/rauchfrei.at\/wp-content\/uploads\/monk-225x150.jpg","datePublished":"2021-10-04T06:00:00+00:00","author":{"@id":"https:\/\/rauchfrei.at\/#\/schema\/person\/504bbf90c5482004fc09aef6de7f9277"},"inLanguage":"en-US","potentialAction":[{"@type":"ReadAction","target":["https:\/\/rauchfrei.at\/denken-sie-beim-rauchstopp-an-ihren-vogel\/"]}]},{"@type":"ImageObject","inLanguage":"en-US","@id":"https:\/\/rauchfrei.at\/denken-sie-beim-rauchstopp-an-ihren-vogel\/#primaryimage","url":"https:\/\/rauchfrei.at\/wp-content\/uploads\/monk-225x150.jpg","contentUrl":"https:\/\/rauchfrei.at\/wp-content\/uploads\/monk-225x150.jpg"},{"@type":"WebSite","@id":"https:\/\/rauchfrei.at\/#website","url":"https:\/\/rauchfrei.at\/","name":"Rauchfrei Telefon","description":"Eine \u00f6sterreichweite Initiative der Sozialversicherungen.","potentialAction":[{"@type":"SearchAction","target":{"@type":"EntryPoint","urlTemplate":"https:\/\/rauchfrei.at\/?s={search_term_string}"},"query-input":{"@type":"PropertyValueSpecification","valueRequired":true,"valueName":"search_term_string"}}],"inLanguage":"en-US"},{"@type":"Person","@id":"https:\/\/rauchfrei.at\/#\/schema\/person\/504bbf90c5482004fc09aef6de7f9277","name":"Rauchfrei Team","image":{"@type":"ImageObject","inLanguage":"en-US","@id":"https:\/\/rauchfrei.at\/#\/schema\/person\/image\/","url":"https:\/\/secure.gravatar.com\/avatar\/2115b79a00800516fa1523bb5a329611f90e73e89be559131fc7e82b4fdc95ff?s=96&d=mm&r=g","contentUrl":"https:\/\/secure.gravatar.com\/avatar\/2115b79a00800516fa1523bb5a329611f90e73e89be559131fc7e82b4fdc95ff?s=96&d=mm&r=g","caption":"Rauchfrei Team"},"url":"https:\/\/rauchfrei.at\/en\/author\/rauchfrei-team\/"}]}},"_links":{"self":[{"href":"https:\/\/rauchfrei.at\/en\/wp-json\/wp\/v2\/posts\/21801","targetHints":{"allow":["GET"]}}],"collection":[{"href":"https:\/\/rauchfrei.at\/en\/wp-json\/wp\/v2\/posts"}],"about":[{"href":"https:\/\/rauchfrei.at\/en\/wp-json\/wp\/v2\/types\/post"}],"author":[{"embeddable":true,"href":"https:\/\/rauchfrei.at\/en\/wp-json\/wp\/v2\/users\/25"}],"replies":[{"embeddable":true,"href":"https:\/\/rauchfrei.at\/en\/wp-json\/wp\/v2\/comments?post=21801"}],"version-history":[{"count":7,"href":"https:\/\/rauchfrei.at\/en\/wp-json\/wp\/v2\/posts\/21801\/revisions"}],"predecessor-version":[{"id":21826,"href":"https:\/\/rauchfrei.at\/en\/wp-json\/wp\/v2\/posts\/21801\/revisions\/21826"}],"wp:attachment":[{"href":"https:\/\/rauchfrei.at\/en\/wp-json\/wp\/v2\/media?parent=21801"}],"wp:term":[{"taxonomy":"category","embeddable":true,"href":"https:\/\/rauchfrei.at\/en\/wp-json\/wp\/v2\/categories?post=21801"},{"taxonomy":"post_tag","embeddable":true,"href":"https:\/\/rauchfrei.at\/en\/wp-json\/wp\/v2\/tags?post=21801"}],"curies":[{"name":"wp","href":"https:\/\/api.w.org\/{rel}","templated":true}]}}