
{"id":21918,"date":"2021-10-14T16:46:25","date_gmt":"2021-10-14T14:46:25","guid":{"rendered":"https:\/\/rauchfrei.at\/?p=21918"},"modified":"2021-10-14T16:50:43","modified_gmt":"2021-10-14T14:50:43","slug":"automatisch-gespeicherter-entwurf-14","status":"publish","type":"post","link":"https:\/\/rauchfrei.at\/en\/automatisch-gespeicherter-entwurf-14\/","title":{"rendered":"23. Online Vernetzungstreffen zur Tabakpr\u00e4vention und -entw\u00f6hnung"},"content":{"rendered":"<p>[et_pb_section fb_built=&#8221;1&#8243; module_class=&#8221;header&#8221; _builder_version=&#8221;3.22&#8243;][et_pb_row _builder_version=&#8221;3.25&#8243;][et_pb_column type=&#8221;4_4&#8243; _builder_version=&#8221;3.25&#8243; custom_padding=&#8221;|||&#8221; custom_padding__hover=&#8221;|||&#8221;][et_pb_dp_dmb_module_10001 subheadline=&#8221;Wertvoller fachlicher Austausch und angeregte Diskussion am 5.10.2021&#8243; _builder_version=&#8221;4.9.4&#8243; z_index_tablet=&#8221;500&#8243;][\/et_pb_dp_dmb_module_10001][\/et_pb_column][\/et_pb_row][\/et_pb_section][et_pb_section fb_built=&#8221;1&#8243; _builder_version=&#8221;3.22&#8243; custom_padding=&#8221;30px|||&#8221;][et_pb_row column_structure=&#8221;2_3,1_3&#8243; _builder_version=&#8221;3.25&#8243;][et_pb_column type=&#8221;2_3&#8243; module_class=&#8221;blog-content&#8221; _builder_version=&#8221;3.25&#8243; custom_padding=&#8221;|||&#8221; custom_padding__hover=&#8221;|||&#8221;][et_pb_text _builder_version=&#8221;4.9.4&#8243;]<\/p>\n<p>Zum 23. Mal fand das Vernetzungstreffen rund um das Thema Tabakpr\u00e4vention und \u2013 Entw\u00f6hnung statt. Es findet zweimal j\u00e4hrlich statt und wird von Sozialversicherungstr\u00e4gern, die sich f\u00fcr das Thema engagieren, in ganz \u00d6sterreich veranstaltet.<\/p>\n<p>Diesmal lud die SVS zur Online-Veranstaltung ein und wartete mit einem interessanten und praxisrelevanten Programm auf. Namhafte Vortragende gaben Einblick in folgende Themen:<\/p>\n<p>[\/et_pb_text][et_pb_toggle title=&#8221;Pilotprojekt Kurzintervention:&#8221; _builder_version=&#8221;4.9.4&#8243; _module_preset=&#8221;default&#8221;]<\/p>\n<p>Leider ist es in der Praxis immer noch der Fall, dass die Mehrheit der Raucherinnen und Raucher nicht auf ihr Rauchverhalten angesprochen wird und zu wenig \u00fcber entsprechende Hilfsangebote zum Rauchstopp informiert wird. Schulungen von Gesundheitsfachleuten zur Kurzintervention sollen hier Abhilfe schaffen, damit Raucherinnen und Raucher im Entschluss best\u00e4rkt werden, einen Rauchstopp zu versuchen.<\/p>\n<p>[\/et_pb_toggle][et_pb_toggle title=&#8221;Ambulante Raucherentw\u00f6hnung:&#8221; _builder_version=&#8221;4.9.4&#8243; _module_preset=&#8221;default&#8221;]<\/p>\n<p>Seit 2005 sind die ambulanten Raucherentw\u00f6hnungskurse der \u00d6GK eines der Angebote zur Raucherentw\u00f6hnung, das gerne gen\u00fctzt wird. Letztes Jahr fanden sie vor allem online statt. Dies brachte Vorteile (z.B. Teilnahme trotz eingeschr\u00e4nkter Mobilit\u00e4t) und Herausforderungen (Kommunikation).<\/p>\n<p>[\/et_pb_toggle][et_pb_toggle title=&#8221;R\u00fcckfallprophylaxe durch das Rauchfrei Ticket:&#8221; _builder_version=&#8221;4.9.4&#8243; _module_preset=&#8221;default&#8221;]<\/p>\n<p>Der Rauchstopp ist zudem kein einmaliges Ereignis, sondern ein Prozess \u2013 auch erfolgreiche Nichtraucher haben oftmals viele Versuche hinter sich. Nach Ende der Entw\u00f6hnungsprogramme ist es oft noch l\u00e4ngerfristig hilfreich bei Verlangensattacken professionelle Unterst\u00fctzung in Form von telefonischer Beratung durch das Rauchfrei Telefon (Rauchfrei Ticket) in Anspruch zu nehmen.<\/p>\n<p>[\/et_pb_toggle][et_pb_toggle title=&#8221;Rauchen und Covid:&#8221; _builder_version=&#8221;4.9.4&#8243; _module_preset=&#8221;default&#8221;]<\/p>\n<p>Ein Einblick in die neuesten Studien zu Rauchen und Covid zeigt, dass Rauchen und das Risiko f\u00fcr einen schwereren Verlauf einer Covid Erkrankung in Zusammenhang stehen. In erster Linie spielen hier die durch das Rauchen ausgel\u00f6sten Folgeerkrankungen, die Lungenkapazit\u00e4t oder die beeintr\u00e4chtigte Selbstreinigungsfunktion der Lunge eine Rolle. Deswegen wird auch in diesem Zusammenhang der sofortige Rauchstopp dringend empfohlen. Schon nach mehreren Wochen Rauchfreiheit ist eine Verbesserung der Schleimhaut bemerkbar und ein weiterer Verlust von Lungenfunktion wird unterbunden.<\/p>\n<p>[\/et_pb_toggle][et_pb_text _builder_version=&#8221;4.9.4&#8243; _module_preset=&#8221;default&#8221;]<\/p>\n<p>Die R\u00fcckmeldungen der Expertinnen und -experten zum Vernetzungstreffen waren sehr gut, vor allem der rege Austausch und die Anregungen f\u00fcr die Praxis wurden sehr gesch\u00e4tzt.<\/p>\n<p>[\/et_pb_text][et_pb_post_nav in_same_term=&#8221;off&#8221; _builder_version=&#8221;3.0.99&#8243;][\/et_pb_post_nav][\/et_pb_column][et_pb_column type=&#8221;1_3&#8243; module_class=&#8221;cat-and-tag&#8221; _builder_version=&#8221;3.25&#8243; custom_padding=&#8221;|||&#8221; custom_padding__hover=&#8221;|||&#8221;][et_pb_text admin_label=&#8221;Das Rauchfrei Ticket&#8221; _builder_version=&#8221;3.27.4&#8243; global_module=&#8221;15221&#8243; saved_tabs=&#8221;all&#8221;]<\/p>\n<h2>Das Rauchfrei Ticket &#8211; Informationen f\u00fcr Profis<\/h2>\n<p><img loading=\"lazy\" decoding=\"async\" class=\"size-medium alignnone\" style=\"border: 3px solid #212121;\" src=\"https:\/\/rauchfrei.at\/wp-content\/uploads\/eins-2.jpg\" alt=\"\" width=\"1215\" height=\"1179\" \/><\/p>\n<a href='https:\/\/rauchfrei.at\/fuer-gesundheitsberufe\/das-rauchfrei-ticket\/' class='small-button smallblue'>mehr<\/a>\n<p>[\/et_pb_text][et_pb_dp_dmb_module_10093 farbe=&#8221;blitzblau&#8221; image=&#8221;https:\/\/rauchfrei.at\/wp-content\/uploads\/Nov_Rauchfreiv02.png&#8221; image_position=&#8221;center&#8221; link_text=&#8221;mehr dazu&#8221; link_url=&#8221;https:\/\/rauchfrei.at\/november-rauchfrei&#8221; admin_label=&#8221;November rauchfrei&#8221; _builder_version=&#8221;3.21.1&#8243; z_index_tablet=&#8221;500&#8243; global_module=&#8221;17470&#8243; saved_tabs=&#8221;all&#8221;][\/et_pb_dp_dmb_module_10093][\/et_pb_column][\/et_pb_row][\/et_pb_section]<\/p>\n","protected":false},"excerpt":{"rendered":"<p>Das 23. Vernetzungstreffen rund um das Thema Tabakpr\u00e4vention und -entw\u00f6hnung fand am 5. Oktober online statt und traf auf das rege Interesse von 65 Teilnehmenden. Diesmal war die SVS Gastgeberin und bot ein vielf\u00e4ltiges und aktuelles Programm. <\/p>\n","protected":false},"author":25,"featured_media":0,"comment_status":"open","ping_status":"open","sticky":false,"template":"","format":"standard","meta":{"_et_pb_use_builder":"on","_et_pb_old_content":"","_et_gb_content_width":"2880","footnotes":""},"categories":[236],"tags":[],"class_list":["post-21918","post","type-post","status-publish","format-standard","hentry","category-nicht-kategorisiert"],"yoast_head":"<!-- This site is optimized with the Yoast SEO plugin v26.2 - https:\/\/yoast.com\/wordpress\/plugins\/seo\/ -->\n<title>23. Online Vernetzungstreffen zur Tabakpr\u00e4vention und -entw\u00f6hnung - Rauchfrei Telefon<\/title>\n<meta name=\"robots\" content=\"index, follow, max-snippet:-1, max-image-preview:large, max-video-preview:-1\" \/>\n<link rel=\"canonical\" href=\"https:\/\/rauchfrei.at\/automatisch-gespeicherter-entwurf-14\/\" \/>\n<meta property=\"og:locale\" content=\"en_US\" \/>\n<meta property=\"og:type\" content=\"article\" \/>\n<meta property=\"og:title\" content=\"23. Online Vernetzungstreffen zur Tabakpr\u00e4vention und -entw\u00f6hnung - Rauchfrei Telefon\" \/>\n<meta property=\"og:description\" content=\"Das 23. Vernetzungstreffen rund um das Thema Tabakpr\u00e4vention und -entw\u00f6hnung fand am 5. Oktober online statt und traf auf das rege Interesse von 65 Teilnehmenden. Diesmal war die SVS Gastgeberin und bot ein vielf\u00e4ltiges und aktuelles Programm.\" \/>\n<meta property=\"og:url\" content=\"https:\/\/rauchfrei.at\/automatisch-gespeicherter-entwurf-14\/\" \/>\n<meta property=\"og:site_name\" content=\"Rauchfrei Telefon\" \/>\n<meta property=\"article:published_time\" content=\"2021-10-14T14:46:25+00:00\" \/>\n<meta property=\"article:modified_time\" content=\"2021-10-14T14:50:43+00:00\" \/>\n<meta property=\"og:image\" content=\"https:\/\/rauchfrei.at\/wp-content\/uploads\/eins-2.jpg\" \/>\n<meta name=\"author\" content=\"Rauchfrei Team\" \/>\n<meta name=\"twitter:card\" content=\"summary_large_image\" \/>\n<meta name=\"twitter:label1\" content=\"Written by\" \/>\n\t<meta name=\"twitter:data1\" content=\"Rauchfrei Team\" \/>\n\t<meta name=\"twitter:label2\" content=\"Est. reading time\" \/>\n\t<meta name=\"twitter:data2\" content=\"2 minutes\" \/>\n<script type=\"application\/ld+json\" class=\"yoast-schema-graph\">{\"@context\":\"https:\/\/schema.org\",\"@graph\":[{\"@type\":\"WebPage\",\"@id\":\"https:\/\/rauchfrei.at\/automatisch-gespeicherter-entwurf-14\/\",\"url\":\"https:\/\/rauchfrei.at\/automatisch-gespeicherter-entwurf-14\/\",\"name\":\"23. Online Vernetzungstreffen zur Tabakpr\u00e4vention und -entw\u00f6hnung - Rauchfrei Telefon\",\"isPartOf\":{\"@id\":\"https:\/\/rauchfrei.at\/#website\"},\"primaryImageOfPage\":{\"@id\":\"https:\/\/rauchfrei.at\/automatisch-gespeicherter-entwurf-14\/#primaryimage\"},\"image\":{\"@id\":\"https:\/\/rauchfrei.at\/automatisch-gespeicherter-entwurf-14\/#primaryimage\"},\"thumbnailUrl\":\"https:\/\/rauchfrei.at\/wp-content\/uploads\/eins-2.jpg\",\"datePublished\":\"2021-10-14T14:46:25+00:00\",\"dateModified\":\"2021-10-14T14:50:43+00:00\",\"author\":{\"@id\":\"https:\/\/rauchfrei.at\/#\/schema\/person\/504bbf90c5482004fc09aef6de7f9277\"},\"inLanguage\":\"en-US\",\"potentialAction\":[{\"@type\":\"ReadAction\",\"target\":[\"https:\/\/rauchfrei.at\/automatisch-gespeicherter-entwurf-14\/\"]}]},{\"@type\":\"ImageObject\",\"inLanguage\":\"en-US\",\"@id\":\"https:\/\/rauchfrei.at\/automatisch-gespeicherter-entwurf-14\/#primaryimage\",\"url\":\"https:\/\/rauchfrei.at\/wp-content\/uploads\/eins-2.jpg\",\"contentUrl\":\"https:\/\/rauchfrei.at\/wp-content\/uploads\/eins-2.jpg\"},{\"@type\":\"WebSite\",\"@id\":\"https:\/\/rauchfrei.at\/#website\",\"url\":\"https:\/\/rauchfrei.at\/\",\"name\":\"Rauchfrei Telefon\",\"description\":\"Eine \u00f6sterreichweite Initiative der Sozialversicherungen.\",\"potentialAction\":[{\"@type\":\"SearchAction\",\"target\":{\"@type\":\"EntryPoint\",\"urlTemplate\":\"https:\/\/rauchfrei.at\/?s={search_term_string}\"},\"query-input\":{\"@type\":\"PropertyValueSpecification\",\"valueRequired\":true,\"valueName\":\"search_term_string\"}}],\"inLanguage\":\"en-US\"},{\"@type\":\"Person\",\"@id\":\"https:\/\/rauchfrei.at\/#\/schema\/person\/504bbf90c5482004fc09aef6de7f9277\",\"name\":\"Rauchfrei Team\",\"image\":{\"@type\":\"ImageObject\",\"inLanguage\":\"en-US\",\"@id\":\"https:\/\/rauchfrei.at\/#\/schema\/person\/image\/\",\"url\":\"https:\/\/secure.gravatar.com\/avatar\/2115b79a00800516fa1523bb5a329611f90e73e89be559131fc7e82b4fdc95ff?s=96&d=mm&r=g\",\"contentUrl\":\"https:\/\/secure.gravatar.com\/avatar\/2115b79a00800516fa1523bb5a329611f90e73e89be559131fc7e82b4fdc95ff?s=96&d=mm&r=g\",\"caption\":\"Rauchfrei Team\"},\"url\":\"https:\/\/rauchfrei.at\/en\/author\/rauchfrei-team\/\"}]}<\/script>\n<!-- \/ Yoast SEO plugin. -->","yoast_head_json":{"title":"23. Online Vernetzungstreffen zur Tabakpr\u00e4vention und -entw\u00f6hnung - Rauchfrei Telefon","robots":{"index":"index","follow":"follow","max-snippet":"max-snippet:-1","max-image-preview":"max-image-preview:large","max-video-preview":"max-video-preview:-1"},"canonical":"https:\/\/rauchfrei.at\/automatisch-gespeicherter-entwurf-14\/","og_locale":"en_US","og_type":"article","og_title":"23. Online Vernetzungstreffen zur Tabakpr\u00e4vention und -entw\u00f6hnung - Rauchfrei Telefon","og_description":"Das 23. Vernetzungstreffen rund um das Thema Tabakpr\u00e4vention und -entw\u00f6hnung fand am 5. Oktober online statt und traf auf das rege Interesse von 65 Teilnehmenden. Diesmal war die SVS Gastgeberin und bot ein vielf\u00e4ltiges und aktuelles Programm.","og_url":"https:\/\/rauchfrei.at\/automatisch-gespeicherter-entwurf-14\/","og_site_name":"Rauchfrei Telefon","article_published_time":"2021-10-14T14:46:25+00:00","article_modified_time":"2021-10-14T14:50:43+00:00","og_image":[{"url":"https:\/\/rauchfrei.at\/wp-content\/uploads\/eins-2.jpg","type":"","width":"","height":""}],"author":"Rauchfrei Team","twitter_card":"summary_large_image","twitter_misc":{"Written by":"Rauchfrei Team","Est. reading time":"2 minutes"},"schema":{"@context":"https:\/\/schema.org","@graph":[{"@type":"WebPage","@id":"https:\/\/rauchfrei.at\/automatisch-gespeicherter-entwurf-14\/","url":"https:\/\/rauchfrei.at\/automatisch-gespeicherter-entwurf-14\/","name":"23. Online Vernetzungstreffen zur Tabakpr\u00e4vention und -entw\u00f6hnung - Rauchfrei Telefon","isPartOf":{"@id":"https:\/\/rauchfrei.at\/#website"},"primaryImageOfPage":{"@id":"https:\/\/rauchfrei.at\/automatisch-gespeicherter-entwurf-14\/#primaryimage"},"image":{"@id":"https:\/\/rauchfrei.at\/automatisch-gespeicherter-entwurf-14\/#primaryimage"},"thumbnailUrl":"https:\/\/rauchfrei.at\/wp-content\/uploads\/eins-2.jpg","datePublished":"2021-10-14T14:46:25+00:00","dateModified":"2021-10-14T14:50:43+00:00","author":{"@id":"https:\/\/rauchfrei.at\/#\/schema\/person\/504bbf90c5482004fc09aef6de7f9277"},"inLanguage":"en-US","potentialAction":[{"@type":"ReadAction","target":["https:\/\/rauchfrei.at\/automatisch-gespeicherter-entwurf-14\/"]}]},{"@type":"ImageObject","inLanguage":"en-US","@id":"https:\/\/rauchfrei.at\/automatisch-gespeicherter-entwurf-14\/#primaryimage","url":"https:\/\/rauchfrei.at\/wp-content\/uploads\/eins-2.jpg","contentUrl":"https:\/\/rauchfrei.at\/wp-content\/uploads\/eins-2.jpg"},{"@type":"WebSite","@id":"https:\/\/rauchfrei.at\/#website","url":"https:\/\/rauchfrei.at\/","name":"Rauchfrei Telefon","description":"Eine \u00f6sterreichweite Initiative der Sozialversicherungen.","potentialAction":[{"@type":"SearchAction","target":{"@type":"EntryPoint","urlTemplate":"https:\/\/rauchfrei.at\/?s={search_term_string}"},"query-input":{"@type":"PropertyValueSpecification","valueRequired":true,"valueName":"search_term_string"}}],"inLanguage":"en-US"},{"@type":"Person","@id":"https:\/\/rauchfrei.at\/#\/schema\/person\/504bbf90c5482004fc09aef6de7f9277","name":"Rauchfrei Team","image":{"@type":"ImageObject","inLanguage":"en-US","@id":"https:\/\/rauchfrei.at\/#\/schema\/person\/image\/","url":"https:\/\/secure.gravatar.com\/avatar\/2115b79a00800516fa1523bb5a329611f90e73e89be559131fc7e82b4fdc95ff?s=96&d=mm&r=g","contentUrl":"https:\/\/secure.gravatar.com\/avatar\/2115b79a00800516fa1523bb5a329611f90e73e89be559131fc7e82b4fdc95ff?s=96&d=mm&r=g","caption":"Rauchfrei Team"},"url":"https:\/\/rauchfrei.at\/en\/author\/rauchfrei-team\/"}]}},"_links":{"self":[{"href":"https:\/\/rauchfrei.at\/en\/wp-json\/wp\/v2\/posts\/21918","targetHints":{"allow":["GET"]}}],"collection":[{"href":"https:\/\/rauchfrei.at\/en\/wp-json\/wp\/v2\/posts"}],"about":[{"href":"https:\/\/rauchfrei.at\/en\/wp-json\/wp\/v2\/types\/post"}],"author":[{"embeddable":true,"href":"https:\/\/rauchfrei.at\/en\/wp-json\/wp\/v2\/users\/25"}],"replies":[{"embeddable":true,"href":"https:\/\/rauchfrei.at\/en\/wp-json\/wp\/v2\/comments?post=21918"}],"version-history":[{"count":6,"href":"https:\/\/rauchfrei.at\/en\/wp-json\/wp\/v2\/posts\/21918\/revisions"}],"predecessor-version":[{"id":21927,"href":"https:\/\/rauchfrei.at\/en\/wp-json\/wp\/v2\/posts\/21918\/revisions\/21927"}],"wp:attachment":[{"href":"https:\/\/rauchfrei.at\/en\/wp-json\/wp\/v2\/media?parent=21918"}],"wp:term":[{"taxonomy":"category","embeddable":true,"href":"https:\/\/rauchfrei.at\/en\/wp-json\/wp\/v2\/categories?post=21918"},{"taxonomy":"post_tag","embeddable":true,"href":"https:\/\/rauchfrei.at\/en\/wp-json\/wp\/v2\/tags?post=21918"}],"curies":[{"name":"wp","href":"https:\/\/api.w.org\/{rel}","templated":true}]}}