
{"id":22136,"date":"2021-11-08T08:00:00","date_gmt":"2021-11-08T06:00:00","guid":{"rendered":"https:\/\/rauchfrei.at\/?p=22136"},"modified":"2021-11-03T12:42:56","modified_gmt":"2021-11-03T10:42:56","slug":"rauchen-und-diabetes-rauchfrei-ist-die-beste-verteidigung","status":"publish","type":"post","link":"https:\/\/rauchfrei.at\/en\/rauchen-und-diabetes-rauchfrei-ist-die-beste-verteidigung\/","title":{"rendered":"Rauchen und Diabetes \u2013 Rauchfrei ist die beste Verteidigung"},"content":{"rendered":"\n[et_pb_section fb_built=&#8221;1&#8243; module_class=&#8221;header&#8221; _builder_version=&#8221;3.22&#8243; global_colors_info=&#8221;{}&#8221;][et_pb_row _builder_version=&#8221;3.25&#8243; global_colors_info=&#8221;{}&#8221;][et_pb_column type=&#8221;4_4&#8243; _builder_version=&#8221;3.25&#8243; custom_padding=&#8221;|||&#8221; global_colors_info=&#8221;{}&#8221; custom_padding__hover=&#8221;|||&#8221;][et_pb_dp_dmb_module_10001 subheadline=&#8221;Rauchfrei leben \u2013 Risiko senken&#8221; _builder_version=&#8221;4.11.3&#8243; z_index_tablet=&#8221;500&#8243; global_colors_info=&#8221;{}&#8221;][\/et_pb_dp_dmb_module_10001][\/et_pb_column][\/et_pb_row][\/et_pb_section][et_pb_section fb_built=&#8221;1&#8243; _builder_version=&#8221;3.22&#8243; custom_padding=&#8221;30px|||&#8221; global_colors_info=&#8221;{}&#8221;][et_pb_row column_structure=&#8221;2_3,1_3&#8243; _builder_version=&#8221;3.25&#8243; global_colors_info=&#8221;{}&#8221;][et_pb_column type=&#8221;2_3&#8243; module_class=&#8221;blog-content&#8221; _builder_version=&#8221;3.25&#8243; custom_padding=&#8221;|||&#8221; global_colors_info=&#8221;{}&#8221; custom_padding__hover=&#8221;|||&#8221;][et_pb_text _builder_version=&#8221;4.11.3&#8243; hover_enabled=&#8221;0&#8243; global_colors_info=&#8221;{}&#8221; sticky_enabled=&#8221;0&#8243;]<p>Im Jahr 1921 hat Frederick G. Banting das lebenswichtige Hormon Insulin entdeckt, dieses Hormon reguliert unseren Blutzuckerspiegel. Personen mit der \u201eZuckerkrankheit\u201c Diabetes verarbeiten Blutzucker anders als Gesunde. Der 14. November war der Geburtstag des Entdeckers, deshalb wurde dieser Tag zum Weltdiabetestag ausgew\u00e4hlt.<br \/>Durch den erh\u00f6hten Blutzuckerspiegel kommt es vermehrt zu Gef\u00e4\u00dferkrankungen. Rauchen f\u00fchrt ebenfalls zu Gef\u00e4\u00dferkrankungen. Daraus k\u00f6nnen viele unterschiedliche Folgeerkrankungen entstehen.<br \/>Rauchen erh\u00f6ht das Risiko, an Diabetes Typ 2 zu erkranken und verschlechtert auch den Verlauf dieser Stoffwechselerkrankung.<\/p>\n<p>Der Rauchstopp ist daher eine sehr effiziente Ma\u00dfnahme f\u00fcr Diabetikerinnen und Diabetiker.<\/p>\n<p>Mehr dazu lesen Sie in unserem <a href=\"https:\/\/rauchfrei.at\/rft_2021_diabetes_folder_final_freigabe\/\">Folder<\/a> zum Thema:<\/p>\n<p><a href=\"https:\/\/rauchfrei.at\/rft_2021_diabetes_folder_final_freigabe\/\"><img loading=\"lazy\" decoding=\"async\" src=\"https:\/\/rauchfrei.at\/wp-content\/uploads\/diabetes-folder.png\" alt=\"\" class=\"wp-image-22152 alignnone size-full\" width=\"220\" height=\"462\" \/><\/a>(C) Rauchfrei Telefon<\/p>\n<p><strong>Weitere Informationen zum Thema Diabetes:<\/strong><br \/>Buch des Dachverbandes der \u00f6sterreichischen Sozialversicherungstr\u00e4ger:<br \/>\u201e<a href=\"https:\/\/www.sozialversicherung.at\/cdscontent\/?contentid=10007.844508&amp;portal=svportal\">Zeitbombe Zuckerkrankheit<\/a>\u201c (Informationen zur Vorbeugung und Behandlung sowie zum Leben mit Diabetes im Alltag)<\/p>[\/et_pb_text][et_pb_post_nav in_same_term=&#8221;off&#8221; _builder_version=&#8221;4.11.3&#8243; global_colors_info=&#8221;{}&#8221;][\/et_pb_post_nav][\/et_pb_column][et_pb_column type=&#8221;1_3&#8243; module_class=&#8221;cat-and-tag&#8221; _builder_version=&#8221;3.25&#8243; custom_padding=&#8221;|||&#8221; global_colors_info=&#8221;{}&#8221; custom_padding__hover=&#8221;|||&#8221;][et_pb_dp_dmb_module_10093 farbe=&#8221;blitzgelb&#8221; headline=&#8221;Trauen Sie sich den Rauchstopp zu!&#8221; image=&#8221;https:\/\/rauchfrei.at\/wp-content\/uploads\/Quitting-Yellow.png&#8221; image_position=&#8221;center&#8221; link_text=&#8221;mehr&#8221; link_url=&#8221;https:\/\/rauchfrei.at\/aufhoeren\/schritte-zum-rauchstopp\/trauen-sie-sich-den-rauchstopp-zu\/&#8221; admin_label=&#8221;Trauen Sie sich den Rauchstopp zu&#8221; _builder_version=&#8221;3.19.15&#8243; global_module=&#8221;13173&#8243; saved_tabs=&#8221;all&#8221; global_colors_info=&#8221;{}&#8221;]<p>Sie m\u00f6chten etwas \u00e4ndern? Worauf warten Sie noch?<\/p>\n[\/et_pb_dp_dmb_module_10093][et_pb_dp_dmb_module_10093 farbe=&#8221;blitzblau&#8221; image=&#8221;https:\/\/rauchfrei.at\/wp-content\/uploads\/Nov_Rauchfreiv02.png&#8221; image_position=&#8221;center&#8221; link_text=&#8221;mehr dazu&#8221; link_url=&#8221;https:\/\/rauchfrei.at\/november-rauchfrei&#8221; admin_label=&#8221;November rauchfrei&#8221; _builder_version=&#8221;4.11.3&#8243; z_index_tablet=&#8221;500&#8243; global_module=&#8221;17470&#8243; saved_tabs=&#8221;all&#8221; global_colors_info=&#8221;{}&#8221;][\/et_pb_dp_dmb_module_10093][et_pb_dp_dmb_module_10093 farbe=&#8221;blitzgelb&#8221; headline=&#8221;Rufen Sie uns an! &#8221; image=&#8221;https:\/\/rauchfrei.at\/wp-content\/uploads\/rauchfrei-psychologin-gelb.png&#8221; image_position=&#8221;center&#8221; link_text=&#8221;mehr&#8221; link_url=&#8221;https:\/\/rauchfrei.at\/beratung-vom-rauchfrei-telefon\/&#8221; image_size=&#8221;80&#8243; admin_label=&#8221;Rufen Sie uns an!&#8221; _builder_version=&#8221;3.19.15&#8243; saved_tabs=&#8221;all&#8221; global_colors_info=&#8221;{}&#8221; global_module=&#8221;13167&#8243;]<p>Wir beraten und informieren Sie gerne!<\/p>\n[\/et_pb_dp_dmb_module_10093][\/et_pb_column][\/et_pb_row][\/et_pb_section]\n","protected":false},"excerpt":{"rendered":"<p>Anl\u00e4sslich des Weltdiabetestags am 14.11. stellen wir unseren Folder zum Thema Rauchen und Diabetes vor. Ein rauchfreies Leben hilft dabei, Diabetes Typ 2 zu vermeiden.<\/p>\n","protected":false},"author":25,"featured_media":0,"comment_status":"open","ping_status":"open","sticky":false,"template":"","format":"standard","meta":{"_et_pb_use_builder":"on","_et_pb_old_content":"","_et_gb_content_width":"2880","footnotes":""},"categories":[235,237],"tags":[],"class_list":["post-22136","post","type-post","status-publish","format-standard","hentry","category-gesundheit-und-rauchstopp","category-literatur-und-hintergrundwissen"],"yoast_head":"<!-- This site is optimized with the Yoast SEO plugin v26.2 - https:\/\/yoast.com\/wordpress\/plugins\/seo\/ -->\n<title>Rauchen und Diabetes \u2013 Rauchfrei ist die beste Verteidigung - Rauchfrei Telefon<\/title>\n<meta name=\"robots\" content=\"index, follow, max-snippet:-1, max-image-preview:large, max-video-preview:-1\" \/>\n<link rel=\"canonical\" href=\"https:\/\/rauchfrei.at\/rauchen-und-diabetes-rauchfrei-ist-die-beste-verteidigung\/\" \/>\n<meta property=\"og:locale\" content=\"en_US\" \/>\n<meta property=\"og:type\" content=\"article\" \/>\n<meta property=\"og:title\" content=\"Rauchen und Diabetes \u2013 Rauchfrei ist die beste Verteidigung - Rauchfrei Telefon\" \/>\n<meta property=\"og:description\" content=\"Anl\u00e4sslich des Weltdiabetestags am 14.11. stellen wir unseren Folder zum Thema Rauchen und Diabetes vor. Ein rauchfreies Leben hilft dabei, Diabetes Typ 2 zu vermeiden.\" \/>\n<meta property=\"og:url\" content=\"https:\/\/rauchfrei.at\/rauchen-und-diabetes-rauchfrei-ist-die-beste-verteidigung\/\" \/>\n<meta property=\"og:site_name\" content=\"Rauchfrei Telefon\" \/>\n<meta property=\"article:published_time\" content=\"2021-11-08T06:00:00+00:00\" \/>\n<meta property=\"og:image\" content=\"https:\/\/rauchfrei.at\/wp-content\/uploads\/diabetes-folder.png\" \/>\n<meta name=\"author\" content=\"Rauchfrei Team\" \/>\n<meta name=\"twitter:card\" content=\"summary_large_image\" \/>\n<meta name=\"twitter:label1\" content=\"Written by\" \/>\n\t<meta name=\"twitter:data1\" content=\"Rauchfrei Team\" \/>\n\t<meta name=\"twitter:label2\" content=\"Est. reading time\" \/>\n\t<meta name=\"twitter:data2\" content=\"2 minutes\" \/>\n<script type=\"application\/ld+json\" class=\"yoast-schema-graph\">{\"@context\":\"https:\/\/schema.org\",\"@graph\":[{\"@type\":\"WebPage\",\"@id\":\"https:\/\/rauchfrei.at\/rauchen-und-diabetes-rauchfrei-ist-die-beste-verteidigung\/\",\"url\":\"https:\/\/rauchfrei.at\/rauchen-und-diabetes-rauchfrei-ist-die-beste-verteidigung\/\",\"name\":\"Rauchen und Diabetes \u2013 Rauchfrei ist die beste Verteidigung - Rauchfrei Telefon\",\"isPartOf\":{\"@id\":\"https:\/\/rauchfrei.at\/#website\"},\"primaryImageOfPage\":{\"@id\":\"https:\/\/rauchfrei.at\/rauchen-und-diabetes-rauchfrei-ist-die-beste-verteidigung\/#primaryimage\"},\"image\":{\"@id\":\"https:\/\/rauchfrei.at\/rauchen-und-diabetes-rauchfrei-ist-die-beste-verteidigung\/#primaryimage\"},\"thumbnailUrl\":\"https:\/\/rauchfrei.at\/wp-content\/uploads\/diabetes-folder.png\",\"datePublished\":\"2021-11-08T06:00:00+00:00\",\"author\":{\"@id\":\"https:\/\/rauchfrei.at\/#\/schema\/person\/504bbf90c5482004fc09aef6de7f9277\"},\"inLanguage\":\"en-US\",\"potentialAction\":[{\"@type\":\"ReadAction\",\"target\":[\"https:\/\/rauchfrei.at\/rauchen-und-diabetes-rauchfrei-ist-die-beste-verteidigung\/\"]}]},{\"@type\":\"ImageObject\",\"inLanguage\":\"en-US\",\"@id\":\"https:\/\/rauchfrei.at\/rauchen-und-diabetes-rauchfrei-ist-die-beste-verteidigung\/#primaryimage\",\"url\":\"https:\/\/rauchfrei.at\/wp-content\/uploads\/diabetes-folder.png\",\"contentUrl\":\"https:\/\/rauchfrei.at\/wp-content\/uploads\/diabetes-folder.png\"},{\"@type\":\"WebSite\",\"@id\":\"https:\/\/rauchfrei.at\/#website\",\"url\":\"https:\/\/rauchfrei.at\/\",\"name\":\"Rauchfrei Telefon\",\"description\":\"Eine \u00f6sterreichweite Initiative der Sozialversicherungen.\",\"potentialAction\":[{\"@type\":\"SearchAction\",\"target\":{\"@type\":\"EntryPoint\",\"urlTemplate\":\"https:\/\/rauchfrei.at\/?s={search_term_string}\"},\"query-input\":{\"@type\":\"PropertyValueSpecification\",\"valueRequired\":true,\"valueName\":\"search_term_string\"}}],\"inLanguage\":\"en-US\"},{\"@type\":\"Person\",\"@id\":\"https:\/\/rauchfrei.at\/#\/schema\/person\/504bbf90c5482004fc09aef6de7f9277\",\"name\":\"Rauchfrei Team\",\"image\":{\"@type\":\"ImageObject\",\"inLanguage\":\"en-US\",\"@id\":\"https:\/\/rauchfrei.at\/#\/schema\/person\/image\/\",\"url\":\"https:\/\/secure.gravatar.com\/avatar\/2115b79a00800516fa1523bb5a329611f90e73e89be559131fc7e82b4fdc95ff?s=96&d=mm&r=g\",\"contentUrl\":\"https:\/\/secure.gravatar.com\/avatar\/2115b79a00800516fa1523bb5a329611f90e73e89be559131fc7e82b4fdc95ff?s=96&d=mm&r=g\",\"caption\":\"Rauchfrei Team\"},\"url\":\"https:\/\/rauchfrei.at\/en\/author\/rauchfrei-team\/\"}]}<\/script>\n<!-- \/ Yoast SEO plugin. -->","yoast_head_json":{"title":"Rauchen und Diabetes \u2013 Rauchfrei ist die beste Verteidigung - Rauchfrei Telefon","robots":{"index":"index","follow":"follow","max-snippet":"max-snippet:-1","max-image-preview":"max-image-preview:large","max-video-preview":"max-video-preview:-1"},"canonical":"https:\/\/rauchfrei.at\/rauchen-und-diabetes-rauchfrei-ist-die-beste-verteidigung\/","og_locale":"en_US","og_type":"article","og_title":"Rauchen und Diabetes \u2013 Rauchfrei ist die beste Verteidigung - Rauchfrei Telefon","og_description":"Anl\u00e4sslich des Weltdiabetestags am 14.11. stellen wir unseren Folder zum Thema Rauchen und Diabetes vor. Ein rauchfreies Leben hilft dabei, Diabetes Typ 2 zu vermeiden.","og_url":"https:\/\/rauchfrei.at\/rauchen-und-diabetes-rauchfrei-ist-die-beste-verteidigung\/","og_site_name":"Rauchfrei Telefon","article_published_time":"2021-11-08T06:00:00+00:00","og_image":[{"url":"https:\/\/rauchfrei.at\/wp-content\/uploads\/diabetes-folder.png","type":"","width":"","height":""}],"author":"Rauchfrei Team","twitter_card":"summary_large_image","twitter_misc":{"Written by":"Rauchfrei Team","Est. reading time":"2 minutes"},"schema":{"@context":"https:\/\/schema.org","@graph":[{"@type":"WebPage","@id":"https:\/\/rauchfrei.at\/rauchen-und-diabetes-rauchfrei-ist-die-beste-verteidigung\/","url":"https:\/\/rauchfrei.at\/rauchen-und-diabetes-rauchfrei-ist-die-beste-verteidigung\/","name":"Rauchen und Diabetes \u2013 Rauchfrei ist die beste Verteidigung - Rauchfrei Telefon","isPartOf":{"@id":"https:\/\/rauchfrei.at\/#website"},"primaryImageOfPage":{"@id":"https:\/\/rauchfrei.at\/rauchen-und-diabetes-rauchfrei-ist-die-beste-verteidigung\/#primaryimage"},"image":{"@id":"https:\/\/rauchfrei.at\/rauchen-und-diabetes-rauchfrei-ist-die-beste-verteidigung\/#primaryimage"},"thumbnailUrl":"https:\/\/rauchfrei.at\/wp-content\/uploads\/diabetes-folder.png","datePublished":"2021-11-08T06:00:00+00:00","author":{"@id":"https:\/\/rauchfrei.at\/#\/schema\/person\/504bbf90c5482004fc09aef6de7f9277"},"inLanguage":"en-US","potentialAction":[{"@type":"ReadAction","target":["https:\/\/rauchfrei.at\/rauchen-und-diabetes-rauchfrei-ist-die-beste-verteidigung\/"]}]},{"@type":"ImageObject","inLanguage":"en-US","@id":"https:\/\/rauchfrei.at\/rauchen-und-diabetes-rauchfrei-ist-die-beste-verteidigung\/#primaryimage","url":"https:\/\/rauchfrei.at\/wp-content\/uploads\/diabetes-folder.png","contentUrl":"https:\/\/rauchfrei.at\/wp-content\/uploads\/diabetes-folder.png"},{"@type":"WebSite","@id":"https:\/\/rauchfrei.at\/#website","url":"https:\/\/rauchfrei.at\/","name":"Rauchfrei Telefon","description":"Eine \u00f6sterreichweite Initiative der Sozialversicherungen.","potentialAction":[{"@type":"SearchAction","target":{"@type":"EntryPoint","urlTemplate":"https:\/\/rauchfrei.at\/?s={search_term_string}"},"query-input":{"@type":"PropertyValueSpecification","valueRequired":true,"valueName":"search_term_string"}}],"inLanguage":"en-US"},{"@type":"Person","@id":"https:\/\/rauchfrei.at\/#\/schema\/person\/504bbf90c5482004fc09aef6de7f9277","name":"Rauchfrei Team","image":{"@type":"ImageObject","inLanguage":"en-US","@id":"https:\/\/rauchfrei.at\/#\/schema\/person\/image\/","url":"https:\/\/secure.gravatar.com\/avatar\/2115b79a00800516fa1523bb5a329611f90e73e89be559131fc7e82b4fdc95ff?s=96&d=mm&r=g","contentUrl":"https:\/\/secure.gravatar.com\/avatar\/2115b79a00800516fa1523bb5a329611f90e73e89be559131fc7e82b4fdc95ff?s=96&d=mm&r=g","caption":"Rauchfrei Team"},"url":"https:\/\/rauchfrei.at\/en\/author\/rauchfrei-team\/"}]}},"_links":{"self":[{"href":"https:\/\/rauchfrei.at\/en\/wp-json\/wp\/v2\/posts\/22136","targetHints":{"allow":["GET"]}}],"collection":[{"href":"https:\/\/rauchfrei.at\/en\/wp-json\/wp\/v2\/posts"}],"about":[{"href":"https:\/\/rauchfrei.at\/en\/wp-json\/wp\/v2\/types\/post"}],"author":[{"embeddable":true,"href":"https:\/\/rauchfrei.at\/en\/wp-json\/wp\/v2\/users\/25"}],"replies":[{"embeddable":true,"href":"https:\/\/rauchfrei.at\/en\/wp-json\/wp\/v2\/comments?post=22136"}],"version-history":[{"count":13,"href":"https:\/\/rauchfrei.at\/en\/wp-json\/wp\/v2\/posts\/22136\/revisions"}],"predecessor-version":[{"id":22166,"href":"https:\/\/rauchfrei.at\/en\/wp-json\/wp\/v2\/posts\/22136\/revisions\/22166"}],"wp:attachment":[{"href":"https:\/\/rauchfrei.at\/en\/wp-json\/wp\/v2\/media?parent=22136"}],"wp:term":[{"taxonomy":"category","embeddable":true,"href":"https:\/\/rauchfrei.at\/en\/wp-json\/wp\/v2\/categories?post=22136"},{"taxonomy":"post_tag","embeddable":true,"href":"https:\/\/rauchfrei.at\/en\/wp-json\/wp\/v2\/tags?post=22136"}],"curies":[{"name":"wp","href":"https:\/\/api.w.org\/{rel}","templated":true}]}}