
{"id":22217,"date":"2021-11-15T08:00:00","date_gmt":"2021-11-15T06:00:00","guid":{"rendered":"https:\/\/rauchfrei.at\/?p=22217"},"modified":"2021-11-12T14:26:36","modified_gmt":"2021-11-12T12:26:36","slug":"hoch-hinauf-trotz-copd","status":"publish","type":"post","link":"https:\/\/rauchfrei.at\/en\/hoch-hinauf-trotz-copd\/","title":{"rendered":"Hoch hinauf \u2013 trotz COPD"},"content":{"rendered":"\n[et_pb_section fb_built=&#8221;1&#8243; module_class=&#8221;header&#8221; _builder_version=&#8221;3.22&#8243; global_colors_info=&#8221;{}&#8221;][et_pb_row _builder_version=&#8221;3.25&#8243; global_colors_info=&#8221;{}&#8221;][et_pb_column type=&#8221;4_4&#8243; _builder_version=&#8221;3.25&#8243; custom_padding=&#8221;|||&#8221; global_colors_info=&#8221;{}&#8221; custom_padding__hover=&#8221;|||&#8221;][et_pb_dp_dmb_module_10001 subheadline=&#8221;\u201eWollen Sie da wirklich rauf? JA!&#8221; _builder_version=&#8221;4.11.3&#8243; z_index_tablet=&#8221;500&#8243; global_colors_info=&#8221;{}&#8221;][\/et_pb_dp_dmb_module_10001][\/et_pb_column][\/et_pb_row][\/et_pb_section][et_pb_section fb_built=&#8221;1&#8243; _builder_version=&#8221;3.22&#8243; custom_padding=&#8221;30px|||&#8221; global_colors_info=&#8221;{}&#8221;][et_pb_row column_structure=&#8221;2_3,1_3&#8243; _builder_version=&#8221;3.25&#8243; global_colors_info=&#8221;{}&#8221;][et_pb_column type=&#8221;2_3&#8243; module_class=&#8221;blog-content&#8221; _builder_version=&#8221;3.25&#8243; custom_padding=&#8221;|||&#8221; global_colors_info=&#8221;{}&#8221; custom_padding__hover=&#8221;|||&#8221;][et_pb_text _builder_version=&#8221;4.11.3&#8243; hover_enabled=&#8221;0&#8243; global_colors_info=&#8221;{}&#8221; sticky_enabled=&#8221;0&#8243;]<p><em>Im letzten Jahr wurde die COPD-Challenge pandemiebedingt leider abgesagt. Eberhard Jordan hat weiter trainiert! Sicher musste er vermehrt alleine zum Training &#8211; die Pandemie ist gerade f\u00fcr Personen die an COPD erkrankt sind, aufgrund vielf\u00e4ltiger Einschr\u00e4nkungen eine besondere Herausforderung. <\/em><\/p>\n<p><em>Aufgeben? Das kennt Eberhard Jordan aber nicht! Nach der erfolgreichen Besteigung des Stephansdoms und des Donauturms, ist es das diesj\u00e4hrige Ziel von Eberhard Jordan die Spitze des Millennium Towers zu erreichen! Dabei wird er von Dr. Milos Petrovic und Therapeuten Martin G\u00fctlbauer begleitet. <\/em><\/p>\n<blockquote>\n<p><em>843 Stufen sind zu erklimmen<\/em><em>! \u00a0\u00a0<\/em><\/p>\n<\/blockquote>\n<p><em>Die chronische Lungenerkrankung COPD (engl. F\u00fcr chronic obstructive pulmonary disease), ist eine Erkrankung die auf Entz\u00fcndungen der Atemwege beruht, was auch eine dauerhafte Verengung der Atemwege zur Folge hat. Das Rauchen ist Hauptrisikofaktor f\u00fcr die irreversible Krankheit.<\/em><\/p>\n<p><em>Der Rauchstopp, die regelm\u00e4\u00dfige medizinische Versorgung, k\u00f6rperliches Training und Atem\u00fcbungen stellen die wichtigsten Strategien zur Verbesserung der Lebensqualit\u00e4t mit dieser Erkrankung dar. <\/em><\/p>\n<p><em>Genau das versucht Herr Jordan auch anderen COPD-erkrankten Personen mit seiner COPD-Challenge n\u00e4her zu bringen! Trotz COPD-Diagnose aktiv bleiben und das Leben genie\u00dfen! <\/em><\/p>\n<p><em>In Innsbruck wird im Rahmen der Challenger der Turm von Bergisel in Begleitung von Skisprung-Legende Ernst Vettori erklommen.<\/em><\/p>\n<p><em>Wir w\u00fcnschen allen \u201eChallengern\u201c am 17.11.2021 einen erfolgreichen Tag und, dass er gl\u00fccklich \u00fcber Wien und Innsbruck blicken werden!<\/em><\/p>\n<p><em>Weitere Informationen:<\/em><\/p>\n<p><a href=\"https:\/\/www.mycopd-challenge.com\"><em>https:\/\/www.mycopd-challenge.com<\/em><\/a><em> &#8211; Website \u00fcber die Aktion anl\u00e4sslich des Welt-COPD-Tages<\/em><\/p>\n<p><a href=\"https:\/\/youtu.be\/2P1wn72FLRE\"><em>https:\/\/youtu.be\/2P1wn72FLRE<\/em><\/a><em> &#8211; Video zur &#8220;myCOPD-Challenge&#8221;<\/em><\/p>[\/et_pb_text][et_pb_post_nav in_same_term=&#8221;off&#8221; _builder_version=&#8221;3.0.99&#8243; global_colors_info=&#8221;{}&#8221;][\/et_pb_post_nav][\/et_pb_column][et_pb_column type=&#8221;1_3&#8243; module_class=&#8221;cat-and-tag&#8221; _builder_version=&#8221;3.25&#8243; custom_padding=&#8221;|||&#8221; global_colors_info=&#8221;{}&#8221; custom_padding__hover=&#8221;|||&#8221;][et_pb_sidebar area=&#8221;et_pb_widget_area_1&#8243; _builder_version=&#8221;3.0.99&#8243; global_colors_info=&#8221;{}&#8221;][\/et_pb_sidebar][et_pb_dp_dmb_module_10093 farbe=&#8221;blitzblau&#8221; headline=&#8221;Starkes Rauchverlangen?&#8221; image=&#8221;https:\/\/rauchfrei.at\/wp-content\/uploads\/Desire.png&#8221; image_position=&#8221;center&#8221; link_text=&#8221;mehr&#8221; link_url=&#8221;https:\/\/rauchfrei.at\/aufhoeren\/schritte-zum-rauchstopp\/was-tun-bei-verlangensattacken\/&#8221; admin_label=&#8221;Starkes Rauchverlangen?&#8221; _builder_version=&#8221;3.19.15&#8243; max_width=&#8221;100%&#8221; global_module=&#8221;13170&#8243; saved_tabs=&#8221;all&#8221; global_colors_info=&#8221;{}&#8221;]<p>Bleiben Sie stark, es geht vorbei!<\/p>\n[\/et_pb_dp_dmb_module_10093][\/et_pb_column][\/et_pb_row][\/et_pb_section]\n","protected":false},"excerpt":{"rendered":"<p>Eberhard Jordan hat die COPD-Challenge ins Leben gerufen und er wird auch dieses Jahr am Welt-COPD-Tag sein Ziel verfolgen! In Wien (Milleniumstower) und in Innsbruck (Bergisel) findet die COPD Challenge heuer statt! <\/p>\n","protected":false},"author":25,"featured_media":0,"comment_status":"open","ping_status":"open","sticky":false,"template":"","format":"standard","meta":{"_et_pb_use_builder":"on","_et_pb_old_content":"","_et_gb_content_width":"2880","footnotes":""},"categories":[235,236],"tags":[],"class_list":["post-22217","post","type-post","status-publish","format-standard","hentry","category-gesundheit-und-rauchstopp","category-nicht-kategorisiert"],"yoast_head":"<!-- This site is optimized with the Yoast SEO plugin v26.2 - https:\/\/yoast.com\/wordpress\/plugins\/seo\/ -->\n<title>Hoch hinauf \u2013 trotz COPD - Rauchfrei Telefon<\/title>\n<meta name=\"robots\" content=\"index, follow, max-snippet:-1, max-image-preview:large, max-video-preview:-1\" \/>\n<link rel=\"canonical\" href=\"https:\/\/rauchfrei.at\/hoch-hinauf-trotz-copd\/\" \/>\n<meta property=\"og:locale\" content=\"en_US\" \/>\n<meta property=\"og:type\" content=\"article\" \/>\n<meta property=\"og:title\" content=\"Hoch hinauf \u2013 trotz COPD - Rauchfrei Telefon\" \/>\n<meta property=\"og:description\" content=\"Eberhard Jordan hat die COPD-Challenge ins Leben gerufen und er wird auch dieses Jahr am Welt-COPD-Tag sein Ziel verfolgen! In Wien (Milleniumstower) und in Innsbruck (Bergisel) findet die COPD Challenge heuer statt!\" \/>\n<meta property=\"og:url\" content=\"https:\/\/rauchfrei.at\/hoch-hinauf-trotz-copd\/\" \/>\n<meta property=\"og:site_name\" content=\"Rauchfrei Telefon\" \/>\n<meta property=\"article:published_time\" content=\"2021-11-15T06:00:00+00:00\" \/>\n<meta name=\"author\" content=\"Rauchfrei Team\" \/>\n<meta name=\"twitter:card\" content=\"summary_large_image\" \/>\n<meta name=\"twitter:label1\" content=\"Written by\" \/>\n\t<meta name=\"twitter:data1\" content=\"Rauchfrei Team\" \/>\n\t<meta name=\"twitter:label2\" content=\"Est. reading time\" \/>\n\t<meta name=\"twitter:data2\" content=\"2 minutes\" \/>\n<script type=\"application\/ld+json\" class=\"yoast-schema-graph\">{\"@context\":\"https:\/\/schema.org\",\"@graph\":[{\"@type\":\"WebPage\",\"@id\":\"https:\/\/rauchfrei.at\/hoch-hinauf-trotz-copd\/\",\"url\":\"https:\/\/rauchfrei.at\/hoch-hinauf-trotz-copd\/\",\"name\":\"Hoch hinauf \u2013 trotz COPD - Rauchfrei Telefon\",\"isPartOf\":{\"@id\":\"https:\/\/rauchfrei.at\/#website\"},\"datePublished\":\"2021-11-15T06:00:00+00:00\",\"author\":{\"@id\":\"https:\/\/rauchfrei.at\/#\/schema\/person\/504bbf90c5482004fc09aef6de7f9277\"},\"inLanguage\":\"en-US\",\"potentialAction\":[{\"@type\":\"ReadAction\",\"target\":[\"https:\/\/rauchfrei.at\/hoch-hinauf-trotz-copd\/\"]}]},{\"@type\":\"WebSite\",\"@id\":\"https:\/\/rauchfrei.at\/#website\",\"url\":\"https:\/\/rauchfrei.at\/\",\"name\":\"Rauchfrei Telefon\",\"description\":\"Eine \u00f6sterreichweite Initiative der Sozialversicherungen.\",\"potentialAction\":[{\"@type\":\"SearchAction\",\"target\":{\"@type\":\"EntryPoint\",\"urlTemplate\":\"https:\/\/rauchfrei.at\/?s={search_term_string}\"},\"query-input\":{\"@type\":\"PropertyValueSpecification\",\"valueRequired\":true,\"valueName\":\"search_term_string\"}}],\"inLanguage\":\"en-US\"},{\"@type\":\"Person\",\"@id\":\"https:\/\/rauchfrei.at\/#\/schema\/person\/504bbf90c5482004fc09aef6de7f9277\",\"name\":\"Rauchfrei Team\",\"image\":{\"@type\":\"ImageObject\",\"inLanguage\":\"en-US\",\"@id\":\"https:\/\/rauchfrei.at\/#\/schema\/person\/image\/\",\"url\":\"https:\/\/secure.gravatar.com\/avatar\/2115b79a00800516fa1523bb5a329611f90e73e89be559131fc7e82b4fdc95ff?s=96&d=mm&r=g\",\"contentUrl\":\"https:\/\/secure.gravatar.com\/avatar\/2115b79a00800516fa1523bb5a329611f90e73e89be559131fc7e82b4fdc95ff?s=96&d=mm&r=g\",\"caption\":\"Rauchfrei Team\"},\"url\":\"https:\/\/rauchfrei.at\/en\/author\/rauchfrei-team\/\"}]}<\/script>\n<!-- \/ Yoast SEO plugin. -->","yoast_head_json":{"title":"Hoch hinauf \u2013 trotz COPD - Rauchfrei Telefon","robots":{"index":"index","follow":"follow","max-snippet":"max-snippet:-1","max-image-preview":"max-image-preview:large","max-video-preview":"max-video-preview:-1"},"canonical":"https:\/\/rauchfrei.at\/hoch-hinauf-trotz-copd\/","og_locale":"en_US","og_type":"article","og_title":"Hoch hinauf \u2013 trotz COPD - Rauchfrei Telefon","og_description":"Eberhard Jordan hat die COPD-Challenge ins Leben gerufen und er wird auch dieses Jahr am Welt-COPD-Tag sein Ziel verfolgen! In Wien (Milleniumstower) und in Innsbruck (Bergisel) findet die COPD Challenge heuer statt!","og_url":"https:\/\/rauchfrei.at\/hoch-hinauf-trotz-copd\/","og_site_name":"Rauchfrei Telefon","article_published_time":"2021-11-15T06:00:00+00:00","author":"Rauchfrei Team","twitter_card":"summary_large_image","twitter_misc":{"Written by":"Rauchfrei Team","Est. reading time":"2 minutes"},"schema":{"@context":"https:\/\/schema.org","@graph":[{"@type":"WebPage","@id":"https:\/\/rauchfrei.at\/hoch-hinauf-trotz-copd\/","url":"https:\/\/rauchfrei.at\/hoch-hinauf-trotz-copd\/","name":"Hoch hinauf \u2013 trotz COPD - Rauchfrei Telefon","isPartOf":{"@id":"https:\/\/rauchfrei.at\/#website"},"datePublished":"2021-11-15T06:00:00+00:00","author":{"@id":"https:\/\/rauchfrei.at\/#\/schema\/person\/504bbf90c5482004fc09aef6de7f9277"},"inLanguage":"en-US","potentialAction":[{"@type":"ReadAction","target":["https:\/\/rauchfrei.at\/hoch-hinauf-trotz-copd\/"]}]},{"@type":"WebSite","@id":"https:\/\/rauchfrei.at\/#website","url":"https:\/\/rauchfrei.at\/","name":"Rauchfrei Telefon","description":"Eine \u00f6sterreichweite Initiative der Sozialversicherungen.","potentialAction":[{"@type":"SearchAction","target":{"@type":"EntryPoint","urlTemplate":"https:\/\/rauchfrei.at\/?s={search_term_string}"},"query-input":{"@type":"PropertyValueSpecification","valueRequired":true,"valueName":"search_term_string"}}],"inLanguage":"en-US"},{"@type":"Person","@id":"https:\/\/rauchfrei.at\/#\/schema\/person\/504bbf90c5482004fc09aef6de7f9277","name":"Rauchfrei Team","image":{"@type":"ImageObject","inLanguage":"en-US","@id":"https:\/\/rauchfrei.at\/#\/schema\/person\/image\/","url":"https:\/\/secure.gravatar.com\/avatar\/2115b79a00800516fa1523bb5a329611f90e73e89be559131fc7e82b4fdc95ff?s=96&d=mm&r=g","contentUrl":"https:\/\/secure.gravatar.com\/avatar\/2115b79a00800516fa1523bb5a329611f90e73e89be559131fc7e82b4fdc95ff?s=96&d=mm&r=g","caption":"Rauchfrei Team"},"url":"https:\/\/rauchfrei.at\/en\/author\/rauchfrei-team\/"}]}},"_links":{"self":[{"href":"https:\/\/rauchfrei.at\/en\/wp-json\/wp\/v2\/posts\/22217","targetHints":{"allow":["GET"]}}],"collection":[{"href":"https:\/\/rauchfrei.at\/en\/wp-json\/wp\/v2\/posts"}],"about":[{"href":"https:\/\/rauchfrei.at\/en\/wp-json\/wp\/v2\/types\/post"}],"author":[{"embeddable":true,"href":"https:\/\/rauchfrei.at\/en\/wp-json\/wp\/v2\/users\/25"}],"replies":[{"embeddable":true,"href":"https:\/\/rauchfrei.at\/en\/wp-json\/wp\/v2\/comments?post=22217"}],"version-history":[{"count":8,"href":"https:\/\/rauchfrei.at\/en\/wp-json\/wp\/v2\/posts\/22217\/revisions"}],"predecessor-version":[{"id":22229,"href":"https:\/\/rauchfrei.at\/en\/wp-json\/wp\/v2\/posts\/22217\/revisions\/22229"}],"wp:attachment":[{"href":"https:\/\/rauchfrei.at\/en\/wp-json\/wp\/v2\/media?parent=22217"}],"wp:term":[{"taxonomy":"category","embeddable":true,"href":"https:\/\/rauchfrei.at\/en\/wp-json\/wp\/v2\/categories?post=22217"},{"taxonomy":"post_tag","embeddable":true,"href":"https:\/\/rauchfrei.at\/en\/wp-json\/wp\/v2\/tags?post=22217"}],"curies":[{"name":"wp","href":"https:\/\/api.w.org\/{rel}","templated":true}]}}