
{"id":22336,"date":"2021-11-29T08:00:00","date_gmt":"2021-11-29T06:00:00","guid":{"rendered":"https:\/\/rauchfrei.at\/?p=22336"},"modified":"2021-11-24T14:44:12","modified_gmt":"2021-11-24T12:44:12","slug":"rauchfrei-am-welt-aids-tag","status":"publish","type":"post","link":"https:\/\/rauchfrei.at\/en\/rauchfrei-am-welt-aids-tag\/","title":{"rendered":"Rauchfrei am Welt-Aids-Tag"},"content":{"rendered":"\n\n[et_pb_section fb_built=&#8221;1&#8243; module_class=&#8221;header&#8221; _builder_version=&#8221;3.22&#8243; global_colors_info=&#8221;{}&#8221;][et_pb_row _builder_version=&#8221;3.25&#8243; global_colors_info=&#8221;{}&#8221;][et_pb_column type=&#8221;4_4&#8243; _builder_version=&#8221;3.25&#8243; custom_padding=&#8221;|||&#8221; global_colors_info=&#8221;{}&#8221; custom_padding__hover=&#8221;|||&#8221;][et_pb_dp_dmb_module_10001 subheadline=&#8221;Am 1.Dezember findet der Welt-AIDS-Tag statt. Auch das Thema Rauchfreiheit ist in diesem Zusammenhang von gro\u00dfer Bedeutung.&#8221; _builder_version=&#8221;4.13.1&#8243; z_index_tablet=&#8221;500&#8243; global_colors_info=&#8221;{}&#8221;][\/et_pb_dp_dmb_module_10001][\/et_pb_column][\/et_pb_row][\/et_pb_section][et_pb_section fb_built=&#8221;1&#8243; _builder_version=&#8221;3.22&#8243; custom_padding=&#8221;30px|||&#8221; global_colors_info=&#8221;{}&#8221;][et_pb_row column_structure=&#8221;2_3,1_3&#8243; _builder_version=&#8221;3.25&#8243; global_colors_info=&#8221;{}&#8221;][et_pb_column type=&#8221;2_3&#8243; module_class=&#8221;blog-content&#8221; _builder_version=&#8221;3.25&#8243; custom_padding=&#8221;|||&#8221; global_colors_info=&#8221;{}&#8221; custom_padding__hover=&#8221;|||&#8221;][et_pb_text _builder_version=&#8221;4.13.1&#8243; global_colors_info=&#8221;{}&#8221;]<p>Immer noch gibt es wenig Wissen \u00fcber die besonders sch\u00e4dlichen Auswirkungen von Tabakkonsum bei einer HIV-Infektion sowie der Erkrankung AIDS.<\/p>\n<p><strong>H\u00f6heres Sterberisiko HIV infizierter Raucherinnen und Raucher<\/strong><\/p>\n<p>HIV infizierte Raucherinnen und Raucher unter antiretroviraler Therapie zeigen signifikant h\u00f6here Raten von nicht aidsbedingten Krebserkrankungen (zum Beispiel Lungenkrebs) sowie von Herz-Kreislauf- und Lebererkrankungen im Vergleich zu den Nichtraucherinnen und Nichtrauchern. F\u00fcr eine 35-j\u00e4hrige HIV-positive Person bedeute dies eine Verk\u00fcrzung der Lebenserwartung um acht Jahre. Die Schlussfolgerung einiger Studien ist, dass HIV-infizierte Personen durch den Tabakkonsum mehr Lebensjahre verlieren w\u00fcrden als durch das Virus. Zudem steigen die Auswirkungen des Rauchens mit zunehmendem Alter.<\/p>\n<p><strong>H\u00f6heres Risiko f\u00fcr COPD<\/strong><\/p>\n<p><em>Dass COPD h\u00e4ufig als Folge von Rauchen auftreten kann, ist bekannt. Ein kanadisches Forschungsteam konnte allerdings im Rahmen einiger Untersuchungen in Erfahrung bringen, dass rauchende HIV-Kranke\u00a0im Vergleich zur allgemeinen Bev\u00f6lkerung h\u00e4ufiger und vor allem deutlich fr\u00fcher (um rund 12 Jahre) von der Lungenkrankheit betroffen sind.<\/em><\/p>\n<p><strong>Der Rauchstopp ist wirksam<\/strong><\/p>\n<p>Erfolgt ein Rauchstopp dann zeigen ehemalige Tabakkonsumenten kein erh\u00f6htes Sterberisiko mehr gegen\u00fcber nichtrauchenden Erkrankten. Der Rauchstopp lohnt sich also.<\/p>\n<p>Die HIV-positiven Nichtraucherinnen und Nichtraucher mit einer HIV-Therapie zeigten eine vergleichbare Lebenserwartung wie Nichtrauchende in der Allgemeinbev\u00f6lkerung. Mit der richtigen Behandlung und Versorgung haben Menschen, die mit HIV leben also eine normale Lebenserwartung.<\/p>\n<p><em>Es gibt also noch viel zu tun im Kampf gegen Aids und f\u00fcr die Betreuung und Behandlung bereits Infizierter weltweit. Die Unterst\u00fctzung beim Rauchstopp kann ein wichtiger Beitrag dazu sein. <\/em><\/p>\n<p>&nbsp;<\/p>[\/et_pb_text][et_pb_accordion _builder_version=&#8221;4.13.1&#8243; _module_preset=&#8221;default&#8221; global_colors_info=&#8221;{}&#8221;][et_pb_accordion_item title=&#8221;Links:&#8221; open=&#8221;on&#8221; _builder_version=&#8221;4.13.1&#8243; _module_preset=&#8221;default&#8221; global_colors_info=&#8221;{}&#8221;]<p><a href=\"https:\/\/www.aidshilfe.de\/meldung\/studie-rauchen-verdoppelt-sterblichkeitsrisiko-hiv-positiven-antiretroviraler-therapie\">Aidshilfe<\/a><\/p>\n<p><a href=\"https:\/\/www.esanum.de\/today\/posts\/copd-tritt-bei-raucherinnen-und-rauchern-mit-hiv-frueher-und-haeufiger-auf\">www.esanum.de<\/a><\/p>\n<p><a href=\"https:\/\/www.ctvnews.ca\/health\/smokers-with-hiv-have-higher-incidents-of-lung-disease-study-1.4815776\">www.ctvnews.ca<\/a><\/p>\n<p><a href=\"\u00a0https:\/\/www.eurekalert.org\/pub_releases\/2020-02\/smh-plw021320.php\"><span>www.eurekalert.org<\/span><\/a><br \/><a href=\"https:\/\/www.poz.com\/article\/hiv-lung-cancer-22208-2315\">www.poz.com<\/a><\/p>\n<p><a href=\"https:\/\/www.lungenaerzte-im-netz.de\/news-archiv\/meldung\/article\/rauchen-erhoeht-hiv-infektionsrisiko\/\">www.lungenaerzte-im-netz.de<\/a><\/p>[\/et_pb_accordion_item][\/et_pb_accordion][\/et_pb_column][et_pb_column type=&#8221;1_3&#8243; module_class=&#8221;cat-and-tag&#8221; _builder_version=&#8221;3.25&#8243; custom_padding=&#8221;|||&#8221; global_colors_info=&#8221;{}&#8221; custom_padding__hover=&#8221;|||&#8221;][et_pb_dp_dmb_module_10093 farbe=&#8221;beige&#8221; headline=&#8221;Das Rauchfrei Ticket &#8211; Informationen f\u00fcr Profis&#8221; image=&#8221;https:\/\/rauchfrei.at\/wp-content\/uploads\/eins-2.jpg&#8221; link_text=&#8221;mehr&#8221; link_url=&#8221;https:\/\/rauchfrei.at\/fuer-gesundheitsberufe\/das-rauchfrei-ticket\/&#8221; admin_label=&#8221;Das Rauchfrei Ticket&#8221; _builder_version=&#8221;3.21&#8243; global_module=&#8221;15118&#8243; saved_tabs=&#8221;all&#8221; global_colors_info=&#8221;{}&#8221;][\/et_pb_dp_dmb_module_10093][et_pb_dp_dmb_module_10080 link_text=&#8221;hier downloaden&#8221; link_url=&#8221;https:\/\/rauchfrei.at\/broschueren-downloads\/download-broschueren\/&#8221; admin_label=&#8221;Materialdownloads&#8221; _builder_version=&#8221;3.19.15&#8243; global_module=&#8221;13235&#8243; saved_tabs=&#8221;all&#8221; global_colors_info=&#8221;{}&#8221;]<p><span lang=\"DE-AT\"><strong>Brosch\u00fcren, Folder<\/strong> und <strong>Poster<\/strong><\/span><\/p>\n[\/et_pb_dp_dmb_module_10080][et_pb_dp_dmb_module_10080 link_text=&#8221;Hier&#8221; link_url=&#8221;https:\/\/rauchfrei.at\/downloads-tests-und-tools\/&#8221; admin_label=&#8221;Testen Sie Ihre Abh\u00e4ngigkeit&#8221; _builder_version=&#8221;3.21.1&#8243; dp_tiny_mce_line_height=&#8221;1em&#8221; z_index_tablet=&#8221;500&#8243; saved_tabs=&#8221;all&#8221; global_colors_info=&#8221;{}&#8221; global_module=&#8221;13157&#8243; theme_builder_area=&#8221;post_content&#8221;]\n\n<p><strong>Testen <\/strong>Sie Ihre <strong>Abh\u00e4ngigkeit!<\/strong><\/p>\n\n[\/et_pb_dp_dmb_module_10080][\/et_pb_column][\/et_pb_row][\/et_pb_section]\n\n","protected":false},"excerpt":{"rendered":"<p>Rund um den Globus erinnern am 1. Dezember verschiedenste Organisationen an die Krankheit AIDS und rufen dazu auf, aktiv zu werden und Solidarit\u00e4t mit HIV-Infizierten, AIDS-Kranken und den ihnen nahestehenden Menschen zu zeigen. Der Rauchstopp stellt eine wichtige Ma\u00dfnahme im Umgang mit der Erkrankung dar.<\/p>\n","protected":false},"author":25,"featured_media":0,"comment_status":"open","ping_status":"open","sticky":false,"template":"","format":"standard","meta":{"_et_pb_use_builder":"on","_et_pb_old_content":"","_et_gb_content_width":"2880","footnotes":""},"categories":[236],"tags":[],"class_list":["post-22336","post","type-post","status-publish","format-standard","hentry","category-nicht-kategorisiert"],"yoast_head":"<!-- This site is optimized with the Yoast SEO plugin v26.2 - https:\/\/yoast.com\/wordpress\/plugins\/seo\/ -->\n<title>Rauchfrei am Welt-Aids-Tag - Rauchfrei Telefon<\/title>\n<meta name=\"robots\" content=\"index, follow, max-snippet:-1, max-image-preview:large, max-video-preview:-1\" \/>\n<link rel=\"canonical\" href=\"https:\/\/rauchfrei.at\/rauchfrei-am-welt-aids-tag\/\" \/>\n<meta property=\"og:locale\" content=\"en_US\" \/>\n<meta property=\"og:type\" content=\"article\" \/>\n<meta property=\"og:title\" content=\"Rauchfrei am Welt-Aids-Tag - Rauchfrei Telefon\" \/>\n<meta property=\"og:description\" content=\"Rund um den Globus erinnern am 1. Dezember verschiedenste Organisationen an die Krankheit AIDS und rufen dazu auf, aktiv zu werden und Solidarit\u00e4t mit HIV-Infizierten, AIDS-Kranken und den ihnen nahestehenden Menschen zu zeigen. Der Rauchstopp stellt eine wichtige Ma\u00dfnahme im Umgang mit der Erkrankung dar.\" \/>\n<meta property=\"og:url\" content=\"https:\/\/rauchfrei.at\/rauchfrei-am-welt-aids-tag\/\" \/>\n<meta property=\"og:site_name\" content=\"Rauchfrei Telefon\" \/>\n<meta property=\"article:published_time\" content=\"2021-11-29T06:00:00+00:00\" \/>\n<meta name=\"author\" content=\"Rauchfrei Team\" \/>\n<meta name=\"twitter:card\" content=\"summary_large_image\" \/>\n<meta name=\"twitter:label1\" content=\"Written by\" \/>\n\t<meta name=\"twitter:data1\" content=\"Rauchfrei Team\" \/>\n\t<meta name=\"twitter:label2\" content=\"Est. reading time\" \/>\n\t<meta name=\"twitter:data2\" content=\"2 minutes\" \/>\n<script type=\"application\/ld+json\" class=\"yoast-schema-graph\">{\"@context\":\"https:\/\/schema.org\",\"@graph\":[{\"@type\":\"WebPage\",\"@id\":\"https:\/\/rauchfrei.at\/rauchfrei-am-welt-aids-tag\/\",\"url\":\"https:\/\/rauchfrei.at\/rauchfrei-am-welt-aids-tag\/\",\"name\":\"Rauchfrei am Welt-Aids-Tag - Rauchfrei Telefon\",\"isPartOf\":{\"@id\":\"https:\/\/rauchfrei.at\/#website\"},\"datePublished\":\"2021-11-29T06:00:00+00:00\",\"author\":{\"@id\":\"https:\/\/rauchfrei.at\/#\/schema\/person\/504bbf90c5482004fc09aef6de7f9277\"},\"inLanguage\":\"en-US\",\"potentialAction\":[{\"@type\":\"ReadAction\",\"target\":[\"https:\/\/rauchfrei.at\/rauchfrei-am-welt-aids-tag\/\"]}]},{\"@type\":\"WebSite\",\"@id\":\"https:\/\/rauchfrei.at\/#website\",\"url\":\"https:\/\/rauchfrei.at\/\",\"name\":\"Rauchfrei Telefon\",\"description\":\"Eine \u00f6sterreichweite Initiative der Sozialversicherungen.\",\"potentialAction\":[{\"@type\":\"SearchAction\",\"target\":{\"@type\":\"EntryPoint\",\"urlTemplate\":\"https:\/\/rauchfrei.at\/?s={search_term_string}\"},\"query-input\":{\"@type\":\"PropertyValueSpecification\",\"valueRequired\":true,\"valueName\":\"search_term_string\"}}],\"inLanguage\":\"en-US\"},{\"@type\":\"Person\",\"@id\":\"https:\/\/rauchfrei.at\/#\/schema\/person\/504bbf90c5482004fc09aef6de7f9277\",\"name\":\"Rauchfrei Team\",\"image\":{\"@type\":\"ImageObject\",\"inLanguage\":\"en-US\",\"@id\":\"https:\/\/rauchfrei.at\/#\/schema\/person\/image\/\",\"url\":\"https:\/\/secure.gravatar.com\/avatar\/2115b79a00800516fa1523bb5a329611f90e73e89be559131fc7e82b4fdc95ff?s=96&d=mm&r=g\",\"contentUrl\":\"https:\/\/secure.gravatar.com\/avatar\/2115b79a00800516fa1523bb5a329611f90e73e89be559131fc7e82b4fdc95ff?s=96&d=mm&r=g\",\"caption\":\"Rauchfrei Team\"},\"url\":\"https:\/\/rauchfrei.at\/en\/author\/rauchfrei-team\/\"}]}<\/script>\n<!-- \/ Yoast SEO plugin. -->","yoast_head_json":{"title":"Rauchfrei am Welt-Aids-Tag - Rauchfrei Telefon","robots":{"index":"index","follow":"follow","max-snippet":"max-snippet:-1","max-image-preview":"max-image-preview:large","max-video-preview":"max-video-preview:-1"},"canonical":"https:\/\/rauchfrei.at\/rauchfrei-am-welt-aids-tag\/","og_locale":"en_US","og_type":"article","og_title":"Rauchfrei am Welt-Aids-Tag - Rauchfrei Telefon","og_description":"Rund um den Globus erinnern am 1. Dezember verschiedenste Organisationen an die Krankheit AIDS und rufen dazu auf, aktiv zu werden und Solidarit\u00e4t mit HIV-Infizierten, AIDS-Kranken und den ihnen nahestehenden Menschen zu zeigen. Der Rauchstopp stellt eine wichtige Ma\u00dfnahme im Umgang mit der Erkrankung dar.","og_url":"https:\/\/rauchfrei.at\/rauchfrei-am-welt-aids-tag\/","og_site_name":"Rauchfrei Telefon","article_published_time":"2021-11-29T06:00:00+00:00","author":"Rauchfrei Team","twitter_card":"summary_large_image","twitter_misc":{"Written by":"Rauchfrei Team","Est. reading time":"2 minutes"},"schema":{"@context":"https:\/\/schema.org","@graph":[{"@type":"WebPage","@id":"https:\/\/rauchfrei.at\/rauchfrei-am-welt-aids-tag\/","url":"https:\/\/rauchfrei.at\/rauchfrei-am-welt-aids-tag\/","name":"Rauchfrei am Welt-Aids-Tag - Rauchfrei Telefon","isPartOf":{"@id":"https:\/\/rauchfrei.at\/#website"},"datePublished":"2021-11-29T06:00:00+00:00","author":{"@id":"https:\/\/rauchfrei.at\/#\/schema\/person\/504bbf90c5482004fc09aef6de7f9277"},"inLanguage":"en-US","potentialAction":[{"@type":"ReadAction","target":["https:\/\/rauchfrei.at\/rauchfrei-am-welt-aids-tag\/"]}]},{"@type":"WebSite","@id":"https:\/\/rauchfrei.at\/#website","url":"https:\/\/rauchfrei.at\/","name":"Rauchfrei Telefon","description":"Eine \u00f6sterreichweite Initiative der Sozialversicherungen.","potentialAction":[{"@type":"SearchAction","target":{"@type":"EntryPoint","urlTemplate":"https:\/\/rauchfrei.at\/?s={search_term_string}"},"query-input":{"@type":"PropertyValueSpecification","valueRequired":true,"valueName":"search_term_string"}}],"inLanguage":"en-US"},{"@type":"Person","@id":"https:\/\/rauchfrei.at\/#\/schema\/person\/504bbf90c5482004fc09aef6de7f9277","name":"Rauchfrei Team","image":{"@type":"ImageObject","inLanguage":"en-US","@id":"https:\/\/rauchfrei.at\/#\/schema\/person\/image\/","url":"https:\/\/secure.gravatar.com\/avatar\/2115b79a00800516fa1523bb5a329611f90e73e89be559131fc7e82b4fdc95ff?s=96&d=mm&r=g","contentUrl":"https:\/\/secure.gravatar.com\/avatar\/2115b79a00800516fa1523bb5a329611f90e73e89be559131fc7e82b4fdc95ff?s=96&d=mm&r=g","caption":"Rauchfrei Team"},"url":"https:\/\/rauchfrei.at\/en\/author\/rauchfrei-team\/"}]}},"_links":{"self":[{"href":"https:\/\/rauchfrei.at\/en\/wp-json\/wp\/v2\/posts\/22336","targetHints":{"allow":["GET"]}}],"collection":[{"href":"https:\/\/rauchfrei.at\/en\/wp-json\/wp\/v2\/posts"}],"about":[{"href":"https:\/\/rauchfrei.at\/en\/wp-json\/wp\/v2\/types\/post"}],"author":[{"embeddable":true,"href":"https:\/\/rauchfrei.at\/en\/wp-json\/wp\/v2\/users\/25"}],"replies":[{"embeddable":true,"href":"https:\/\/rauchfrei.at\/en\/wp-json\/wp\/v2\/comments?post=22336"}],"version-history":[{"count":13,"href":"https:\/\/rauchfrei.at\/en\/wp-json\/wp\/v2\/posts\/22336\/revisions"}],"predecessor-version":[{"id":22357,"href":"https:\/\/rauchfrei.at\/en\/wp-json\/wp\/v2\/posts\/22336\/revisions\/22357"}],"wp:attachment":[{"href":"https:\/\/rauchfrei.at\/en\/wp-json\/wp\/v2\/media?parent=22336"}],"wp:term":[{"taxonomy":"category","embeddable":true,"href":"https:\/\/rauchfrei.at\/en\/wp-json\/wp\/v2\/categories?post=22336"},{"taxonomy":"post_tag","embeddable":true,"href":"https:\/\/rauchfrei.at\/en\/wp-json\/wp\/v2\/tags?post=22336"}],"curies":[{"name":"wp","href":"https:\/\/api.w.org\/{rel}","templated":true}]}}