
{"id":22363,"date":"2021-12-06T08:00:00","date_gmt":"2021-12-06T06:00:00","guid":{"rendered":"https:\/\/rauchfrei.at\/?p=22363"},"modified":"2021-12-02T15:52:41","modified_gmt":"2021-12-02T13:52:41","slug":"der-tag-des-berges","status":"publish","type":"post","link":"https:\/\/rauchfrei.at\/en\/der-tag-des-berges\/","title":{"rendered":"Der Tag des Berges"},"content":{"rendered":"\n[et_pb_section fb_built=&#8221;1&#8243; module_class=&#8221;header&#8221; _builder_version=&#8221;3.22&#8243; global_colors_info=&#8221;{}&#8221;][et_pb_row _builder_version=&#8221;3.25&#8243; global_colors_info=&#8221;{}&#8221;][et_pb_column type=&#8221;4_4&#8243; _builder_version=&#8221;3.25&#8243; custom_padding=&#8221;|||&#8221; global_colors_info=&#8221;{}&#8221; custom_padding__hover=&#8221;|||&#8221;][et_pb_dp_dmb_module_10001 subheadline=&#8221;Was hat das mit dem Rauchstopp zu tun?&#8221; _builder_version=&#8221;4.13.1&#8243; z_index_tablet=&#8221;500&#8243; global_colors_info=&#8221;{}&#8221;][\/et_pb_dp_dmb_module_10001][\/et_pb_column][\/et_pb_row][\/et_pb_section][et_pb_section fb_built=&#8221;1&#8243; _builder_version=&#8221;3.22&#8243; custom_padding=&#8221;30px|||&#8221; global_colors_info=&#8221;{}&#8221;][et_pb_row column_structure=&#8221;2_3,1_3&#8243; _builder_version=&#8221;3.25&#8243; global_colors_info=&#8221;{}&#8221;][et_pb_column type=&#8221;2_3&#8243; module_class=&#8221;blog-content&#8221; _builder_version=&#8221;3.25&#8243; custom_padding=&#8221;|||&#8221; global_colors_info=&#8221;{}&#8221; custom_padding__hover=&#8221;|||&#8221;][et_pb_text _builder_version=&#8221;4.13.1&#8243; global_colors_info=&#8221;{}&#8221;]<p>Der steile Weg zur Rauchfreiheit<\/p>\n<p>Der Rauchstopp kann mit einer geplanten Bergtour verglichen werden. Sie freuen sich schon darauf, wissen aber auch, dass es anstrengend werden kann. \u00c4hnlich wie man sich auf eine Bergtour vorbereitet, sollte man auch den Rauchstopp gut vorbereiten, indem man sich \u00fcber m\u00f6gliche schwierige Wege oder Situationen informiert, eine gute \u201eAusr\u00fcstung\u201c mitnimmt und sich eine klare Route zu Recht legt.<\/p>[\/et_pb_text][et_pb_post_nav in_same_term=&#8221;off&#8221; _builder_version=&#8221;3.0.99&#8243; global_colors_info=&#8221;{}&#8221;][\/et_pb_post_nav][et_pb_accordion _builder_version=&#8221;4.13.1&#8243; _module_preset=&#8221;default&#8221; global_colors_info=&#8221;{}&#8221;][et_pb_accordion_item title=&#8221;1. Vorbereitung und Planung:&#8221; open=&#8221;on&#8221; _builder_version=&#8221;4.13.1&#8243; _module_preset=&#8221;default&#8221; global_colors_info=&#8221;{}&#8221;]<p>Sie brauchen also einen Plan und geeignetes Werkzeug, um die Nikotinsucht zu \u00fcberwinden. Wenn Sie gut vorbereitet sind und den Weg kennen, werden Sie zuversichtlich den Weg in die Rauchfreiheit beginnen. Ein gutes Instrument um nicht vom Plan abzukommen ist z.B. die Rauchfrei App (www.rauchfrei.at) oder ein motivierendes Buch.<\/p>[\/et_pb_accordion_item][et_pb_accordion_item title=&#8221;2. Unterst\u00fctzung:&#8221; _builder_version=&#8221;4.13.1&#8243; _module_preset=&#8221;default&#8221; global_colors_info=&#8221;{}&#8221; open=&#8221;off&#8221;]<p>Meistens besteigt man einen Berg auch nicht alleine sondern mit einem Gef\u00e4hrten; so ein Verb\u00fcndeter, Bergf\u00fchrer oder unterst\u00fctzender Freund hilft auch beim Rauchstopp! F\u00fcr diesen Fall steht Ihnen das Team vom Rauchfrei Telefon (0800 810 013) kostenfrei in regelm\u00e4\u00dfigen Gespr\u00e4chen zur Seite &#8211; wir begleiten Sie auf Ihrem individuellen Weg! Wir geben aber auch Auskunft \u00fcber andere Unterst\u00fctzungsm\u00f6glichkeiten wie z.B. Rauchfrei Kurse der \u00d6GK und vieles mehr!<\/p>[\/et_pb_accordion_item][et_pb_accordion_item title=&#8221; 3.\tRasten Sie zwischendurch:&#8221; _builder_version=&#8221;4.13.1&#8243; _module_preset=&#8221;default&#8221; global_colors_info=&#8221;{}&#8221; open=&#8221;off&#8221;]<p>&#8230; und blicken auf bereits Erreichtes zur\u00fcck- jede Zigarette, die nicht geraucht wurde z\u00e4hlt!<\/p>[\/et_pb_accordion_item][et_pb_accordion_item title=&#8221;4. Tauschen Sie sich mit Gleichgesinnten aus:&#8221; _builder_version=&#8221;4.13.1&#8243; _module_preset=&#8221;default&#8221; global_colors_info=&#8221;{}&#8221; open=&#8221;off&#8221;]<p>Erz\u00e4hlen Sie von Ihrem Weg und lassen Sie sich von anderen inspirieren!<\/p>[\/et_pb_accordion_item][et_pb_accordion_item title=&#8221;5. Genie\u00dfen Sie das Freiheitsgef\u00fch!&#8221; _builder_version=&#8221;4.13.1&#8243; _module_preset=&#8221;default&#8221; global_colors_info=&#8221;{}&#8221; open=&#8221;off&#8221;]<p>Belohnen Sie sich mit etwas das Ihnen Freude bereitet! Und denken Sie auch in Zukunft daran, \u00a0Pausen zu machen und zu regenerieren!\u00a0\u00a0<\/p>[\/et_pb_accordion_item][\/et_pb_accordion][et_pb_text _builder_version=&#8221;4.13.1&#8243; _module_preset=&#8221;default&#8221; global_colors_info=&#8221;{}&#8221;]<p>Hier ein kurzer \u201e<strong>Motivationseinschub<\/strong>\u201c \u00fcber die positiven <strong>Ver\u00e4nderungen Ihres K\u00f6rpers<\/strong>:<\/p>\n<p>Die Vorteile eines Rauchstopps sind eine deutlich verbesserte Gesundheitssituation. Dank der F\u00e4higkeit des K\u00f6rpers, sich zu regenerieren, sind viele positive Wirkungen schon nach kurzer Zeit sp\u00fcrbar. Ein Rauchstopp hat u.a. folgende Wirkungen:<\/p>\n<p>Nach 20 Minuten sinken Puls und Blutdruck auf normale Werte.<br \/>Nach acht Stunden sinkt der Kohlenmonoxidspiegel im Blut und die Sauerstoffwerte im Blut normalisieren sich.<br \/>Nach ca. zwei Tagen verbessern sich Geschmacks- und Geruchssinn.<br \/>Nach zwei Wochen bis drei Monaten verbessern sich Kreislauf und Lungenfunktion.<br \/>Nach einem bis neun Monaten gehen Hustenanf\u00e4lle und Kurzatmigkeit zur\u00fcck und die normale Lungenfunktion kann wieder erreicht werden. Auch die Anf\u00e4lligkeit f\u00fcr Infekte kann zur\u00fcckgehen.<br \/>Nach einem Jahr ist das Risiko einer koronaren Herzkrankheit nur noch halb so gro\u00df wie bei einer Raucherin\/einem Raucher.<br \/>Nach weiteren Jahren ist das Lungenkrebsrisiko gesunken. Auch das Risiko f\u00fcr weitere Krebserkrankungen z.B. der Mundh\u00f6hle geht zur\u00fcck.<\/p>\n<p><em>Passender Buchtipps:<\/em><br \/>\u201eYes you can-rauchfrei in 40 Tagen\u201c Mag. Petra Ruprechter-Grofe, Mag. Roman Sander<\/p>[\/et_pb_text][\/et_pb_column][et_pb_column type=&#8221;1_3&#8243; module_class=&#8221;cat-and-tag&#8221; _builder_version=&#8221;3.25&#8243; custom_padding=&#8221;|||&#8221; global_colors_info=&#8221;{}&#8221; custom_padding__hover=&#8221;|||&#8221;][et_pb_dp_dmb_module_10093 farbe=&#8221;blitzgelb&#8221; headline=&#8221;Trauen Sie sich den Rauchstopp zu!&#8221; image=&#8221;https:\/\/rauchfrei.at\/wp-content\/uploads\/Quitting-Yellow.png&#8221; image_position=&#8221;center&#8221; link_text=&#8221;mehr&#8221; link_url=&#8221;https:\/\/rauchfrei.at\/aufhoeren\/schritte-zum-rauchstopp\/trauen-sie-sich-den-rauchstopp-zu\/&#8221; admin_label=&#8221;Trauen Sie sich den Rauchstopp zu&#8221; _builder_version=&#8221;3.19.15&#8243; global_module=&#8221;13173&#8243; saved_tabs=&#8221;all&#8221; global_colors_info=&#8221;{}&#8221;]<p>Sie m\u00f6chten etwas \u00e4ndern? Worauf warten Sie noch?<\/p>\n[\/et_pb_dp_dmb_module_10093][et_pb_dp_dmb_module_10093 farbe=&#8221;blitzblau&#8221; headline=&#8221;Alternativen zum Rauchen&#8221; image=&#8221;https:\/\/rauchfrei.at\/wp-content\/uploads\/Relax-in-hammok.png&#8221; image_position=&#8221;center&#8221; link_text=&#8221;mehr&#8221; link_url=&#8221;https:\/\/rauchfrei.at\/alternativen\/&#8221; admin_label=&#8221;Alternativen zum Rauchen&#8221; _builder_version=&#8221;4.9.0&#8243; z_index_tablet=&#8221;500&#8243; global_module=&#8221;13174&#8243; saved_tabs=&#8221;all&#8221; global_colors_info=&#8221;{}&#8221;]<p>Es gibt viele M\u00f6glichkeiten, um nicht zur Zigarette zu greifen!<\/p>\n[\/et_pb_dp_dmb_module_10093][et_pb_image _builder_version=&#8221;4.13.1&#8243; _module_preset=&#8221;default&#8221; title_text=&#8221;shutterstock_1030421269_everst&#8221; src=&#8221;https:\/\/rauchfrei.at\/wp-content\/uploads\/shutterstock_1030421269_everst-scaled.jpg&#8221; hover_enabled=&#8221;0&#8243; sticky_enabled=&#8221;0&#8243;][\/et_pb_image][\/et_pb_column][\/et_pb_row][\/et_pb_section]\n","protected":false},"excerpt":{"rendered":"<p>Der Tag des Berges wird am 11. Dezember gefeiert. Der Berg spielt in unserer Beratung h\u00e4ufig eine wichtige Rolle: wir vergleichen den Weg in die Rauchfreiheit oft mit einer Bergtour mit umsichtiger Planung, guter Vorbereitung, manchen Steinen am Weg und dem Freiheitsgef\u00fchl am Gipfel.<\/p>\n","protected":false},"author":25,"featured_media":0,"comment_status":"open","ping_status":"open","sticky":false,"template":"","format":"standard","meta":{"_et_pb_use_builder":"on","_et_pb_old_content":"","_et_gb_content_width":"2880","footnotes":""},"categories":[236],"tags":[],"class_list":["post-22363","post","type-post","status-publish","format-standard","hentry","category-nicht-kategorisiert"],"yoast_head":"<!-- This site is optimized with the Yoast SEO plugin v26.2 - https:\/\/yoast.com\/wordpress\/plugins\/seo\/ -->\n<title>Der Tag des Berges - Rauchfrei Telefon<\/title>\n<meta name=\"robots\" content=\"index, follow, max-snippet:-1, max-image-preview:large, max-video-preview:-1\" \/>\n<link rel=\"canonical\" href=\"https:\/\/rauchfrei.at\/der-tag-des-berges\/\" \/>\n<meta property=\"og:locale\" content=\"en_US\" \/>\n<meta property=\"og:type\" content=\"article\" \/>\n<meta property=\"og:title\" content=\"Der Tag des Berges - Rauchfrei Telefon\" \/>\n<meta property=\"og:description\" content=\"Der Tag des Berges wird am 11. Dezember gefeiert. Der Berg spielt in unserer Beratung h\u00e4ufig eine wichtige Rolle: wir vergleichen den Weg in die Rauchfreiheit oft mit einer Bergtour mit umsichtiger Planung, guter Vorbereitung, manchen Steinen am Weg und dem Freiheitsgef\u00fchl am Gipfel.\" \/>\n<meta property=\"og:url\" content=\"https:\/\/rauchfrei.at\/der-tag-des-berges\/\" \/>\n<meta property=\"og:site_name\" content=\"Rauchfrei Telefon\" \/>\n<meta property=\"article:published_time\" content=\"2021-12-06T06:00:00+00:00\" \/>\n<meta name=\"author\" content=\"Rauchfrei Team\" \/>\n<meta name=\"twitter:card\" content=\"summary_large_image\" \/>\n<meta name=\"twitter:label1\" content=\"Written by\" \/>\n\t<meta name=\"twitter:data1\" content=\"Rauchfrei Team\" \/>\n\t<meta name=\"twitter:label2\" content=\"Est. reading time\" \/>\n\t<meta name=\"twitter:data2\" content=\"3 minutes\" \/>\n<script type=\"application\/ld+json\" class=\"yoast-schema-graph\">{\"@context\":\"https:\/\/schema.org\",\"@graph\":[{\"@type\":\"WebPage\",\"@id\":\"https:\/\/rauchfrei.at\/der-tag-des-berges\/\",\"url\":\"https:\/\/rauchfrei.at\/der-tag-des-berges\/\",\"name\":\"Der Tag des Berges - Rauchfrei Telefon\",\"isPartOf\":{\"@id\":\"https:\/\/rauchfrei.at\/#website\"},\"datePublished\":\"2021-12-06T06:00:00+00:00\",\"author\":{\"@id\":\"https:\/\/rauchfrei.at\/#\/schema\/person\/504bbf90c5482004fc09aef6de7f9277\"},\"inLanguage\":\"en-US\",\"potentialAction\":[{\"@type\":\"ReadAction\",\"target\":[\"https:\/\/rauchfrei.at\/der-tag-des-berges\/\"]}]},{\"@type\":\"WebSite\",\"@id\":\"https:\/\/rauchfrei.at\/#website\",\"url\":\"https:\/\/rauchfrei.at\/\",\"name\":\"Rauchfrei Telefon\",\"description\":\"Eine \u00f6sterreichweite Initiative der Sozialversicherungen.\",\"potentialAction\":[{\"@type\":\"SearchAction\",\"target\":{\"@type\":\"EntryPoint\",\"urlTemplate\":\"https:\/\/rauchfrei.at\/?s={search_term_string}\"},\"query-input\":{\"@type\":\"PropertyValueSpecification\",\"valueRequired\":true,\"valueName\":\"search_term_string\"}}],\"inLanguage\":\"en-US\"},{\"@type\":\"Person\",\"@id\":\"https:\/\/rauchfrei.at\/#\/schema\/person\/504bbf90c5482004fc09aef6de7f9277\",\"name\":\"Rauchfrei Team\",\"image\":{\"@type\":\"ImageObject\",\"inLanguage\":\"en-US\",\"@id\":\"https:\/\/rauchfrei.at\/#\/schema\/person\/image\/\",\"url\":\"https:\/\/secure.gravatar.com\/avatar\/2115b79a00800516fa1523bb5a329611f90e73e89be559131fc7e82b4fdc95ff?s=96&d=mm&r=g\",\"contentUrl\":\"https:\/\/secure.gravatar.com\/avatar\/2115b79a00800516fa1523bb5a329611f90e73e89be559131fc7e82b4fdc95ff?s=96&d=mm&r=g\",\"caption\":\"Rauchfrei Team\"},\"url\":\"https:\/\/rauchfrei.at\/en\/author\/rauchfrei-team\/\"}]}<\/script>\n<!-- \/ Yoast SEO plugin. -->","yoast_head_json":{"title":"Der Tag des Berges - Rauchfrei Telefon","robots":{"index":"index","follow":"follow","max-snippet":"max-snippet:-1","max-image-preview":"max-image-preview:large","max-video-preview":"max-video-preview:-1"},"canonical":"https:\/\/rauchfrei.at\/der-tag-des-berges\/","og_locale":"en_US","og_type":"article","og_title":"Der Tag des Berges - Rauchfrei Telefon","og_description":"Der Tag des Berges wird am 11. Dezember gefeiert. Der Berg spielt in unserer Beratung h\u00e4ufig eine wichtige Rolle: wir vergleichen den Weg in die Rauchfreiheit oft mit einer Bergtour mit umsichtiger Planung, guter Vorbereitung, manchen Steinen am Weg und dem Freiheitsgef\u00fchl am Gipfel.","og_url":"https:\/\/rauchfrei.at\/der-tag-des-berges\/","og_site_name":"Rauchfrei Telefon","article_published_time":"2021-12-06T06:00:00+00:00","author":"Rauchfrei Team","twitter_card":"summary_large_image","twitter_misc":{"Written by":"Rauchfrei Team","Est. reading time":"3 minutes"},"schema":{"@context":"https:\/\/schema.org","@graph":[{"@type":"WebPage","@id":"https:\/\/rauchfrei.at\/der-tag-des-berges\/","url":"https:\/\/rauchfrei.at\/der-tag-des-berges\/","name":"Der Tag des Berges - Rauchfrei Telefon","isPartOf":{"@id":"https:\/\/rauchfrei.at\/#website"},"datePublished":"2021-12-06T06:00:00+00:00","author":{"@id":"https:\/\/rauchfrei.at\/#\/schema\/person\/504bbf90c5482004fc09aef6de7f9277"},"inLanguage":"en-US","potentialAction":[{"@type":"ReadAction","target":["https:\/\/rauchfrei.at\/der-tag-des-berges\/"]}]},{"@type":"WebSite","@id":"https:\/\/rauchfrei.at\/#website","url":"https:\/\/rauchfrei.at\/","name":"Rauchfrei Telefon","description":"Eine \u00f6sterreichweite Initiative der Sozialversicherungen.","potentialAction":[{"@type":"SearchAction","target":{"@type":"EntryPoint","urlTemplate":"https:\/\/rauchfrei.at\/?s={search_term_string}"},"query-input":{"@type":"PropertyValueSpecification","valueRequired":true,"valueName":"search_term_string"}}],"inLanguage":"en-US"},{"@type":"Person","@id":"https:\/\/rauchfrei.at\/#\/schema\/person\/504bbf90c5482004fc09aef6de7f9277","name":"Rauchfrei Team","image":{"@type":"ImageObject","inLanguage":"en-US","@id":"https:\/\/rauchfrei.at\/#\/schema\/person\/image\/","url":"https:\/\/secure.gravatar.com\/avatar\/2115b79a00800516fa1523bb5a329611f90e73e89be559131fc7e82b4fdc95ff?s=96&d=mm&r=g","contentUrl":"https:\/\/secure.gravatar.com\/avatar\/2115b79a00800516fa1523bb5a329611f90e73e89be559131fc7e82b4fdc95ff?s=96&d=mm&r=g","caption":"Rauchfrei Team"},"url":"https:\/\/rauchfrei.at\/en\/author\/rauchfrei-team\/"}]}},"_links":{"self":[{"href":"https:\/\/rauchfrei.at\/en\/wp-json\/wp\/v2\/posts\/22363","targetHints":{"allow":["GET"]}}],"collection":[{"href":"https:\/\/rauchfrei.at\/en\/wp-json\/wp\/v2\/posts"}],"about":[{"href":"https:\/\/rauchfrei.at\/en\/wp-json\/wp\/v2\/types\/post"}],"author":[{"embeddable":true,"href":"https:\/\/rauchfrei.at\/en\/wp-json\/wp\/v2\/users\/25"}],"replies":[{"embeddable":true,"href":"https:\/\/rauchfrei.at\/en\/wp-json\/wp\/v2\/comments?post=22363"}],"version-history":[{"count":12,"href":"https:\/\/rauchfrei.at\/en\/wp-json\/wp\/v2\/posts\/22363\/revisions"}],"predecessor-version":[{"id":22425,"href":"https:\/\/rauchfrei.at\/en\/wp-json\/wp\/v2\/posts\/22363\/revisions\/22425"}],"wp:attachment":[{"href":"https:\/\/rauchfrei.at\/en\/wp-json\/wp\/v2\/media?parent=22363"}],"wp:term":[{"taxonomy":"category","embeddable":true,"href":"https:\/\/rauchfrei.at\/en\/wp-json\/wp\/v2\/categories?post=22363"},{"taxonomy":"post_tag","embeddable":true,"href":"https:\/\/rauchfrei.at\/en\/wp-json\/wp\/v2\/tags?post=22363"}],"curies":[{"name":"wp","href":"https:\/\/api.w.org\/{rel}","templated":true}]}}