
{"id":22457,"date":"2021-12-13T08:00:00","date_gmt":"2021-12-13T06:00:00","guid":{"rendered":"https:\/\/rauchfrei.at\/?p=22457"},"modified":"2021-12-15T13:11:44","modified_gmt":"2021-12-15T11:11:44","slug":"noch-immer-pandemie-immer-noch-rauchfrei","status":"publish","type":"post","link":"https:\/\/rauchfrei.at\/en\/noch-immer-pandemie-immer-noch-rauchfrei\/","title":{"rendered":"Noch immer Pandemie &#8211; immer noch rauchfrei?"},"content":{"rendered":"\n[et_pb_section fb_built=&#8221;1&#8243; module_class=&#8221;header&#8221; _builder_version=&#8221;3.22&#8243; global_colors_info=&#8221;{}&#8221;][et_pb_row _builder_version=&#8221;3.25&#8243; global_colors_info=&#8221;{}&#8221;][et_pb_column type=&#8221;4_4&#8243; _builder_version=&#8221;3.25&#8243; custom_padding=&#8221;|||&#8221; global_colors_info=&#8221;{}&#8221; custom_padding__hover=&#8221;|||&#8221;][et_pb_dp_dmb_module_10001 subheadline=&#8221;\u201eJetzt erst recht rauchfrei bleiben oder werden? Was bringt`s?\u201c&#8221; _builder_version=&#8221;4.13.1&#8243; z_index_tablet=&#8221;500&#8243; global_colors_info=&#8221;{}&#8221;][\/et_pb_dp_dmb_module_10001][\/et_pb_column][\/et_pb_row][\/et_pb_section][et_pb_section fb_built=&#8221;1&#8243; _builder_version=&#8221;3.22&#8243; custom_padding=&#8221;30px|||&#8221; global_colors_info=&#8221;{}&#8221;][et_pb_row column_structure=&#8221;2_3,1_3&#8243; _builder_version=&#8221;3.25&#8243; global_colors_info=&#8221;{}&#8221;][et_pb_column type=&#8221;2_3&#8243; module_class=&#8221;blog-content&#8221; _builder_version=&#8221;3.25&#8243; custom_padding=&#8221;|||&#8221; global_colors_info=&#8221;{}&#8221; custom_padding__hover=&#8221;|||&#8221;][et_pb_text _builder_version=&#8221;4.13.1&#8243; hover_enabled=&#8221;0&#8243; global_colors_info=&#8221;{}&#8221; sticky_enabled=&#8221;0&#8243;]<p>Oft sind die Entt\u00e4uschungen gescheiterter Rauchstoppversuche mit Stress, Frust, \u00c4rger oder auch Verzweiflung und Scham verbunden.<\/p>\n<p>Aber trotz R\u00fcckschl\u00e4gen in Form von Ausrutschern oder R\u00fcckf\u00e4llen werden wertvolle Erfahrungen gesammelt, die f\u00fcr \u00e4hnliche Momente im Ged\u00e4chtnis bleiben und bei der Bew\u00e4ltigung helfen k\u00f6nnen. Wie bei einem erneuten Lockdown k\u00f6nnen auch bei einem neuerlichen Rauchstopp bereits bekannte herausfordernde Situationen nun anders geplant oder umgesetzt werden.<\/p>\n<p><strong>Warum ist es gerade auch w\u00e4hrend der Pandemie gut rauchfrei zu bleiben oder zu werden? Was bringt es Ihnen?<\/strong><\/p>\n<p>-) den Rauchstopp mit fixem Datum k\u00f6nnen Sie sich vornehmen und angehen, es ist aufgrund der Schlusspunktmethode gut planbar!<\/p>\n<p>-) ein Einholen von Informationen und eine Vorbereitung zum Rauchstopp nimmt \u00c4ngste und Unsicherheiten, st\u00e4rkt das Selbstvertrauen und die Motivation!<\/p>\n<p>-) bew\u00e4hrte Strategien aus fr\u00fcheren Erfahrungen nutzen, festigen Sie ihre bereits vorhandenen Ressourcen!<\/p>\n<p>-) der Rauchstopp ist f\u00fcr Ihre Gesundheit immer eine gute Entscheidung &#8211; in Zeiten der Pandemie, in der Sie als Raucherinnen und Raucher zur Risikogruppe z\u00e4hlen, umso mehr!<\/p>\n<p>Wer weitere Unterst\u00fctzung und Beratung beim Erhalt oder Wiedererlangen der Rauchfreiheit m\u00f6chte, kann sich diese beim Rauchfrei Telefon unter 0800 810\u00a0013 von Mo- Fr zwischen 10-18h holen!<\/p>\n<p>Links:<\/p>\n<p><a href=\"https:\/\/www.lungenaerzte-im-netz.de\/news-archiv\/meldung\/article\/-329ce311ec\/\">www.lungenaerzte-im-netz.de <\/a><\/p>\n<p><a href=\"https:\/\/www.dkfz.de\/de\/presse\/pressemitteilungen\/2020\/dkfz-pm-20-22-Corona-Pandemie-ein-guter-Grund-mehr-fuer-einen-Rauchstopp.php\">www.dkfz.de <\/a><\/p>\n<p><a href=\"https:\/\/rauchfrei.at\/rueckfall-in-der-corona-zeit\/\">www.rauchfrei.at <\/a><\/p>[\/et_pb_text][et_pb_post_nav in_same_term=&#8221;off&#8221; _builder_version=&#8221;3.0.99&#8243; global_colors_info=&#8221;{}&#8221;][\/et_pb_post_nav][\/et_pb_column][et_pb_column type=&#8221;1_3&#8243; module_class=&#8221;cat-and-tag&#8221; _builder_version=&#8221;3.25&#8243; custom_padding=&#8221;|||&#8221; global_colors_info=&#8221;{}&#8221; custom_padding__hover=&#8221;|||&#8221;][et_pb_dp_dmb_module_10093 farbe=&#8221;blitzgelb&#8221; headline=&#8221;Trauen Sie sich den Rauchstopp zu!&#8221; image=&#8221;https:\/\/rauchfrei.at\/wp-content\/uploads\/Quitting-Yellow.png&#8221; image_position=&#8221;center&#8221; link_text=&#8221;mehr&#8221; link_url=&#8221;https:\/\/rauchfrei.at\/aufhoeren\/schritte-zum-rauchstopp\/trauen-sie-sich-den-rauchstopp-zu\/&#8221; admin_label=&#8221;Trauen Sie sich den Rauchstopp zu&#8221; _builder_version=&#8221;3.19.15&#8243; global_module=&#8221;13173&#8243; saved_tabs=&#8221;all&#8221; global_colors_info=&#8221;{}&#8221;]<p>Sie m\u00f6chten etwas \u00e4ndern? Worauf warten Sie noch?<\/p>\n[\/et_pb_dp_dmb_module_10093][\/et_pb_column][\/et_pb_row][\/et_pb_section]\n","protected":false},"excerpt":{"rendered":"<p>Von Lockdown zu Lockdown &#8211; ein Hin und ein Her. Auch diese Ungewissheit: Klappt es diesmal? Ein Gef\u00fchlszustand, den viele Raucherinnen und Raucher von Rauchstopp zu Rauchstopp \u00e4hnlich erleben. <\/p>\n","protected":false},"author":25,"featured_media":0,"comment_status":"open","ping_status":"open","sticky":false,"template":"","format":"standard","meta":{"_et_pb_use_builder":"on","_et_pb_old_content":"","_et_gb_content_width":"2880","footnotes":""},"categories":[235,236,233],"tags":[],"class_list":["post-22457","post","type-post","status-publish","format-standard","hentry","category-gesundheit-und-rauchstopp","category-nicht-kategorisiert","category-unterstuetzung-beim-rauchstopp"],"yoast_head":"<!-- This site is optimized with the Yoast SEO plugin v26.2 - https:\/\/yoast.com\/wordpress\/plugins\/seo\/ -->\n<title>Noch immer Pandemie - immer noch rauchfrei? - Rauchfrei Telefon<\/title>\n<meta name=\"robots\" content=\"index, follow, max-snippet:-1, max-image-preview:large, max-video-preview:-1\" \/>\n<link rel=\"canonical\" href=\"https:\/\/rauchfrei.at\/noch-immer-pandemie-immer-noch-rauchfrei\/\" \/>\n<meta property=\"og:locale\" content=\"en_US\" \/>\n<meta property=\"og:type\" content=\"article\" \/>\n<meta property=\"og:title\" content=\"Noch immer Pandemie - immer noch rauchfrei? - Rauchfrei Telefon\" \/>\n<meta property=\"og:description\" content=\"Von Lockdown zu Lockdown - ein Hin und ein Her. Auch diese Ungewissheit: Klappt es diesmal? Ein Gef\u00fchlszustand, den viele Raucherinnen und Raucher von Rauchstopp zu Rauchstopp \u00e4hnlich erleben.\" \/>\n<meta property=\"og:url\" content=\"https:\/\/rauchfrei.at\/noch-immer-pandemie-immer-noch-rauchfrei\/\" \/>\n<meta property=\"og:site_name\" content=\"Rauchfrei Telefon\" \/>\n<meta property=\"article:published_time\" content=\"2021-12-13T06:00:00+00:00\" \/>\n<meta property=\"article:modified_time\" content=\"2021-12-15T11:11:44+00:00\" \/>\n<meta name=\"author\" content=\"Rauchfrei Team\" \/>\n<meta name=\"twitter:card\" content=\"summary_large_image\" \/>\n<meta name=\"twitter:label1\" content=\"Written by\" \/>\n\t<meta name=\"twitter:data1\" content=\"Rauchfrei Team\" \/>\n\t<meta name=\"twitter:label2\" content=\"Est. reading time\" \/>\n\t<meta name=\"twitter:data2\" content=\"2 minutes\" \/>\n<script type=\"application\/ld+json\" class=\"yoast-schema-graph\">{\"@context\":\"https:\/\/schema.org\",\"@graph\":[{\"@type\":\"WebPage\",\"@id\":\"https:\/\/rauchfrei.at\/noch-immer-pandemie-immer-noch-rauchfrei\/\",\"url\":\"https:\/\/rauchfrei.at\/noch-immer-pandemie-immer-noch-rauchfrei\/\",\"name\":\"Noch immer Pandemie - immer noch rauchfrei? - Rauchfrei Telefon\",\"isPartOf\":{\"@id\":\"https:\/\/rauchfrei.at\/#website\"},\"datePublished\":\"2021-12-13T06:00:00+00:00\",\"dateModified\":\"2021-12-15T11:11:44+00:00\",\"author\":{\"@id\":\"https:\/\/rauchfrei.at\/#\/schema\/person\/504bbf90c5482004fc09aef6de7f9277\"},\"inLanguage\":\"en-US\",\"potentialAction\":[{\"@type\":\"ReadAction\",\"target\":[\"https:\/\/rauchfrei.at\/noch-immer-pandemie-immer-noch-rauchfrei\/\"]}]},{\"@type\":\"WebSite\",\"@id\":\"https:\/\/rauchfrei.at\/#website\",\"url\":\"https:\/\/rauchfrei.at\/\",\"name\":\"Rauchfrei Telefon\",\"description\":\"Eine \u00f6sterreichweite Initiative der Sozialversicherungen.\",\"potentialAction\":[{\"@type\":\"SearchAction\",\"target\":{\"@type\":\"EntryPoint\",\"urlTemplate\":\"https:\/\/rauchfrei.at\/?s={search_term_string}\"},\"query-input\":{\"@type\":\"PropertyValueSpecification\",\"valueRequired\":true,\"valueName\":\"search_term_string\"}}],\"inLanguage\":\"en-US\"},{\"@type\":\"Person\",\"@id\":\"https:\/\/rauchfrei.at\/#\/schema\/person\/504bbf90c5482004fc09aef6de7f9277\",\"name\":\"Rauchfrei Team\",\"image\":{\"@type\":\"ImageObject\",\"inLanguage\":\"en-US\",\"@id\":\"https:\/\/rauchfrei.at\/#\/schema\/person\/image\/\",\"url\":\"https:\/\/secure.gravatar.com\/avatar\/2115b79a00800516fa1523bb5a329611f90e73e89be559131fc7e82b4fdc95ff?s=96&d=mm&r=g\",\"contentUrl\":\"https:\/\/secure.gravatar.com\/avatar\/2115b79a00800516fa1523bb5a329611f90e73e89be559131fc7e82b4fdc95ff?s=96&d=mm&r=g\",\"caption\":\"Rauchfrei Team\"},\"url\":\"https:\/\/rauchfrei.at\/en\/author\/rauchfrei-team\/\"}]}<\/script>\n<!-- \/ Yoast SEO plugin. -->","yoast_head_json":{"title":"Noch immer Pandemie - immer noch rauchfrei? - Rauchfrei Telefon","robots":{"index":"index","follow":"follow","max-snippet":"max-snippet:-1","max-image-preview":"max-image-preview:large","max-video-preview":"max-video-preview:-1"},"canonical":"https:\/\/rauchfrei.at\/noch-immer-pandemie-immer-noch-rauchfrei\/","og_locale":"en_US","og_type":"article","og_title":"Noch immer Pandemie - immer noch rauchfrei? - Rauchfrei Telefon","og_description":"Von Lockdown zu Lockdown - ein Hin und ein Her. Auch diese Ungewissheit: Klappt es diesmal? Ein Gef\u00fchlszustand, den viele Raucherinnen und Raucher von Rauchstopp zu Rauchstopp \u00e4hnlich erleben.","og_url":"https:\/\/rauchfrei.at\/noch-immer-pandemie-immer-noch-rauchfrei\/","og_site_name":"Rauchfrei Telefon","article_published_time":"2021-12-13T06:00:00+00:00","article_modified_time":"2021-12-15T11:11:44+00:00","author":"Rauchfrei Team","twitter_card":"summary_large_image","twitter_misc":{"Written by":"Rauchfrei Team","Est. reading time":"2 minutes"},"schema":{"@context":"https:\/\/schema.org","@graph":[{"@type":"WebPage","@id":"https:\/\/rauchfrei.at\/noch-immer-pandemie-immer-noch-rauchfrei\/","url":"https:\/\/rauchfrei.at\/noch-immer-pandemie-immer-noch-rauchfrei\/","name":"Noch immer Pandemie - immer noch rauchfrei? - Rauchfrei Telefon","isPartOf":{"@id":"https:\/\/rauchfrei.at\/#website"},"datePublished":"2021-12-13T06:00:00+00:00","dateModified":"2021-12-15T11:11:44+00:00","author":{"@id":"https:\/\/rauchfrei.at\/#\/schema\/person\/504bbf90c5482004fc09aef6de7f9277"},"inLanguage":"en-US","potentialAction":[{"@type":"ReadAction","target":["https:\/\/rauchfrei.at\/noch-immer-pandemie-immer-noch-rauchfrei\/"]}]},{"@type":"WebSite","@id":"https:\/\/rauchfrei.at\/#website","url":"https:\/\/rauchfrei.at\/","name":"Rauchfrei Telefon","description":"Eine \u00f6sterreichweite Initiative der Sozialversicherungen.","potentialAction":[{"@type":"SearchAction","target":{"@type":"EntryPoint","urlTemplate":"https:\/\/rauchfrei.at\/?s={search_term_string}"},"query-input":{"@type":"PropertyValueSpecification","valueRequired":true,"valueName":"search_term_string"}}],"inLanguage":"en-US"},{"@type":"Person","@id":"https:\/\/rauchfrei.at\/#\/schema\/person\/504bbf90c5482004fc09aef6de7f9277","name":"Rauchfrei Team","image":{"@type":"ImageObject","inLanguage":"en-US","@id":"https:\/\/rauchfrei.at\/#\/schema\/person\/image\/","url":"https:\/\/secure.gravatar.com\/avatar\/2115b79a00800516fa1523bb5a329611f90e73e89be559131fc7e82b4fdc95ff?s=96&d=mm&r=g","contentUrl":"https:\/\/secure.gravatar.com\/avatar\/2115b79a00800516fa1523bb5a329611f90e73e89be559131fc7e82b4fdc95ff?s=96&d=mm&r=g","caption":"Rauchfrei Team"},"url":"https:\/\/rauchfrei.at\/en\/author\/rauchfrei-team\/"}]}},"_links":{"self":[{"href":"https:\/\/rauchfrei.at\/en\/wp-json\/wp\/v2\/posts\/22457","targetHints":{"allow":["GET"]}}],"collection":[{"href":"https:\/\/rauchfrei.at\/en\/wp-json\/wp\/v2\/posts"}],"about":[{"href":"https:\/\/rauchfrei.at\/en\/wp-json\/wp\/v2\/types\/post"}],"author":[{"embeddable":true,"href":"https:\/\/rauchfrei.at\/en\/wp-json\/wp\/v2\/users\/25"}],"replies":[{"embeddable":true,"href":"https:\/\/rauchfrei.at\/en\/wp-json\/wp\/v2\/comments?post=22457"}],"version-history":[{"count":11,"href":"https:\/\/rauchfrei.at\/en\/wp-json\/wp\/v2\/posts\/22457\/revisions"}],"predecessor-version":[{"id":22528,"href":"https:\/\/rauchfrei.at\/en\/wp-json\/wp\/v2\/posts\/22457\/revisions\/22528"}],"wp:attachment":[{"href":"https:\/\/rauchfrei.at\/en\/wp-json\/wp\/v2\/media?parent=22457"}],"wp:term":[{"taxonomy":"category","embeddable":true,"href":"https:\/\/rauchfrei.at\/en\/wp-json\/wp\/v2\/categories?post=22457"},{"taxonomy":"post_tag","embeddable":true,"href":"https:\/\/rauchfrei.at\/en\/wp-json\/wp\/v2\/tags?post=22457"}],"curies":[{"name":"wp","href":"https:\/\/api.w.org\/{rel}","templated":true}]}}