
{"id":22586,"date":"2022-01-03T08:00:00","date_gmt":"2022-01-03T06:00:00","guid":{"rendered":"https:\/\/rauchfrei.at\/?p=22586"},"modified":"2021-12-23T22:44:29","modified_gmt":"2021-12-23T20:44:29","slug":"das-jahr-2022-duftet-nach-veraenderung","status":"publish","type":"post","link":"https:\/\/rauchfrei.at\/en\/das-jahr-2022-duftet-nach-veraenderung\/","title":{"rendered":"Das Jahr 2022 duftet nach Ver\u00e4nderung"},"content":{"rendered":"\n[et_pb_section fb_built=&#8221;1&#8243; module_class=&#8221;header&#8221; _builder_version=&#8221;3.22&#8243; global_colors_info=&#8221;{}&#8221;][et_pb_row _builder_version=&#8221;3.25&#8243; global_colors_info=&#8221;{}&#8221;][et_pb_column type=&#8221;4_4&#8243; _builder_version=&#8221;3.25&#8243; custom_padding=&#8221;|||&#8221; global_colors_info=&#8221;{}&#8221; custom_padding__hover=&#8221;|||&#8221;][et_pb_dp_dmb_module_10001 subheadline=&#8221;Rauchfrei im neuen Jahr&#8221; _builder_version=&#8221;4.13.1&#8243; z_index_tablet=&#8221;500&#8243; global_colors_info=&#8221;{}&#8221;][\/et_pb_dp_dmb_module_10001][\/et_pb_column][\/et_pb_row][\/et_pb_section][et_pb_section fb_built=&#8221;1&#8243; _builder_version=&#8221;3.22&#8243; custom_padding=&#8221;30px|||&#8221; global_colors_info=&#8221;{}&#8221;][et_pb_row column_structure=&#8221;2_3,1_3&#8243; _builder_version=&#8221;3.25&#8243; global_colors_info=&#8221;{}&#8221;][et_pb_column type=&#8221;2_3&#8243; module_class=&#8221;blog-content&#8221; _builder_version=&#8221;3.25&#8243; custom_padding=&#8221;|||&#8221; global_colors_info=&#8221;{}&#8221; custom_padding__hover=&#8221;|||&#8221;][et_pb_text _builder_version=&#8221;4.13.1&#8243; global_colors_info=&#8221;{}&#8221;]<p>Einige Ver\u00e4nderungen haben Sie selbst in der Hand: zum Beispiel sich ganz pers\u00f6nlich zu erneuern und bisherige Gewohnheiten still und heimlich \u201eauslaufen\u201c zu lassen. Vielleicht lassen Sie in Zukunft das, was Ihnen nicht gut tut? Das neue Jahr duftet definitiv besser ohne Rauch! Versuchen Sie es auch!<\/p>\n<p>Welcher Zeitpunkt w\u00fcrde sich wohl besser eignen, um den Rauchstopp endlich zu wagen als der Beginn des neuen Jahres? Das denken sich viele Raucherinnen und Raucher und sind motiviert es dieses Mal erfolgreich zu schaffen. Doch der Jahresanfang allein ist nicht genug \u2013 Was braucht man denn noch f\u00fcr einen erfolgreichen Rauchstopp?<\/p>[\/et_pb_text][et_pb_toggle title=&#8221;Weniger ist mehr&#8221; admin_label=&#8221;Weniger ist mehr&#8221; _builder_version=&#8221;4.13.1&#8243; _module_preset=&#8221;default&#8221; global_colors_info=&#8221;{}&#8221;]<p>Wenn zu viele Vors\u00e4tze das neue Jahr belasten, dann wird aus guten Vorhaben eine unrealistische Last. Besser ist es, sich ein Ziel vorzunehmen (den Rauchstopp) und da einen Schritt nach dem anderen zu machen. Oft gehen mit dem Rauchstopp dann auch andere Ver\u00e4nderungen einher (mehr Bewegung, Ern\u00e4hrungsumstellung), die man sowieso auf der Agenda hatte.<\/p>[\/et_pb_toggle][et_pb_toggle title=&#8221;Meine pers\u00f6nliche Motivation&#8221; admin_label=&#8221;Motivation&#8221; _builder_version=&#8221;4.13.1&#8243; _module_preset=&#8221;default&#8221; global_colors_info=&#8221;{}&#8221;]<p>Der Zeitpunkt mit dem Rauchen aufzuh\u00f6ren ist also gekl\u00e4rt, doch ein ebenso wichtiger Punkt ist die Frage, warum man aufh\u00f6ren m\u00f6chte. Die Gr\u00fcnde gut f\u00fcr sich zu \u00fcberlegen und auch niederzuschreiben, ist ebenso wichtig, wie einen guten Zeitpunkt f\u00fcr den Start der Rauchfreiheit zu finden.<\/p>[\/et_pb_toggle][et_pb_toggle title=&#8221;Gute Planung&#8221; admin_label=&#8221;Planung&#8221; _builder_version=&#8221;4.13.1&#8243; _module_preset=&#8221;default&#8221; global_colors_info=&#8221;{}&#8221;]<p>Der Vorsatz am 1. J\u00e4nner rauchfrei zu sein ist schnell gefasst, doch ohne Vorbereitung und das Wissen, wie man das schaffen kann, hilft das Datum festzulegen vielleicht zu wenig. Ein paar Tage sp\u00e4ter den ersten rauchfreien Tag planen erm\u00f6glicht eine gute Vorbereitungszeit.<\/p>[\/et_pb_toggle][et_pb_toggle title=&#8221;Professionelle Hilfe&#8221; admin_label=&#8221;Hilfe&#8221; _builder_version=&#8221;4.13.1&#8243; _module_preset=&#8221;default&#8221; global_colors_info=&#8221;{}&#8221;]<p>Bei der Planung und Umsetzung des Vorhabens Hilfe anzunehmen, vergr\u00f6\u00dfert die Chance auf Erfolg.<br \/>Das Rauchfrei Telefon hilft gerne: Unter unserer Telefonnummer erreichen Sie uns von Montag bis Freitag von 10:00 bis 18:00 unter 0800 810 013.<\/p>[\/et_pb_toggle][et_pb_text _builder_version=&#8221;4.13.1&#8243; hover_enabled=&#8221;0&#8243; global_colors_info=&#8221;{}&#8221; sticky_enabled=&#8221;0&#8243;]<p>Viele Tipps und Infos finden Sie auf <a href=\"http:\/\/www.rauchfrei.at\">www.rauchfrei.at<\/a> und auch die App kann hilfreich sein: <a href=\"http:\/\/www.rauchfreiapp.at\">www.rauchfreiapp.at<\/a><\/p>\n<p>In diesem Sinne bleibt nur mit Hermann Hesse zu enden: \u201eWohlan denn, Herz, nimm Abschied und gesunde\u201c!<\/p>\n<p>&nbsp;<\/p>[\/et_pb_text][et_pb_post_nav in_same_term=&#8221;off&#8221; _builder_version=&#8221;4.13.1&#8243; global_colors_info=&#8221;{}&#8221;][\/et_pb_post_nav][\/et_pb_column][et_pb_column type=&#8221;1_3&#8243; module_class=&#8221;cat-and-tag&#8221; _builder_version=&#8221;3.25&#8243; custom_padding=&#8221;|||&#8221; global_colors_info=&#8221;{}&#8221; custom_padding__hover=&#8221;|||&#8221;][et_pb_dp_dmb_module_10093 farbe=&#8221;blitzgelb&#8221; headline=&#8221;Trauen Sie sich den Rauchstopp zu!&#8221; image=&#8221;https:\/\/rauchfrei.at\/wp-content\/uploads\/Quitting-Yellow.png&#8221; image_position=&#8221;center&#8221; link_text=&#8221;mehr&#8221; link_url=&#8221;https:\/\/rauchfrei.at\/aufhoeren\/schritte-zum-rauchstopp\/trauen-sie-sich-den-rauchstopp-zu\/&#8221; admin_label=&#8221;Trauen Sie sich den Rauchstopp zu&#8221; _builder_version=&#8221;3.19.15&#8243; global_module=&#8221;13173&#8243; saved_tabs=&#8221;all&#8221; global_colors_info=&#8221;{}&#8221;]<p>Sie m\u00f6chten etwas \u00e4ndern? Worauf warten Sie noch?<\/p>\n[\/et_pb_dp_dmb_module_10093][et_pb_dp_dmb_module_10093 farbe=&#8221;blitzgelb&#8221; headline=&#8221;Buchen Sie einen Anruf!&#8221; image=&#8221;https:\/\/rauchfrei.at\/wp-content\/uploads\/rauchfrei-rueckruf-gelb.png&#8221; image_position=&#8221;center&#8221; link_text=&#8221;Anruf buchen!&#8221; link_url=&#8221;https:\/\/rauchfrei.at\/beratung\/anruf-gewuenscht\/&#8221; image_size=&#8221;80&#8243; admin_label=&#8221;Anruf buchen&#8221; _builder_version=&#8221;3.21.1&#8243; max_width=&#8221;100%&#8221; global_module=&#8221;13148&#8243; saved_tabs=&#8221;all&#8221; global_colors_info=&#8221;{}&#8221;]<p>Wir rufen Sie gerne an.<\/p>\n[\/et_pb_dp_dmb_module_10093][\/et_pb_column][\/et_pb_row][\/et_pb_section]\n","protected":false},"excerpt":{"rendered":"<p>\u201eUnd jedem Anfang wohnt ein Zauber inne\u201c Diese treffenden Zeilen von Hermann Hesse beschreiben die Aufbruchsstimmung, die alleine der Gedanke an das Neue bringen kann. Sie verleiht der Motivation neuen Schwung und gibt der Hoffnung etwas schaffen zu k\u00f6nnen ein Fundament.<\/p>\n","protected":false},"author":25,"featured_media":0,"comment_status":"open","ping_status":"open","sticky":false,"template":"","format":"standard","meta":{"_et_pb_use_builder":"on","_et_pb_old_content":"","_et_gb_content_width":"2880","footnotes":""},"categories":[236],"tags":[],"class_list":["post-22586","post","type-post","status-publish","format-standard","hentry","category-nicht-kategorisiert"],"yoast_head":"<!-- This site is optimized with the Yoast SEO plugin v26.2 - https:\/\/yoast.com\/wordpress\/plugins\/seo\/ -->\n<title>Das Jahr 2022 duftet nach Ver\u00e4nderung - Rauchfrei Telefon<\/title>\n<meta name=\"robots\" content=\"index, follow, max-snippet:-1, max-image-preview:large, max-video-preview:-1\" \/>\n<link rel=\"canonical\" href=\"https:\/\/rauchfrei.at\/das-jahr-2022-duftet-nach-veraenderung\/\" \/>\n<meta property=\"og:locale\" content=\"en_US\" \/>\n<meta property=\"og:type\" content=\"article\" \/>\n<meta property=\"og:title\" content=\"Das Jahr 2022 duftet nach Ver\u00e4nderung - Rauchfrei Telefon\" \/>\n<meta property=\"og:description\" content=\"\u201eUnd jedem Anfang wohnt ein Zauber inne\u201c Diese treffenden Zeilen von Hermann Hesse beschreiben die Aufbruchsstimmung, die alleine der Gedanke an das Neue bringen kann. Sie verleiht der Motivation neuen Schwung und gibt der Hoffnung etwas schaffen zu k\u00f6nnen ein Fundament.\" \/>\n<meta property=\"og:url\" content=\"https:\/\/rauchfrei.at\/das-jahr-2022-duftet-nach-veraenderung\/\" \/>\n<meta property=\"og:site_name\" content=\"Rauchfrei Telefon\" \/>\n<meta property=\"article:published_time\" content=\"2022-01-03T06:00:00+00:00\" \/>\n<meta name=\"author\" content=\"Rauchfrei Team\" \/>\n<meta name=\"twitter:card\" content=\"summary_large_image\" \/>\n<meta name=\"twitter:label1\" content=\"Written by\" \/>\n\t<meta name=\"twitter:data1\" content=\"Rauchfrei Team\" \/>\n\t<meta name=\"twitter:label2\" content=\"Est. reading time\" \/>\n\t<meta name=\"twitter:data2\" content=\"2 minutes\" \/>\n<script type=\"application\/ld+json\" class=\"yoast-schema-graph\">{\"@context\":\"https:\/\/schema.org\",\"@graph\":[{\"@type\":\"WebPage\",\"@id\":\"https:\/\/rauchfrei.at\/das-jahr-2022-duftet-nach-veraenderung\/\",\"url\":\"https:\/\/rauchfrei.at\/das-jahr-2022-duftet-nach-veraenderung\/\",\"name\":\"Das Jahr 2022 duftet nach Ver\u00e4nderung - Rauchfrei Telefon\",\"isPartOf\":{\"@id\":\"https:\/\/rauchfrei.at\/#website\"},\"datePublished\":\"2022-01-03T06:00:00+00:00\",\"author\":{\"@id\":\"https:\/\/rauchfrei.at\/#\/schema\/person\/504bbf90c5482004fc09aef6de7f9277\"},\"inLanguage\":\"en-US\",\"potentialAction\":[{\"@type\":\"ReadAction\",\"target\":[\"https:\/\/rauchfrei.at\/das-jahr-2022-duftet-nach-veraenderung\/\"]}]},{\"@type\":\"WebSite\",\"@id\":\"https:\/\/rauchfrei.at\/#website\",\"url\":\"https:\/\/rauchfrei.at\/\",\"name\":\"Rauchfrei Telefon\",\"description\":\"Eine \u00f6sterreichweite Initiative der Sozialversicherungen.\",\"potentialAction\":[{\"@type\":\"SearchAction\",\"target\":{\"@type\":\"EntryPoint\",\"urlTemplate\":\"https:\/\/rauchfrei.at\/?s={search_term_string}\"},\"query-input\":{\"@type\":\"PropertyValueSpecification\",\"valueRequired\":true,\"valueName\":\"search_term_string\"}}],\"inLanguage\":\"en-US\"},{\"@type\":\"Person\",\"@id\":\"https:\/\/rauchfrei.at\/#\/schema\/person\/504bbf90c5482004fc09aef6de7f9277\",\"name\":\"Rauchfrei Team\",\"image\":{\"@type\":\"ImageObject\",\"inLanguage\":\"en-US\",\"@id\":\"https:\/\/rauchfrei.at\/#\/schema\/person\/image\/\",\"url\":\"https:\/\/secure.gravatar.com\/avatar\/2115b79a00800516fa1523bb5a329611f90e73e89be559131fc7e82b4fdc95ff?s=96&d=mm&r=g\",\"contentUrl\":\"https:\/\/secure.gravatar.com\/avatar\/2115b79a00800516fa1523bb5a329611f90e73e89be559131fc7e82b4fdc95ff?s=96&d=mm&r=g\",\"caption\":\"Rauchfrei Team\"},\"url\":\"https:\/\/rauchfrei.at\/en\/author\/rauchfrei-team\/\"}]}<\/script>\n<!-- \/ Yoast SEO plugin. -->","yoast_head_json":{"title":"Das Jahr 2022 duftet nach Ver\u00e4nderung - Rauchfrei Telefon","robots":{"index":"index","follow":"follow","max-snippet":"max-snippet:-1","max-image-preview":"max-image-preview:large","max-video-preview":"max-video-preview:-1"},"canonical":"https:\/\/rauchfrei.at\/das-jahr-2022-duftet-nach-veraenderung\/","og_locale":"en_US","og_type":"article","og_title":"Das Jahr 2022 duftet nach Ver\u00e4nderung - Rauchfrei Telefon","og_description":"\u201eUnd jedem Anfang wohnt ein Zauber inne\u201c Diese treffenden Zeilen von Hermann Hesse beschreiben die Aufbruchsstimmung, die alleine der Gedanke an das Neue bringen kann. Sie verleiht der Motivation neuen Schwung und gibt der Hoffnung etwas schaffen zu k\u00f6nnen ein Fundament.","og_url":"https:\/\/rauchfrei.at\/das-jahr-2022-duftet-nach-veraenderung\/","og_site_name":"Rauchfrei Telefon","article_published_time":"2022-01-03T06:00:00+00:00","author":"Rauchfrei Team","twitter_card":"summary_large_image","twitter_misc":{"Written by":"Rauchfrei Team","Est. reading time":"2 minutes"},"schema":{"@context":"https:\/\/schema.org","@graph":[{"@type":"WebPage","@id":"https:\/\/rauchfrei.at\/das-jahr-2022-duftet-nach-veraenderung\/","url":"https:\/\/rauchfrei.at\/das-jahr-2022-duftet-nach-veraenderung\/","name":"Das Jahr 2022 duftet nach Ver\u00e4nderung - Rauchfrei Telefon","isPartOf":{"@id":"https:\/\/rauchfrei.at\/#website"},"datePublished":"2022-01-03T06:00:00+00:00","author":{"@id":"https:\/\/rauchfrei.at\/#\/schema\/person\/504bbf90c5482004fc09aef6de7f9277"},"inLanguage":"en-US","potentialAction":[{"@type":"ReadAction","target":["https:\/\/rauchfrei.at\/das-jahr-2022-duftet-nach-veraenderung\/"]}]},{"@type":"WebSite","@id":"https:\/\/rauchfrei.at\/#website","url":"https:\/\/rauchfrei.at\/","name":"Rauchfrei Telefon","description":"Eine \u00f6sterreichweite Initiative der Sozialversicherungen.","potentialAction":[{"@type":"SearchAction","target":{"@type":"EntryPoint","urlTemplate":"https:\/\/rauchfrei.at\/?s={search_term_string}"},"query-input":{"@type":"PropertyValueSpecification","valueRequired":true,"valueName":"search_term_string"}}],"inLanguage":"en-US"},{"@type":"Person","@id":"https:\/\/rauchfrei.at\/#\/schema\/person\/504bbf90c5482004fc09aef6de7f9277","name":"Rauchfrei Team","image":{"@type":"ImageObject","inLanguage":"en-US","@id":"https:\/\/rauchfrei.at\/#\/schema\/person\/image\/","url":"https:\/\/secure.gravatar.com\/avatar\/2115b79a00800516fa1523bb5a329611f90e73e89be559131fc7e82b4fdc95ff?s=96&d=mm&r=g","contentUrl":"https:\/\/secure.gravatar.com\/avatar\/2115b79a00800516fa1523bb5a329611f90e73e89be559131fc7e82b4fdc95ff?s=96&d=mm&r=g","caption":"Rauchfrei Team"},"url":"https:\/\/rauchfrei.at\/en\/author\/rauchfrei-team\/"}]}},"_links":{"self":[{"href":"https:\/\/rauchfrei.at\/en\/wp-json\/wp\/v2\/posts\/22586","targetHints":{"allow":["GET"]}}],"collection":[{"href":"https:\/\/rauchfrei.at\/en\/wp-json\/wp\/v2\/posts"}],"about":[{"href":"https:\/\/rauchfrei.at\/en\/wp-json\/wp\/v2\/types\/post"}],"author":[{"embeddable":true,"href":"https:\/\/rauchfrei.at\/en\/wp-json\/wp\/v2\/users\/25"}],"replies":[{"embeddable":true,"href":"https:\/\/rauchfrei.at\/en\/wp-json\/wp\/v2\/comments?post=22586"}],"version-history":[{"count":9,"href":"https:\/\/rauchfrei.at\/en\/wp-json\/wp\/v2\/posts\/22586\/revisions"}],"predecessor-version":[{"id":22604,"href":"https:\/\/rauchfrei.at\/en\/wp-json\/wp\/v2\/posts\/22586\/revisions\/22604"}],"wp:attachment":[{"href":"https:\/\/rauchfrei.at\/en\/wp-json\/wp\/v2\/media?parent=22586"}],"wp:term":[{"taxonomy":"category","embeddable":true,"href":"https:\/\/rauchfrei.at\/en\/wp-json\/wp\/v2\/categories?post=22586"},{"taxonomy":"post_tag","embeddable":true,"href":"https:\/\/rauchfrei.at\/en\/wp-json\/wp\/v2\/tags?post=22586"}],"curies":[{"name":"wp","href":"https:\/\/api.w.org\/{rel}","templated":true}]}}