
{"id":22661,"date":"2022-01-10T08:00:00","date_gmt":"2022-01-10T06:00:00","guid":{"rendered":"https:\/\/rauchfrei.at\/?p=22661"},"modified":"2022-01-11T19:05:36","modified_gmt":"2022-01-11T17:05:36","slug":"zweifeln-sie-noch-ob-sie-den-rauchstopp-durchfuehren-moechten","status":"publish","type":"post","link":"https:\/\/rauchfrei.at\/en\/zweifeln-sie-noch-ob-sie-den-rauchstopp-durchfuehren-moechten\/","title":{"rendered":"Zweifeln Sie noch, ob Sie den Rauchstopp durchf\u00fchren m\u00f6chten?"},"content":{"rendered":"\n[et_pb_section fb_built=&#8221;1&#8243; module_class=&#8221;header&#8221; _builder_version=&#8221;3.22&#8243; global_colors_info=&#8221;{}&#8221;][et_pb_row _builder_version=&#8221;3.25&#8243; global_colors_info=&#8221;{}&#8221;][et_pb_column type=&#8221;4_4&#8243; _builder_version=&#8221;3.25&#8243; custom_padding=&#8221;|||&#8221; global_colors_info=&#8221;{}&#8221; custom_padding__hover=&#8221;|||&#8221;][et_pb_dp_dmb_module_10001 subheadline=&#8221;Vom nachdenklichen Rauchen zur konkreten Vorbereitung&#8221; _builder_version=&#8221;4.13.1&#8243; z_index_tablet=&#8221;500&#8243; global_colors_info=&#8221;{}&#8221;][\/et_pb_dp_dmb_module_10001][\/et_pb_column][\/et_pb_row][\/et_pb_section][et_pb_section fb_built=&#8221;1&#8243; _builder_version=&#8221;3.22&#8243; custom_padding=&#8221;30px|||&#8221; global_colors_info=&#8221;{}&#8221;][et_pb_row column_structure=&#8221;2_3,1_3&#8243; _builder_version=&#8221;3.25&#8243; global_colors_info=&#8221;{}&#8221;][et_pb_column type=&#8221;2_3&#8243; module_class=&#8221;blog-content&#8221; _builder_version=&#8221;3.25&#8243; custom_padding=&#8221;|||&#8221; global_colors_info=&#8221;{}&#8221; custom_padding__hover=&#8221;|||&#8221;][et_pb_text _builder_version=&#8221;4.13.1&#8243; global_colors_info=&#8221;{}&#8221;]<p>Viele kennen das unangenehme Gef\u00fchl, das mit dem Rauchen einhergehen kann und sich pl\u00f6tzlich oder schon l\u00e4ngere Zeit nicht weiter so richtig verdr\u00e4ngen l\u00e4sst: Sei es, weil die Gesundheit nicht mehr so richtig mitspielt. Weil Partner oder Freunde es nicht mehr gut finden, dass man zur Zigarette greift. Oder weil pl\u00f6tzlich wird es schmerzhaft bewusst, dass man statt der Zigarette auch gleich einen gedrehten Geldschein anz\u00fcnden k\u00f6nnte. Also entsteht immer deutlicher sp\u00fcrbar der Wunsch aufzuh\u00f6ren und man erh\u00e4lt zudem den medizinischen Rat dazu. Trotzdem gibt es noch gen\u00fcgend Gr\u00fcnde vorerst rauchend zu bleiben und eigentlich wei\u00df man nicht so genau, ob man in aller Konsequenz einen Schlussstrich ziehen m\u00f6chte oder kann. Welche Schritte k\u00f6nnen als Erstes dabei helfen deutlich \u201eja, ich will\u201c zu sagen zum Rauchstopp?<\/p>\n<blockquote>\n<p>\u00dcberlegen Sie sich bewusst: Wof\u00fcr rauche ich eigentlich? Wozu dient mir die Zigarette?<\/p>\n<\/blockquote>[\/et_pb_text][et_pb_accordion _builder_version=&#8221;4.13.1&#8243; _module_preset=&#8221;default&#8221; global_colors_info=&#8221;{}&#8221;][et_pb_accordion_item title=&#8221;Rauchen hat immer eine oder mehrere Funktionen: &#8221; open=&#8221;on&#8221; _builder_version=&#8221;4.13.1&#8243; _module_preset=&#8221;default&#8221; global_colors_info=&#8221;{}&#8221;]<p>\u2022 soziales \u201eSchmiermittel\u201c <br \/>\u2022 an bestimmte Situationen gekn\u00fcpftes liebgewonnenes Ritual <br \/>\u2022 ein Rettungsanker bei \u00c4rger und Stress <br \/>\u2022 als Genussmoment<br \/>\u2022 zum Entspannen<br \/>\u2022 zum Aktivieren <br \/>\u2022 Halt bei emotionalen Belastungen <br \/>\u2022 beim Warten <br \/>\u2022 aus Langeweile<\/p>\n<p>&nbsp;<\/p>[\/et_pb_accordion_item][\/et_pb_accordion][et_pb_text _builder_version=&#8221;4.13.1&#8243; _module_preset=&#8221;default&#8221; global_colors_info=&#8221;{}&#8221;]<p>Das Rauchprotokoll hilft dabei Ihre ganz pers\u00f6nlichen Gr\u00fcnde herauszufinden. (Hier finden Sie das <a href=\"https:\/\/rauchfrei.at\/broschueren-downloads\/download-beratungsunterlagen\/\">Rauchprotokoll<\/a>)<\/p>\n<p>Was ist mein pers\u00f6nlicher Grund aufzuh\u00f6ren und mein Ziel?<br \/>Eine Zielvorstellung ist wichtig: Wie soll dieses aussehen? Kann ich mir das vielleicht m\u00f6glichst genau bildlich vorstellen? Wie wird es dann sein? Welche sind meine pers\u00f6nlichen Motive aufzuh\u00f6ren?<\/p>\n<p>Dazu ist es wichtig sich Zeit zu nehmen dar\u00fcber nachzudenken, ein Bild oder einen passenden Satz dazu zu finden.<br \/>Damit ist ein Anfang gemacht! Zus\u00e4tzlich ist es von gro\u00dfem Vorteil sich professionelle Hilfe zu holen, denn da k\u00f6nnen weitere pers\u00f6nliche Strategien entwickelt und der Rauchstopp gut geplant werden. Dann kann die Rauchfreiheit bald beginnen!<br \/>Rufen Sie uns an: 0800 810 013<\/p>[\/et_pb_text][et_pb_post_nav in_same_term=&#8221;off&#8221; _builder_version=&#8221;3.0.99&#8243; global_colors_info=&#8221;{}&#8221;][\/et_pb_post_nav][\/et_pb_column][et_pb_column type=&#8221;1_3&#8243; module_class=&#8221;cat-and-tag&#8221; _builder_version=&#8221;3.25&#8243; custom_padding=&#8221;|||&#8221; global_colors_info=&#8221;{}&#8221; custom_padding__hover=&#8221;|||&#8221;][et_pb_sidebar area=&#8221;et_pb_widget_area_1&#8243; _builder_version=&#8221;3.0.99&#8243; global_colors_info=&#8221;{}&#8221;][\/et_pb_sidebar][et_pb_dp_dmb_module_10093 farbe=&#8221;blitzgelb&#8221; headline=&#8221;Trauen Sie sich den Rauchstopp zu!&#8221; image=&#8221;https:\/\/rauchfrei.at\/wp-content\/uploads\/Quitting-Yellow.png&#8221; image_position=&#8221;center&#8221; link_text=&#8221;mehr&#8221; link_url=&#8221;https:\/\/rauchfrei.at\/aufhoeren\/schritte-zum-rauchstopp\/trauen-sie-sich-den-rauchstopp-zu\/&#8221; admin_label=&#8221;Trauen Sie sich den Rauchstopp zu&#8221; _builder_version=&#8221;3.19.15&#8243; global_module=&#8221;13173&#8243; saved_tabs=&#8221;all&#8221; global_colors_info=&#8221;{}&#8221;]<p>Sie m\u00f6chten etwas \u00e4ndern? Worauf warten Sie noch?<\/p>\n[\/et_pb_dp_dmb_module_10093][et_pb_dp_dmb_module_10093 farbe=&#8221;blitzblau&#8221; headline=&#8221;Alternativen zum Rauchen&#8221; image=&#8221;https:\/\/rauchfrei.at\/wp-content\/uploads\/Relax-in-hammok.png&#8221; image_position=&#8221;center&#8221; link_text=&#8221;mehr&#8221; link_url=&#8221;https:\/\/rauchfrei.at\/alternativen\/&#8221; admin_label=&#8221;Alternativen zum Rauchen&#8221; _builder_version=&#8221;4.9.0&#8243; z_index_tablet=&#8221;500&#8243; saved_tabs=&#8221;all&#8221; global_colors_info=&#8221;{}&#8221; global_module=&#8221;13174&#8243; theme_builder_area=&#8221;post_content&#8221;]<p>Es gibt viele M\u00f6glichkeiten, um nicht zur Zigarette zu greifen!<\/p>[\/et_pb_dp_dmb_module_10093][\/et_pb_column][\/et_pb_row][\/et_pb_section]\n","protected":false},"excerpt":{"rendered":"<p>Wie sagte schon Mark Twain? \u201eDas Geheimnis des Erfolges ist anzufangen\u201c. Blo\u00df &#8211; wie schaffe ich das?<\/p>\n","protected":false},"author":25,"featured_media":0,"comment_status":"open","ping_status":"open","sticky":false,"template":"","format":"standard","meta":{"_et_pb_use_builder":"on","_et_pb_old_content":"","_et_gb_content_width":"2880","footnotes":""},"categories":[236],"tags":[],"class_list":["post-22661","post","type-post","status-publish","format-standard","hentry","category-nicht-kategorisiert"],"yoast_head":"<!-- This site is optimized with the Yoast SEO plugin v26.2 - https:\/\/yoast.com\/wordpress\/plugins\/seo\/ -->\n<title>Zweifeln Sie noch, ob Sie den Rauchstopp durchf\u00fchren m\u00f6chten? - Rauchfrei Telefon<\/title>\n<meta name=\"robots\" content=\"index, follow, max-snippet:-1, max-image-preview:large, max-video-preview:-1\" \/>\n<link rel=\"canonical\" href=\"https:\/\/rauchfrei.at\/zweifeln-sie-noch-ob-sie-den-rauchstopp-durchfuehren-moechten\/\" \/>\n<meta property=\"og:locale\" content=\"en_US\" \/>\n<meta property=\"og:type\" content=\"article\" \/>\n<meta property=\"og:title\" content=\"Zweifeln Sie noch, ob Sie den Rauchstopp durchf\u00fchren m\u00f6chten? - Rauchfrei Telefon\" \/>\n<meta property=\"og:description\" content=\"Wie sagte schon Mark Twain? \u201eDas Geheimnis des Erfolges ist anzufangen\u201c. Blo\u00df - wie schaffe ich das?\" \/>\n<meta property=\"og:url\" content=\"https:\/\/rauchfrei.at\/zweifeln-sie-noch-ob-sie-den-rauchstopp-durchfuehren-moechten\/\" \/>\n<meta property=\"og:site_name\" content=\"Rauchfrei Telefon\" \/>\n<meta property=\"article:published_time\" content=\"2022-01-10T06:00:00+00:00\" \/>\n<meta property=\"article:modified_time\" content=\"2022-01-11T17:05:36+00:00\" \/>\n<meta name=\"author\" content=\"Rauchfrei Team\" \/>\n<meta name=\"twitter:card\" content=\"summary_large_image\" \/>\n<meta name=\"twitter:label1\" content=\"Written by\" \/>\n\t<meta name=\"twitter:data1\" content=\"Rauchfrei Team\" \/>\n\t<meta name=\"twitter:label2\" content=\"Est. reading time\" \/>\n\t<meta name=\"twitter:data2\" content=\"2 minutes\" \/>\n<script type=\"application\/ld+json\" class=\"yoast-schema-graph\">{\"@context\":\"https:\/\/schema.org\",\"@graph\":[{\"@type\":\"WebPage\",\"@id\":\"https:\/\/rauchfrei.at\/zweifeln-sie-noch-ob-sie-den-rauchstopp-durchfuehren-moechten\/\",\"url\":\"https:\/\/rauchfrei.at\/zweifeln-sie-noch-ob-sie-den-rauchstopp-durchfuehren-moechten\/\",\"name\":\"Zweifeln Sie noch, ob Sie den Rauchstopp durchf\u00fchren m\u00f6chten? - Rauchfrei Telefon\",\"isPartOf\":{\"@id\":\"https:\/\/rauchfrei.at\/#website\"},\"datePublished\":\"2022-01-10T06:00:00+00:00\",\"dateModified\":\"2022-01-11T17:05:36+00:00\",\"author\":{\"@id\":\"https:\/\/rauchfrei.at\/#\/schema\/person\/504bbf90c5482004fc09aef6de7f9277\"},\"inLanguage\":\"en-US\",\"potentialAction\":[{\"@type\":\"ReadAction\",\"target\":[\"https:\/\/rauchfrei.at\/zweifeln-sie-noch-ob-sie-den-rauchstopp-durchfuehren-moechten\/\"]}]},{\"@type\":\"WebSite\",\"@id\":\"https:\/\/rauchfrei.at\/#website\",\"url\":\"https:\/\/rauchfrei.at\/\",\"name\":\"Rauchfrei Telefon\",\"description\":\"Eine \u00f6sterreichweite Initiative der Sozialversicherungen.\",\"potentialAction\":[{\"@type\":\"SearchAction\",\"target\":{\"@type\":\"EntryPoint\",\"urlTemplate\":\"https:\/\/rauchfrei.at\/?s={search_term_string}\"},\"query-input\":{\"@type\":\"PropertyValueSpecification\",\"valueRequired\":true,\"valueName\":\"search_term_string\"}}],\"inLanguage\":\"en-US\"},{\"@type\":\"Person\",\"@id\":\"https:\/\/rauchfrei.at\/#\/schema\/person\/504bbf90c5482004fc09aef6de7f9277\",\"name\":\"Rauchfrei Team\",\"image\":{\"@type\":\"ImageObject\",\"inLanguage\":\"en-US\",\"@id\":\"https:\/\/rauchfrei.at\/#\/schema\/person\/image\/\",\"url\":\"https:\/\/secure.gravatar.com\/avatar\/2115b79a00800516fa1523bb5a329611f90e73e89be559131fc7e82b4fdc95ff?s=96&d=mm&r=g\",\"contentUrl\":\"https:\/\/secure.gravatar.com\/avatar\/2115b79a00800516fa1523bb5a329611f90e73e89be559131fc7e82b4fdc95ff?s=96&d=mm&r=g\",\"caption\":\"Rauchfrei Team\"},\"url\":\"https:\/\/rauchfrei.at\/en\/author\/rauchfrei-team\/\"}]}<\/script>\n<!-- \/ Yoast SEO plugin. -->","yoast_head_json":{"title":"Zweifeln Sie noch, ob Sie den Rauchstopp durchf\u00fchren m\u00f6chten? - Rauchfrei Telefon","robots":{"index":"index","follow":"follow","max-snippet":"max-snippet:-1","max-image-preview":"max-image-preview:large","max-video-preview":"max-video-preview:-1"},"canonical":"https:\/\/rauchfrei.at\/zweifeln-sie-noch-ob-sie-den-rauchstopp-durchfuehren-moechten\/","og_locale":"en_US","og_type":"article","og_title":"Zweifeln Sie noch, ob Sie den Rauchstopp durchf\u00fchren m\u00f6chten? - Rauchfrei Telefon","og_description":"Wie sagte schon Mark Twain? \u201eDas Geheimnis des Erfolges ist anzufangen\u201c. Blo\u00df - wie schaffe ich das?","og_url":"https:\/\/rauchfrei.at\/zweifeln-sie-noch-ob-sie-den-rauchstopp-durchfuehren-moechten\/","og_site_name":"Rauchfrei Telefon","article_published_time":"2022-01-10T06:00:00+00:00","article_modified_time":"2022-01-11T17:05:36+00:00","author":"Rauchfrei Team","twitter_card":"summary_large_image","twitter_misc":{"Written by":"Rauchfrei Team","Est. reading time":"2 minutes"},"schema":{"@context":"https:\/\/schema.org","@graph":[{"@type":"WebPage","@id":"https:\/\/rauchfrei.at\/zweifeln-sie-noch-ob-sie-den-rauchstopp-durchfuehren-moechten\/","url":"https:\/\/rauchfrei.at\/zweifeln-sie-noch-ob-sie-den-rauchstopp-durchfuehren-moechten\/","name":"Zweifeln Sie noch, ob Sie den Rauchstopp durchf\u00fchren m\u00f6chten? - Rauchfrei Telefon","isPartOf":{"@id":"https:\/\/rauchfrei.at\/#website"},"datePublished":"2022-01-10T06:00:00+00:00","dateModified":"2022-01-11T17:05:36+00:00","author":{"@id":"https:\/\/rauchfrei.at\/#\/schema\/person\/504bbf90c5482004fc09aef6de7f9277"},"inLanguage":"en-US","potentialAction":[{"@type":"ReadAction","target":["https:\/\/rauchfrei.at\/zweifeln-sie-noch-ob-sie-den-rauchstopp-durchfuehren-moechten\/"]}]},{"@type":"WebSite","@id":"https:\/\/rauchfrei.at\/#website","url":"https:\/\/rauchfrei.at\/","name":"Rauchfrei Telefon","description":"Eine \u00f6sterreichweite Initiative der Sozialversicherungen.","potentialAction":[{"@type":"SearchAction","target":{"@type":"EntryPoint","urlTemplate":"https:\/\/rauchfrei.at\/?s={search_term_string}"},"query-input":{"@type":"PropertyValueSpecification","valueRequired":true,"valueName":"search_term_string"}}],"inLanguage":"en-US"},{"@type":"Person","@id":"https:\/\/rauchfrei.at\/#\/schema\/person\/504bbf90c5482004fc09aef6de7f9277","name":"Rauchfrei Team","image":{"@type":"ImageObject","inLanguage":"en-US","@id":"https:\/\/rauchfrei.at\/#\/schema\/person\/image\/","url":"https:\/\/secure.gravatar.com\/avatar\/2115b79a00800516fa1523bb5a329611f90e73e89be559131fc7e82b4fdc95ff?s=96&d=mm&r=g","contentUrl":"https:\/\/secure.gravatar.com\/avatar\/2115b79a00800516fa1523bb5a329611f90e73e89be559131fc7e82b4fdc95ff?s=96&d=mm&r=g","caption":"Rauchfrei Team"},"url":"https:\/\/rauchfrei.at\/en\/author\/rauchfrei-team\/"}]}},"_links":{"self":[{"href":"https:\/\/rauchfrei.at\/en\/wp-json\/wp\/v2\/posts\/22661","targetHints":{"allow":["GET"]}}],"collection":[{"href":"https:\/\/rauchfrei.at\/en\/wp-json\/wp\/v2\/posts"}],"about":[{"href":"https:\/\/rauchfrei.at\/en\/wp-json\/wp\/v2\/types\/post"}],"author":[{"embeddable":true,"href":"https:\/\/rauchfrei.at\/en\/wp-json\/wp\/v2\/users\/25"}],"replies":[{"embeddable":true,"href":"https:\/\/rauchfrei.at\/en\/wp-json\/wp\/v2\/comments?post=22661"}],"version-history":[{"count":10,"href":"https:\/\/rauchfrei.at\/en\/wp-json\/wp\/v2\/posts\/22661\/revisions"}],"predecessor-version":[{"id":22689,"href":"https:\/\/rauchfrei.at\/en\/wp-json\/wp\/v2\/posts\/22661\/revisions\/22689"}],"wp:attachment":[{"href":"https:\/\/rauchfrei.at\/en\/wp-json\/wp\/v2\/media?parent=22661"}],"wp:term":[{"taxonomy":"category","embeddable":true,"href":"https:\/\/rauchfrei.at\/en\/wp-json\/wp\/v2\/categories?post=22661"},{"taxonomy":"post_tag","embeddable":true,"href":"https:\/\/rauchfrei.at\/en\/wp-json\/wp\/v2\/tags?post=22661"}],"curies":[{"name":"wp","href":"https:\/\/api.w.org\/{rel}","templated":true}]}}