
{"id":22691,"date":"2022-01-17T08:00:00","date_gmt":"2022-01-17T06:00:00","guid":{"rendered":"https:\/\/rauchfrei.at\/?p=22691"},"modified":"2022-01-12T14:21:22","modified_gmt":"2022-01-12T12:21:22","slug":"rauchen-als-zusaetzliche-gesundheitliche-belastung-fuer-psychisch-erkrankte","status":"publish","type":"post","link":"https:\/\/rauchfrei.at\/en\/rauchen-als-zusaetzliche-gesundheitliche-belastung-fuer-psychisch-erkrankte\/","title":{"rendered":"Rauchen als zus\u00e4tzliche gesundheitliche Belastung f\u00fcr psychisch Erkrankte"},"content":{"rendered":"\n[et_pb_section fb_built=&#8221;1&#8243; module_class=&#8221;header&#8221; _builder_version=&#8221;3.22&#8243; global_colors_info=&#8221;{}&#8221;][et_pb_row _builder_version=&#8221;3.25&#8243; global_colors_info=&#8221;{}&#8221;][et_pb_column type=&#8221;4_4&#8243; _builder_version=&#8221;3.25&#8243; custom_padding=&#8221;|||&#8221; global_colors_info=&#8221;{}&#8221; custom_padding__hover=&#8221;|||&#8221;][et_pb_dp_dmb_module_10001 subheadline=&#8221;Die Rauchfreiheit verbessert sowohl die k\u00f6rperliche als auch die psychische Gesundheit&#8221; _builder_version=&#8221;4.13.1&#8243; z_index_tablet=&#8221;500&#8243; global_colors_info=&#8221;{}&#8221;][\/et_pb_dp_dmb_module_10001][\/et_pb_column][\/et_pb_row][\/et_pb_section][et_pb_section fb_built=&#8221;1&#8243; _builder_version=&#8221;3.22&#8243; custom_padding=&#8221;30px|||&#8221; global_colors_info=&#8221;{}&#8221;][et_pb_row column_structure=&#8221;2_3,1_3&#8243; _builder_version=&#8221;3.25&#8243; global_colors_info=&#8221;{}&#8221;][et_pb_column type=&#8221;2_3&#8243; module_class=&#8221;blog-content&#8221; _builder_version=&#8221;3.25&#8243; custom_padding=&#8221;|||&#8221; global_colors_info=&#8221;{}&#8221; custom_padding__hover=&#8221;|||&#8221;][et_pb_text _builder_version=&#8221;4.13.1&#8243; hover_enabled=&#8221;0&#8243; global_colors_info=&#8221;{}&#8221; sticky_enabled=&#8221;0&#8243;]<p>Zwei Drittel aller Menschen mit schweren psychischen Erkrankungen (dazu z\u00e4hlen bipolare und psychotische St\u00f6rungen) sind Raucher und Raucherinnen. \u00a0Auch Menschen, die unter Depressionen, Angstst\u00f6rungen oder anderen psychischen Erkrankungen leiden, greifen h\u00e4ufiger zur Zigarette. Daher gilt der Rauchstopp als wirksamste Einzelma\u00dfnahme f\u00fcr eine geringere Kluft bei der Lebenserwartung.<\/p>\n<p>Generell ist die Lebenserwartung f\u00fcr Menschen mit einer psychischen Erkrankung im Durchschnitt um f\u00fcnf bis zehn Jahre verringert. Bei schweren psychischen Erkrankungen sind es ungef\u00e4hr 15 bis 20 Jahre. Hierbei wird Rauchen als eine der Hauptursachen angef\u00fchrt.<\/p>\n<p>Gleichzeitig erh\u00f6ht Rauchen die Anf\u00e4lligkeit gegen\u00fcber psychischen Gesundheitsproblemen. Der Rauchverzicht verbessert sowohl die k\u00f6rperliche als auch die psychische Gesundheit: Depressionen, Angstzust\u00e4nde und Stressbelastung k\u00f6nnen sich verringern, die Stimmung kann sich verbessern. Zus\u00e4tzlich beeintr\u00e4chtigt Tabak die Wirksamkeit bestimmter Medikamente, die bei einer psychischen Erkrankung die notwendige Unterst\u00fctzung darstellen.<\/p>\n<p><strong>Herausforderungen beim Rauchstopp<\/strong><br \/>Menschen mit einer psychischen Erkrankung sind einem gr\u00f6\u00dferen Suchtrisiko ausgesetzt, weil Nikotin die negativen Symptome einer Erkrankung vor\u00fcbergehend verschleiern kann. Zus\u00e4tzlich erleben sie h\u00e4ufiger st\u00e4rkere Entzugssymptome. Soziale Faktoren haben ebenfalls eine Wirkung: Arbeitslosigkeit, ein niedrigeres Einkommen oder Einsamkeit verursachen schwierigere Lebensbedingungen.<\/p>\n<p><strong>L\u00f6sungsans\u00e4tze<\/strong><br \/>Diese Schwierigkeiten sind jedoch \u00fcberwindbar. Um Menschen mit psychischen Gesundheitsproblemen zu helfen, bedarf es vielschichtiger Ma\u00dfnahmen. Dazu geh\u00f6ren die Einf\u00fchrung der Rauchfreiheit in der Psychiatrie, Schulungen zur Raucherentw\u00f6hnung von Fachkr\u00e4ften in der psychischen Gesundheitsversorgung und die Erh\u00f6hung der Tabakbesteuerung.<\/p>\n<p>Aber auch speziell abgestimmte oder niedrigschwellige Hilfsangebote, die in Anspruch genommen werden k\u00f6nnen, sind sehr wichtig.\u00a0 Wie das Angebot des Rauchfrei Telefons!<\/p>\n<p>Psychisch Erkrankte, die den Rauchstopp wagen m\u00f6chten, verdienen Sensibilit\u00e4t, Unterst\u00fctzung und politische Entschlossenheit zur Verbesserung ihrer Situation.<\/p>\n<p>Links:<br \/><a href=\"https:\/\/www.euro.who.int\/en\/health-topics\/disease-prevention\/tobacco\/data-and-statistics\/fact-sheet-tobacco-use-and-mental-health-2021\">Mentale Gesundheit<\/a><br \/><a href=\"https:\/\/www.euro.who.int\/de\/health-topics\/disease-prevention\/tobacco\/news\/news\/2021\/11\/the-vicious-cycle-of-tobacco-use-and-mental-illness-a-double-burden-on-health\">Psychische Erkrankungen und Rauchen<\/a><\/p>\n<p>&nbsp;<\/p>[\/et_pb_text][\/et_pb_column][et_pb_column type=&#8221;1_3&#8243; module_class=&#8221;cat-and-tag&#8221; _builder_version=&#8221;3.25&#8243; custom_padding=&#8221;|||&#8221; global_colors_info=&#8221;{}&#8221; custom_padding__hover=&#8221;|||&#8221;][et_pb_sidebar area=&#8221;et_pb_widget_area_1&#8243; _builder_version=&#8221;3.0.99&#8243; global_colors_info=&#8221;{}&#8221;][\/et_pb_sidebar][et_pb_dp_dmb_module_10093 farbe=&#8221;beige&#8221; headline=&#8221;Die Rauchfrei App &#8221; image=&#8221;https:\/\/rauchfrei.at\/wp-content\/uploads\/rauchfreiapp_screens.png&#8221; image_position=&#8221;center&#8221; link_text=&#8221;mehr &#8221; link_url=&#8221;https:\/\/rauchfrei.at\/die-rauchfrei-app\/&#8221; image_size=&#8221;80&#8243; admin_label=&#8221;Infos zur Rauchfrei App&#8221; _builder_version=&#8221;3.21.1&#8243; z_index_tablet=&#8221;500&#8243; saved_tabs=&#8221;all&#8221; global_colors_info=&#8221;{}&#8221; global_module=&#8221;13152&#8243; theme_builder_area=&#8221;post_content&#8221;]<p>Die Rauchfrei App hilft und unterst\u00fctzt kostenfrei!<\/p>\n[\/et_pb_dp_dmb_module_10093][et_pb_dp_dmb_module_10080 link_text=&#8221;hier kostenfrei bestellen&#8221; link_url=&#8221;https:\/\/rauchfrei.at\/broschueren-downloads\/bestellung\/&#8221; admin_label=&#8221;Materialbestellung&#8221; _builder_version=&#8221;3.21&#8243; saved_tabs=&#8221;all&#8221; global_colors_info=&#8221;{}&#8221; global_module=&#8221;13132&#8243; theme_builder_area=&#8221;post_content&#8221;]<p><strong>Brosch\u00fcren<br \/>bestellen\u00a0<\/strong><\/p>\n[\/et_pb_dp_dmb_module_10080][\/et_pb_column][\/et_pb_row][\/et_pb_section]\n","protected":false},"excerpt":{"rendered":"<p>In einem von der WHO ver\u00f6ffentlichten neuen Faktenblatt werden die Zusammenh\u00e4nge zwischen Tabakkonsum und psychischen Erkrankungen dargestellt. Lesen Sie hier mehr dar\u00fcber:<\/p>\n","protected":false},"author":25,"featured_media":0,"comment_status":"open","ping_status":"open","sticky":false,"template":"","format":"standard","meta":{"_et_pb_use_builder":"on","_et_pb_old_content":"","_et_gb_content_width":"2880","footnotes":""},"categories":[235,237],"tags":[],"class_list":["post-22691","post","type-post","status-publish","format-standard","hentry","category-gesundheit-und-rauchstopp","category-literatur-und-hintergrundwissen"],"yoast_head":"<!-- This site is optimized with the Yoast SEO plugin v26.2 - https:\/\/yoast.com\/wordpress\/plugins\/seo\/ -->\n<title>Rauchen als zus\u00e4tzliche gesundheitliche Belastung f\u00fcr psychisch Erkrankte - Rauchfrei Telefon<\/title>\n<meta name=\"robots\" content=\"index, follow, max-snippet:-1, max-image-preview:large, max-video-preview:-1\" \/>\n<link rel=\"canonical\" href=\"https:\/\/rauchfrei.at\/rauchen-als-zusaetzliche-gesundheitliche-belastung-fuer-psychisch-erkrankte\/\" \/>\n<meta property=\"og:locale\" content=\"en_US\" \/>\n<meta property=\"og:type\" content=\"article\" \/>\n<meta property=\"og:title\" content=\"Rauchen als zus\u00e4tzliche gesundheitliche Belastung f\u00fcr psychisch Erkrankte - Rauchfrei Telefon\" \/>\n<meta property=\"og:description\" content=\"In einem von der WHO ver\u00f6ffentlichten neuen Faktenblatt werden die Zusammenh\u00e4nge zwischen Tabakkonsum und psychischen Erkrankungen dargestellt. Lesen Sie hier mehr dar\u00fcber:\" \/>\n<meta property=\"og:url\" content=\"https:\/\/rauchfrei.at\/rauchen-als-zusaetzliche-gesundheitliche-belastung-fuer-psychisch-erkrankte\/\" \/>\n<meta property=\"og:site_name\" content=\"Rauchfrei Telefon\" \/>\n<meta property=\"article:published_time\" content=\"2022-01-17T06:00:00+00:00\" \/>\n<meta name=\"author\" content=\"Rauchfrei Team\" \/>\n<meta name=\"twitter:card\" content=\"summary_large_image\" \/>\n<meta name=\"twitter:label1\" content=\"Written by\" \/>\n\t<meta name=\"twitter:data1\" content=\"Rauchfrei Team\" \/>\n\t<meta name=\"twitter:label2\" content=\"Est. reading time\" \/>\n\t<meta name=\"twitter:data2\" content=\"2 minutes\" \/>\n<script type=\"application\/ld+json\" class=\"yoast-schema-graph\">{\"@context\":\"https:\/\/schema.org\",\"@graph\":[{\"@type\":\"WebPage\",\"@id\":\"https:\/\/rauchfrei.at\/rauchen-als-zusaetzliche-gesundheitliche-belastung-fuer-psychisch-erkrankte\/\",\"url\":\"https:\/\/rauchfrei.at\/rauchen-als-zusaetzliche-gesundheitliche-belastung-fuer-psychisch-erkrankte\/\",\"name\":\"Rauchen als zus\u00e4tzliche gesundheitliche Belastung f\u00fcr psychisch Erkrankte - Rauchfrei Telefon\",\"isPartOf\":{\"@id\":\"https:\/\/rauchfrei.at\/#website\"},\"datePublished\":\"2022-01-17T06:00:00+00:00\",\"author\":{\"@id\":\"https:\/\/rauchfrei.at\/#\/schema\/person\/504bbf90c5482004fc09aef6de7f9277\"},\"inLanguage\":\"en-US\",\"potentialAction\":[{\"@type\":\"ReadAction\",\"target\":[\"https:\/\/rauchfrei.at\/rauchen-als-zusaetzliche-gesundheitliche-belastung-fuer-psychisch-erkrankte\/\"]}]},{\"@type\":\"WebSite\",\"@id\":\"https:\/\/rauchfrei.at\/#website\",\"url\":\"https:\/\/rauchfrei.at\/\",\"name\":\"Rauchfrei Telefon\",\"description\":\"Eine \u00f6sterreichweite Initiative der Sozialversicherungen.\",\"potentialAction\":[{\"@type\":\"SearchAction\",\"target\":{\"@type\":\"EntryPoint\",\"urlTemplate\":\"https:\/\/rauchfrei.at\/?s={search_term_string}\"},\"query-input\":{\"@type\":\"PropertyValueSpecification\",\"valueRequired\":true,\"valueName\":\"search_term_string\"}}],\"inLanguage\":\"en-US\"},{\"@type\":\"Person\",\"@id\":\"https:\/\/rauchfrei.at\/#\/schema\/person\/504bbf90c5482004fc09aef6de7f9277\",\"name\":\"Rauchfrei Team\",\"image\":{\"@type\":\"ImageObject\",\"inLanguage\":\"en-US\",\"@id\":\"https:\/\/rauchfrei.at\/#\/schema\/person\/image\/\",\"url\":\"https:\/\/secure.gravatar.com\/avatar\/2115b79a00800516fa1523bb5a329611f90e73e89be559131fc7e82b4fdc95ff?s=96&d=mm&r=g\",\"contentUrl\":\"https:\/\/secure.gravatar.com\/avatar\/2115b79a00800516fa1523bb5a329611f90e73e89be559131fc7e82b4fdc95ff?s=96&d=mm&r=g\",\"caption\":\"Rauchfrei Team\"},\"url\":\"https:\/\/rauchfrei.at\/en\/author\/rauchfrei-team\/\"}]}<\/script>\n<!-- \/ Yoast SEO plugin. -->","yoast_head_json":{"title":"Rauchen als zus\u00e4tzliche gesundheitliche Belastung f\u00fcr psychisch Erkrankte - Rauchfrei Telefon","robots":{"index":"index","follow":"follow","max-snippet":"max-snippet:-1","max-image-preview":"max-image-preview:large","max-video-preview":"max-video-preview:-1"},"canonical":"https:\/\/rauchfrei.at\/rauchen-als-zusaetzliche-gesundheitliche-belastung-fuer-psychisch-erkrankte\/","og_locale":"en_US","og_type":"article","og_title":"Rauchen als zus\u00e4tzliche gesundheitliche Belastung f\u00fcr psychisch Erkrankte - Rauchfrei Telefon","og_description":"In einem von der WHO ver\u00f6ffentlichten neuen Faktenblatt werden die Zusammenh\u00e4nge zwischen Tabakkonsum und psychischen Erkrankungen dargestellt. Lesen Sie hier mehr dar\u00fcber:","og_url":"https:\/\/rauchfrei.at\/rauchen-als-zusaetzliche-gesundheitliche-belastung-fuer-psychisch-erkrankte\/","og_site_name":"Rauchfrei Telefon","article_published_time":"2022-01-17T06:00:00+00:00","author":"Rauchfrei Team","twitter_card":"summary_large_image","twitter_misc":{"Written by":"Rauchfrei Team","Est. reading time":"2 minutes"},"schema":{"@context":"https:\/\/schema.org","@graph":[{"@type":"WebPage","@id":"https:\/\/rauchfrei.at\/rauchen-als-zusaetzliche-gesundheitliche-belastung-fuer-psychisch-erkrankte\/","url":"https:\/\/rauchfrei.at\/rauchen-als-zusaetzliche-gesundheitliche-belastung-fuer-psychisch-erkrankte\/","name":"Rauchen als zus\u00e4tzliche gesundheitliche Belastung f\u00fcr psychisch Erkrankte - Rauchfrei Telefon","isPartOf":{"@id":"https:\/\/rauchfrei.at\/#website"},"datePublished":"2022-01-17T06:00:00+00:00","author":{"@id":"https:\/\/rauchfrei.at\/#\/schema\/person\/504bbf90c5482004fc09aef6de7f9277"},"inLanguage":"en-US","potentialAction":[{"@type":"ReadAction","target":["https:\/\/rauchfrei.at\/rauchen-als-zusaetzliche-gesundheitliche-belastung-fuer-psychisch-erkrankte\/"]}]},{"@type":"WebSite","@id":"https:\/\/rauchfrei.at\/#website","url":"https:\/\/rauchfrei.at\/","name":"Rauchfrei Telefon","description":"Eine \u00f6sterreichweite Initiative der Sozialversicherungen.","potentialAction":[{"@type":"SearchAction","target":{"@type":"EntryPoint","urlTemplate":"https:\/\/rauchfrei.at\/?s={search_term_string}"},"query-input":{"@type":"PropertyValueSpecification","valueRequired":true,"valueName":"search_term_string"}}],"inLanguage":"en-US"},{"@type":"Person","@id":"https:\/\/rauchfrei.at\/#\/schema\/person\/504bbf90c5482004fc09aef6de7f9277","name":"Rauchfrei Team","image":{"@type":"ImageObject","inLanguage":"en-US","@id":"https:\/\/rauchfrei.at\/#\/schema\/person\/image\/","url":"https:\/\/secure.gravatar.com\/avatar\/2115b79a00800516fa1523bb5a329611f90e73e89be559131fc7e82b4fdc95ff?s=96&d=mm&r=g","contentUrl":"https:\/\/secure.gravatar.com\/avatar\/2115b79a00800516fa1523bb5a329611f90e73e89be559131fc7e82b4fdc95ff?s=96&d=mm&r=g","caption":"Rauchfrei Team"},"url":"https:\/\/rauchfrei.at\/en\/author\/rauchfrei-team\/"}]}},"_links":{"self":[{"href":"https:\/\/rauchfrei.at\/en\/wp-json\/wp\/v2\/posts\/22691","targetHints":{"allow":["GET"]}}],"collection":[{"href":"https:\/\/rauchfrei.at\/en\/wp-json\/wp\/v2\/posts"}],"about":[{"href":"https:\/\/rauchfrei.at\/en\/wp-json\/wp\/v2\/types\/post"}],"author":[{"embeddable":true,"href":"https:\/\/rauchfrei.at\/en\/wp-json\/wp\/v2\/users\/25"}],"replies":[{"embeddable":true,"href":"https:\/\/rauchfrei.at\/en\/wp-json\/wp\/v2\/comments?post=22691"}],"version-history":[{"count":8,"href":"https:\/\/rauchfrei.at\/en\/wp-json\/wp\/v2\/posts\/22691\/revisions"}],"predecessor-version":[{"id":22703,"href":"https:\/\/rauchfrei.at\/en\/wp-json\/wp\/v2\/posts\/22691\/revisions\/22703"}],"wp:attachment":[{"href":"https:\/\/rauchfrei.at\/en\/wp-json\/wp\/v2\/media?parent=22691"}],"wp:term":[{"taxonomy":"category","embeddable":true,"href":"https:\/\/rauchfrei.at\/en\/wp-json\/wp\/v2\/categories?post=22691"},{"taxonomy":"post_tag","embeddable":true,"href":"https:\/\/rauchfrei.at\/en\/wp-json\/wp\/v2\/tags?post=22691"}],"curies":[{"name":"wp","href":"https:\/\/api.w.org\/{rel}","templated":true}]}}