
{"id":22704,"date":"2022-01-24T08:00:00","date_gmt":"2022-01-24T06:00:00","guid":{"rendered":"https:\/\/rauchfrei.at\/?p=22704"},"modified":"2022-01-21T19:30:10","modified_gmt":"2022-01-21T17:30:10","slug":"rauschzeit-wird-zur-rauchzeit","status":"publish","type":"post","link":"https:\/\/rauchfrei.at\/en\/rauschzeit-wird-zur-rauchzeit\/","title":{"rendered":"\u201eRauschzeit\u201c wird zur \u201eRauchzeit\u201c"},"content":{"rendered":"\n\n[et_pb_section fb_built=&#8221;1&#8243; module_class=&#8221;header&#8221; _builder_version=&#8221;3.22&#8243; global_colors_info=&#8221;{}&#8221;][et_pb_row _builder_version=&#8221;3.25&#8243; global_colors_info=&#8221;{}&#8221;][et_pb_column type=&#8221;4_4&#8243; _builder_version=&#8221;3.25&#8243; custom_padding=&#8221;|||&#8221; global_colors_info=&#8221;{}&#8221; custom_padding__hover=&#8221;|||&#8221;][et_pb_dp_dmb_module_10001 subheadline=&#8221;Ein Podcast der Sucht- und Drogenkoordination Wien, diesmal zum Thema Rauchen.&#8221; _builder_version=&#8221;4.13.1&#8243; z_index_tablet=&#8221;500&#8243; global_colors_info=&#8221;{}&#8221;][\/et_pb_dp_dmb_module_10001][\/et_pb_column][\/et_pb_row][\/et_pb_section][et_pb_section fb_built=&#8221;1&#8243; _builder_version=&#8221;3.22&#8243; custom_padding=&#8221;30px|||&#8221; global_colors_info=&#8221;{}&#8221;][et_pb_row column_structure=&#8221;2_3,1_3&#8243; _builder_version=&#8221;3.25&#8243; global_colors_info=&#8221;{}&#8221;][et_pb_column type=&#8221;2_3&#8243; module_class=&#8221;blog-content&#8221; _builder_version=&#8221;3.25&#8243; custom_padding=&#8221;|||&#8221; global_colors_info=&#8221;{}&#8221; custom_padding__hover=&#8221;|||&#8221;][et_pb_text _builder_version=&#8221;4.13.1&#8243; hover_enabled=&#8221;0&#8243; global_colors_info=&#8221;{}&#8221; sticky_enabled=&#8221;0&#8243;]<p>Im Podcast \u201eRauschzeit\u201c fragen junge Leute alles, was ihnen bzgl. berauschender Substanzen durch den Kopf geht. Eine Episode wird zur \u201eRauchzeit\u201c, die beiden Hosts Viki und Moritz wollen diesmal von Sophie Meingassner, Psychologin und Leiterin des Rauchfrei Telefons, einiges beantwortet haben.<\/p>\n<p>Ein informativer Podcast, in dem unter anderen folgende Fragen beantwortet werden:<\/p>\n<p>Gibt es beim Rauchen einen Rausch? Was steckt in den Zigaretten drinnen? Welche Inhaltstoffe enth\u00e4lt der Glimmst\u00e4ngel? Was macht das Teer, das Nikotin? Welche Funktion hat das Nikotin in der Natur? Welche pharmakologischen Effekte hat das Nikotin? Macht Nikotin schneller abh\u00e4ngig als andere Drogen? Was bewirkt Nikotin im K\u00f6rper? Regeneriert sich der K\u00f6rper nach einem Rauchstopp? Helfen Apps beim Rauchstopp? Was macht Passivrauch mit uns?<\/p>\n<p>Neugierig geworden? H\u00f6ren Sie rein! Hier geht es zu <a href=\"https:\/\/rauschzeit.podigee.io\/episodes\">Rauchzeit-Rauschzeit<\/a><\/p>\n<p><img loading=\"lazy\" decoding=\"async\" src=\"https:\/\/rauchfrei.at\/wp-content\/uploads\/shutterstock_647455138__1500px-1-225x150.jpg\" alt=\"\" class=\"wp-image-22770 alignnone size-medium\" width=\"225\" height=\"150\" \/>(C) Song_about_summer\/Shutterstock<\/p>\n<p>Haben Sie weitere Fragen oder f\u00fchlen sich mit Ihrem Rauchverhalten nicht wohl? Rufen Sie uns an \u2013 0800 810 013!<\/p>[\/et_pb_text][et_pb_post_nav in_same_term=&#8221;off&#8221; _builder_version=&#8221;3.0.99&#8243; global_colors_info=&#8221;{}&#8221;][\/et_pb_post_nav][\/et_pb_column][et_pb_column type=&#8221;1_3&#8243; module_class=&#8221;cat-and-tag&#8221; _builder_version=&#8221;3.25&#8243; custom_padding=&#8221;|||&#8221; global_colors_info=&#8221;{}&#8221; custom_padding__hover=&#8221;|||&#8221;][et_pb_dp_dmb_module_10093 farbe=&#8221;blitzblau&#8221; headline=&#8221;Alternativen zum Rauchen&#8221; image=&#8221;https:\/\/rauchfrei.at\/wp-content\/uploads\/Relax-in-hammok.png&#8221; image_position=&#8221;center&#8221; link_text=&#8221;mehr&#8221; link_url=&#8221;https:\/\/rauchfrei.at\/alternativen\/&#8221; admin_label=&#8221;Alternativen zum Rauchen&#8221; _builder_version=&#8221;4.9.0&#8243; z_index_tablet=&#8221;500&#8243; global_module=&#8221;13174&#8243; saved_tabs=&#8221;all&#8221; global_colors_info=&#8221;{}&#8221;]<p>Es gibt viele M\u00f6glichkeiten, um nicht zur Zigarette zu greifen!<\/p>\n[\/et_pb_dp_dmb_module_10093][\/et_pb_column][\/et_pb_row][\/et_pb_section]\n\n","protected":false},"excerpt":{"rendered":"<p>\u201eRauschzeit\u201c ist ein Podcast der Sucht- und Drogenkoordination Wien, indem junge Leute offen und unverbl\u00fcmt \u00fcber Drogen sprechen. In einer Episode dreht sich alles ums Thema Rauchen und Nikotin, das Rauchfrei Telefon war zu Gast bei Viki und Moritz! Reinh\u00f6ren lohnt sich.<\/p>\n","protected":false},"author":25,"featured_media":0,"comment_status":"open","ping_status":"open","sticky":false,"template":"","format":"standard","meta":{"_et_pb_use_builder":"on","_et_pb_old_content":"","_et_gb_content_width":"2880","footnotes":""},"categories":[232,236],"tags":[],"class_list":["post-22704","post","type-post","status-publish","format-standard","hentry","category-nachrichten-vom-rauchfrei-telefon","category-nicht-kategorisiert"],"yoast_head":"<!-- This site is optimized with the Yoast SEO plugin v26.2 - https:\/\/yoast.com\/wordpress\/plugins\/seo\/ -->\n<title>\u201eRauschzeit\u201c wird zur \u201eRauchzeit\u201c - Rauchfrei Telefon<\/title>\n<meta name=\"robots\" content=\"index, follow, max-snippet:-1, max-image-preview:large, max-video-preview:-1\" \/>\n<link rel=\"canonical\" href=\"https:\/\/rauchfrei.at\/rauschzeit-wird-zur-rauchzeit\/\" \/>\n<meta property=\"og:locale\" content=\"en_US\" \/>\n<meta property=\"og:type\" content=\"article\" \/>\n<meta property=\"og:title\" content=\"\u201eRauschzeit\u201c wird zur \u201eRauchzeit\u201c - Rauchfrei Telefon\" \/>\n<meta property=\"og:description\" content=\"\u201eRauschzeit\u201c ist ein Podcast der Sucht- und Drogenkoordination Wien, indem junge Leute offen und unverbl\u00fcmt \u00fcber Drogen sprechen. In einer Episode dreht sich alles ums Thema Rauchen und Nikotin, das Rauchfrei Telefon war zu Gast bei Viki und Moritz! Reinh\u00f6ren lohnt sich.\" \/>\n<meta property=\"og:url\" content=\"https:\/\/rauchfrei.at\/rauschzeit-wird-zur-rauchzeit\/\" \/>\n<meta property=\"og:site_name\" content=\"Rauchfrei Telefon\" \/>\n<meta property=\"article:published_time\" content=\"2022-01-24T06:00:00+00:00\" \/>\n<meta property=\"og:image\" content=\"https:\/\/rauchfrei.at\/wp-content\/uploads\/shutterstock_647455138__1500px-1-225x150.jpg\" \/>\n<meta name=\"author\" content=\"Rauchfrei Team\" \/>\n<meta name=\"twitter:card\" content=\"summary_large_image\" \/>\n<meta name=\"twitter:label1\" content=\"Written by\" \/>\n\t<meta name=\"twitter:data1\" content=\"Rauchfrei Team\" \/>\n\t<meta name=\"twitter:label2\" content=\"Est. reading time\" \/>\n\t<meta name=\"twitter:data2\" content=\"2 minutes\" \/>\n<script type=\"application\/ld+json\" class=\"yoast-schema-graph\">{\"@context\":\"https:\/\/schema.org\",\"@graph\":[{\"@type\":\"WebPage\",\"@id\":\"https:\/\/rauchfrei.at\/rauschzeit-wird-zur-rauchzeit\/\",\"url\":\"https:\/\/rauchfrei.at\/rauschzeit-wird-zur-rauchzeit\/\",\"name\":\"\u201eRauschzeit\u201c wird zur \u201eRauchzeit\u201c - Rauchfrei Telefon\",\"isPartOf\":{\"@id\":\"https:\/\/rauchfrei.at\/#website\"},\"primaryImageOfPage\":{\"@id\":\"https:\/\/rauchfrei.at\/rauschzeit-wird-zur-rauchzeit\/#primaryimage\"},\"image\":{\"@id\":\"https:\/\/rauchfrei.at\/rauschzeit-wird-zur-rauchzeit\/#primaryimage\"},\"thumbnailUrl\":\"https:\/\/rauchfrei.at\/wp-content\/uploads\/shutterstock_647455138__1500px-1-225x150.jpg\",\"datePublished\":\"2022-01-24T06:00:00+00:00\",\"author\":{\"@id\":\"https:\/\/rauchfrei.at\/#\/schema\/person\/504bbf90c5482004fc09aef6de7f9277\"},\"inLanguage\":\"en-US\",\"potentialAction\":[{\"@type\":\"ReadAction\",\"target\":[\"https:\/\/rauchfrei.at\/rauschzeit-wird-zur-rauchzeit\/\"]}]},{\"@type\":\"ImageObject\",\"inLanguage\":\"en-US\",\"@id\":\"https:\/\/rauchfrei.at\/rauschzeit-wird-zur-rauchzeit\/#primaryimage\",\"url\":\"https:\/\/rauchfrei.at\/wp-content\/uploads\/shutterstock_647455138__1500px-1-225x150.jpg\",\"contentUrl\":\"https:\/\/rauchfrei.at\/wp-content\/uploads\/shutterstock_647455138__1500px-1-225x150.jpg\"},{\"@type\":\"WebSite\",\"@id\":\"https:\/\/rauchfrei.at\/#website\",\"url\":\"https:\/\/rauchfrei.at\/\",\"name\":\"Rauchfrei Telefon\",\"description\":\"Eine \u00f6sterreichweite Initiative der Sozialversicherungen.\",\"potentialAction\":[{\"@type\":\"SearchAction\",\"target\":{\"@type\":\"EntryPoint\",\"urlTemplate\":\"https:\/\/rauchfrei.at\/?s={search_term_string}\"},\"query-input\":{\"@type\":\"PropertyValueSpecification\",\"valueRequired\":true,\"valueName\":\"search_term_string\"}}],\"inLanguage\":\"en-US\"},{\"@type\":\"Person\",\"@id\":\"https:\/\/rauchfrei.at\/#\/schema\/person\/504bbf90c5482004fc09aef6de7f9277\",\"name\":\"Rauchfrei Team\",\"image\":{\"@type\":\"ImageObject\",\"inLanguage\":\"en-US\",\"@id\":\"https:\/\/rauchfrei.at\/#\/schema\/person\/image\/\",\"url\":\"https:\/\/secure.gravatar.com\/avatar\/2115b79a00800516fa1523bb5a329611f90e73e89be559131fc7e82b4fdc95ff?s=96&d=mm&r=g\",\"contentUrl\":\"https:\/\/secure.gravatar.com\/avatar\/2115b79a00800516fa1523bb5a329611f90e73e89be559131fc7e82b4fdc95ff?s=96&d=mm&r=g\",\"caption\":\"Rauchfrei Team\"},\"url\":\"https:\/\/rauchfrei.at\/en\/author\/rauchfrei-team\/\"}]}<\/script>\n<!-- \/ Yoast SEO plugin. -->","yoast_head_json":{"title":"\u201eRauschzeit\u201c wird zur \u201eRauchzeit\u201c - Rauchfrei Telefon","robots":{"index":"index","follow":"follow","max-snippet":"max-snippet:-1","max-image-preview":"max-image-preview:large","max-video-preview":"max-video-preview:-1"},"canonical":"https:\/\/rauchfrei.at\/rauschzeit-wird-zur-rauchzeit\/","og_locale":"en_US","og_type":"article","og_title":"\u201eRauschzeit\u201c wird zur \u201eRauchzeit\u201c - Rauchfrei Telefon","og_description":"\u201eRauschzeit\u201c ist ein Podcast der Sucht- und Drogenkoordination Wien, indem junge Leute offen und unverbl\u00fcmt \u00fcber Drogen sprechen. In einer Episode dreht sich alles ums Thema Rauchen und Nikotin, das Rauchfrei Telefon war zu Gast bei Viki und Moritz! Reinh\u00f6ren lohnt sich.","og_url":"https:\/\/rauchfrei.at\/rauschzeit-wird-zur-rauchzeit\/","og_site_name":"Rauchfrei Telefon","article_published_time":"2022-01-24T06:00:00+00:00","og_image":[{"url":"https:\/\/rauchfrei.at\/wp-content\/uploads\/shutterstock_647455138__1500px-1-225x150.jpg","type":"","width":"","height":""}],"author":"Rauchfrei Team","twitter_card":"summary_large_image","twitter_misc":{"Written by":"Rauchfrei Team","Est. reading time":"2 minutes"},"schema":{"@context":"https:\/\/schema.org","@graph":[{"@type":"WebPage","@id":"https:\/\/rauchfrei.at\/rauschzeit-wird-zur-rauchzeit\/","url":"https:\/\/rauchfrei.at\/rauschzeit-wird-zur-rauchzeit\/","name":"\u201eRauschzeit\u201c wird zur \u201eRauchzeit\u201c - Rauchfrei Telefon","isPartOf":{"@id":"https:\/\/rauchfrei.at\/#website"},"primaryImageOfPage":{"@id":"https:\/\/rauchfrei.at\/rauschzeit-wird-zur-rauchzeit\/#primaryimage"},"image":{"@id":"https:\/\/rauchfrei.at\/rauschzeit-wird-zur-rauchzeit\/#primaryimage"},"thumbnailUrl":"https:\/\/rauchfrei.at\/wp-content\/uploads\/shutterstock_647455138__1500px-1-225x150.jpg","datePublished":"2022-01-24T06:00:00+00:00","author":{"@id":"https:\/\/rauchfrei.at\/#\/schema\/person\/504bbf90c5482004fc09aef6de7f9277"},"inLanguage":"en-US","potentialAction":[{"@type":"ReadAction","target":["https:\/\/rauchfrei.at\/rauschzeit-wird-zur-rauchzeit\/"]}]},{"@type":"ImageObject","inLanguage":"en-US","@id":"https:\/\/rauchfrei.at\/rauschzeit-wird-zur-rauchzeit\/#primaryimage","url":"https:\/\/rauchfrei.at\/wp-content\/uploads\/shutterstock_647455138__1500px-1-225x150.jpg","contentUrl":"https:\/\/rauchfrei.at\/wp-content\/uploads\/shutterstock_647455138__1500px-1-225x150.jpg"},{"@type":"WebSite","@id":"https:\/\/rauchfrei.at\/#website","url":"https:\/\/rauchfrei.at\/","name":"Rauchfrei Telefon","description":"Eine \u00f6sterreichweite Initiative der Sozialversicherungen.","potentialAction":[{"@type":"SearchAction","target":{"@type":"EntryPoint","urlTemplate":"https:\/\/rauchfrei.at\/?s={search_term_string}"},"query-input":{"@type":"PropertyValueSpecification","valueRequired":true,"valueName":"search_term_string"}}],"inLanguage":"en-US"},{"@type":"Person","@id":"https:\/\/rauchfrei.at\/#\/schema\/person\/504bbf90c5482004fc09aef6de7f9277","name":"Rauchfrei Team","image":{"@type":"ImageObject","inLanguage":"en-US","@id":"https:\/\/rauchfrei.at\/#\/schema\/person\/image\/","url":"https:\/\/secure.gravatar.com\/avatar\/2115b79a00800516fa1523bb5a329611f90e73e89be559131fc7e82b4fdc95ff?s=96&d=mm&r=g","contentUrl":"https:\/\/secure.gravatar.com\/avatar\/2115b79a00800516fa1523bb5a329611f90e73e89be559131fc7e82b4fdc95ff?s=96&d=mm&r=g","caption":"Rauchfrei Team"},"url":"https:\/\/rauchfrei.at\/en\/author\/rauchfrei-team\/"}]}},"_links":{"self":[{"href":"https:\/\/rauchfrei.at\/en\/wp-json\/wp\/v2\/posts\/22704","targetHints":{"allow":["GET"]}}],"collection":[{"href":"https:\/\/rauchfrei.at\/en\/wp-json\/wp\/v2\/posts"}],"about":[{"href":"https:\/\/rauchfrei.at\/en\/wp-json\/wp\/v2\/types\/post"}],"author":[{"embeddable":true,"href":"https:\/\/rauchfrei.at\/en\/wp-json\/wp\/v2\/users\/25"}],"replies":[{"embeddable":true,"href":"https:\/\/rauchfrei.at\/en\/wp-json\/wp\/v2\/comments?post=22704"}],"version-history":[{"count":5,"href":"https:\/\/rauchfrei.at\/en\/wp-json\/wp\/v2\/posts\/22704\/revisions"}],"predecessor-version":[{"id":22783,"href":"https:\/\/rauchfrei.at\/en\/wp-json\/wp\/v2\/posts\/22704\/revisions\/22783"}],"wp:attachment":[{"href":"https:\/\/rauchfrei.at\/en\/wp-json\/wp\/v2\/media?parent=22704"}],"wp:term":[{"taxonomy":"category","embeddable":true,"href":"https:\/\/rauchfrei.at\/en\/wp-json\/wp\/v2\/categories?post=22704"},{"taxonomy":"post_tag","embeddable":true,"href":"https:\/\/rauchfrei.at\/en\/wp-json\/wp\/v2\/tags?post=22704"}],"curies":[{"name":"wp","href":"https:\/\/api.w.org\/{rel}","templated":true}]}}