
{"id":22810,"date":"2022-02-07T08:00:00","date_gmt":"2022-02-07T06:00:00","guid":{"rendered":"https:\/\/rauchfrei.at\/?p=22810"},"modified":"2022-01-28T18:10:51","modified_gmt":"2022-01-28T16:10:51","slug":"du-hoerst-auf-zu-rauchen-wir-hoeren-auf-zu-rauchen","status":"publish","type":"post","link":"https:\/\/rauchfrei.at\/en\/du-hoerst-auf-zu-rauchen-wir-hoeren-auf-zu-rauchen\/","title":{"rendered":"Du h\u00f6rst auf zu rauchen? Wir h\u00f6ren auf zu rauchen!"},"content":{"rendered":"\n\n[et_pb_section fb_built=&#8221;1&#8243; module_class=&#8221;header&#8221; _builder_version=&#8221;3.22&#8243; global_colors_info=&#8221;{}&#8221;][et_pb_row _builder_version=&#8221;3.25&#8243; global_colors_info=&#8221;{}&#8221;][et_pb_column type=&#8221;4_4&#8243; _builder_version=&#8221;3.25&#8243; custom_padding=&#8221;|||&#8221; global_colors_info=&#8221;{}&#8221; custom_padding__hover=&#8221;|||&#8221;][et_pb_dp_dmb_module_10001 _builder_version=&#8221;3.21.1&#8243; z_index_tablet=&#8221;500&#8243; global_colors_info=&#8221;{}&#8221;][\/et_pb_dp_dmb_module_10001][\/et_pb_column][\/et_pb_row][\/et_pb_section][et_pb_section fb_built=&#8221;1&#8243; _builder_version=&#8221;3.22&#8243; custom_padding=&#8221;30px|||&#8221; global_colors_info=&#8221;{}&#8221;][et_pb_row column_structure=&#8221;2_3,1_3&#8243; _builder_version=&#8221;3.25&#8243; global_colors_info=&#8221;{}&#8221;][et_pb_column type=&#8221;2_3&#8243; module_class=&#8221;blog-content&#8221; _builder_version=&#8221;3.25&#8243; custom_padding=&#8221;|||&#8221; global_colors_info=&#8221;{}&#8221; custom_padding__hover=&#8221;|||&#8221;][et_pb_text _builder_version=&#8221;4.14.7&#8243; global_colors_info=&#8221;{}&#8221;]<p>Viele freuen sich als, wenn sich ein Familienmitglied dazu entscheidet, rauchfrei zu werden. Doch wenn es dann so weit ist, bemerkt man, dass es manchmal nicht ganz einfach ist. Es ver\u00e4ndern sich vielleicht gemeinsame Gewohnheiten. Die Stimmung der frisch rauchfreien Person kann in den ersten Tagen schlechter sein. Wenn der Rauchstopp nicht gleich gelingt, macht das traurig oder \u00e4rgerlich.<\/p>\n<p><strong>So helfen Sie Ihrer Partnerin\/Ihrem Partner oder anderem Familienmitglied<\/strong><br \/>\u2022 Gemeinsame Regeln neugestalten: Zum Beispiel nur mehr au\u00dferhalb der Wohnung oder des Hauses rauchen.<br \/>\u2022 Zigarettenpackungen und Aschenbecher wegr\u00e4umen und au\u00dferhalb der Sichtweite lassen<br \/>\u2022 Gemeinsam etwas Sch\u00f6nes planen und dann unternehmen: F\u00fcr alle als Belohnung.<br \/>\u2022 Best\u00e4rken, die Freude \u00fcber den Rauchstopp betonen und geduldig sein statt schimpfen.<br \/>\u2022 Fragen, wie es dem Anderen geht in der neuen Situation.<\/p>\n<p><strong>So helfen Sie sich selbst<\/strong><br \/>\u2022 Sich auch eine Belohnung g\u00f6nnen! Man arbeitet ja auch mit.<br \/>\u2022 Falls Sie selbst noch rauchen: \u00dcberlegen Sie f\u00fcr sich, ob Sie nicht gleich mitmachen mit dem Aufh\u00f6ren. Gemeinsam ist es leichter. <br \/>\u2022 Sich von dem Thema auch mal ablenken. \u00dcberlegen, was Spa\u00df macht und hilft auf andere Gedanken zu kommen: spazieren gehen zum Beispiel. <br \/>\u2022 Eine Auszeit nehmen. Wenn es Streit gibt eine Pause einlegen und dann sp\u00e4ter in Ruhe nochmals reden.<br \/>\u2022 Daran denken, dass die schwierige erste Zeit nach dem Rauchstopp bald wieder einfacher sein wird. <br \/>\u2022 Dar\u00fcber reden, wie es Ihnen in der neuen Situation geht.<\/p>[\/et_pb_text][et_pb_post_nav in_same_term=&#8221;off&#8221; _builder_version=&#8221;3.0.99&#8243; global_colors_info=&#8221;{}&#8221;][\/et_pb_post_nav][\/et_pb_column][et_pb_column type=&#8221;1_3&#8243; module_class=&#8221;cat-and-tag&#8221; _builder_version=&#8221;3.25&#8243; custom_padding=&#8221;|||&#8221; global_colors_info=&#8221;{}&#8221; custom_padding__hover=&#8221;|||&#8221;][et_pb_sidebar area=&#8221;et_pb_widget_area_1&#8243; _builder_version=&#8221;3.0.99&#8243; global_colors_info=&#8221;{}&#8221;][\/et_pb_sidebar][et_pb_dp_dmb_module_10093 farbe=&#8221;blitzblau&#8221; headline=&#8221;Starkes Rauchverlangen?&#8221; image=&#8221;https:\/\/rauchfrei.at\/wp-content\/uploads\/Desire.png&#8221; image_position=&#8221;center&#8221; link_text=&#8221;mehr&#8221; link_url=&#8221;https:\/\/rauchfrei.at\/aufhoeren\/schritte-zum-rauchstopp\/was-tun-bei-verlangensattacken\/&#8221; admin_label=&#8221;Starkes Rauchverlangen?&#8221; _builder_version=&#8221;3.19.15&#8243; max_width=&#8221;100%&#8221; saved_tabs=&#8221;all&#8221; global_colors_info=&#8221;{}&#8221; global_module=&#8221;13170&#8243; theme_builder_area=&#8221;post_content&#8221;]<p>Bleiben Sie stark, es geht vorbei!<\/p>\n[\/et_pb_dp_dmb_module_10093][\/et_pb_column][\/et_pb_row][\/et_pb_section]\n\n","protected":false},"excerpt":{"rendered":"<p>Meine Partnerin\/mein Partner will endlich mit dem Rauchen aufh\u00f6ren. Das l\u00f6st gro\u00dfe Freude aus. Doch es kann auch f\u00fcr einen selbst eine Herausforderung werden. Wie kann man den Rauchstopp gemeinsam gut \u00fcberstehen?<\/p>\n","protected":false},"author":25,"featured_media":0,"comment_status":"open","ping_status":"open","sticky":false,"template":"","format":"standard","meta":{"_et_pb_use_builder":"on","_et_pb_old_content":"","_et_gb_content_width":"2880","footnotes":""},"categories":[236],"tags":[],"class_list":["post-22810","post","type-post","status-publish","format-standard","hentry","category-nicht-kategorisiert"],"yoast_head":"<!-- This site is optimized with the Yoast SEO plugin v26.2 - https:\/\/yoast.com\/wordpress\/plugins\/seo\/ -->\n<title>Du h\u00f6rst auf zu rauchen? Wir h\u00f6ren auf zu rauchen! - Rauchfrei Telefon<\/title>\n<meta name=\"robots\" content=\"index, follow, max-snippet:-1, max-image-preview:large, max-video-preview:-1\" \/>\n<link rel=\"canonical\" href=\"https:\/\/rauchfrei.at\/du-hoerst-auf-zu-rauchen-wir-hoeren-auf-zu-rauchen\/\" \/>\n<meta property=\"og:locale\" content=\"en_US\" \/>\n<meta property=\"og:type\" content=\"article\" \/>\n<meta property=\"og:title\" content=\"Du h\u00f6rst auf zu rauchen? Wir h\u00f6ren auf zu rauchen! - Rauchfrei Telefon\" \/>\n<meta property=\"og:description\" content=\"Meine Partnerin\/mein Partner will endlich mit dem Rauchen aufh\u00f6ren. Das l\u00f6st gro\u00dfe Freude aus. Doch es kann auch f\u00fcr einen selbst eine Herausforderung werden. Wie kann man den Rauchstopp gemeinsam gut \u00fcberstehen?\" \/>\n<meta property=\"og:url\" content=\"https:\/\/rauchfrei.at\/du-hoerst-auf-zu-rauchen-wir-hoeren-auf-zu-rauchen\/\" \/>\n<meta property=\"og:site_name\" content=\"Rauchfrei Telefon\" \/>\n<meta property=\"article:published_time\" content=\"2022-02-07T06:00:00+00:00\" \/>\n<meta name=\"author\" content=\"Rauchfrei Team\" \/>\n<meta name=\"twitter:card\" content=\"summary_large_image\" \/>\n<meta name=\"twitter:label1\" content=\"Written by\" \/>\n\t<meta name=\"twitter:data1\" content=\"Rauchfrei Team\" \/>\n\t<meta name=\"twitter:label2\" content=\"Est. reading time\" \/>\n\t<meta name=\"twitter:data2\" content=\"2 minutes\" \/>\n<script type=\"application\/ld+json\" class=\"yoast-schema-graph\">{\"@context\":\"https:\/\/schema.org\",\"@graph\":[{\"@type\":\"WebPage\",\"@id\":\"https:\/\/rauchfrei.at\/du-hoerst-auf-zu-rauchen-wir-hoeren-auf-zu-rauchen\/\",\"url\":\"https:\/\/rauchfrei.at\/du-hoerst-auf-zu-rauchen-wir-hoeren-auf-zu-rauchen\/\",\"name\":\"Du h\u00f6rst auf zu rauchen? Wir h\u00f6ren auf zu rauchen! - Rauchfrei Telefon\",\"isPartOf\":{\"@id\":\"https:\/\/rauchfrei.at\/#website\"},\"datePublished\":\"2022-02-07T06:00:00+00:00\",\"author\":{\"@id\":\"https:\/\/rauchfrei.at\/#\/schema\/person\/504bbf90c5482004fc09aef6de7f9277\"},\"inLanguage\":\"en-US\",\"potentialAction\":[{\"@type\":\"ReadAction\",\"target\":[\"https:\/\/rauchfrei.at\/du-hoerst-auf-zu-rauchen-wir-hoeren-auf-zu-rauchen\/\"]}]},{\"@type\":\"WebSite\",\"@id\":\"https:\/\/rauchfrei.at\/#website\",\"url\":\"https:\/\/rauchfrei.at\/\",\"name\":\"Rauchfrei Telefon\",\"description\":\"Eine \u00f6sterreichweite Initiative der Sozialversicherungen.\",\"potentialAction\":[{\"@type\":\"SearchAction\",\"target\":{\"@type\":\"EntryPoint\",\"urlTemplate\":\"https:\/\/rauchfrei.at\/?s={search_term_string}\"},\"query-input\":{\"@type\":\"PropertyValueSpecification\",\"valueRequired\":true,\"valueName\":\"search_term_string\"}}],\"inLanguage\":\"en-US\"},{\"@type\":\"Person\",\"@id\":\"https:\/\/rauchfrei.at\/#\/schema\/person\/504bbf90c5482004fc09aef6de7f9277\",\"name\":\"Rauchfrei Team\",\"image\":{\"@type\":\"ImageObject\",\"inLanguage\":\"en-US\",\"@id\":\"https:\/\/rauchfrei.at\/#\/schema\/person\/image\/\",\"url\":\"https:\/\/secure.gravatar.com\/avatar\/2115b79a00800516fa1523bb5a329611f90e73e89be559131fc7e82b4fdc95ff?s=96&d=mm&r=g\",\"contentUrl\":\"https:\/\/secure.gravatar.com\/avatar\/2115b79a00800516fa1523bb5a329611f90e73e89be559131fc7e82b4fdc95ff?s=96&d=mm&r=g\",\"caption\":\"Rauchfrei Team\"},\"url\":\"https:\/\/rauchfrei.at\/en\/author\/rauchfrei-team\/\"}]}<\/script>\n<!-- \/ Yoast SEO plugin. -->","yoast_head_json":{"title":"Du h\u00f6rst auf zu rauchen? Wir h\u00f6ren auf zu rauchen! - Rauchfrei Telefon","robots":{"index":"index","follow":"follow","max-snippet":"max-snippet:-1","max-image-preview":"max-image-preview:large","max-video-preview":"max-video-preview:-1"},"canonical":"https:\/\/rauchfrei.at\/du-hoerst-auf-zu-rauchen-wir-hoeren-auf-zu-rauchen\/","og_locale":"en_US","og_type":"article","og_title":"Du h\u00f6rst auf zu rauchen? Wir h\u00f6ren auf zu rauchen! - Rauchfrei Telefon","og_description":"Meine Partnerin\/mein Partner will endlich mit dem Rauchen aufh\u00f6ren. Das l\u00f6st gro\u00dfe Freude aus. Doch es kann auch f\u00fcr einen selbst eine Herausforderung werden. Wie kann man den Rauchstopp gemeinsam gut \u00fcberstehen?","og_url":"https:\/\/rauchfrei.at\/du-hoerst-auf-zu-rauchen-wir-hoeren-auf-zu-rauchen\/","og_site_name":"Rauchfrei Telefon","article_published_time":"2022-02-07T06:00:00+00:00","author":"Rauchfrei Team","twitter_card":"summary_large_image","twitter_misc":{"Written by":"Rauchfrei Team","Est. reading time":"2 minutes"},"schema":{"@context":"https:\/\/schema.org","@graph":[{"@type":"WebPage","@id":"https:\/\/rauchfrei.at\/du-hoerst-auf-zu-rauchen-wir-hoeren-auf-zu-rauchen\/","url":"https:\/\/rauchfrei.at\/du-hoerst-auf-zu-rauchen-wir-hoeren-auf-zu-rauchen\/","name":"Du h\u00f6rst auf zu rauchen? Wir h\u00f6ren auf zu rauchen! - Rauchfrei Telefon","isPartOf":{"@id":"https:\/\/rauchfrei.at\/#website"},"datePublished":"2022-02-07T06:00:00+00:00","author":{"@id":"https:\/\/rauchfrei.at\/#\/schema\/person\/504bbf90c5482004fc09aef6de7f9277"},"inLanguage":"en-US","potentialAction":[{"@type":"ReadAction","target":["https:\/\/rauchfrei.at\/du-hoerst-auf-zu-rauchen-wir-hoeren-auf-zu-rauchen\/"]}]},{"@type":"WebSite","@id":"https:\/\/rauchfrei.at\/#website","url":"https:\/\/rauchfrei.at\/","name":"Rauchfrei Telefon","description":"Eine \u00f6sterreichweite Initiative der Sozialversicherungen.","potentialAction":[{"@type":"SearchAction","target":{"@type":"EntryPoint","urlTemplate":"https:\/\/rauchfrei.at\/?s={search_term_string}"},"query-input":{"@type":"PropertyValueSpecification","valueRequired":true,"valueName":"search_term_string"}}],"inLanguage":"en-US"},{"@type":"Person","@id":"https:\/\/rauchfrei.at\/#\/schema\/person\/504bbf90c5482004fc09aef6de7f9277","name":"Rauchfrei Team","image":{"@type":"ImageObject","inLanguage":"en-US","@id":"https:\/\/rauchfrei.at\/#\/schema\/person\/image\/","url":"https:\/\/secure.gravatar.com\/avatar\/2115b79a00800516fa1523bb5a329611f90e73e89be559131fc7e82b4fdc95ff?s=96&d=mm&r=g","contentUrl":"https:\/\/secure.gravatar.com\/avatar\/2115b79a00800516fa1523bb5a329611f90e73e89be559131fc7e82b4fdc95ff?s=96&d=mm&r=g","caption":"Rauchfrei Team"},"url":"https:\/\/rauchfrei.at\/en\/author\/rauchfrei-team\/"}]}},"_links":{"self":[{"href":"https:\/\/rauchfrei.at\/en\/wp-json\/wp\/v2\/posts\/22810","targetHints":{"allow":["GET"]}}],"collection":[{"href":"https:\/\/rauchfrei.at\/en\/wp-json\/wp\/v2\/posts"}],"about":[{"href":"https:\/\/rauchfrei.at\/en\/wp-json\/wp\/v2\/types\/post"}],"author":[{"embeddable":true,"href":"https:\/\/rauchfrei.at\/en\/wp-json\/wp\/v2\/users\/25"}],"replies":[{"embeddable":true,"href":"https:\/\/rauchfrei.at\/en\/wp-json\/wp\/v2\/comments?post=22810"}],"version-history":[{"count":7,"href":"https:\/\/rauchfrei.at\/en\/wp-json\/wp\/v2\/posts\/22810\/revisions"}],"predecessor-version":[{"id":22819,"href":"https:\/\/rauchfrei.at\/en\/wp-json\/wp\/v2\/posts\/22810\/revisions\/22819"}],"wp:attachment":[{"href":"https:\/\/rauchfrei.at\/en\/wp-json\/wp\/v2\/media?parent=22810"}],"wp:term":[{"taxonomy":"category","embeddable":true,"href":"https:\/\/rauchfrei.at\/en\/wp-json\/wp\/v2\/categories?post=22810"},{"taxonomy":"post_tag","embeddable":true,"href":"https:\/\/rauchfrei.at\/en\/wp-json\/wp\/v2\/tags?post=22810"}],"curies":[{"name":"wp","href":"https:\/\/api.w.org\/{rel}","templated":true}]}}