
{"id":22824,"date":"2022-01-31T08:00:00","date_gmt":"2022-01-31T06:00:00","guid":{"rendered":"https:\/\/rauchfrei.at\/?p=22824"},"modified":"2023-03-07T14:45:16","modified_gmt":"2023-03-07T12:45:16","slug":"rauchen-und-krebs-weltkrebstag-am-4-februar","status":"publish","type":"post","link":"https:\/\/rauchfrei.at\/en\/rauchen-und-krebs-weltkrebstag-am-4-februar\/","title":{"rendered":"Rauchen und Krebs \u2013 Weltkrebstag am 4. Februar"},"content":{"rendered":"<p>[et_pb_section fb_built=&#8221;1&#8243; module_class=&#8221;header&#8221; _builder_version=&#8221;4.16&#8243; global_colors_info=&#8221;{}&#8221;][et_pb_row _builder_version=&#8221;4.16&#8243; global_colors_info=&#8221;{}&#8221;][et_pb_column type=&#8221;4_4&#8243; _builder_version=&#8221;4.16&#8243; custom_padding=&#8221;|||&#8221; global_colors_info=&#8221;{}&#8221; custom_padding__hover=&#8221;|||&#8221;][et_pb_dp_dmb_module_10001 subheadline=&#8221;Rauchfrei sein \u2013 Krebs vorbeugen&#8221; _builder_version=&#8221;4.16&#8243; z_index_tablet=&#8221;500&#8243; global_colors_info=&#8221;{}&#8221;][\/et_pb_dp_dmb_module_10001][\/et_pb_column][\/et_pb_row][\/et_pb_section][et_pb_section fb_built=&#8221;1&#8243; _builder_version=&#8221;4.16&#8243; custom_padding=&#8221;30px|||&#8221; global_colors_info=&#8221;{}&#8221;][et_pb_row column_structure=&#8221;2_3,1_3&#8243; _builder_version=&#8221;4.16&#8243; global_colors_info=&#8221;{}&#8221;][et_pb_column type=&#8221;2_3&#8243; module_class=&#8221;blog-content&#8221; _builder_version=&#8221;4.16&#8243; custom_padding=&#8221;|||&#8221; global_colors_info=&#8221;{}&#8221; custom_padding__hover=&#8221;|||&#8221;][et_pb_text _builder_version=&#8221;4.19.4&#8243; hover_enabled=&#8221;0&#8243; global_colors_info=&#8221;{}&#8221; sticky_enabled=&#8221;0&#8243;]<\/p>\n<p>Rund ein Drittel aller Krebserkrankungen gehen vermutlich auf das Rauchen zur\u00fcck. Bei Krebserkrankungen von Organen, die direkt mit den Inhaltstoffen des Rauchs in Ber\u00fchrung kommen, wie z.B. Kehlkopf, Mundh\u00f6hle und Lunge sind bis zu 90 % der Diagnosen auf das riskante Verhalten \u201eRauchen\u201c zur\u00fcckzuf\u00fchren. Rauchen ist somit die h\u00e4ufigste vermeidbare Todesursache in den Industriel\u00e4ndern.<\/p>\n<p>Im Rauch sind rund 5300 Substanzen enthalten. Etwa 90 davon sind nachgewiesenerma\u00dfen krebserregend. Dazu z\u00e4hlen Arsen, Blei, Cadmium, Formaldehyd, Benzol oder Nitrosamine. Sie k\u00f6nnen das Erbgut der Zellen irreversibel sch\u00e4digen und b\u00f6sartige Tumore sowie Leuk\u00e4mien ausl\u00f6sen.<\/p>\n<p>Beim Rauchen gibt es keine Unbedenklichkeitsgrenze. Selbst wenige Zigaretten am Tag schaden der Gesundheit und erh\u00f6hen die Wahrscheinlichkeit, Krankheiten zu entwickeln. Professionelle Unterst\u00fctzung beim Rauchstopp erh\u00f6ht die Wahrscheinlichkeit, den Rauchstopp auch bei wenigen Zigaretten pro Tag zu schaffen.<\/p>\n<p>Passivrauch ist ebenfalls krebsf\u00f6rdernd. Menschen, die selbst nicht rauchen und in ihrem Lebens- und oder Arbeitsumfeld Tabakrauch ausgesetzt sind, haben ein erh\u00f6htes Risiko, an Krebs zu erkranken. Daher sind rauchfreie Umgebungen (Innenr\u00e4ume, Autos..) eine einfache M\u00f6glichkeit, die Gesundheit anderer Personen zu sch\u00fctzen.<\/p>\n<p>Das Motto des Weltkrebstags 2022 lautet \u201e#CLOSE THE CARE GAP\u201c, hier soll aufgezeigt werden, dass zwar jeder Mensch unabh\u00e4ngig von seiner Herkunft von Krebs betroffen sein kann, allerdings die H\u00e4lfte der Weltbev\u00f6lkerung keinen ausreichenden Zugang zu der jeweilig notwendigen Krankenversorgung hat. Und diese \u201eL\u00fccke\u201c beginnt schon bei den Pr\u00e4ventionsma\u00dfnahmen in Bezug auf Krebserkrankungen. Lesen Sie <a href=\"https:\/\/www.worldcancerday.org\/close-care-gap\">hier<\/a> nach welche Schritte notwendig sind, um die Krebsvorsorge und Krebsbehandlung zu verbessern.<\/p>\n<p>Mehr zum Thema:<br \/>ENSP Factsheet: <a href=\"https:\/\/rauchfrei.at\/ensp_factsheet_canter_tobacco_december-2021\/\">Tobacco use and Cancer The role of smoking cessation<\/a><\/p>\n<p>Quelle:<br \/><a href=\"https:\/\/www.worldcancerday.org\">https:\/\/www.worldcancerday.org<\/a><br \/><a href=\"https:\/\/www.dkfz.de\/de\/tabakkontrolle\/Rote_Reihe_Tabakpraevention_und_Tabakkontrolle.html\" target=\"_blank\" rel=\"noopener\">https:\/\/www.dkfz.de\/de\/tabakkontrolle\/<\/a><br \/><a href=\"https:\/\/www.krebshilfe.net\/\">https:\/\/www.krebshilfe.net\/<\/a><\/p>\n<p>[\/et_pb_text][et_pb_post_nav in_same_term=&#8221;off&#8221; _builder_version=&#8221;4.16&#8243; global_colors_info=&#8221;{}&#8221;][\/et_pb_post_nav][\/et_pb_column][et_pb_column type=&#8221;1_3&#8243; module_class=&#8221;cat-and-tag&#8221; _builder_version=&#8221;4.16&#8243; custom_padding=&#8221;|||&#8221; global_colors_info=&#8221;{}&#8221; custom_padding__hover=&#8221;|||&#8221;][et_pb_dp_dmb_module_10093 farbe=&#8221;blitzgelb&#8221; headline=&#8221;Trauen Sie sich den Rauchstopp zu!&#8221; image=&#8221;https:\/\/rauchfrei.at\/wp-content\/uploads\/Quitting-Yellow.png&#8221; image_position=&#8221;center&#8221; link_text=&#8221;mehr&#8221; link_url=&#8221;https:\/\/rauchfrei.at\/aufhoeren\/schritte-zum-rauchstopp\/trauen-sie-sich-den-rauchstopp-zu\/&#8221; admin_label=&#8221;Trauen Sie sich den Rauchstopp zu&#8221; _builder_version=&#8221;4.18.0&#8243; global_module=&#8221;13173&#8243; saved_tabs=&#8221;all&#8221; global_colors_info=&#8221;{}&#8221;]<\/p>\n<p>Sie m\u00f6chten etwas \u00e4ndern? Worauf warten Sie noch?<\/p>\n<p>[\/et_pb_dp_dmb_module_10093][et_pb_dp_dmb_module_10080 link_text=&#8221;Hier&#8221; link_url=&#8221;https:\/\/rauchfrei.at\/downloads-tests-und-tools\/&#8221; admin_label=&#8221;Testen Sie Ihre Abh\u00e4ngigkeit&#8221; _builder_version=&#8221;3.21.1&#8243; dp_tiny_mce_line_height=&#8221;1em&#8221; z_index_tablet=&#8221;500&#8243; global_module=&#8221;13157&#8243; saved_tabs=&#8221;all&#8221; global_colors_info=&#8221;{}&#8221;]<\/p>\n<p><strong>Testen <\/strong>Sie Ihre <strong>Abh\u00e4ngigkeit!<\/strong><\/p>\n<p>[\/et_pb_dp_dmb_module_10080][\/et_pb_column][\/et_pb_row][\/et_pb_section]<\/p>\n","protected":false},"excerpt":{"rendered":"<p>Am 4. Februar 2022 wird mit dem Weltkrebstag auf eine weit verbreitete Erkrankung mit h\u00e4ufiger Todesfolge aufmerksam gemacht. Krebs ist in vielen F\u00e4llen vermeidbar, Rauchfrei leben ist eine wichtige Strategie dazu. <\/p>\n","protected":false},"author":25,"featured_media":0,"comment_status":"open","ping_status":"open","sticky":false,"template":"","format":"standard","meta":{"_et_pb_use_builder":"on","_et_pb_old_content":"","_et_gb_content_width":"2880","footnotes":""},"categories":[236],"tags":[],"class_list":["post-22824","post","type-post","status-publish","format-standard","hentry","category-nicht-kategorisiert"],"yoast_head":"<!-- This site is optimized with the Yoast SEO plugin v26.2 - https:\/\/yoast.com\/wordpress\/plugins\/seo\/ -->\n<title>Rauchen und Krebs \u2013 Weltkrebstag am 4. Februar - Rauchfrei Telefon<\/title>\n<meta name=\"robots\" content=\"index, follow, max-snippet:-1, max-image-preview:large, max-video-preview:-1\" \/>\n<link rel=\"canonical\" href=\"https:\/\/rauchfrei.at\/rauchen-und-krebs-weltkrebstag-am-4-februar\/\" \/>\n<meta property=\"og:locale\" content=\"en_US\" \/>\n<meta property=\"og:type\" content=\"article\" \/>\n<meta property=\"og:title\" content=\"Rauchen und Krebs \u2013 Weltkrebstag am 4. Februar - Rauchfrei Telefon\" \/>\n<meta property=\"og:description\" content=\"Am 4. Februar 2022 wird mit dem Weltkrebstag auf eine weit verbreitete Erkrankung mit h\u00e4ufiger Todesfolge aufmerksam gemacht. Krebs ist in vielen F\u00e4llen vermeidbar, Rauchfrei leben ist eine wichtige Strategie dazu.\" \/>\n<meta property=\"og:url\" content=\"https:\/\/rauchfrei.at\/rauchen-und-krebs-weltkrebstag-am-4-februar\/\" \/>\n<meta property=\"og:site_name\" content=\"Rauchfrei Telefon\" \/>\n<meta property=\"article:published_time\" content=\"2022-01-31T06:00:00+00:00\" \/>\n<meta property=\"article:modified_time\" content=\"2023-03-07T12:45:16+00:00\" \/>\n<meta name=\"author\" content=\"Rauchfrei Team\" \/>\n<meta name=\"twitter:card\" content=\"summary_large_image\" \/>\n<meta name=\"twitter:label1\" content=\"Written by\" \/>\n\t<meta name=\"twitter:data1\" content=\"Rauchfrei Team\" \/>\n\t<meta name=\"twitter:label2\" content=\"Est. reading time\" \/>\n\t<meta name=\"twitter:data2\" content=\"2 minutes\" \/>\n<script type=\"application\/ld+json\" class=\"yoast-schema-graph\">{\"@context\":\"https:\/\/schema.org\",\"@graph\":[{\"@type\":\"WebPage\",\"@id\":\"https:\/\/rauchfrei.at\/rauchen-und-krebs-weltkrebstag-am-4-februar\/\",\"url\":\"https:\/\/rauchfrei.at\/rauchen-und-krebs-weltkrebstag-am-4-februar\/\",\"name\":\"Rauchen und Krebs \u2013 Weltkrebstag am 4. Februar - Rauchfrei Telefon\",\"isPartOf\":{\"@id\":\"https:\/\/rauchfrei.at\/#website\"},\"datePublished\":\"2022-01-31T06:00:00+00:00\",\"dateModified\":\"2023-03-07T12:45:16+00:00\",\"author\":{\"@id\":\"https:\/\/rauchfrei.at\/#\/schema\/person\/504bbf90c5482004fc09aef6de7f9277\"},\"inLanguage\":\"en-US\",\"potentialAction\":[{\"@type\":\"ReadAction\",\"target\":[\"https:\/\/rauchfrei.at\/rauchen-und-krebs-weltkrebstag-am-4-februar\/\"]}]},{\"@type\":\"WebSite\",\"@id\":\"https:\/\/rauchfrei.at\/#website\",\"url\":\"https:\/\/rauchfrei.at\/\",\"name\":\"Rauchfrei Telefon\",\"description\":\"Eine \u00f6sterreichweite Initiative der Sozialversicherungen.\",\"potentialAction\":[{\"@type\":\"SearchAction\",\"target\":{\"@type\":\"EntryPoint\",\"urlTemplate\":\"https:\/\/rauchfrei.at\/?s={search_term_string}\"},\"query-input\":{\"@type\":\"PropertyValueSpecification\",\"valueRequired\":true,\"valueName\":\"search_term_string\"}}],\"inLanguage\":\"en-US\"},{\"@type\":\"Person\",\"@id\":\"https:\/\/rauchfrei.at\/#\/schema\/person\/504bbf90c5482004fc09aef6de7f9277\",\"name\":\"Rauchfrei Team\",\"image\":{\"@type\":\"ImageObject\",\"inLanguage\":\"en-US\",\"@id\":\"https:\/\/rauchfrei.at\/#\/schema\/person\/image\/\",\"url\":\"https:\/\/secure.gravatar.com\/avatar\/2115b79a00800516fa1523bb5a329611f90e73e89be559131fc7e82b4fdc95ff?s=96&d=mm&r=g\",\"contentUrl\":\"https:\/\/secure.gravatar.com\/avatar\/2115b79a00800516fa1523bb5a329611f90e73e89be559131fc7e82b4fdc95ff?s=96&d=mm&r=g\",\"caption\":\"Rauchfrei Team\"},\"url\":\"https:\/\/rauchfrei.at\/en\/author\/rauchfrei-team\/\"}]}<\/script>\n<!-- \/ Yoast SEO plugin. -->","yoast_head_json":{"title":"Rauchen und Krebs \u2013 Weltkrebstag am 4. Februar - Rauchfrei Telefon","robots":{"index":"index","follow":"follow","max-snippet":"max-snippet:-1","max-image-preview":"max-image-preview:large","max-video-preview":"max-video-preview:-1"},"canonical":"https:\/\/rauchfrei.at\/rauchen-und-krebs-weltkrebstag-am-4-februar\/","og_locale":"en_US","og_type":"article","og_title":"Rauchen und Krebs \u2013 Weltkrebstag am 4. Februar - Rauchfrei Telefon","og_description":"Am 4. Februar 2022 wird mit dem Weltkrebstag auf eine weit verbreitete Erkrankung mit h\u00e4ufiger Todesfolge aufmerksam gemacht. Krebs ist in vielen F\u00e4llen vermeidbar, Rauchfrei leben ist eine wichtige Strategie dazu.","og_url":"https:\/\/rauchfrei.at\/rauchen-und-krebs-weltkrebstag-am-4-februar\/","og_site_name":"Rauchfrei Telefon","article_published_time":"2022-01-31T06:00:00+00:00","article_modified_time":"2023-03-07T12:45:16+00:00","author":"Rauchfrei Team","twitter_card":"summary_large_image","twitter_misc":{"Written by":"Rauchfrei Team","Est. reading time":"2 minutes"},"schema":{"@context":"https:\/\/schema.org","@graph":[{"@type":"WebPage","@id":"https:\/\/rauchfrei.at\/rauchen-und-krebs-weltkrebstag-am-4-februar\/","url":"https:\/\/rauchfrei.at\/rauchen-und-krebs-weltkrebstag-am-4-februar\/","name":"Rauchen und Krebs \u2013 Weltkrebstag am 4. Februar - Rauchfrei Telefon","isPartOf":{"@id":"https:\/\/rauchfrei.at\/#website"},"datePublished":"2022-01-31T06:00:00+00:00","dateModified":"2023-03-07T12:45:16+00:00","author":{"@id":"https:\/\/rauchfrei.at\/#\/schema\/person\/504bbf90c5482004fc09aef6de7f9277"},"inLanguage":"en-US","potentialAction":[{"@type":"ReadAction","target":["https:\/\/rauchfrei.at\/rauchen-und-krebs-weltkrebstag-am-4-februar\/"]}]},{"@type":"WebSite","@id":"https:\/\/rauchfrei.at\/#website","url":"https:\/\/rauchfrei.at\/","name":"Rauchfrei Telefon","description":"Eine \u00f6sterreichweite Initiative der Sozialversicherungen.","potentialAction":[{"@type":"SearchAction","target":{"@type":"EntryPoint","urlTemplate":"https:\/\/rauchfrei.at\/?s={search_term_string}"},"query-input":{"@type":"PropertyValueSpecification","valueRequired":true,"valueName":"search_term_string"}}],"inLanguage":"en-US"},{"@type":"Person","@id":"https:\/\/rauchfrei.at\/#\/schema\/person\/504bbf90c5482004fc09aef6de7f9277","name":"Rauchfrei Team","image":{"@type":"ImageObject","inLanguage":"en-US","@id":"https:\/\/rauchfrei.at\/#\/schema\/person\/image\/","url":"https:\/\/secure.gravatar.com\/avatar\/2115b79a00800516fa1523bb5a329611f90e73e89be559131fc7e82b4fdc95ff?s=96&d=mm&r=g","contentUrl":"https:\/\/secure.gravatar.com\/avatar\/2115b79a00800516fa1523bb5a329611f90e73e89be559131fc7e82b4fdc95ff?s=96&d=mm&r=g","caption":"Rauchfrei Team"},"url":"https:\/\/rauchfrei.at\/en\/author\/rauchfrei-team\/"}]}},"_links":{"self":[{"href":"https:\/\/rauchfrei.at\/en\/wp-json\/wp\/v2\/posts\/22824","targetHints":{"allow":["GET"]}}],"collection":[{"href":"https:\/\/rauchfrei.at\/en\/wp-json\/wp\/v2\/posts"}],"about":[{"href":"https:\/\/rauchfrei.at\/en\/wp-json\/wp\/v2\/types\/post"}],"author":[{"embeddable":true,"href":"https:\/\/rauchfrei.at\/en\/wp-json\/wp\/v2\/users\/25"}],"replies":[{"embeddable":true,"href":"https:\/\/rauchfrei.at\/en\/wp-json\/wp\/v2\/comments?post=22824"}],"version-history":[{"count":10,"href":"https:\/\/rauchfrei.at\/en\/wp-json\/wp\/v2\/posts\/22824\/revisions"}],"predecessor-version":[{"id":26494,"href":"https:\/\/rauchfrei.at\/en\/wp-json\/wp\/v2\/posts\/22824\/revisions\/26494"}],"wp:attachment":[{"href":"https:\/\/rauchfrei.at\/en\/wp-json\/wp\/v2\/media?parent=22824"}],"wp:term":[{"taxonomy":"category","embeddable":true,"href":"https:\/\/rauchfrei.at\/en\/wp-json\/wp\/v2\/categories?post=22824"},{"taxonomy":"post_tag","embeddable":true,"href":"https:\/\/rauchfrei.at\/en\/wp-json\/wp\/v2\/tags?post=22824"}],"curies":[{"name":"wp","href":"https:\/\/api.w.org\/{rel}","templated":true}]}}