
{"id":22980,"date":"2022-02-28T08:00:00","date_gmt":"2022-02-28T06:00:00","guid":{"rendered":"https:\/\/rauchfrei.at\/?p=22980"},"modified":"2022-02-17T16:49:43","modified_gmt":"2022-02-17T14:49:43","slug":"ein-kompliment-zum-rauchstopp","status":"publish","type":"post","link":"https:\/\/rauchfrei.at\/en\/ein-kompliment-zum-rauchstopp\/","title":{"rendered":"Ein Kompliment zum Rauchstopp"},"content":{"rendered":"\n[et_pb_section fb_built=&#8221;1&#8243; module_class=&#8221;header&#8221; _builder_version=&#8221;3.22&#8243; global_colors_info=&#8221;{}&#8221;][et_pb_row _builder_version=&#8221;3.25&#8243; global_colors_info=&#8221;{}&#8221;][et_pb_column type=&#8221;4_4&#8243; _builder_version=&#8221;3.25&#8243; custom_padding=&#8221;|||&#8221; global_colors_info=&#8221;{}&#8221; custom_padding__hover=&#8221;|||&#8221;][et_pb_dp_dmb_module_10001 _builder_version=&#8221;3.21.1&#8243; z_index_tablet=&#8221;500&#8243; global_colors_info=&#8221;{}&#8221;][\/et_pb_dp_dmb_module_10001][\/et_pb_column][\/et_pb_row][\/et_pb_section][et_pb_section fb_built=&#8221;1&#8243; _builder_version=&#8221;3.22&#8243; custom_padding=&#8221;30px|||&#8221; global_colors_info=&#8221;{}&#8221;][et_pb_row column_structure=&#8221;2_3,1_3&#8243; _builder_version=&#8221;3.25&#8243; global_colors_info=&#8221;{}&#8221;][et_pb_column type=&#8221;2_3&#8243; module_class=&#8221;blog-content&#8221; _builder_version=&#8221;3.25&#8243; custom_padding=&#8221;|||&#8221; global_colors_info=&#8221;{}&#8221; custom_padding__hover=&#8221;|||&#8221;][et_pb_text _builder_version=&#8221;4.14.7&#8243; global_colors_info=&#8221;{}&#8221;]<p>Beim Tag der Komplimente, der seinen Ursprung in den Niederlanden hat, geht es darum die Mitmenschen durch ein Kompliment gl\u00fccklich zu machen. Die Erfinder wollen diesen Tag damit zum positivsten Tag der Welt machen. Ein sch\u00f6nes Vorhaben! Machen Sie doch mit!<\/p>\n<p>Wer h\u00f6rt nicht gerne Komplimente? Und das wirklich Tolle daran ist, dass Komplimente eine positive Wirkung auf unser Wohlbefinden haben. Im Gehirn werden durch Komplimente Gl\u00fcckshormone, z.B. Oxytocin, dass f\u00fcr ein Verbundenheitsgef\u00fchl sorgt, aber auch andere Gl\u00fcckshormone wie Dopamin und Serotonin, ausgesch\u00fcttet. Komplimente erhalten (und machen) macht gl\u00fccklich, der Rauchstopp auch!<\/p>\n<p>Wir finden, Sie sollten f\u00fcr Ihren Rauchstopp viele Komplimente erhalten. Sie haben es sich verdient! Suchen Sie sich die aus, die am besten f\u00fcr Sie passen:<\/p>\n<ul>\n<li>Es ist toll, dass Sie den Rauchstopp durchgef\u00fchrt haben! Darauf k\u00f6nnen Sie stolz sein!<\/li>\n<li>Es braucht St\u00e4rke und Disziplin f\u00fcr dieses Vorhaben, das haben Sie bewiesen.<\/li>\n<li>Super, dass Sie dranbleiben, auch wenn es manchmal nicht ganz einfach ist.<\/li>\n<li>Gratulation zu Ihrer Umsicht, mit dem Rauchstopp tun Sie Ihrer Gesundheit viel Gutes.<\/li>\n<li>Entscheidungskraft, Willensst\u00e4rke, Ver\u00e4nderungsbereitschaft, Durchhalteverm\u00f6gen,&#8230; das alles haben Sie mit dem Rauchstopp gezeigt, unser Kompliment!<\/li>\n<\/ul>\n<p>Hier geben wir Ihnen weiter, welche Komplimente unsere Anruferinnen und Anrufer nach dem Rauchstopp bekommen haben:<\/p>\n<ul>\n<li>\u201eDeine Haut sieht rosiger und ges\u00fcnder aus!\u201c<\/li>\n<li>\u201eDeine H\u00e4nde sind seit dem Rauchstopp nicht mehr gelb und somit einfach sch\u00f6ner!\u201c<\/li>\n<li>\u201eDein L\u00e4cheln steht dir mit wei\u00dferen Z\u00e4hne viel besser!\u201c<\/li>\n<li>\u201eSeit dem Rauchstopp riechst du so gut!\u201c<\/li>\n<\/ul>\n<p>Es gibt keinen Grund zur Verlegenheit. Nehmen Sie alle Komplimente rund um den Rauchstopp (und dar\u00fcber hinaus) an. Das sch\u00fcttet Gl\u00fcckshormone aus und tut Ihnen gut! Vielleicht haben Sie Lust bekommen und wollen Sie auch jemandem ein Kompliment machen?<\/p>\n<p><a href=\"https:\/\/www.zeit.de\/news\/2021-02\/28\/wie-uns-komplimente-gluecklicher-machen\">https:\/\/www.zeit.de\/news\/2021-02\/28\/wie-uns-komplimente-gluecklicher-machen<\/a><\/p>\n<p>&nbsp;<\/p>[\/et_pb_text][et_pb_post_nav in_same_term=&#8221;off&#8221; _builder_version=&#8221;3.0.99&#8243; global_colors_info=&#8221;{}&#8221;][\/et_pb_post_nav][\/et_pb_column][et_pb_column type=&#8221;1_3&#8243; module_class=&#8221;cat-and-tag&#8221; _builder_version=&#8221;3.25&#8243; custom_padding=&#8221;|||&#8221; global_colors_info=&#8221;{}&#8221; custom_padding__hover=&#8221;|||&#8221;][et_pb_sidebar area=&#8221;et_pb_widget_area_1&#8243; _builder_version=&#8221;3.0.99&#8243; global_colors_info=&#8221;{}&#8221;][\/et_pb_sidebar][et_pb_dp_dmb_module_10093 farbe=&#8221;blitzblau&#8221; headline=&#8221;Alternativen zum Rauchen&#8221; image=&#8221;https:\/\/rauchfrei.at\/wp-content\/uploads\/Relax-in-hammok.png&#8221; image_position=&#8221;center&#8221; link_text=&#8221;mehr&#8221; link_url=&#8221;https:\/\/rauchfrei.at\/alternativen\/&#8221; admin_label=&#8221;Alternativen zum Rauchen&#8221; _builder_version=&#8221;4.9.0&#8243; z_index_tablet=&#8221;500&#8243; global_module=&#8221;13174&#8243; saved_tabs=&#8221;all&#8221; global_colors_info=&#8221;{}&#8221;]<p>Es gibt viele M\u00f6glichkeiten, um nicht zur Zigarette zu greifen!<\/p>\n[\/et_pb_dp_dmb_module_10093][et_pb_dp_dmb_module_10093 farbe=&#8221;blitzblau&#8221; headline=&#8221;Starkes Rauchverlangen?&#8221; image=&#8221;https:\/\/rauchfrei.at\/wp-content\/uploads\/Desire.png&#8221; image_position=&#8221;center&#8221; link_text=&#8221;mehr&#8221; link_url=&#8221;https:\/\/rauchfrei.at\/aufhoeren\/schritte-zum-rauchstopp\/was-tun-bei-verlangensattacken\/&#8221; admin_label=&#8221;Starkes Rauchverlangen?&#8221; _builder_version=&#8221;3.19.15&#8243; max_width=&#8221;100%&#8221; global_module=&#8221;13170&#8243; saved_tabs=&#8221;all&#8221; global_colors_info=&#8221;{}&#8221;]<p>Bleiben Sie stark, es geht vorbei!<\/p>\n[\/et_pb_dp_dmb_module_10093][\/et_pb_column][\/et_pb_row][\/et_pb_section]\n","protected":false},"excerpt":{"rendered":"<p>Der 1. M\u00e4rz steht weltweit im Zeichen des Kompliments, der seit 2003 als \u201eTag der Komplimente\u201c gefeiert wird! Und das ist gut so! <\/p>\n","protected":false},"author":25,"featured_media":0,"comment_status":"open","ping_status":"open","sticky":false,"template":"","format":"standard","meta":{"_et_pb_use_builder":"on","_et_pb_old_content":"","_et_gb_content_width":"2880","footnotes":""},"categories":[236],"tags":[],"class_list":["post-22980","post","type-post","status-publish","format-standard","hentry","category-nicht-kategorisiert"],"yoast_head":"<!-- This site is optimized with the Yoast SEO plugin v26.2 - https:\/\/yoast.com\/wordpress\/plugins\/seo\/ -->\n<title>Ein Kompliment zum Rauchstopp - Rauchfrei Telefon<\/title>\n<meta name=\"robots\" content=\"index, follow, max-snippet:-1, max-image-preview:large, max-video-preview:-1\" \/>\n<link rel=\"canonical\" href=\"https:\/\/rauchfrei.at\/ein-kompliment-zum-rauchstopp\/\" \/>\n<meta property=\"og:locale\" content=\"en_US\" \/>\n<meta property=\"og:type\" content=\"article\" \/>\n<meta property=\"og:title\" content=\"Ein Kompliment zum Rauchstopp - Rauchfrei Telefon\" \/>\n<meta property=\"og:description\" content=\"Der 1. M\u00e4rz steht weltweit im Zeichen des Kompliments, der seit 2003 als \u201eTag der Komplimente\u201c gefeiert wird! Und das ist gut so!\" \/>\n<meta property=\"og:url\" content=\"https:\/\/rauchfrei.at\/ein-kompliment-zum-rauchstopp\/\" \/>\n<meta property=\"og:site_name\" content=\"Rauchfrei Telefon\" \/>\n<meta property=\"article:published_time\" content=\"2022-02-28T06:00:00+00:00\" \/>\n<meta name=\"author\" content=\"Rauchfrei Team\" \/>\n<meta name=\"twitter:card\" content=\"summary_large_image\" \/>\n<meta name=\"twitter:label1\" content=\"Written by\" \/>\n\t<meta name=\"twitter:data1\" content=\"Rauchfrei Team\" \/>\n\t<meta name=\"twitter:label2\" content=\"Est. reading time\" \/>\n\t<meta name=\"twitter:data2\" content=\"3 minutes\" \/>\n<script type=\"application\/ld+json\" class=\"yoast-schema-graph\">{\"@context\":\"https:\/\/schema.org\",\"@graph\":[{\"@type\":\"WebPage\",\"@id\":\"https:\/\/rauchfrei.at\/ein-kompliment-zum-rauchstopp\/\",\"url\":\"https:\/\/rauchfrei.at\/ein-kompliment-zum-rauchstopp\/\",\"name\":\"Ein Kompliment zum Rauchstopp - Rauchfrei Telefon\",\"isPartOf\":{\"@id\":\"https:\/\/rauchfrei.at\/#website\"},\"datePublished\":\"2022-02-28T06:00:00+00:00\",\"author\":{\"@id\":\"https:\/\/rauchfrei.at\/#\/schema\/person\/504bbf90c5482004fc09aef6de7f9277\"},\"inLanguage\":\"en-US\",\"potentialAction\":[{\"@type\":\"ReadAction\",\"target\":[\"https:\/\/rauchfrei.at\/ein-kompliment-zum-rauchstopp\/\"]}]},{\"@type\":\"WebSite\",\"@id\":\"https:\/\/rauchfrei.at\/#website\",\"url\":\"https:\/\/rauchfrei.at\/\",\"name\":\"Rauchfrei Telefon\",\"description\":\"Eine \u00f6sterreichweite Initiative der Sozialversicherungen.\",\"potentialAction\":[{\"@type\":\"SearchAction\",\"target\":{\"@type\":\"EntryPoint\",\"urlTemplate\":\"https:\/\/rauchfrei.at\/?s={search_term_string}\"},\"query-input\":{\"@type\":\"PropertyValueSpecification\",\"valueRequired\":true,\"valueName\":\"search_term_string\"}}],\"inLanguage\":\"en-US\"},{\"@type\":\"Person\",\"@id\":\"https:\/\/rauchfrei.at\/#\/schema\/person\/504bbf90c5482004fc09aef6de7f9277\",\"name\":\"Rauchfrei Team\",\"image\":{\"@type\":\"ImageObject\",\"inLanguage\":\"en-US\",\"@id\":\"https:\/\/rauchfrei.at\/#\/schema\/person\/image\/\",\"url\":\"https:\/\/secure.gravatar.com\/avatar\/2115b79a00800516fa1523bb5a329611f90e73e89be559131fc7e82b4fdc95ff?s=96&d=mm&r=g\",\"contentUrl\":\"https:\/\/secure.gravatar.com\/avatar\/2115b79a00800516fa1523bb5a329611f90e73e89be559131fc7e82b4fdc95ff?s=96&d=mm&r=g\",\"caption\":\"Rauchfrei Team\"},\"url\":\"https:\/\/rauchfrei.at\/en\/author\/rauchfrei-team\/\"}]}<\/script>\n<!-- \/ Yoast SEO plugin. -->","yoast_head_json":{"title":"Ein Kompliment zum Rauchstopp - Rauchfrei Telefon","robots":{"index":"index","follow":"follow","max-snippet":"max-snippet:-1","max-image-preview":"max-image-preview:large","max-video-preview":"max-video-preview:-1"},"canonical":"https:\/\/rauchfrei.at\/ein-kompliment-zum-rauchstopp\/","og_locale":"en_US","og_type":"article","og_title":"Ein Kompliment zum Rauchstopp - Rauchfrei Telefon","og_description":"Der 1. M\u00e4rz steht weltweit im Zeichen des Kompliments, der seit 2003 als \u201eTag der Komplimente\u201c gefeiert wird! Und das ist gut so!","og_url":"https:\/\/rauchfrei.at\/ein-kompliment-zum-rauchstopp\/","og_site_name":"Rauchfrei Telefon","article_published_time":"2022-02-28T06:00:00+00:00","author":"Rauchfrei Team","twitter_card":"summary_large_image","twitter_misc":{"Written by":"Rauchfrei Team","Est. reading time":"3 minutes"},"schema":{"@context":"https:\/\/schema.org","@graph":[{"@type":"WebPage","@id":"https:\/\/rauchfrei.at\/ein-kompliment-zum-rauchstopp\/","url":"https:\/\/rauchfrei.at\/ein-kompliment-zum-rauchstopp\/","name":"Ein Kompliment zum Rauchstopp - Rauchfrei Telefon","isPartOf":{"@id":"https:\/\/rauchfrei.at\/#website"},"datePublished":"2022-02-28T06:00:00+00:00","author":{"@id":"https:\/\/rauchfrei.at\/#\/schema\/person\/504bbf90c5482004fc09aef6de7f9277"},"inLanguage":"en-US","potentialAction":[{"@type":"ReadAction","target":["https:\/\/rauchfrei.at\/ein-kompliment-zum-rauchstopp\/"]}]},{"@type":"WebSite","@id":"https:\/\/rauchfrei.at\/#website","url":"https:\/\/rauchfrei.at\/","name":"Rauchfrei Telefon","description":"Eine \u00f6sterreichweite Initiative der Sozialversicherungen.","potentialAction":[{"@type":"SearchAction","target":{"@type":"EntryPoint","urlTemplate":"https:\/\/rauchfrei.at\/?s={search_term_string}"},"query-input":{"@type":"PropertyValueSpecification","valueRequired":true,"valueName":"search_term_string"}}],"inLanguage":"en-US"},{"@type":"Person","@id":"https:\/\/rauchfrei.at\/#\/schema\/person\/504bbf90c5482004fc09aef6de7f9277","name":"Rauchfrei Team","image":{"@type":"ImageObject","inLanguage":"en-US","@id":"https:\/\/rauchfrei.at\/#\/schema\/person\/image\/","url":"https:\/\/secure.gravatar.com\/avatar\/2115b79a00800516fa1523bb5a329611f90e73e89be559131fc7e82b4fdc95ff?s=96&d=mm&r=g","contentUrl":"https:\/\/secure.gravatar.com\/avatar\/2115b79a00800516fa1523bb5a329611f90e73e89be559131fc7e82b4fdc95ff?s=96&d=mm&r=g","caption":"Rauchfrei Team"},"url":"https:\/\/rauchfrei.at\/en\/author\/rauchfrei-team\/"}]}},"_links":{"self":[{"href":"https:\/\/rauchfrei.at\/en\/wp-json\/wp\/v2\/posts\/22980","targetHints":{"allow":["GET"]}}],"collection":[{"href":"https:\/\/rauchfrei.at\/en\/wp-json\/wp\/v2\/posts"}],"about":[{"href":"https:\/\/rauchfrei.at\/en\/wp-json\/wp\/v2\/types\/post"}],"author":[{"embeddable":true,"href":"https:\/\/rauchfrei.at\/en\/wp-json\/wp\/v2\/users\/25"}],"replies":[{"embeddable":true,"href":"https:\/\/rauchfrei.at\/en\/wp-json\/wp\/v2\/comments?post=22980"}],"version-history":[{"count":7,"href":"https:\/\/rauchfrei.at\/en\/wp-json\/wp\/v2\/posts\/22980\/revisions"}],"predecessor-version":[{"id":22992,"href":"https:\/\/rauchfrei.at\/en\/wp-json\/wp\/v2\/posts\/22980\/revisions\/22992"}],"wp:attachment":[{"href":"https:\/\/rauchfrei.at\/en\/wp-json\/wp\/v2\/media?parent=22980"}],"wp:term":[{"taxonomy":"category","embeddable":true,"href":"https:\/\/rauchfrei.at\/en\/wp-json\/wp\/v2\/categories?post=22980"},{"taxonomy":"post_tag","embeddable":true,"href":"https:\/\/rauchfrei.at\/en\/wp-json\/wp\/v2\/tags?post=22980"}],"curies":[{"name":"wp","href":"https:\/\/api.w.org\/{rel}","templated":true}]}}