
{"id":23195,"date":"2022-03-21T08:00:00","date_gmt":"2022-03-21T06:00:00","guid":{"rendered":"https:\/\/rauchfrei.at\/?p=23195"},"modified":"2022-09-28T16:09:49","modified_gmt":"2022-09-28T14:09:49","slug":"wasser-ist-leben-schuetzen-wir-es-und-uns","status":"publish","type":"post","link":"https:\/\/rauchfrei.at\/en\/wasser-ist-leben-schuetzen-wir-es-und-uns\/","title":{"rendered":"Wasser ist Leben! Sch\u00fctzen wir es und uns!"},"content":{"rendered":"<p>[et_pb_section fb_built=&#8221;1&#8243; module_class=&#8221;header&#8221; _builder_version=&#8221;4.16&#8243; global_colors_info=&#8221;{}&#8221;][et_pb_row _builder_version=&#8221;4.16&#8243; global_colors_info=&#8221;{}&#8221;][et_pb_column type=&#8221;4_4&#8243; _builder_version=&#8221;4.16&#8243; custom_padding=&#8221;|||&#8221; global_colors_info=&#8221;{}&#8221; custom_padding__hover=&#8221;|||&#8221;][et_pb_dp_dmb_module_10001 subheadline=&#8221;%22Trink a Wossa \u2013 geht\u2019s da bessa\u201c&#8221; _builder_version=&#8221;4.16&#8243; z_index_tablet=&#8221;500&#8243; global_colors_info=&#8221;{}&#8221;][\/et_pb_dp_dmb_module_10001][\/et_pb_column][\/et_pb_row][\/et_pb_section][et_pb_section fb_built=&#8221;1&#8243; _builder_version=&#8221;4.16&#8243; custom_padding=&#8221;30px|||&#8221; global_colors_info=&#8221;{}&#8221;][et_pb_row column_structure=&#8221;2_3,1_3&#8243; _builder_version=&#8221;4.16&#8243; global_colors_info=&#8221;{}&#8221;][et_pb_column type=&#8221;2_3&#8243; module_class=&#8221;blog-content&#8221; _builder_version=&#8221;4.16&#8243; custom_padding=&#8221;|||&#8221; global_colors_info=&#8221;{}&#8221; custom_padding__hover=&#8221;|||&#8221;][et_pb_text _builder_version=&#8221;4.18.0&#8243; hover_enabled=&#8221;0&#8243; global_colors_info=&#8221;{}&#8221; sticky_enabled=&#8221;0&#8243;]<\/p>\n<p>Der 22. M\u00e4rz wird von den Vereinten Nationen als \u201eWeltwassertag\u201c ausgerufen, im Jahr 2022 steht er unter dem Motto: \u201eGroundwater \u2013 making the invisible visible\u201c. Frei \u00fcbersetzt: \u201eGrundwasser, das Unsichtbare sichtbar machen\u201c!<\/p>\n<p>In \u00d6sterreich k\u00f6nnen wir sehr dankbar sein, dass unser Wasser ausgezeichnete Qualit\u00e4t aufweist. Auch das Leitungswasser kommt zu gro\u00dfen Teilen aus dem Grundwasser. Wasser ist nicht nur die Grundlage menschlichen Lebens, es bietet auch vielen Tieren und Pflanzen Lebensraum.<\/p>\n<p><em><strong>Der Rauchstopp kann auch unser Grundwasser sch\u00fctzen:<\/strong> <\/em><\/p>\n<p>Wussten Sie, dass ein einziger Zigarettenstummel bis zu 40 Liter Grundwasser verseuchen kann? Ein achtlos weggeworfener Zigarettenstummel kann erheblichen Schaden anrichten. Durch den Regen gelangen die vielen Giftstoffe in den Boden und schlie\u00dflich in das Trinkwasser.<\/p>\n<p><em><strong>Wasser trinken \u2013 um den Rauchstopp zu erleichtern:<\/strong> \u00a0\u00a0\u00a0\u00a0\u00a0\u00a0\u00a0 <\/em><\/p>\n<p>Wasser kann auch beim Aufh\u00f6ren helfen &#8211; n\u00e4mlich indem das Verlangen auf Zigaretten einged\u00e4mmt wird. Au\u00dferdem ist es wichtig, gen\u00fcgend zu trinken, um auch m\u00f6glichen Entzugserscheinungen wie Hunger, M\u00fcdigkeit, Kopfschmerzen und Schwitzen entgegenzuwirken.<\/p>\n<p>Manchmal vermissen Personen in den ersten rauchfreien Tagen auch das Gef\u00fchl \u201eetwas im Mund zu haben\u201c. Neben Zahnstocher, Zuckerl oder Kaugummi kann auch eine Flasche oder ein Glas Wasser helfen, um dieses Gef\u00fchl zu befriedigen.<\/p>\n<p>Ein Anrufer, der gerade die ersten rauchfreien Tage gemeistert hatte, meinte sogar der Tipp \u201ekaltes Wasser \u00fcber die Handgelenke laufen zu lassen\u201c f\u00fchrt bei ihm sehr schnell dazu, dass er gar nicht mehr ans Rauchen denken muss. \u201eDas sp\u00fcre ich richtig\u201c, so seine Worte!<\/p>\n<p><img loading=\"lazy\" decoding=\"async\" src=\"https:\/\/rauchfrei.at\/wp-content\/uploads\/Welle_copyright-225x150.jpg\" alt=\"\" class=\"wp-image-23202 alignnone size-medium\" width=\"225\" height=\"150\" \/>(C) BUILTIN\/shutterstock.com<\/p>\n<p>Quellen:<\/p>\n<p><a href=\"https:\/\/www.verywellmind.com\/memorize-the-5-ds-to-beat-smoking-urges-2825310\">https:\/\/www.verywellmind.com\/memorize-the-5-ds-to-beat-smoking-urges-2825310<\/a><\/p>\n<p><a href=\"https:\/\/www.wwf.at\/artikel\/wasser-ist-leben\/\">https:\/\/www.wwf.at\/artikel\/wasser-ist-leben\/<\/a><\/p>\n<p><a href=\"https:\/\/www.un.org\/en\/observances\/water-day\" target=\"_blank\" rel=\"noopener\">https:\/\/www.un.org\/en\/observances\/water-day<\/a><\/p>\n<p>[\/et_pb_text][et_pb_post_nav in_same_term=&#8221;off&#8221; _builder_version=&#8221;4.16&#8243; global_colors_info=&#8221;{}&#8221;][\/et_pb_post_nav][\/et_pb_column][et_pb_column type=&#8221;1_3&#8243; module_class=&#8221;cat-and-tag&#8221; _builder_version=&#8221;4.16&#8243; custom_padding=&#8221;|||&#8221; global_colors_info=&#8221;{}&#8221; custom_padding__hover=&#8221;|||&#8221;][et_pb_sidebar area=&#8221;et_pb_widget_area_1&#8243; _builder_version=&#8221;4.16&#8243; global_colors_info=&#8221;{}&#8221;][\/et_pb_sidebar][et_pb_dp_dmb_module_10093 farbe=&#8221;blitzblau&#8221; headline=&#8221;Passivrauch&#8221; image=&#8221;https:\/\/rauchfrei.at\/wp-content\/uploads\/passivrauch-rauchfrei-fuer-alle.png&#8221; image_position=&#8221;center&#8221; link_text=&#8221;mehr&#8221; link_url=&#8221;https:\/\/rauchfrei.at\/fakten\/passivrauch\/&#8221; image_size=&#8221;70&#8243; admin_label=&#8221;Passivrauch&#8221; _builder_version=&#8221;3.19.15&#8243; global_module=&#8221;13172&#8243; saved_tabs=&#8221;all&#8221; global_colors_info=&#8221;{}&#8221;]<\/p>\n<p>Rauch ist giftig, niemand sollte ihn einatmen!<\/p>\n<p>[\/et_pb_dp_dmb_module_10093][et_pb_dp_dmb_module_10093 farbe=&#8221;blitzblau&#8221; headline=&#8221;Alternativen zum Rauchen&#8221; image=&#8221;https:\/\/rauchfrei.at\/wp-content\/uploads\/Relax-in-hammok.png&#8221; image_position=&#8221;center&#8221; link_text=&#8221;mehr&#8221; link_url=&#8221;https:\/\/rauchfrei.at\/alternativen\/&#8221; admin_label=&#8221;Alternativen zum Rauchen&#8221; _builder_version=&#8221;4.9.0&#8243; z_index_tablet=&#8221;500&#8243; global_module=&#8221;13174&#8243; saved_tabs=&#8221;all&#8221; global_colors_info=&#8221;{}&#8221;]<\/p>\n<p>Es gibt viele M\u00f6glichkeiten, um nicht zur Zigarette zu greifen!<\/p>\n<p>[\/et_pb_dp_dmb_module_10093][\/et_pb_column][\/et_pb_row][\/et_pb_section]<\/p>\n","protected":false},"excerpt":{"rendered":"<p>Seit 1993 wird im M\u00e4rz der Welttag des Wassers gefeiert, er soll aufzeigen, wie notwendig Wasser f\u00fcr unser aller Leben ist. Auch beim Rauchstopp spielt Wasser oft eine wichtige Rolle. <\/p>\n","protected":false},"author":25,"featured_media":0,"comment_status":"open","ping_status":"open","sticky":false,"template":"","format":"standard","meta":{"_et_pb_use_builder":"on","_et_pb_old_content":"","_et_gb_content_width":"2880","footnotes":""},"categories":[237,236],"tags":[],"class_list":["post-23195","post","type-post","status-publish","format-standard","hentry","category-literatur-und-hintergrundwissen","category-nicht-kategorisiert"],"yoast_head":"<!-- This site is optimized with the Yoast SEO plugin v26.2 - https:\/\/yoast.com\/wordpress\/plugins\/seo\/ -->\n<title>Wasser ist Leben! Sch\u00fctzen wir es und uns! - Rauchfrei Telefon<\/title>\n<meta name=\"robots\" content=\"index, follow, max-snippet:-1, max-image-preview:large, max-video-preview:-1\" \/>\n<link rel=\"canonical\" href=\"https:\/\/rauchfrei.at\/wasser-ist-leben-schuetzen-wir-es-und-uns\/\" \/>\n<meta property=\"og:locale\" content=\"en_US\" \/>\n<meta property=\"og:type\" content=\"article\" \/>\n<meta property=\"og:title\" content=\"Wasser ist Leben! Sch\u00fctzen wir es und uns! - Rauchfrei Telefon\" \/>\n<meta property=\"og:description\" content=\"Seit 1993 wird im M\u00e4rz der Welttag des Wassers gefeiert, er soll aufzeigen, wie notwendig Wasser f\u00fcr unser aller Leben ist. Auch beim Rauchstopp spielt Wasser oft eine wichtige Rolle.\" \/>\n<meta property=\"og:url\" content=\"https:\/\/rauchfrei.at\/wasser-ist-leben-schuetzen-wir-es-und-uns\/\" \/>\n<meta property=\"og:site_name\" content=\"Rauchfrei Telefon\" \/>\n<meta property=\"article:published_time\" content=\"2022-03-21T06:00:00+00:00\" \/>\n<meta property=\"article:modified_time\" content=\"2022-09-28T14:09:49+00:00\" \/>\n<meta property=\"og:image\" content=\"https:\/\/rauchfrei.at\/wp-content\/uploads\/Welle_copyright-225x150.jpg\" \/>\n<meta name=\"author\" content=\"Rauchfrei Team\" \/>\n<meta name=\"twitter:card\" content=\"summary_large_image\" \/>\n<meta name=\"twitter:label1\" content=\"Written by\" \/>\n\t<meta name=\"twitter:data1\" content=\"Rauchfrei Team\" \/>\n\t<meta name=\"twitter:label2\" content=\"Est. reading time\" \/>\n\t<meta name=\"twitter:data2\" content=\"3 minutes\" \/>\n<script type=\"application\/ld+json\" class=\"yoast-schema-graph\">{\"@context\":\"https:\/\/schema.org\",\"@graph\":[{\"@type\":\"WebPage\",\"@id\":\"https:\/\/rauchfrei.at\/wasser-ist-leben-schuetzen-wir-es-und-uns\/\",\"url\":\"https:\/\/rauchfrei.at\/wasser-ist-leben-schuetzen-wir-es-und-uns\/\",\"name\":\"Wasser ist Leben! Sch\u00fctzen wir es und uns! - Rauchfrei Telefon\",\"isPartOf\":{\"@id\":\"https:\/\/rauchfrei.at\/#website\"},\"primaryImageOfPage\":{\"@id\":\"https:\/\/rauchfrei.at\/wasser-ist-leben-schuetzen-wir-es-und-uns\/#primaryimage\"},\"image\":{\"@id\":\"https:\/\/rauchfrei.at\/wasser-ist-leben-schuetzen-wir-es-und-uns\/#primaryimage\"},\"thumbnailUrl\":\"https:\/\/rauchfrei.at\/wp-content\/uploads\/Welle_copyright-225x150.jpg\",\"datePublished\":\"2022-03-21T06:00:00+00:00\",\"dateModified\":\"2022-09-28T14:09:49+00:00\",\"author\":{\"@id\":\"https:\/\/rauchfrei.at\/#\/schema\/person\/504bbf90c5482004fc09aef6de7f9277\"},\"inLanguage\":\"en-US\",\"potentialAction\":[{\"@type\":\"ReadAction\",\"target\":[\"https:\/\/rauchfrei.at\/wasser-ist-leben-schuetzen-wir-es-und-uns\/\"]}]},{\"@type\":\"ImageObject\",\"inLanguage\":\"en-US\",\"@id\":\"https:\/\/rauchfrei.at\/wasser-ist-leben-schuetzen-wir-es-und-uns\/#primaryimage\",\"url\":\"https:\/\/rauchfrei.at\/wp-content\/uploads\/Welle_copyright-225x150.jpg\",\"contentUrl\":\"https:\/\/rauchfrei.at\/wp-content\/uploads\/Welle_copyright-225x150.jpg\"},{\"@type\":\"WebSite\",\"@id\":\"https:\/\/rauchfrei.at\/#website\",\"url\":\"https:\/\/rauchfrei.at\/\",\"name\":\"Rauchfrei Telefon\",\"description\":\"Eine \u00f6sterreichweite Initiative der Sozialversicherungen.\",\"potentialAction\":[{\"@type\":\"SearchAction\",\"target\":{\"@type\":\"EntryPoint\",\"urlTemplate\":\"https:\/\/rauchfrei.at\/?s={search_term_string}\"},\"query-input\":{\"@type\":\"PropertyValueSpecification\",\"valueRequired\":true,\"valueName\":\"search_term_string\"}}],\"inLanguage\":\"en-US\"},{\"@type\":\"Person\",\"@id\":\"https:\/\/rauchfrei.at\/#\/schema\/person\/504bbf90c5482004fc09aef6de7f9277\",\"name\":\"Rauchfrei Team\",\"image\":{\"@type\":\"ImageObject\",\"inLanguage\":\"en-US\",\"@id\":\"https:\/\/rauchfrei.at\/#\/schema\/person\/image\/\",\"url\":\"https:\/\/secure.gravatar.com\/avatar\/2115b79a00800516fa1523bb5a329611f90e73e89be559131fc7e82b4fdc95ff?s=96&d=mm&r=g\",\"contentUrl\":\"https:\/\/secure.gravatar.com\/avatar\/2115b79a00800516fa1523bb5a329611f90e73e89be559131fc7e82b4fdc95ff?s=96&d=mm&r=g\",\"caption\":\"Rauchfrei Team\"},\"url\":\"https:\/\/rauchfrei.at\/en\/author\/rauchfrei-team\/\"}]}<\/script>\n<!-- \/ Yoast SEO plugin. -->","yoast_head_json":{"title":"Wasser ist Leben! Sch\u00fctzen wir es und uns! - Rauchfrei Telefon","robots":{"index":"index","follow":"follow","max-snippet":"max-snippet:-1","max-image-preview":"max-image-preview:large","max-video-preview":"max-video-preview:-1"},"canonical":"https:\/\/rauchfrei.at\/wasser-ist-leben-schuetzen-wir-es-und-uns\/","og_locale":"en_US","og_type":"article","og_title":"Wasser ist Leben! Sch\u00fctzen wir es und uns! - Rauchfrei Telefon","og_description":"Seit 1993 wird im M\u00e4rz der Welttag des Wassers gefeiert, er soll aufzeigen, wie notwendig Wasser f\u00fcr unser aller Leben ist. Auch beim Rauchstopp spielt Wasser oft eine wichtige Rolle.","og_url":"https:\/\/rauchfrei.at\/wasser-ist-leben-schuetzen-wir-es-und-uns\/","og_site_name":"Rauchfrei Telefon","article_published_time":"2022-03-21T06:00:00+00:00","article_modified_time":"2022-09-28T14:09:49+00:00","og_image":[{"url":"https:\/\/rauchfrei.at\/wp-content\/uploads\/Welle_copyright-225x150.jpg","type":"","width":"","height":""}],"author":"Rauchfrei Team","twitter_card":"summary_large_image","twitter_misc":{"Written by":"Rauchfrei Team","Est. reading time":"3 minutes"},"schema":{"@context":"https:\/\/schema.org","@graph":[{"@type":"WebPage","@id":"https:\/\/rauchfrei.at\/wasser-ist-leben-schuetzen-wir-es-und-uns\/","url":"https:\/\/rauchfrei.at\/wasser-ist-leben-schuetzen-wir-es-und-uns\/","name":"Wasser ist Leben! Sch\u00fctzen wir es und uns! - Rauchfrei Telefon","isPartOf":{"@id":"https:\/\/rauchfrei.at\/#website"},"primaryImageOfPage":{"@id":"https:\/\/rauchfrei.at\/wasser-ist-leben-schuetzen-wir-es-und-uns\/#primaryimage"},"image":{"@id":"https:\/\/rauchfrei.at\/wasser-ist-leben-schuetzen-wir-es-und-uns\/#primaryimage"},"thumbnailUrl":"https:\/\/rauchfrei.at\/wp-content\/uploads\/Welle_copyright-225x150.jpg","datePublished":"2022-03-21T06:00:00+00:00","dateModified":"2022-09-28T14:09:49+00:00","author":{"@id":"https:\/\/rauchfrei.at\/#\/schema\/person\/504bbf90c5482004fc09aef6de7f9277"},"inLanguage":"en-US","potentialAction":[{"@type":"ReadAction","target":["https:\/\/rauchfrei.at\/wasser-ist-leben-schuetzen-wir-es-und-uns\/"]}]},{"@type":"ImageObject","inLanguage":"en-US","@id":"https:\/\/rauchfrei.at\/wasser-ist-leben-schuetzen-wir-es-und-uns\/#primaryimage","url":"https:\/\/rauchfrei.at\/wp-content\/uploads\/Welle_copyright-225x150.jpg","contentUrl":"https:\/\/rauchfrei.at\/wp-content\/uploads\/Welle_copyright-225x150.jpg"},{"@type":"WebSite","@id":"https:\/\/rauchfrei.at\/#website","url":"https:\/\/rauchfrei.at\/","name":"Rauchfrei Telefon","description":"Eine \u00f6sterreichweite Initiative der Sozialversicherungen.","potentialAction":[{"@type":"SearchAction","target":{"@type":"EntryPoint","urlTemplate":"https:\/\/rauchfrei.at\/?s={search_term_string}"},"query-input":{"@type":"PropertyValueSpecification","valueRequired":true,"valueName":"search_term_string"}}],"inLanguage":"en-US"},{"@type":"Person","@id":"https:\/\/rauchfrei.at\/#\/schema\/person\/504bbf90c5482004fc09aef6de7f9277","name":"Rauchfrei Team","image":{"@type":"ImageObject","inLanguage":"en-US","@id":"https:\/\/rauchfrei.at\/#\/schema\/person\/image\/","url":"https:\/\/secure.gravatar.com\/avatar\/2115b79a00800516fa1523bb5a329611f90e73e89be559131fc7e82b4fdc95ff?s=96&d=mm&r=g","contentUrl":"https:\/\/secure.gravatar.com\/avatar\/2115b79a00800516fa1523bb5a329611f90e73e89be559131fc7e82b4fdc95ff?s=96&d=mm&r=g","caption":"Rauchfrei Team"},"url":"https:\/\/rauchfrei.at\/en\/author\/rauchfrei-team\/"}]}},"_links":{"self":[{"href":"https:\/\/rauchfrei.at\/en\/wp-json\/wp\/v2\/posts\/23195","targetHints":{"allow":["GET"]}}],"collection":[{"href":"https:\/\/rauchfrei.at\/en\/wp-json\/wp\/v2\/posts"}],"about":[{"href":"https:\/\/rauchfrei.at\/en\/wp-json\/wp\/v2\/types\/post"}],"author":[{"embeddable":true,"href":"https:\/\/rauchfrei.at\/en\/wp-json\/wp\/v2\/users\/25"}],"replies":[{"embeddable":true,"href":"https:\/\/rauchfrei.at\/en\/wp-json\/wp\/v2\/comments?post=23195"}],"version-history":[{"count":8,"href":"https:\/\/rauchfrei.at\/en\/wp-json\/wp\/v2\/posts\/23195\/revisions"}],"predecessor-version":[{"id":25196,"href":"https:\/\/rauchfrei.at\/en\/wp-json\/wp\/v2\/posts\/23195\/revisions\/25196"}],"wp:attachment":[{"href":"https:\/\/rauchfrei.at\/en\/wp-json\/wp\/v2\/media?parent=23195"}],"wp:term":[{"taxonomy":"category","embeddable":true,"href":"https:\/\/rauchfrei.at\/en\/wp-json\/wp\/v2\/categories?post=23195"},{"taxonomy":"post_tag","embeddable":true,"href":"https:\/\/rauchfrei.at\/en\/wp-json\/wp\/v2\/tags?post=23195"}],"curies":[{"name":"wp","href":"https:\/\/api.w.org\/{rel}","templated":true}]}}