
{"id":23218,"date":"2022-04-04T08:00:00","date_gmt":"2022-04-04T06:00:00","guid":{"rendered":"https:\/\/rauchfrei.at\/?p=23218"},"modified":"2022-05-25T10:47:12","modified_gmt":"2022-05-25T08:47:12","slug":"unsere-erde-unsere-gesundheit","status":"publish","type":"post","link":"https:\/\/rauchfrei.at\/en\/unsere-erde-unsere-gesundheit\/","title":{"rendered":"Unsere Erde, unsere Gesundheit"},"content":{"rendered":"<p>[et_pb_section fb_built=&#8221;1&#8243; module_class=&#8221;header&#8221; _builder_version=&#8221;4.16&#8243; global_colors_info=&#8221;{}&#8221;][et_pb_row _builder_version=&#8221;4.16&#8243; global_colors_info=&#8221;{}&#8221;][et_pb_column type=&#8221;4_4&#8243; _builder_version=&#8221;4.16&#8243; custom_padding=&#8221;|||&#8221; global_colors_info=&#8221;{}&#8221; custom_padding__hover=&#8221;|||&#8221;][et_pb_dp_dmb_module_10001 subheadline=&#8221;Der Weltgesundheitstag steht heuer im Zeichen des Klimaschutzes&#8221; _builder_version=&#8221;4.16&#8243; z_index_tablet=&#8221;500&#8243; global_colors_info=&#8221;{}&#8221;][\/et_pb_dp_dmb_module_10001][\/et_pb_column][\/et_pb_row][\/et_pb_section][et_pb_section fb_built=&#8221;1&#8243; _builder_version=&#8221;4.16&#8243; custom_padding=&#8221;30px|||&#8221; global_colors_info=&#8221;{}&#8221;][et_pb_row column_structure=&#8221;2_3,1_3&#8243; _builder_version=&#8221;4.16&#8243; global_colors_info=&#8221;{}&#8221;][et_pb_column type=&#8221;2_3&#8243; module_class=&#8221;blog-content&#8221; _builder_version=&#8221;4.16&#8243; custom_padding=&#8221;|||&#8221; global_colors_info=&#8221;{}&#8221; custom_padding__hover=&#8221;|||&#8221;][et_pb_text _builder_version=&#8221;4.17.1&#8243; hover_enabled=&#8221;0&#8243; global_colors_info=&#8221;{}&#8221; sticky_enabled=&#8221;0&#8243;]<\/p>\n<p><strong>\u201eOur planet, our health\u201c<\/strong> \u2013 dieses Motto ruft die Weltgesundheitsorganisation (WHO) zum diesj\u00e4hrigen Motto des Weltgesundheitstages aus.<\/p>\n<p>Rauchen z\u00e4hlt zu den gr\u00f6\u00dften Herausforderungen f\u00fcr unsere Gesundheit, das betont auch die WHO immer wieder. Dass Rauchen nicht nur f\u00fcr die rauchende Person und ihr Umfeld (<a href=\"https:\/\/rauchfrei.at\/fakten\/passivrauch\/\">Passivrauch<\/a>), sondern auch f\u00fcr die Umwelt eine deutliche Belastung darstellt, ist seltener Thema.<\/p>\n<p><strong>Fakt ist:<\/strong> Sowohl der Anbau von Tabak, die Herstellung von Nikotin- und Tabakprodukten als auch der Abfall, der durch den Nikotinkonsum entsteht, stellen eine vermeidbare Belastung f\u00fcr unsere Umwelt dar.<\/p>\n<p><strong>Hier weitere Fakten:<\/strong><\/p>\n<ul>\n<li>Der Tabakanbau kostet Waldfl\u00e4chen. Weltweit, so sch\u00e4tzt die WHO, werden f\u00fcr den Anbau von Tabak jedes Jahr mindestens 6.500 Hektar Wald gerodet. Allein in China sind es rund 16.000 Hektar, was ca. der Fl\u00e4che von Lichtenstein entspricht. Auch f\u00fcr das Trocknen der Tabakbl\u00e4tter wird Brennholz verbraucht, f\u00fcr rund 300 Zigaretten muss ein Baum verbrennen.<\/li>\n<\/ul>\n<ul>\n<li>Beim Tabakanbau werden pro Zigarette rund 3,7 Liter Wasser verbraucht. Bew\u00e4sserung und D\u00fcngung sind zentrale Umweltprobleme. In Summe sind es rund 22 Milliarden Kubikmeter Wasser pro Jahr, die allein im Anbau von Tabakprodukten verbraucht werden. Zum Vergleich: Gro\u00dfbritannien verbraucht nur die 2,5-fache Menge an Wasser f\u00fcr die gesamte Bev\u00f6lkerung innerhalb eines Jahres. Um die f\u00fcr Sch\u00e4dlinge anf\u00e4lligen Tabakpflanzen zu sch\u00fctzen werden viele giftige Pestizide gespritzt. Auch viel D\u00fcngemittel wird eingesetzt.<\/li>\n<\/ul>\n<ul>\n<li>Die Herstellung von Zigaretten f\u00fchrt zu einer hohen Freisetzung von Treibhausgas. Gesch\u00e4tzt 84 Millionen Tonnen des klimasch\u00e4dlichen Kohlendioxids (CO2) kommen dadurch in unsere Atmosph\u00e4re und sind damit stark f\u00fcr den Klimawandel verantwortlich. Verglichen dazu sto\u00dfen L\u00e4nder wie Peru oder Israel pro Jahr in etwa gleich viel CO2 aus.<\/li>\n<\/ul>\n<ul>\n<li>Weltweit werden j\u00e4hrlich rund 5,8 Billionen Zigaretten geraucht, davon landen ca. 2\/3 am Boden. Zigarettenstummel enthalten nicht nur das Nervengift Nikotin, sondern auch Stoffe wie Arsen, Blei, Chrom, Kupfer, Cadmium, Formaldehyd, Benzol und polyzyklische aromatische Kohlenwasserstoffe. Sie sollten eigentlich wie Sonderm\u00fcll behandelt werden. Sch\u00e4tzungen zufolge sind es zwischen 340 und 680.000 Tonnen Zigarettenstummel, die unsere Erde j\u00e4hrlich belasten.<\/li>\n<\/ul>\n<ul>\n<li>Forscher sch\u00e4tzen, dass ein einzelner Zigarettenstummel gen\u00fcgt, um 1000 Liter Wasser mit einer f\u00fcr die Umwelt relevanten Menge Nikotin zu belasten. F\u00fcr viele Tiere wie Fische, V\u00f6gel und auch Meeresschildkr\u00f6ten oder Wale kann das sogar lebensbedrohlich sein. Es dauert Jahrzehnte, bis sich Zigarettenstummel vollst\u00e4ndig zersetzen. Im Salzwasser kann die Zersetzung sogar bis zu mehreren hundert Jahren dauern.<\/li>\n<\/ul>\n<p>Es gibt viele Gr\u00fcnde f\u00fcr den Rauchstopp! Es zahlt sich immer aus, rauchfrei zu werden: f\u00fcr Ihre Gesundheit, f\u00fcr unsere Erde!<\/p>\n<p>Wir helfen Ihnen gerne und wirksam beim Aufh\u00f6ren!<\/p>\n<p><strong>Quellen:<\/strong><\/p>\n<p><a href=\"https:\/\/pubs.acs.org\/doi\/10.1021\/acs.est.8b01533\">https:\/\/pubs.acs.org\/doi\/10.1021\/acs.est.8b01533<\/a><\/p>\n<p><a href=\"https:\/\/blog.wwf.de\/rauchen-umwelt-zigarettenkippen\/\">https:\/\/blog.wwf.de\/rauchen-umwelt-zigarettenkippen\/<\/a><\/p>\n<p><a href=\"https:\/\/apps.who.int\/iris\/bitstream\/handle\/10665\/255574\/9789241512497-eng.pdf\">https:\/\/apps.who.int\/iris\/bitstream\/handle\/10665\/255574\/9789241512497-eng.pdf<\/a><\/p>\n<p>[\/et_pb_text][et_pb_post_nav in_same_term=&#8221;off&#8221; _builder_version=&#8221;4.16&#8243; global_colors_info=&#8221;{}&#8221;][\/et_pb_post_nav][\/et_pb_column][et_pb_column type=&#8221;1_3&#8243; module_class=&#8221;cat-and-tag&#8221; _builder_version=&#8221;4.16&#8243; custom_padding=&#8221;|||&#8221; global_colors_info=&#8221;{}&#8221; custom_padding__hover=&#8221;|||&#8221;][et_pb_dp_dmb_module_10093 farbe=&#8221;blitzgelb&#8221; headline=&#8221;Rauchstopp und Verdauung&#8221; image=&#8221;https:\/\/rauchfrei.at\/wp-content\/uploads\/Appetite-and-digenstion-yellow-narrow.png&#8221; image_position=&#8221;center&#8221; link_text=&#8221;mehr dazu&#8221; link_url=&#8221;https:\/\/rauchfrei.at\/aufhoeren\/schritte-zum-rauchstopp\/gewicht-verdauung-und-bewegung\/&#8221; image_size=&#8221;70&#8243; admin_label=&#8221;Rauchstop und Verdauung&#8221; _builder_version=&#8221;3.19.15&#8243; background_color=&#8221;#0c71c3&#8243; text_orientation=&#8221;left&#8221; max_width=&#8221;100%&#8221; global_module=&#8221;12618&#8243; saved_tabs=&#8221;all&#8221; global_colors_info=&#8221;{}&#8221;]<\/p>\n<p>Der Rauchstopp bringt die Verdauung manchmal ganz sch\u00f6n ins Stocken.<\/p>\n<p>[\/et_pb_dp_dmb_module_10093][et_pb_dp_dmb_module_10093 farbe=&#8221;blitzblau&#8221; headline=&#8221;Starkes Rauchverlangen?&#8221; image=&#8221;https:\/\/rauchfrei.at\/wp-content\/uploads\/Desire.png&#8221; image_position=&#8221;center&#8221; link_text=&#8221;mehr&#8221; link_url=&#8221;https:\/\/rauchfrei.at\/aufhoeren\/schritte-zum-rauchstopp\/was-tun-bei-verlangensattacken\/&#8221; admin_label=&#8221;Starkes Rauchverlangen?&#8221; _builder_version=&#8221;3.19.15&#8243; max_width=&#8221;100%&#8221; global_module=&#8221;13170&#8243; saved_tabs=&#8221;all&#8221; global_colors_info=&#8221;{}&#8221;]<\/p>\n<p>Bleiben Sie stark, es geht vorbei!<\/p>\n<p>[\/et_pb_dp_dmb_module_10093][\/et_pb_column][\/et_pb_row][\/et_pb_section]<\/p>\n","protected":false},"excerpt":{"rendered":"<p>Am 7. April, dem Weltgesundheitstag, steht dieses Jahr der Zusammenhang zwischen Klimaschutz und Gesundheit im Fokus. Rauchen hat einen negativen Einfluss auf die Gesundheit und auf den Klimawandel. <\/p>\n","protected":false},"author":25,"featured_media":0,"comment_status":"open","ping_status":"open","sticky":false,"template":"","format":"standard","meta":{"_et_pb_use_builder":"on","_et_pb_old_content":"","_et_gb_content_width":"2880","footnotes":""},"categories":[237,236],"tags":[],"class_list":["post-23218","post","type-post","status-publish","format-standard","hentry","category-literatur-und-hintergrundwissen","category-nicht-kategorisiert"],"yoast_head":"<!-- This site is optimized with the Yoast SEO plugin v26.2 - https:\/\/yoast.com\/wordpress\/plugins\/seo\/ -->\n<title>Unsere Erde, unsere Gesundheit - Rauchfrei Telefon<\/title>\n<meta name=\"robots\" content=\"index, follow, max-snippet:-1, max-image-preview:large, max-video-preview:-1\" \/>\n<link rel=\"canonical\" href=\"https:\/\/rauchfrei.at\/unsere-erde-unsere-gesundheit\/\" \/>\n<meta property=\"og:locale\" content=\"en_US\" \/>\n<meta property=\"og:type\" content=\"article\" \/>\n<meta property=\"og:title\" content=\"Unsere Erde, unsere Gesundheit - Rauchfrei Telefon\" \/>\n<meta property=\"og:description\" content=\"Am 7. April, dem Weltgesundheitstag, steht dieses Jahr der Zusammenhang zwischen Klimaschutz und Gesundheit im Fokus. Rauchen hat einen negativen Einfluss auf die Gesundheit und auf den Klimawandel.\" \/>\n<meta property=\"og:url\" content=\"https:\/\/rauchfrei.at\/unsere-erde-unsere-gesundheit\/\" \/>\n<meta property=\"og:site_name\" content=\"Rauchfrei Telefon\" \/>\n<meta property=\"article:published_time\" content=\"2022-04-04T06:00:00+00:00\" \/>\n<meta property=\"article:modified_time\" content=\"2022-05-25T08:47:12+00:00\" \/>\n<meta name=\"author\" content=\"Rauchfrei Team\" \/>\n<meta name=\"twitter:card\" content=\"summary_large_image\" \/>\n<meta name=\"twitter:label1\" content=\"Written by\" \/>\n\t<meta name=\"twitter:data1\" content=\"Rauchfrei Team\" \/>\n\t<meta name=\"twitter:label2\" content=\"Est. reading time\" \/>\n\t<meta name=\"twitter:data2\" content=\"3 minutes\" \/>\n<script type=\"application\/ld+json\" class=\"yoast-schema-graph\">{\"@context\":\"https:\/\/schema.org\",\"@graph\":[{\"@type\":\"WebPage\",\"@id\":\"https:\/\/rauchfrei.at\/unsere-erde-unsere-gesundheit\/\",\"url\":\"https:\/\/rauchfrei.at\/unsere-erde-unsere-gesundheit\/\",\"name\":\"Unsere Erde, unsere Gesundheit - Rauchfrei Telefon\",\"isPartOf\":{\"@id\":\"https:\/\/rauchfrei.at\/#website\"},\"datePublished\":\"2022-04-04T06:00:00+00:00\",\"dateModified\":\"2022-05-25T08:47:12+00:00\",\"author\":{\"@id\":\"https:\/\/rauchfrei.at\/#\/schema\/person\/504bbf90c5482004fc09aef6de7f9277\"},\"inLanguage\":\"en-US\",\"potentialAction\":[{\"@type\":\"ReadAction\",\"target\":[\"https:\/\/rauchfrei.at\/unsere-erde-unsere-gesundheit\/\"]}]},{\"@type\":\"WebSite\",\"@id\":\"https:\/\/rauchfrei.at\/#website\",\"url\":\"https:\/\/rauchfrei.at\/\",\"name\":\"Rauchfrei Telefon\",\"description\":\"Eine \u00f6sterreichweite Initiative der Sozialversicherungen.\",\"potentialAction\":[{\"@type\":\"SearchAction\",\"target\":{\"@type\":\"EntryPoint\",\"urlTemplate\":\"https:\/\/rauchfrei.at\/?s={search_term_string}\"},\"query-input\":{\"@type\":\"PropertyValueSpecification\",\"valueRequired\":true,\"valueName\":\"search_term_string\"}}],\"inLanguage\":\"en-US\"},{\"@type\":\"Person\",\"@id\":\"https:\/\/rauchfrei.at\/#\/schema\/person\/504bbf90c5482004fc09aef6de7f9277\",\"name\":\"Rauchfrei Team\",\"image\":{\"@type\":\"ImageObject\",\"inLanguage\":\"en-US\",\"@id\":\"https:\/\/rauchfrei.at\/#\/schema\/person\/image\/\",\"url\":\"https:\/\/secure.gravatar.com\/avatar\/2115b79a00800516fa1523bb5a329611f90e73e89be559131fc7e82b4fdc95ff?s=96&d=mm&r=g\",\"contentUrl\":\"https:\/\/secure.gravatar.com\/avatar\/2115b79a00800516fa1523bb5a329611f90e73e89be559131fc7e82b4fdc95ff?s=96&d=mm&r=g\",\"caption\":\"Rauchfrei Team\"},\"url\":\"https:\/\/rauchfrei.at\/en\/author\/rauchfrei-team\/\"}]}<\/script>\n<!-- \/ Yoast SEO plugin. -->","yoast_head_json":{"title":"Unsere Erde, unsere Gesundheit - Rauchfrei Telefon","robots":{"index":"index","follow":"follow","max-snippet":"max-snippet:-1","max-image-preview":"max-image-preview:large","max-video-preview":"max-video-preview:-1"},"canonical":"https:\/\/rauchfrei.at\/unsere-erde-unsere-gesundheit\/","og_locale":"en_US","og_type":"article","og_title":"Unsere Erde, unsere Gesundheit - Rauchfrei Telefon","og_description":"Am 7. April, dem Weltgesundheitstag, steht dieses Jahr der Zusammenhang zwischen Klimaschutz und Gesundheit im Fokus. Rauchen hat einen negativen Einfluss auf die Gesundheit und auf den Klimawandel.","og_url":"https:\/\/rauchfrei.at\/unsere-erde-unsere-gesundheit\/","og_site_name":"Rauchfrei Telefon","article_published_time":"2022-04-04T06:00:00+00:00","article_modified_time":"2022-05-25T08:47:12+00:00","author":"Rauchfrei Team","twitter_card":"summary_large_image","twitter_misc":{"Written by":"Rauchfrei Team","Est. reading time":"3 minutes"},"schema":{"@context":"https:\/\/schema.org","@graph":[{"@type":"WebPage","@id":"https:\/\/rauchfrei.at\/unsere-erde-unsere-gesundheit\/","url":"https:\/\/rauchfrei.at\/unsere-erde-unsere-gesundheit\/","name":"Unsere Erde, unsere Gesundheit - Rauchfrei Telefon","isPartOf":{"@id":"https:\/\/rauchfrei.at\/#website"},"datePublished":"2022-04-04T06:00:00+00:00","dateModified":"2022-05-25T08:47:12+00:00","author":{"@id":"https:\/\/rauchfrei.at\/#\/schema\/person\/504bbf90c5482004fc09aef6de7f9277"},"inLanguage":"en-US","potentialAction":[{"@type":"ReadAction","target":["https:\/\/rauchfrei.at\/unsere-erde-unsere-gesundheit\/"]}]},{"@type":"WebSite","@id":"https:\/\/rauchfrei.at\/#website","url":"https:\/\/rauchfrei.at\/","name":"Rauchfrei Telefon","description":"Eine \u00f6sterreichweite Initiative der Sozialversicherungen.","potentialAction":[{"@type":"SearchAction","target":{"@type":"EntryPoint","urlTemplate":"https:\/\/rauchfrei.at\/?s={search_term_string}"},"query-input":{"@type":"PropertyValueSpecification","valueRequired":true,"valueName":"search_term_string"}}],"inLanguage":"en-US"},{"@type":"Person","@id":"https:\/\/rauchfrei.at\/#\/schema\/person\/504bbf90c5482004fc09aef6de7f9277","name":"Rauchfrei Team","image":{"@type":"ImageObject","inLanguage":"en-US","@id":"https:\/\/rauchfrei.at\/#\/schema\/person\/image\/","url":"https:\/\/secure.gravatar.com\/avatar\/2115b79a00800516fa1523bb5a329611f90e73e89be559131fc7e82b4fdc95ff?s=96&d=mm&r=g","contentUrl":"https:\/\/secure.gravatar.com\/avatar\/2115b79a00800516fa1523bb5a329611f90e73e89be559131fc7e82b4fdc95ff?s=96&d=mm&r=g","caption":"Rauchfrei Team"},"url":"https:\/\/rauchfrei.at\/en\/author\/rauchfrei-team\/"}]}},"_links":{"self":[{"href":"https:\/\/rauchfrei.at\/en\/wp-json\/wp\/v2\/posts\/23218","targetHints":{"allow":["GET"]}}],"collection":[{"href":"https:\/\/rauchfrei.at\/en\/wp-json\/wp\/v2\/posts"}],"about":[{"href":"https:\/\/rauchfrei.at\/en\/wp-json\/wp\/v2\/types\/post"}],"author":[{"embeddable":true,"href":"https:\/\/rauchfrei.at\/en\/wp-json\/wp\/v2\/users\/25"}],"replies":[{"embeddable":true,"href":"https:\/\/rauchfrei.at\/en\/wp-json\/wp\/v2\/comments?post=23218"}],"version-history":[{"count":11,"href":"https:\/\/rauchfrei.at\/en\/wp-json\/wp\/v2\/posts\/23218\/revisions"}],"predecessor-version":[{"id":26496,"href":"https:\/\/rauchfrei.at\/en\/wp-json\/wp\/v2\/posts\/23218\/revisions\/26496"}],"wp:attachment":[{"href":"https:\/\/rauchfrei.at\/en\/wp-json\/wp\/v2\/media?parent=23218"}],"wp:term":[{"taxonomy":"category","embeddable":true,"href":"https:\/\/rauchfrei.at\/en\/wp-json\/wp\/v2\/categories?post=23218"},{"taxonomy":"post_tag","embeddable":true,"href":"https:\/\/rauchfrei.at\/en\/wp-json\/wp\/v2\/tags?post=23218"}],"curies":[{"name":"wp","href":"https:\/\/api.w.org\/{rel}","templated":true}]}}