
{"id":23291,"date":"2022-03-28T08:00:00","date_gmt":"2022-03-28T06:00:00","guid":{"rendered":"https:\/\/rauchfrei.at\/?p=23291"},"modified":"2022-03-25T14:24:04","modified_gmt":"2022-03-25T12:24:04","slug":"kurzintervention-tabakentwoehnung","status":"publish","type":"post","link":"https:\/\/rauchfrei.at\/en\/kurzintervention-tabakentwoehnung\/","title":{"rendered":"Kurzintervention Tabakentw\u00f6hnung"},"content":{"rendered":"\n[et_pb_section fb_built=&#8221;1&#8243; module_class=&#8221;header&#8221; _builder_version=&#8221;3.22&#8243; global_colors_info=&#8221;{}&#8221;][et_pb_row _builder_version=&#8221;3.25&#8243; global_colors_info=&#8221;{}&#8221;][et_pb_column type=&#8221;4_4&#8243; _builder_version=&#8221;3.25&#8243; custom_padding=&#8221;|||&#8221; global_colors_info=&#8221;{}&#8221; custom_padding__hover=&#8221;|||&#8221;][et_pb_dp_dmb_module_10001 subheadline=&#8221;Drei wirksame Schritte f\u00fcr Gesundheitsprofis.&#8221; _builder_version=&#8221;4.14.9&#8243; z_index_tablet=&#8221;500&#8243; global_colors_info=&#8221;{}&#8221;][\/et_pb_dp_dmb_module_10001][\/et_pb_column][\/et_pb_row][\/et_pb_section][et_pb_section fb_built=&#8221;1&#8243; _builder_version=&#8221;3.22&#8243; custom_padding=&#8221;30px|||&#8221; global_colors_info=&#8221;{}&#8221;][et_pb_row column_structure=&#8221;2_3,1_3&#8243; _builder_version=&#8221;3.25&#8243; global_colors_info=&#8221;{}&#8221;][et_pb_column type=&#8221;2_3&#8243; module_class=&#8221;blog-content&#8221; _builder_version=&#8221;3.25&#8243; custom_padding=&#8221;|||&#8221; global_colors_info=&#8221;{}&#8221; custom_padding__hover=&#8221;|||&#8221;][et_pb_text _builder_version=&#8221;4.14.9&#8243; global_colors_info=&#8221;{}&#8221;]<p>Gesundheitsprofessionistinnen und Gesundheitsprofessionisten k\u00f6nnen in drei Schritten dazu beitragen, die Abstinenzraten signifikant zu erh\u00f6hen. Die Kurzintervention zur Tabakentw\u00f6hnung dauert wenige Minuten und eignet sich f\u00fcr alle Raucherinnen und Raucher.<\/p>\n<p>Die drei Schritte sind:<\/p>\n<ul>\n<li>Das Erfragen des Rauchverhalten<\/li>\n<li>Das Empfehlen der Rauchfreiheit<\/li>\n<li>Das Vermitteln zu einem Unterst\u00fctzungsangebote<\/li>\n<\/ul>\n<p>In jedem Setting und medizinischen Fachbereich, in dem Sie mit Patientinnen und Patienten zusammenarbeiten, tragen Sie mit diesen Schritten zur Gesundheitsf\u00f6rderung bei.<\/p>\n<p>Poster zur Kurzintervention f\u00fcr Gesundheitsprofis:<\/p>\n<p>Wir haben die Kurzintervention \u00fcbersichtlich dargestellt, hier k\u00f6nnen Sie das <a href=\"https:\/\/rauchfrei.at\/wp-content\/uploads\/Unbenannt-1.jpg\">Infoposter<\/a> downloaden.<\/p>\n<p><a href=\"https:\/\/rauchfrei.at\/wp-content\/uploads\/Unbenannt-1.jpg\"> <img loading=\"lazy\" decoding=\"async\" src=\"https:\/\/rauchfrei.at\/wp-content\/uploads\/Unbenannt-1-225x318.jpg\" alt=\"\" class=\"wp-image-23295 alignnone size-medium\" width=\"191\" height=\"270\" \/><\/a><\/p>\n<p><strong>Video zur Kurzintervention:<\/strong><\/p>\n<p>Dieses Video gibt einen guten Einblick in die Kurzintervention in der Tabakentw\u00f6hnung. Es dauert drei Minuten \u2013 so lange wie die Kurzintervention.<\/p>[\/et_pb_text][et_pb_video src=&#8221;https:\/\/www.youtube.com\/watch?v=lnCw0tQNFxg&#8221; _builder_version=&#8221;4.14.9&#8243; _module_preset=&#8221;default&#8221; global_colors_info=&#8221;{}&#8221;][\/et_pb_video][et_pb_text _builder_version=&#8221;4.14.9&#8243; _module_preset=&#8221;default&#8221; global_colors_info=&#8221;{}&#8221;]<p><strong>Quellen:<\/strong><\/p>\n<p><a href=\"https:\/\/www.ncbi.nlm.nih.gov\/books\/NBK63952\">Fiore et. al, 2008<\/a> <\/p>[\/et_pb_text][et_pb_post_nav in_same_term=&#8221;off&#8221; _builder_version=&#8221;3.0.99&#8243; global_colors_info=&#8221;{}&#8221;][\/et_pb_post_nav][\/et_pb_column][et_pb_column type=&#8221;1_3&#8243; module_class=&#8221;cat-and-tag&#8221; _builder_version=&#8221;3.25&#8243; custom_padding=&#8221;|||&#8221; global_colors_info=&#8221;{}&#8221; custom_padding__hover=&#8221;|||&#8221;][et_pb_sidebar area=&#8221;et_pb_widget_area_1&#8243; _builder_version=&#8221;3.0.99&#8243; global_colors_info=&#8221;{}&#8221;][\/et_pb_sidebar][et_pb_text admin_label=&#8221;Das Rauchfrei Ticket&#8221; _builder_version=&#8221;3.27.4&#8243; global_module=&#8221;15221&#8243; saved_tabs=&#8221;all&#8221; global_colors_info=&#8221;{}&#8221;]<h2>Das Rauchfrei Ticket &#8211; Informationen f\u00fcr Profis<\/h2>\n<p><img loading=\"lazy\" decoding=\"async\" class=\"size-medium alignnone\" style=\"border: 3px solid #212121;\" src=\"https:\/\/rauchfrei.at\/wp-content\/uploads\/eins-2.jpg\" alt=\"\" width=\"1215\" height=\"1179\" \/><\/p>\n<a href='https:\/\/rauchfrei.at\/fuer-gesundheitsberufe\/das-rauchfrei-ticket\/' class='small-button smallblue'>mehr<\/a>\n[\/et_pb_text][et_pb_dp_dmb_module_10080 link_text=&#8221;Hier eingeben, in der App speichern&#8221; admin_label=&#8221;Direkteinstieg zur App&#8221; _builder_version=&#8221;3.19.15&#8243; max_width=&#8221;100%&#8221; global_module=&#8221;13165&#8243; saved_tabs=&#8221;all&#8221; global_colors_info=&#8221;{}&#8221;]<p><span lang=\"DE-AT\">Geben Sie Online Ihre Daten ein!<br \/><\/span><\/p>\n[\/et_pb_dp_dmb_module_10080][et_pb_dp_dmb_module_10093 farbe=&#8221;beige&#8221; headline=&#8221;Die Rauchfrei App &#8221; image=&#8221;https:\/\/rauchfrei.at\/wp-content\/uploads\/rauchfreiapp_screens.png&#8221; image_position=&#8221;center&#8221; link_text=&#8221;mehr &#8221; link_url=&#8221;https:\/\/rauchfrei.at\/die-rauchfrei-app\/&#8221; image_size=&#8221;80&#8243; admin_label=&#8221;Infos zur Rauchfrei App&#8221; _builder_version=&#8221;3.21.1&#8243; z_index_tablet=&#8221;500&#8243; saved_tabs=&#8221;all&#8221; global_colors_info=&#8221;{}&#8221; global_module=&#8221;13152&#8243; theme_builder_area=&#8221;post_content&#8221;]<p>Die Rauchfrei App hilft und unterst\u00fctzt kostenfrei!<\/p>\n[\/et_pb_dp_dmb_module_10093][\/et_pb_column][\/et_pb_row][\/et_pb_section]\n","protected":false},"excerpt":{"rendered":"<p>Helfen Sie Ihren Patientinnen und Patienten mit drei Schritten am Weg in die Rauchfreiheit! Einfach, schnell und wirksam.<\/p>\n","protected":false},"author":25,"featured_media":0,"comment_status":"open","ping_status":"open","sticky":false,"template":"","format":"standard","meta":{"_et_pb_use_builder":"on","_et_pb_old_content":"","_et_gb_content_width":"2880","footnotes":""},"categories":[237,232],"tags":[],"class_list":["post-23291","post","type-post","status-publish","format-standard","hentry","category-literatur-und-hintergrundwissen","category-nachrichten-vom-rauchfrei-telefon"],"yoast_head":"<!-- This site is optimized with the Yoast SEO plugin v26.2 - https:\/\/yoast.com\/wordpress\/plugins\/seo\/ -->\n<title>Kurzintervention Tabakentw\u00f6hnung - Rauchfrei Telefon<\/title>\n<meta name=\"robots\" content=\"index, follow, max-snippet:-1, max-image-preview:large, max-video-preview:-1\" \/>\n<link rel=\"canonical\" href=\"https:\/\/rauchfrei.at\/kurzintervention-tabakentwoehnung\/\" \/>\n<meta property=\"og:locale\" content=\"en_US\" \/>\n<meta property=\"og:type\" content=\"article\" \/>\n<meta property=\"og:title\" content=\"Kurzintervention Tabakentw\u00f6hnung - Rauchfrei Telefon\" \/>\n<meta property=\"og:description\" content=\"Helfen Sie Ihren Patientinnen und Patienten mit drei Schritten am Weg in die Rauchfreiheit! Einfach, schnell und wirksam.\" \/>\n<meta property=\"og:url\" content=\"https:\/\/rauchfrei.at\/kurzintervention-tabakentwoehnung\/\" \/>\n<meta property=\"og:site_name\" content=\"Rauchfrei Telefon\" \/>\n<meta property=\"article:published_time\" content=\"2022-03-28T06:00:00+00:00\" \/>\n<meta property=\"og:image\" content=\"https:\/\/rauchfrei.at\/wp-content\/uploads\/Unbenannt-1-225x318.jpg\" \/>\n<meta name=\"author\" content=\"Rauchfrei Team\" \/>\n<meta name=\"twitter:card\" content=\"summary_large_image\" \/>\n<meta name=\"twitter:label1\" content=\"Written by\" \/>\n\t<meta name=\"twitter:data1\" content=\"Rauchfrei Team\" \/>\n\t<meta name=\"twitter:label2\" content=\"Est. reading time\" \/>\n\t<meta name=\"twitter:data2\" content=\"2 minutes\" \/>\n<script type=\"application\/ld+json\" class=\"yoast-schema-graph\">{\"@context\":\"https:\/\/schema.org\",\"@graph\":[{\"@type\":\"WebPage\",\"@id\":\"https:\/\/rauchfrei.at\/kurzintervention-tabakentwoehnung\/\",\"url\":\"https:\/\/rauchfrei.at\/kurzintervention-tabakentwoehnung\/\",\"name\":\"Kurzintervention Tabakentw\u00f6hnung - Rauchfrei Telefon\",\"isPartOf\":{\"@id\":\"https:\/\/rauchfrei.at\/#website\"},\"primaryImageOfPage\":{\"@id\":\"https:\/\/rauchfrei.at\/kurzintervention-tabakentwoehnung\/#primaryimage\"},\"image\":{\"@id\":\"https:\/\/rauchfrei.at\/kurzintervention-tabakentwoehnung\/#primaryimage\"},\"thumbnailUrl\":\"https:\/\/rauchfrei.at\/wp-content\/uploads\/Unbenannt-1-225x318.jpg\",\"datePublished\":\"2022-03-28T06:00:00+00:00\",\"author\":{\"@id\":\"https:\/\/rauchfrei.at\/#\/schema\/person\/504bbf90c5482004fc09aef6de7f9277\"},\"inLanguage\":\"en-US\",\"potentialAction\":[{\"@type\":\"ReadAction\",\"target\":[\"https:\/\/rauchfrei.at\/kurzintervention-tabakentwoehnung\/\"]}]},{\"@type\":\"ImageObject\",\"inLanguage\":\"en-US\",\"@id\":\"https:\/\/rauchfrei.at\/kurzintervention-tabakentwoehnung\/#primaryimage\",\"url\":\"https:\/\/rauchfrei.at\/wp-content\/uploads\/Unbenannt-1-225x318.jpg\",\"contentUrl\":\"https:\/\/rauchfrei.at\/wp-content\/uploads\/Unbenannt-1-225x318.jpg\"},{\"@type\":\"WebSite\",\"@id\":\"https:\/\/rauchfrei.at\/#website\",\"url\":\"https:\/\/rauchfrei.at\/\",\"name\":\"Rauchfrei Telefon\",\"description\":\"Eine \u00f6sterreichweite Initiative der Sozialversicherungen.\",\"potentialAction\":[{\"@type\":\"SearchAction\",\"target\":{\"@type\":\"EntryPoint\",\"urlTemplate\":\"https:\/\/rauchfrei.at\/?s={search_term_string}\"},\"query-input\":{\"@type\":\"PropertyValueSpecification\",\"valueRequired\":true,\"valueName\":\"search_term_string\"}}],\"inLanguage\":\"en-US\"},{\"@type\":\"Person\",\"@id\":\"https:\/\/rauchfrei.at\/#\/schema\/person\/504bbf90c5482004fc09aef6de7f9277\",\"name\":\"Rauchfrei Team\",\"image\":{\"@type\":\"ImageObject\",\"inLanguage\":\"en-US\",\"@id\":\"https:\/\/rauchfrei.at\/#\/schema\/person\/image\/\",\"url\":\"https:\/\/secure.gravatar.com\/avatar\/2115b79a00800516fa1523bb5a329611f90e73e89be559131fc7e82b4fdc95ff?s=96&d=mm&r=g\",\"contentUrl\":\"https:\/\/secure.gravatar.com\/avatar\/2115b79a00800516fa1523bb5a329611f90e73e89be559131fc7e82b4fdc95ff?s=96&d=mm&r=g\",\"caption\":\"Rauchfrei Team\"},\"url\":\"https:\/\/rauchfrei.at\/en\/author\/rauchfrei-team\/\"}]}<\/script>\n<!-- \/ Yoast SEO plugin. -->","yoast_head_json":{"title":"Kurzintervention Tabakentw\u00f6hnung - Rauchfrei Telefon","robots":{"index":"index","follow":"follow","max-snippet":"max-snippet:-1","max-image-preview":"max-image-preview:large","max-video-preview":"max-video-preview:-1"},"canonical":"https:\/\/rauchfrei.at\/kurzintervention-tabakentwoehnung\/","og_locale":"en_US","og_type":"article","og_title":"Kurzintervention Tabakentw\u00f6hnung - Rauchfrei Telefon","og_description":"Helfen Sie Ihren Patientinnen und Patienten mit drei Schritten am Weg in die Rauchfreiheit! Einfach, schnell und wirksam.","og_url":"https:\/\/rauchfrei.at\/kurzintervention-tabakentwoehnung\/","og_site_name":"Rauchfrei Telefon","article_published_time":"2022-03-28T06:00:00+00:00","og_image":[{"url":"https:\/\/rauchfrei.at\/wp-content\/uploads\/Unbenannt-1-225x318.jpg","type":"","width":"","height":""}],"author":"Rauchfrei Team","twitter_card":"summary_large_image","twitter_misc":{"Written by":"Rauchfrei Team","Est. reading time":"2 minutes"},"schema":{"@context":"https:\/\/schema.org","@graph":[{"@type":"WebPage","@id":"https:\/\/rauchfrei.at\/kurzintervention-tabakentwoehnung\/","url":"https:\/\/rauchfrei.at\/kurzintervention-tabakentwoehnung\/","name":"Kurzintervention Tabakentw\u00f6hnung - Rauchfrei Telefon","isPartOf":{"@id":"https:\/\/rauchfrei.at\/#website"},"primaryImageOfPage":{"@id":"https:\/\/rauchfrei.at\/kurzintervention-tabakentwoehnung\/#primaryimage"},"image":{"@id":"https:\/\/rauchfrei.at\/kurzintervention-tabakentwoehnung\/#primaryimage"},"thumbnailUrl":"https:\/\/rauchfrei.at\/wp-content\/uploads\/Unbenannt-1-225x318.jpg","datePublished":"2022-03-28T06:00:00+00:00","author":{"@id":"https:\/\/rauchfrei.at\/#\/schema\/person\/504bbf90c5482004fc09aef6de7f9277"},"inLanguage":"en-US","potentialAction":[{"@type":"ReadAction","target":["https:\/\/rauchfrei.at\/kurzintervention-tabakentwoehnung\/"]}]},{"@type":"ImageObject","inLanguage":"en-US","@id":"https:\/\/rauchfrei.at\/kurzintervention-tabakentwoehnung\/#primaryimage","url":"https:\/\/rauchfrei.at\/wp-content\/uploads\/Unbenannt-1-225x318.jpg","contentUrl":"https:\/\/rauchfrei.at\/wp-content\/uploads\/Unbenannt-1-225x318.jpg"},{"@type":"WebSite","@id":"https:\/\/rauchfrei.at\/#website","url":"https:\/\/rauchfrei.at\/","name":"Rauchfrei Telefon","description":"Eine \u00f6sterreichweite Initiative der Sozialversicherungen.","potentialAction":[{"@type":"SearchAction","target":{"@type":"EntryPoint","urlTemplate":"https:\/\/rauchfrei.at\/?s={search_term_string}"},"query-input":{"@type":"PropertyValueSpecification","valueRequired":true,"valueName":"search_term_string"}}],"inLanguage":"en-US"},{"@type":"Person","@id":"https:\/\/rauchfrei.at\/#\/schema\/person\/504bbf90c5482004fc09aef6de7f9277","name":"Rauchfrei Team","image":{"@type":"ImageObject","inLanguage":"en-US","@id":"https:\/\/rauchfrei.at\/#\/schema\/person\/image\/","url":"https:\/\/secure.gravatar.com\/avatar\/2115b79a00800516fa1523bb5a329611f90e73e89be559131fc7e82b4fdc95ff?s=96&d=mm&r=g","contentUrl":"https:\/\/secure.gravatar.com\/avatar\/2115b79a00800516fa1523bb5a329611f90e73e89be559131fc7e82b4fdc95ff?s=96&d=mm&r=g","caption":"Rauchfrei Team"},"url":"https:\/\/rauchfrei.at\/en\/author\/rauchfrei-team\/"}]}},"_links":{"self":[{"href":"https:\/\/rauchfrei.at\/en\/wp-json\/wp\/v2\/posts\/23291","targetHints":{"allow":["GET"]}}],"collection":[{"href":"https:\/\/rauchfrei.at\/en\/wp-json\/wp\/v2\/posts"}],"about":[{"href":"https:\/\/rauchfrei.at\/en\/wp-json\/wp\/v2\/types\/post"}],"author":[{"embeddable":true,"href":"https:\/\/rauchfrei.at\/en\/wp-json\/wp\/v2\/users\/25"}],"replies":[{"embeddable":true,"href":"https:\/\/rauchfrei.at\/en\/wp-json\/wp\/v2\/comments?post=23291"}],"version-history":[{"count":13,"href":"https:\/\/rauchfrei.at\/en\/wp-json\/wp\/v2\/posts\/23291\/revisions"}],"predecessor-version":[{"id":23313,"href":"https:\/\/rauchfrei.at\/en\/wp-json\/wp\/v2\/posts\/23291\/revisions\/23313"}],"wp:attachment":[{"href":"https:\/\/rauchfrei.at\/en\/wp-json\/wp\/v2\/media?parent=23291"}],"wp:term":[{"taxonomy":"category","embeddable":true,"href":"https:\/\/rauchfrei.at\/en\/wp-json\/wp\/v2\/categories?post=23291"},{"taxonomy":"post_tag","embeddable":true,"href":"https:\/\/rauchfrei.at\/en\/wp-json\/wp\/v2\/tags?post=23291"}],"curies":[{"name":"wp","href":"https:\/\/api.w.org\/{rel}","templated":true}]}}