
{"id":23327,"date":"2022-04-11T08:00:00","date_gmt":"2022-04-11T06:00:00","guid":{"rendered":"https:\/\/rauchfrei.at\/?p=23327"},"modified":"2022-03-30T09:09:43","modified_gmt":"2022-03-30T07:09:43","slug":"rauchfrei-fuer-die-stimme","status":"publish","type":"post","link":"https:\/\/rauchfrei.at\/en\/rauchfrei-fuer-die-stimme\/","title":{"rendered":"Rauchfrei f\u00fcr die Stimme"},"content":{"rendered":"\n[et_pb_section fb_built=&#8221;1&#8243; module_class=&#8221;header&#8221; _builder_version=&#8221;3.22&#8243; global_colors_info=&#8221;{}&#8221;][et_pb_row _builder_version=&#8221;3.25&#8243; global_colors_info=&#8221;{}&#8221;][et_pb_column type=&#8221;4_4&#8243; _builder_version=&#8221;3.25&#8243; custom_padding=&#8221;|||&#8221; global_colors_info=&#8221;{}&#8221; custom_padding__hover=&#8221;|||&#8221;][et_pb_dp_dmb_module_10001 subheadline=&#8221;Die Rauchfreiheit st\u00e4rkt und sch\u00fctzt die Stimme und den Stimmapparat&#8221; _builder_version=&#8221;4.14.9&#8243; z_index_tablet=&#8221;500&#8243; global_colors_info=&#8221;{}&#8221;][\/et_pb_dp_dmb_module_10001][\/et_pb_column][\/et_pb_row][\/et_pb_section][et_pb_section fb_built=&#8221;1&#8243; _builder_version=&#8221;3.22&#8243; custom_padding=&#8221;30px|||&#8221; global_colors_info=&#8221;{}&#8221;][et_pb_row column_structure=&#8221;2_3,1_3&#8243; _builder_version=&#8221;3.25&#8243; global_colors_info=&#8221;{}&#8221;][et_pb_column type=&#8221;2_3&#8243; module_class=&#8221;blog-content&#8221; _builder_version=&#8221;3.25&#8243; custom_padding=&#8221;|||&#8221; global_colors_info=&#8221;{}&#8221; custom_padding__hover=&#8221;|||&#8221;][et_pb_text _builder_version=&#8221;4.14.9&#8243; global_colors_info=&#8221;{}&#8221;]<p>Rauchfrei sein ist f\u00fcr den gesamten K\u00f6rper gut, auch f\u00fcr den Stimmapparat. Der internationale Tag der Stimme widmet sich diesem Ph\u00e4nomen: dem durch die menschlichen Stimmlippen produzierten und in Mund-, Rachen- und Nasenh\u00f6hlen modulierten Schall.<\/p>\n<p>Die Stimme verr\u00e4t uns im Gespr\u00e4ch mit anderen \u00fcber ihre Tonh\u00f6he, die Lautst\u00e4rke und Klangfarbe h\u00e4ufig mehr als die tats\u00e4chlichen Worte. Bed\u00fcrfnisse und Gef\u00fchle schwingen mit und vermitteln uns schnell viel mehr Inhalt des Gesagten als die Worte allein. Welche Bedeutung unserer Stimme im Alltag zukommt, wird uns vor allem dann bewusst, wenn sie einmal ausf\u00e4llt.<\/p>\n<p>Eine heisere Stimme kennen viele. H\u00e4lt Heiserkeit l\u00e4nger als drei Wochen an, sollte sie bei einer Fach\u00e4rztin bzw. einem Facharzt f\u00fcr Hals-Nasen-Ohren abgekl\u00e4rt werden. Heiserkeit kann auch ein Anzeichen f\u00fcr die Entwicklung von Kehlkopfkrebs sein. Zum Gl\u00fcck ist diese Krebsart relativ selten und wird oft rechtzeitig erkannt, da sie langsam voranschreitet. Fr\u00fcherkennung und Risikoreduktion ist auch bei Kehlkopfkrebs wichtig und m\u00f6glich.<\/p>\n<p>Rauchen ist aufgrund der vielen krebsausl\u00f6senden Stoffe im Zigarettenrauch Risikofaktor Nummer eins f\u00fcr die Entstehung von Kehlkopfkrebs. Je l\u00e4nger geraucht wird desto h\u00f6her ist das Risiko, diese Erkrankung zu entwickeln.<\/p>\n<p>Um Ihre Stimme zu schonen und gesund zu erhalten, hilft es, rauchfrei zu werden.<\/p>\n<p>Wir helfen Ihnen gerne dabei!<\/p>\n<p>Quellen:<br \/><a href=\"https:\/\/www.dkfz.de\/de\/rauchertelefon\/download\/011_rachen_kehlkopf_Blaue_Ratgeber.pdf\">https:\/\/www.dkfz.de<\/a><\/p>\n<p><a href=\"https:\/\/www.focus.de\/gesundheit\/ratgeber\/krebs\/rauchen-und-alkohol-staerkste-risikofaktoren-kehlkopfkrebs-bei-welchem-symptom-sie-zum-arzt-muessen_id_11082148.html\">https:\/\/www.focus.de<\/a><\/p>[\/et_pb_text][et_pb_post_nav in_same_term=&#8221;off&#8221; _builder_version=&#8221;3.0.99&#8243; global_colors_info=&#8221;{}&#8221;][\/et_pb_post_nav][\/et_pb_column][et_pb_column type=&#8221;1_3&#8243; module_class=&#8221;cat-and-tag&#8221; _builder_version=&#8221;3.25&#8243; custom_padding=&#8221;|||&#8221; global_colors_info=&#8221;{}&#8221; custom_padding__hover=&#8221;|||&#8221;][et_pb_dp_dmb_module_10093 farbe=&#8221;blitzgelb&#8221; headline=&#8221;Trauen Sie sich den Rauchstopp zu!&#8221; image=&#8221;https:\/\/rauchfrei.at\/wp-content\/uploads\/Quitting-Yellow.png&#8221; image_position=&#8221;center&#8221; link_text=&#8221;mehr&#8221; link_url=&#8221;https:\/\/rauchfrei.at\/aufhoeren\/schritte-zum-rauchstopp\/trauen-sie-sich-den-rauchstopp-zu\/&#8221; admin_label=&#8221;Trauen Sie sich den Rauchstopp zu&#8221; _builder_version=&#8221;3.19.15&#8243; saved_tabs=&#8221;all&#8221; global_colors_info=&#8221;{}&#8221; global_module=&#8221;13173&#8243; theme_builder_area=&#8221;post_content&#8221;]<p>Sie m\u00f6chten etwas \u00e4ndern? Worauf warten Sie noch?<\/p>\n[\/et_pb_dp_dmb_module_10093][\/et_pb_column][\/et_pb_row][\/et_pb_section]\n","protected":false},"excerpt":{"rendered":"<p>Am 16. April ist der internationale Tag der Stimme, der \u201eWorld Voice Day\u201c.  Was hat das mit Rauchen zu tun? Die Rauchfreiheit ist auch f\u00fcr die Stimme eine Wohltat. <\/p>\n","protected":false},"author":25,"featured_media":0,"comment_status":"open","ping_status":"open","sticky":false,"template":"","format":"standard","meta":{"_et_pb_use_builder":"on","_et_pb_old_content":"","_et_gb_content_width":"2880","footnotes":""},"categories":[236],"tags":[],"class_list":["post-23327","post","type-post","status-publish","format-standard","hentry","category-nicht-kategorisiert"],"yoast_head":"<!-- This site is optimized with the Yoast SEO plugin v26.2 - https:\/\/yoast.com\/wordpress\/plugins\/seo\/ -->\n<title>Rauchfrei f\u00fcr die Stimme - Rauchfrei Telefon<\/title>\n<meta name=\"robots\" content=\"index, follow, max-snippet:-1, max-image-preview:large, max-video-preview:-1\" \/>\n<link rel=\"canonical\" href=\"https:\/\/rauchfrei.at\/rauchfrei-fuer-die-stimme\/\" \/>\n<meta property=\"og:locale\" content=\"en_US\" \/>\n<meta property=\"og:type\" content=\"article\" \/>\n<meta property=\"og:title\" content=\"Rauchfrei f\u00fcr die Stimme - Rauchfrei Telefon\" \/>\n<meta property=\"og:description\" content=\"Am 16. April ist der internationale Tag der Stimme, der \u201eWorld Voice Day\u201c. Was hat das mit Rauchen zu tun? Die Rauchfreiheit ist auch f\u00fcr die Stimme eine Wohltat.\" \/>\n<meta property=\"og:url\" content=\"https:\/\/rauchfrei.at\/rauchfrei-fuer-die-stimme\/\" \/>\n<meta property=\"og:site_name\" content=\"Rauchfrei Telefon\" \/>\n<meta property=\"article:published_time\" content=\"2022-04-11T06:00:00+00:00\" \/>\n<meta name=\"author\" content=\"Rauchfrei Team\" \/>\n<meta name=\"twitter:card\" content=\"summary_large_image\" \/>\n<meta name=\"twitter:label1\" content=\"Written by\" \/>\n\t<meta name=\"twitter:data1\" content=\"Rauchfrei Team\" \/>\n\t<meta name=\"twitter:label2\" content=\"Est. reading time\" \/>\n\t<meta name=\"twitter:data2\" content=\"2 minutes\" \/>\n<script type=\"application\/ld+json\" class=\"yoast-schema-graph\">{\"@context\":\"https:\/\/schema.org\",\"@graph\":[{\"@type\":\"WebPage\",\"@id\":\"https:\/\/rauchfrei.at\/rauchfrei-fuer-die-stimme\/\",\"url\":\"https:\/\/rauchfrei.at\/rauchfrei-fuer-die-stimme\/\",\"name\":\"Rauchfrei f\u00fcr die Stimme - Rauchfrei Telefon\",\"isPartOf\":{\"@id\":\"https:\/\/rauchfrei.at\/#website\"},\"datePublished\":\"2022-04-11T06:00:00+00:00\",\"author\":{\"@id\":\"https:\/\/rauchfrei.at\/#\/schema\/person\/504bbf90c5482004fc09aef6de7f9277\"},\"inLanguage\":\"en-US\",\"potentialAction\":[{\"@type\":\"ReadAction\",\"target\":[\"https:\/\/rauchfrei.at\/rauchfrei-fuer-die-stimme\/\"]}]},{\"@type\":\"WebSite\",\"@id\":\"https:\/\/rauchfrei.at\/#website\",\"url\":\"https:\/\/rauchfrei.at\/\",\"name\":\"Rauchfrei Telefon\",\"description\":\"Eine \u00f6sterreichweite Initiative der Sozialversicherungen.\",\"potentialAction\":[{\"@type\":\"SearchAction\",\"target\":{\"@type\":\"EntryPoint\",\"urlTemplate\":\"https:\/\/rauchfrei.at\/?s={search_term_string}\"},\"query-input\":{\"@type\":\"PropertyValueSpecification\",\"valueRequired\":true,\"valueName\":\"search_term_string\"}}],\"inLanguage\":\"en-US\"},{\"@type\":\"Person\",\"@id\":\"https:\/\/rauchfrei.at\/#\/schema\/person\/504bbf90c5482004fc09aef6de7f9277\",\"name\":\"Rauchfrei Team\",\"image\":{\"@type\":\"ImageObject\",\"inLanguage\":\"en-US\",\"@id\":\"https:\/\/rauchfrei.at\/#\/schema\/person\/image\/\",\"url\":\"https:\/\/secure.gravatar.com\/avatar\/2115b79a00800516fa1523bb5a329611f90e73e89be559131fc7e82b4fdc95ff?s=96&d=mm&r=g\",\"contentUrl\":\"https:\/\/secure.gravatar.com\/avatar\/2115b79a00800516fa1523bb5a329611f90e73e89be559131fc7e82b4fdc95ff?s=96&d=mm&r=g\",\"caption\":\"Rauchfrei Team\"},\"url\":\"https:\/\/rauchfrei.at\/en\/author\/rauchfrei-team\/\"}]}<\/script>\n<!-- \/ Yoast SEO plugin. -->","yoast_head_json":{"title":"Rauchfrei f\u00fcr die Stimme - Rauchfrei Telefon","robots":{"index":"index","follow":"follow","max-snippet":"max-snippet:-1","max-image-preview":"max-image-preview:large","max-video-preview":"max-video-preview:-1"},"canonical":"https:\/\/rauchfrei.at\/rauchfrei-fuer-die-stimme\/","og_locale":"en_US","og_type":"article","og_title":"Rauchfrei f\u00fcr die Stimme - Rauchfrei Telefon","og_description":"Am 16. April ist der internationale Tag der Stimme, der \u201eWorld Voice Day\u201c. Was hat das mit Rauchen zu tun? Die Rauchfreiheit ist auch f\u00fcr die Stimme eine Wohltat.","og_url":"https:\/\/rauchfrei.at\/rauchfrei-fuer-die-stimme\/","og_site_name":"Rauchfrei Telefon","article_published_time":"2022-04-11T06:00:00+00:00","author":"Rauchfrei Team","twitter_card":"summary_large_image","twitter_misc":{"Written by":"Rauchfrei Team","Est. reading time":"2 minutes"},"schema":{"@context":"https:\/\/schema.org","@graph":[{"@type":"WebPage","@id":"https:\/\/rauchfrei.at\/rauchfrei-fuer-die-stimme\/","url":"https:\/\/rauchfrei.at\/rauchfrei-fuer-die-stimme\/","name":"Rauchfrei f\u00fcr die Stimme - Rauchfrei Telefon","isPartOf":{"@id":"https:\/\/rauchfrei.at\/#website"},"datePublished":"2022-04-11T06:00:00+00:00","author":{"@id":"https:\/\/rauchfrei.at\/#\/schema\/person\/504bbf90c5482004fc09aef6de7f9277"},"inLanguage":"en-US","potentialAction":[{"@type":"ReadAction","target":["https:\/\/rauchfrei.at\/rauchfrei-fuer-die-stimme\/"]}]},{"@type":"WebSite","@id":"https:\/\/rauchfrei.at\/#website","url":"https:\/\/rauchfrei.at\/","name":"Rauchfrei Telefon","description":"Eine \u00f6sterreichweite Initiative der Sozialversicherungen.","potentialAction":[{"@type":"SearchAction","target":{"@type":"EntryPoint","urlTemplate":"https:\/\/rauchfrei.at\/?s={search_term_string}"},"query-input":{"@type":"PropertyValueSpecification","valueRequired":true,"valueName":"search_term_string"}}],"inLanguage":"en-US"},{"@type":"Person","@id":"https:\/\/rauchfrei.at\/#\/schema\/person\/504bbf90c5482004fc09aef6de7f9277","name":"Rauchfrei Team","image":{"@type":"ImageObject","inLanguage":"en-US","@id":"https:\/\/rauchfrei.at\/#\/schema\/person\/image\/","url":"https:\/\/secure.gravatar.com\/avatar\/2115b79a00800516fa1523bb5a329611f90e73e89be559131fc7e82b4fdc95ff?s=96&d=mm&r=g","contentUrl":"https:\/\/secure.gravatar.com\/avatar\/2115b79a00800516fa1523bb5a329611f90e73e89be559131fc7e82b4fdc95ff?s=96&d=mm&r=g","caption":"Rauchfrei Team"},"url":"https:\/\/rauchfrei.at\/en\/author\/rauchfrei-team\/"}]}},"_links":{"self":[{"href":"https:\/\/rauchfrei.at\/en\/wp-json\/wp\/v2\/posts\/23327","targetHints":{"allow":["GET"]}}],"collection":[{"href":"https:\/\/rauchfrei.at\/en\/wp-json\/wp\/v2\/posts"}],"about":[{"href":"https:\/\/rauchfrei.at\/en\/wp-json\/wp\/v2\/types\/post"}],"author":[{"embeddable":true,"href":"https:\/\/rauchfrei.at\/en\/wp-json\/wp\/v2\/users\/25"}],"replies":[{"embeddable":true,"href":"https:\/\/rauchfrei.at\/en\/wp-json\/wp\/v2\/comments?post=23327"}],"version-history":[{"count":7,"href":"https:\/\/rauchfrei.at\/en\/wp-json\/wp\/v2\/posts\/23327\/revisions"}],"predecessor-version":[{"id":23339,"href":"https:\/\/rauchfrei.at\/en\/wp-json\/wp\/v2\/posts\/23327\/revisions\/23339"}],"wp:attachment":[{"href":"https:\/\/rauchfrei.at\/en\/wp-json\/wp\/v2\/media?parent=23327"}],"wp:term":[{"taxonomy":"category","embeddable":true,"href":"https:\/\/rauchfrei.at\/en\/wp-json\/wp\/v2\/categories?post=23327"},{"taxonomy":"post_tag","embeddable":true,"href":"https:\/\/rauchfrei.at\/en\/wp-json\/wp\/v2\/tags?post=23327"}],"curies":[{"name":"wp","href":"https:\/\/api.w.org\/{rel}","templated":true}]}}