
{"id":23435,"date":"2022-04-18T08:00:00","date_gmt":"2022-04-18T06:00:00","guid":{"rendered":"https:\/\/rauchfrei.at\/?p=23435"},"modified":"2022-04-12T16:37:47","modified_gmt":"2022-04-12T14:37:47","slug":"rauchfrei-am-tag-der-erde","status":"publish","type":"post","link":"https:\/\/rauchfrei.at\/en\/rauchfrei-am-tag-der-erde\/","title":{"rendered":"Rauchfrei am Tag der Erde \u00a0"},"content":{"rendered":"\n[et_pb_section fb_built=&#8221;1&#8243; module_class=&#8221;header&#8221; _builder_version=&#8221;3.22&#8243; global_colors_info=&#8221;{}&#8221;][et_pb_row _builder_version=&#8221;3.25&#8243; global_colors_info=&#8221;{}&#8221;][et_pb_column type=&#8221;4_4&#8243; _builder_version=&#8221;3.25&#8243; custom_padding=&#8221;|||&#8221; global_colors_info=&#8221;{}&#8221; custom_padding__hover=&#8221;|||&#8221;][et_pb_dp_dmb_module_10001 subheadline=&#8221;Rauchfrei leben sch\u00fctzt die Umwelt&#8221; _builder_version=&#8221;4.14.9&#8243; z_index_tablet=&#8221;500&#8243; global_colors_info=&#8221;{}&#8221;][\/et_pb_dp_dmb_module_10001][\/et_pb_column][\/et_pb_row][\/et_pb_section][et_pb_section fb_built=&#8221;1&#8243; _builder_version=&#8221;3.22&#8243; custom_padding=&#8221;30px|||&#8221; global_colors_info=&#8221;{}&#8221;][et_pb_row column_structure=&#8221;2_3,1_3&#8243; _builder_version=&#8221;3.25&#8243; global_colors_info=&#8221;{}&#8221;][et_pb_column type=&#8221;2_3&#8243; module_class=&#8221;blog-content&#8221; _builder_version=&#8221;3.25&#8243; custom_padding=&#8221;|||&#8221; global_colors_info=&#8221;{}&#8221; custom_padding__hover=&#8221;|||&#8221;][et_pb_text _builder_version=&#8221;4.14.9&#8243; global_colors_info=&#8221;{}&#8221;]<p>Der Zigarettenkonsum schadet der Umwelt in ganz unterschiedlichen Phasen der Herstellung, des Konsums und der Entsorgung der Produkte. Die globalen Sch\u00e4den, die durch den Anbau, Produktion, Konsum und Abfall der Tabakprodukte laufend entstehen, sind weithin unbekannt und untersch\u00e4tzt.<\/p>\n<p><strong>Der Anbau<\/strong><\/p>\n<p>Der Tabakanbau ist arbeitsintensiv und h\u00e4ufig mit Kinderarbeit verbunden. Der Anbau erfolgt vorwiegend in L\u00e4ndern, in denen die L\u00f6hne niedrig sind. Zudem arbeiten in der Tabakindustrie vorwiegend Frauen. Die Arbeiterinnen sind in der Regel unzureichend vor Pestiziden und dem Nikotin, das bei Hautkontakt mit den Bl\u00e4ttern vom K\u00f6rper aufgenommen wird, gesch\u00fctzt. Die Tabakpflanze entzieht dem Boden zudem besonders viele N\u00e4hrstoffe, daher erfordert der Anbau einen hohen Einsatz von Pestiziden und D\u00fcnger. Um Tabakfelder anlegen zu k\u00f6nnen, wird Urwald gerodet. Dadurch kommt es zu einer Belastung des Klimas.<\/p>\n<p><strong>Die Produktion<\/strong><\/p>\n<p>Die Herstellung von Tabakprodukten verursacht j\u00e4hrlich mehrere Millionen Tonnen festen M\u00fclls und zus\u00e4tzlich gro\u00dfe Mengen an Chemieabfall.<\/p>\n<p><strong>Umweltschutz beginnt im Kleinen<\/strong><\/p>\n<p>Zigaretten sind weltweit die am h\u00e4ufigsten weggeworfenen Abfallprodukte und gelten eigentlich als Sonderm\u00fcll, da die Filter giftige und krebserzeugende Substanzen wie Arsen, Blei, Kupfer, Chrom und Kadmium enthalten.<\/p>\n<p>Tabakprodukte verursachen Unmengen an M\u00fcll: J\u00e4hrlich werden weltweit sechs Billionen Zigaretten hergestellt, deren Verpackungen und die gro\u00dfe Menge an leeren Feuerzeugen m\u00fcssen ebenfalls entsorgt werden.<\/p>\n<p>Rauchfrei zu leben ist daher der allerbeste Beitrag zur Schonung der Umwelt und Ihrer Gesundheit: F\u00fcr Unterst\u00fctzung stehen wir gerne zur Verf\u00fcgung:<\/p>\n<p>Unter 0800 810 013 sind wir von Montag bis Freitag zwischen 10:00h und 18:00h f\u00fcr Sie da.<\/p>\n<p>Links:<\/p>\n<p><a href=\"https:\/\/unfairtobacco.org\/gift-fuer-gewaesser-nikotin-und-pestizide\/\">https:\/\/unfairtobacco.org\/gift-fuer-gewaesser-nikotin-und-pestizide\/<\/a><\/p>\n<p><a href=\"https:\/\/www.dkfz.de\/de\/tabakkontrolle\/Umweltbelastung_durch_Rauchen.html\">https:\/\/www.dkfz.de\/de\/tabakkontrolle\/Umweltbelastung_durch_Rauchen.html<\/a><\/p>[\/et_pb_text][et_pb_post_nav in_same_term=&#8221;off&#8221; _builder_version=&#8221;3.0.99&#8243; global_colors_info=&#8221;{}&#8221;][\/et_pb_post_nav][\/et_pb_column][et_pb_column type=&#8221;1_3&#8243; module_class=&#8221;cat-and-tag&#8221; _builder_version=&#8221;3.25&#8243; custom_padding=&#8221;|||&#8221; global_colors_info=&#8221;{}&#8221; custom_padding__hover=&#8221;|||&#8221;][et_pb_sidebar area=&#8221;et_pb_widget_area_1&#8243; _builder_version=&#8221;3.0.99&#8243; global_colors_info=&#8221;{}&#8221;][\/et_pb_sidebar][et_pb_dp_dmb_module_10080 link_text=&#8221;Hier&#8221; link_url=&#8221;https:\/\/rauchfrei.at\/downloads-tests-und-tools\/&#8221; admin_label=&#8221;Testen Sie Ihre Abh\u00e4ngigkeit&#8221; _builder_version=&#8221;3.21.1&#8243; dp_tiny_mce_line_height=&#8221;1em&#8221; z_index_tablet=&#8221;500&#8243; global_module=&#8221;13157&#8243; saved_tabs=&#8221;all&#8221; global_colors_info=&#8221;{}&#8221;]<p><strong>Testen <\/strong>Sie Ihre <strong>Abh\u00e4ngigkeit!<\/strong><\/p>\n[\/et_pb_dp_dmb_module_10080][et_pb_dp_dmb_module_10093 farbe=&#8221;blitzblau&#8221; headline=&#8221;Alternativen zum Rauchen&#8221; image=&#8221;https:\/\/rauchfrei.at\/wp-content\/uploads\/Relax-in-hammok.png&#8221; image_position=&#8221;center&#8221; link_text=&#8221;mehr&#8221; link_url=&#8221;https:\/\/rauchfrei.at\/alternativen\/&#8221; admin_label=&#8221;Alternativen zum Rauchen&#8221; _builder_version=&#8221;4.9.0&#8243; z_index_tablet=&#8221;500&#8243; global_module=&#8221;13174&#8243; saved_tabs=&#8221;all&#8221; global_colors_info=&#8221;{}&#8221;]<p>Es gibt viele M\u00f6glichkeiten, um nicht zur Zigarette zu greifen!<\/p>\n[\/et_pb_dp_dmb_module_10093][\/et_pb_column][\/et_pb_row][\/et_pb_section]\n","protected":false},"excerpt":{"rendered":"<p>Am 22. April ist der internationale Tag der Erde. An diesem Tag erinnern unterschiedliche Aktionen daran, wie wichtig unser Planet f\u00fcr uns ist und was f\u00fcr den Umweltschutz getan werden kann. Zigaretten- und Tabakkonsum sind Belastungen f\u00fcr die Umwelt, die vermieden werden k\u00f6nnen<\/p>\n","protected":false},"author":25,"featured_media":0,"comment_status":"open","ping_status":"open","sticky":false,"template":"","format":"standard","meta":{"_et_pb_use_builder":"on","_et_pb_old_content":"","_et_gb_content_width":"2880","footnotes":""},"categories":[235,237,236],"tags":[],"class_list":["post-23435","post","type-post","status-publish","format-standard","hentry","category-gesundheit-und-rauchstopp","category-literatur-und-hintergrundwissen","category-nicht-kategorisiert"],"yoast_head":"<!-- This site is optimized with the Yoast SEO plugin v26.2 - https:\/\/yoast.com\/wordpress\/plugins\/seo\/ -->\n<title>Rauchfrei am Tag der Erde \u00a0 - Rauchfrei Telefon<\/title>\n<meta name=\"robots\" content=\"index, follow, max-snippet:-1, max-image-preview:large, max-video-preview:-1\" \/>\n<link rel=\"canonical\" href=\"https:\/\/rauchfrei.at\/rauchfrei-am-tag-der-erde\/\" \/>\n<meta property=\"og:locale\" content=\"en_US\" \/>\n<meta property=\"og:type\" content=\"article\" \/>\n<meta property=\"og:title\" content=\"Rauchfrei am Tag der Erde \u00a0 - Rauchfrei Telefon\" \/>\n<meta property=\"og:description\" content=\"Am 22. April ist der internationale Tag der Erde. An diesem Tag erinnern unterschiedliche Aktionen daran, wie wichtig unser Planet f\u00fcr uns ist und was f\u00fcr den Umweltschutz getan werden kann. Zigaretten- und Tabakkonsum sind Belastungen f\u00fcr die Umwelt, die vermieden werden k\u00f6nnen\" \/>\n<meta property=\"og:url\" content=\"https:\/\/rauchfrei.at\/rauchfrei-am-tag-der-erde\/\" \/>\n<meta property=\"og:site_name\" content=\"Rauchfrei Telefon\" \/>\n<meta property=\"article:published_time\" content=\"2022-04-18T06:00:00+00:00\" \/>\n<meta name=\"author\" content=\"Rauchfrei Team\" \/>\n<meta name=\"twitter:card\" content=\"summary_large_image\" \/>\n<meta name=\"twitter:label1\" content=\"Written by\" \/>\n\t<meta name=\"twitter:data1\" content=\"Rauchfrei Team\" \/>\n\t<meta name=\"twitter:label2\" content=\"Est. reading time\" \/>\n\t<meta name=\"twitter:data2\" content=\"3 minutes\" \/>\n<script type=\"application\/ld+json\" class=\"yoast-schema-graph\">{\"@context\":\"https:\/\/schema.org\",\"@graph\":[{\"@type\":\"WebPage\",\"@id\":\"https:\/\/rauchfrei.at\/rauchfrei-am-tag-der-erde\/\",\"url\":\"https:\/\/rauchfrei.at\/rauchfrei-am-tag-der-erde\/\",\"name\":\"Rauchfrei am Tag der Erde \u00a0 - Rauchfrei Telefon\",\"isPartOf\":{\"@id\":\"https:\/\/rauchfrei.at\/#website\"},\"datePublished\":\"2022-04-18T06:00:00+00:00\",\"author\":{\"@id\":\"https:\/\/rauchfrei.at\/#\/schema\/person\/504bbf90c5482004fc09aef6de7f9277\"},\"inLanguage\":\"en-US\",\"potentialAction\":[{\"@type\":\"ReadAction\",\"target\":[\"https:\/\/rauchfrei.at\/rauchfrei-am-tag-der-erde\/\"]}]},{\"@type\":\"WebSite\",\"@id\":\"https:\/\/rauchfrei.at\/#website\",\"url\":\"https:\/\/rauchfrei.at\/\",\"name\":\"Rauchfrei Telefon\",\"description\":\"Eine \u00f6sterreichweite Initiative der Sozialversicherungen.\",\"potentialAction\":[{\"@type\":\"SearchAction\",\"target\":{\"@type\":\"EntryPoint\",\"urlTemplate\":\"https:\/\/rauchfrei.at\/?s={search_term_string}\"},\"query-input\":{\"@type\":\"PropertyValueSpecification\",\"valueRequired\":true,\"valueName\":\"search_term_string\"}}],\"inLanguage\":\"en-US\"},{\"@type\":\"Person\",\"@id\":\"https:\/\/rauchfrei.at\/#\/schema\/person\/504bbf90c5482004fc09aef6de7f9277\",\"name\":\"Rauchfrei Team\",\"image\":{\"@type\":\"ImageObject\",\"inLanguage\":\"en-US\",\"@id\":\"https:\/\/rauchfrei.at\/#\/schema\/person\/image\/\",\"url\":\"https:\/\/secure.gravatar.com\/avatar\/2115b79a00800516fa1523bb5a329611f90e73e89be559131fc7e82b4fdc95ff?s=96&d=mm&r=g\",\"contentUrl\":\"https:\/\/secure.gravatar.com\/avatar\/2115b79a00800516fa1523bb5a329611f90e73e89be559131fc7e82b4fdc95ff?s=96&d=mm&r=g\",\"caption\":\"Rauchfrei Team\"},\"url\":\"https:\/\/rauchfrei.at\/en\/author\/rauchfrei-team\/\"}]}<\/script>\n<!-- \/ Yoast SEO plugin. -->","yoast_head_json":{"title":"Rauchfrei am Tag der Erde \u00a0 - Rauchfrei Telefon","robots":{"index":"index","follow":"follow","max-snippet":"max-snippet:-1","max-image-preview":"max-image-preview:large","max-video-preview":"max-video-preview:-1"},"canonical":"https:\/\/rauchfrei.at\/rauchfrei-am-tag-der-erde\/","og_locale":"en_US","og_type":"article","og_title":"Rauchfrei am Tag der Erde \u00a0 - Rauchfrei Telefon","og_description":"Am 22. April ist der internationale Tag der Erde. An diesem Tag erinnern unterschiedliche Aktionen daran, wie wichtig unser Planet f\u00fcr uns ist und was f\u00fcr den Umweltschutz getan werden kann. Zigaretten- und Tabakkonsum sind Belastungen f\u00fcr die Umwelt, die vermieden werden k\u00f6nnen","og_url":"https:\/\/rauchfrei.at\/rauchfrei-am-tag-der-erde\/","og_site_name":"Rauchfrei Telefon","article_published_time":"2022-04-18T06:00:00+00:00","author":"Rauchfrei Team","twitter_card":"summary_large_image","twitter_misc":{"Written by":"Rauchfrei Team","Est. reading time":"3 minutes"},"schema":{"@context":"https:\/\/schema.org","@graph":[{"@type":"WebPage","@id":"https:\/\/rauchfrei.at\/rauchfrei-am-tag-der-erde\/","url":"https:\/\/rauchfrei.at\/rauchfrei-am-tag-der-erde\/","name":"Rauchfrei am Tag der Erde \u00a0 - Rauchfrei Telefon","isPartOf":{"@id":"https:\/\/rauchfrei.at\/#website"},"datePublished":"2022-04-18T06:00:00+00:00","author":{"@id":"https:\/\/rauchfrei.at\/#\/schema\/person\/504bbf90c5482004fc09aef6de7f9277"},"inLanguage":"en-US","potentialAction":[{"@type":"ReadAction","target":["https:\/\/rauchfrei.at\/rauchfrei-am-tag-der-erde\/"]}]},{"@type":"WebSite","@id":"https:\/\/rauchfrei.at\/#website","url":"https:\/\/rauchfrei.at\/","name":"Rauchfrei Telefon","description":"Eine \u00f6sterreichweite Initiative der Sozialversicherungen.","potentialAction":[{"@type":"SearchAction","target":{"@type":"EntryPoint","urlTemplate":"https:\/\/rauchfrei.at\/?s={search_term_string}"},"query-input":{"@type":"PropertyValueSpecification","valueRequired":true,"valueName":"search_term_string"}}],"inLanguage":"en-US"},{"@type":"Person","@id":"https:\/\/rauchfrei.at\/#\/schema\/person\/504bbf90c5482004fc09aef6de7f9277","name":"Rauchfrei Team","image":{"@type":"ImageObject","inLanguage":"en-US","@id":"https:\/\/rauchfrei.at\/#\/schema\/person\/image\/","url":"https:\/\/secure.gravatar.com\/avatar\/2115b79a00800516fa1523bb5a329611f90e73e89be559131fc7e82b4fdc95ff?s=96&d=mm&r=g","contentUrl":"https:\/\/secure.gravatar.com\/avatar\/2115b79a00800516fa1523bb5a329611f90e73e89be559131fc7e82b4fdc95ff?s=96&d=mm&r=g","caption":"Rauchfrei Team"},"url":"https:\/\/rauchfrei.at\/en\/author\/rauchfrei-team\/"}]}},"_links":{"self":[{"href":"https:\/\/rauchfrei.at\/en\/wp-json\/wp\/v2\/posts\/23435","targetHints":{"allow":["GET"]}}],"collection":[{"href":"https:\/\/rauchfrei.at\/en\/wp-json\/wp\/v2\/posts"}],"about":[{"href":"https:\/\/rauchfrei.at\/en\/wp-json\/wp\/v2\/types\/post"}],"author":[{"embeddable":true,"href":"https:\/\/rauchfrei.at\/en\/wp-json\/wp\/v2\/users\/25"}],"replies":[{"embeddable":true,"href":"https:\/\/rauchfrei.at\/en\/wp-json\/wp\/v2\/comments?post=23435"}],"version-history":[{"count":11,"href":"https:\/\/rauchfrei.at\/en\/wp-json\/wp\/v2\/posts\/23435\/revisions"}],"predecessor-version":[{"id":23454,"href":"https:\/\/rauchfrei.at\/en\/wp-json\/wp\/v2\/posts\/23435\/revisions\/23454"}],"wp:attachment":[{"href":"https:\/\/rauchfrei.at\/en\/wp-json\/wp\/v2\/media?parent=23435"}],"wp:term":[{"taxonomy":"category","embeddable":true,"href":"https:\/\/rauchfrei.at\/en\/wp-json\/wp\/v2\/categories?post=23435"},{"taxonomy":"post_tag","embeddable":true,"href":"https:\/\/rauchfrei.at\/en\/wp-json\/wp\/v2\/tags?post=23435"}],"curies":[{"name":"wp","href":"https:\/\/api.w.org\/{rel}","templated":true}]}}