
{"id":23469,"date":"2022-04-25T08:00:00","date_gmt":"2022-04-25T06:00:00","guid":{"rendered":"https:\/\/rauchfrei.at\/?p=23469"},"modified":"2022-04-21T08:55:53","modified_gmt":"2022-04-21T06:55:53","slug":"tanzen-sie-sich-frei-von-der-zigarette","status":"publish","type":"post","link":"https:\/\/rauchfrei.at\/en\/tanzen-sie-sich-frei-von-der-zigarette\/","title":{"rendered":"Tanzen Sie sich frei (von der Zigarette)!"},"content":{"rendered":"\n\n[et_pb_section fb_built=&#8221;1&#8243; module_class=&#8221;header&#8221; _builder_version=&#8221;3.22&#8243; global_colors_info=&#8221;{}&#8221;][et_pb_row _builder_version=&#8221;3.25&#8243; global_colors_info=&#8221;{}&#8221;][et_pb_column type=&#8221;4_4&#8243; _builder_version=&#8221;3.25&#8243; custom_padding=&#8221;|||&#8221; global_colors_info=&#8221;{}&#8221; custom_padding__hover=&#8221;|||&#8221;][et_pb_dp_dmb_module_10001 subheadline=&#8221;Tanzen erleichtert den Rauchstopp&#8221; _builder_version=&#8221;4.14.9&#8243; z_index_tablet=&#8221;500&#8243; global_colors_info=&#8221;{}&#8221;][\/et_pb_dp_dmb_module_10001][\/et_pb_column][\/et_pb_row][\/et_pb_section][et_pb_section fb_built=&#8221;1&#8243; _builder_version=&#8221;3.22&#8243; custom_padding=&#8221;30px|||&#8221; global_colors_info=&#8221;{}&#8221;][et_pb_row column_structure=&#8221;2_3,1_3&#8243; _builder_version=&#8221;3.25&#8243; global_colors_info=&#8221;{}&#8221;][et_pb_column type=&#8221;2_3&#8243; module_class=&#8221;blog-content&#8221; _builder_version=&#8221;3.25&#8243; custom_padding=&#8221;|||&#8221; global_colors_info=&#8221;{}&#8221; custom_padding__hover=&#8221;|||&#8221;][et_pb_text _builder_version=&#8221;4.14.9&#8243; hover_enabled=&#8221;0&#8243; global_colors_info=&#8221;{}&#8221; sticky_enabled=&#8221;0&#8243;]<p>Innerhalb der letzten zwei Jahre war es nicht ganz einfach Gelegenheiten zum Tanzen zu finden. Doch nun kommt die warme Jahreszeit und dies k\u00f6nnte als Anlass dienen sich wieder zu besinnen, wie viel Spa\u00df das Tanzen eigentlich macht.<\/p>\n<p><strong> Wie hilft tanzen beim Rauchstopp?<\/strong><br \/>Durch Musik und die Bewegung dazu werden k\u00f6rpereigene Gl\u00fccksstoffe (Endorphine) wie Serotonin freigesetzt, die gute Gef\u00fchle und Zuversicht ausl\u00f6sen. Gleichzeitig verbessert sich das Gef\u00fchl f\u00fcr den eigenen K\u00f6rper und die Muskeln werden st\u00e4rker. Dadurch f\u00e4llt der Verzicht auf Nikotin etwas leichter.<\/p>\n<p>Auch der soziale Aspekt spielt beim Tanzen eine wichtige Rolle. Ein gemeinsamer Tanz, entweder zu zweit oder in einer Gruppe schafft ein besonderes Gef\u00fchl der N\u00e4he und Verbundenheit zu anderen Menschen. Da kommt einem der Abschied von der vertrauten Zigarette nicht mehr so schwierig vor.<\/p>\n<p>Zudem ist Tanzen nicht nur etwas f\u00fcr junge oder besonders fitte Menschen. Im Gegenteil, das Tanzen kann Jung und Alt zusammenbringen. Die Ausdrucksformen verschiedener T\u00e4nze sind unterschiedlich. Es ist f\u00fcr jeden etwas dabei: vom Tanzen zu Discobeats bis hin zu Volkstanz oder einfach mit der Musik im Takt zu wippen und dazu zuhause das Lieblingslied anh\u00f6ren.<br \/>Und nun ist es auch bald wieder m\u00f6glich im Freien, in der Natur zu tanzen.<\/p>\n<p>Falls Sie auch aus Langeweile geraucht haben und ein Hobby vermissen, k\u00f6nnen Sie sich vielleicht mit dem durch den Rauchstopp gesparten Geld in einer Tanzschule f\u00fcr klassische T\u00e4nze oder sogar in einem Kurs f\u00fcr Ausdruckstanz oder den brasilianischen Tanz Capoeira anmelden. Erlaubt ist, was gef\u00e4llt und Spa\u00df macht und gerade, wenn der Rauchstopp anfangs schwerf\u00e4llt: Die Kunst des Lebens besteht darin, im Regen zu tanzen und nicht auf die Sonne zu warten!<\/p>\n<p>&nbsp;<\/p>[\/et_pb_text][et_pb_post_nav in_same_term=&#8221;off&#8221; _builder_version=&#8221;3.0.99&#8243; global_colors_info=&#8221;{}&#8221;][\/et_pb_post_nav][\/et_pb_column][et_pb_column type=&#8221;1_3&#8243; module_class=&#8221;cat-and-tag&#8221; _builder_version=&#8221;3.25&#8243; custom_padding=&#8221;|||&#8221; global_colors_info=&#8221;{}&#8221; custom_padding__hover=&#8221;|||&#8221;][et_pb_dp_dmb_module_10093 farbe=&#8221;blitzgelb&#8221; headline=&#8221;Trauen Sie sich den Rauchstopp zu!&#8221; image=&#8221;https:\/\/rauchfrei.at\/wp-content\/uploads\/Quitting-Yellow.png&#8221; image_position=&#8221;center&#8221; link_text=&#8221;mehr&#8221; link_url=&#8221;https:\/\/rauchfrei.at\/aufhoeren\/schritte-zum-rauchstopp\/trauen-sie-sich-den-rauchstopp-zu\/&#8221; admin_label=&#8221;Trauen Sie sich den Rauchstopp zu&#8221; _builder_version=&#8221;3.19.15&#8243; saved_tabs=&#8221;all&#8221; global_colors_info=&#8221;{}&#8221; global_module=&#8221;13173&#8243; theme_builder_area=&#8221;post_content&#8221;]<p>Sie m\u00f6chten etwas \u00e4ndern? Worauf warten Sie noch?<\/p>\n[\/et_pb_dp_dmb_module_10093][\/et_pb_column][\/et_pb_row][\/et_pb_section]\n\n","protected":false},"excerpt":{"rendered":"<p>Am 29. April ist der internationale Tag des Tanzes. In allen Kulturen rund um die Welt spielt das gemeinsame Tanzen eine wichtige Rolle. Und es kann sogar dabei helfen, rauchfrei zu werden. <\/p>\n","protected":false},"author":25,"featured_media":0,"comment_status":"open","ping_status":"open","sticky":false,"template":"","format":"standard","meta":{"_et_pb_use_builder":"on","_et_pb_old_content":"","_et_gb_content_width":"2880","footnotes":""},"categories":[236],"tags":[],"class_list":["post-23469","post","type-post","status-publish","format-standard","hentry","category-nicht-kategorisiert"],"yoast_head":"<!-- This site is optimized with the Yoast SEO plugin v26.2 - https:\/\/yoast.com\/wordpress\/plugins\/seo\/ -->\n<title>Tanzen Sie sich frei (von der Zigarette)! - Rauchfrei Telefon<\/title>\n<meta name=\"robots\" content=\"index, follow, max-snippet:-1, max-image-preview:large, max-video-preview:-1\" \/>\n<link rel=\"canonical\" href=\"https:\/\/rauchfrei.at\/tanzen-sie-sich-frei-von-der-zigarette\/\" \/>\n<meta property=\"og:locale\" content=\"en_US\" \/>\n<meta property=\"og:type\" content=\"article\" \/>\n<meta property=\"og:title\" content=\"Tanzen Sie sich frei (von der Zigarette)! - Rauchfrei Telefon\" \/>\n<meta property=\"og:description\" content=\"Am 29. April ist der internationale Tag des Tanzes. In allen Kulturen rund um die Welt spielt das gemeinsame Tanzen eine wichtige Rolle. Und es kann sogar dabei helfen, rauchfrei zu werden.\" \/>\n<meta property=\"og:url\" content=\"https:\/\/rauchfrei.at\/tanzen-sie-sich-frei-von-der-zigarette\/\" \/>\n<meta property=\"og:site_name\" content=\"Rauchfrei Telefon\" \/>\n<meta property=\"article:published_time\" content=\"2022-04-25T06:00:00+00:00\" \/>\n<meta name=\"author\" content=\"Rauchfrei Team\" \/>\n<meta name=\"twitter:card\" content=\"summary_large_image\" \/>\n<meta name=\"twitter:label1\" content=\"Written by\" \/>\n\t<meta name=\"twitter:data1\" content=\"Rauchfrei Team\" \/>\n\t<meta name=\"twitter:label2\" content=\"Est. reading time\" \/>\n\t<meta name=\"twitter:data2\" content=\"2 minutes\" \/>\n<script type=\"application\/ld+json\" class=\"yoast-schema-graph\">{\"@context\":\"https:\/\/schema.org\",\"@graph\":[{\"@type\":\"WebPage\",\"@id\":\"https:\/\/rauchfrei.at\/tanzen-sie-sich-frei-von-der-zigarette\/\",\"url\":\"https:\/\/rauchfrei.at\/tanzen-sie-sich-frei-von-der-zigarette\/\",\"name\":\"Tanzen Sie sich frei (von der Zigarette)! - Rauchfrei Telefon\",\"isPartOf\":{\"@id\":\"https:\/\/rauchfrei.at\/#website\"},\"datePublished\":\"2022-04-25T06:00:00+00:00\",\"author\":{\"@id\":\"https:\/\/rauchfrei.at\/#\/schema\/person\/504bbf90c5482004fc09aef6de7f9277\"},\"inLanguage\":\"en-US\",\"potentialAction\":[{\"@type\":\"ReadAction\",\"target\":[\"https:\/\/rauchfrei.at\/tanzen-sie-sich-frei-von-der-zigarette\/\"]}]},{\"@type\":\"WebSite\",\"@id\":\"https:\/\/rauchfrei.at\/#website\",\"url\":\"https:\/\/rauchfrei.at\/\",\"name\":\"Rauchfrei Telefon\",\"description\":\"Eine \u00f6sterreichweite Initiative der Sozialversicherungen.\",\"potentialAction\":[{\"@type\":\"SearchAction\",\"target\":{\"@type\":\"EntryPoint\",\"urlTemplate\":\"https:\/\/rauchfrei.at\/?s={search_term_string}\"},\"query-input\":{\"@type\":\"PropertyValueSpecification\",\"valueRequired\":true,\"valueName\":\"search_term_string\"}}],\"inLanguage\":\"en-US\"},{\"@type\":\"Person\",\"@id\":\"https:\/\/rauchfrei.at\/#\/schema\/person\/504bbf90c5482004fc09aef6de7f9277\",\"name\":\"Rauchfrei Team\",\"image\":{\"@type\":\"ImageObject\",\"inLanguage\":\"en-US\",\"@id\":\"https:\/\/rauchfrei.at\/#\/schema\/person\/image\/\",\"url\":\"https:\/\/secure.gravatar.com\/avatar\/2115b79a00800516fa1523bb5a329611f90e73e89be559131fc7e82b4fdc95ff?s=96&d=mm&r=g\",\"contentUrl\":\"https:\/\/secure.gravatar.com\/avatar\/2115b79a00800516fa1523bb5a329611f90e73e89be559131fc7e82b4fdc95ff?s=96&d=mm&r=g\",\"caption\":\"Rauchfrei Team\"},\"url\":\"https:\/\/rauchfrei.at\/en\/author\/rauchfrei-team\/\"}]}<\/script>\n<!-- \/ Yoast SEO plugin. -->","yoast_head_json":{"title":"Tanzen Sie sich frei (von der Zigarette)! - Rauchfrei Telefon","robots":{"index":"index","follow":"follow","max-snippet":"max-snippet:-1","max-image-preview":"max-image-preview:large","max-video-preview":"max-video-preview:-1"},"canonical":"https:\/\/rauchfrei.at\/tanzen-sie-sich-frei-von-der-zigarette\/","og_locale":"en_US","og_type":"article","og_title":"Tanzen Sie sich frei (von der Zigarette)! - Rauchfrei Telefon","og_description":"Am 29. April ist der internationale Tag des Tanzes. In allen Kulturen rund um die Welt spielt das gemeinsame Tanzen eine wichtige Rolle. Und es kann sogar dabei helfen, rauchfrei zu werden.","og_url":"https:\/\/rauchfrei.at\/tanzen-sie-sich-frei-von-der-zigarette\/","og_site_name":"Rauchfrei Telefon","article_published_time":"2022-04-25T06:00:00+00:00","author":"Rauchfrei Team","twitter_card":"summary_large_image","twitter_misc":{"Written by":"Rauchfrei Team","Est. reading time":"2 minutes"},"schema":{"@context":"https:\/\/schema.org","@graph":[{"@type":"WebPage","@id":"https:\/\/rauchfrei.at\/tanzen-sie-sich-frei-von-der-zigarette\/","url":"https:\/\/rauchfrei.at\/tanzen-sie-sich-frei-von-der-zigarette\/","name":"Tanzen Sie sich frei (von der Zigarette)! - Rauchfrei Telefon","isPartOf":{"@id":"https:\/\/rauchfrei.at\/#website"},"datePublished":"2022-04-25T06:00:00+00:00","author":{"@id":"https:\/\/rauchfrei.at\/#\/schema\/person\/504bbf90c5482004fc09aef6de7f9277"},"inLanguage":"en-US","potentialAction":[{"@type":"ReadAction","target":["https:\/\/rauchfrei.at\/tanzen-sie-sich-frei-von-der-zigarette\/"]}]},{"@type":"WebSite","@id":"https:\/\/rauchfrei.at\/#website","url":"https:\/\/rauchfrei.at\/","name":"Rauchfrei Telefon","description":"Eine \u00f6sterreichweite Initiative der Sozialversicherungen.","potentialAction":[{"@type":"SearchAction","target":{"@type":"EntryPoint","urlTemplate":"https:\/\/rauchfrei.at\/?s={search_term_string}"},"query-input":{"@type":"PropertyValueSpecification","valueRequired":true,"valueName":"search_term_string"}}],"inLanguage":"en-US"},{"@type":"Person","@id":"https:\/\/rauchfrei.at\/#\/schema\/person\/504bbf90c5482004fc09aef6de7f9277","name":"Rauchfrei Team","image":{"@type":"ImageObject","inLanguage":"en-US","@id":"https:\/\/rauchfrei.at\/#\/schema\/person\/image\/","url":"https:\/\/secure.gravatar.com\/avatar\/2115b79a00800516fa1523bb5a329611f90e73e89be559131fc7e82b4fdc95ff?s=96&d=mm&r=g","contentUrl":"https:\/\/secure.gravatar.com\/avatar\/2115b79a00800516fa1523bb5a329611f90e73e89be559131fc7e82b4fdc95ff?s=96&d=mm&r=g","caption":"Rauchfrei Team"},"url":"https:\/\/rauchfrei.at\/en\/author\/rauchfrei-team\/"}]}},"_links":{"self":[{"href":"https:\/\/rauchfrei.at\/en\/wp-json\/wp\/v2\/posts\/23469","targetHints":{"allow":["GET"]}}],"collection":[{"href":"https:\/\/rauchfrei.at\/en\/wp-json\/wp\/v2\/posts"}],"about":[{"href":"https:\/\/rauchfrei.at\/en\/wp-json\/wp\/v2\/types\/post"}],"author":[{"embeddable":true,"href":"https:\/\/rauchfrei.at\/en\/wp-json\/wp\/v2\/users\/25"}],"replies":[{"embeddable":true,"href":"https:\/\/rauchfrei.at\/en\/wp-json\/wp\/v2\/comments?post=23469"}],"version-history":[{"count":5,"href":"https:\/\/rauchfrei.at\/en\/wp-json\/wp\/v2\/posts\/23469\/revisions"}],"predecessor-version":[{"id":23476,"href":"https:\/\/rauchfrei.at\/en\/wp-json\/wp\/v2\/posts\/23469\/revisions\/23476"}],"wp:attachment":[{"href":"https:\/\/rauchfrei.at\/en\/wp-json\/wp\/v2\/media?parent=23469"}],"wp:term":[{"taxonomy":"category","embeddable":true,"href":"https:\/\/rauchfrei.at\/en\/wp-json\/wp\/v2\/categories?post=23469"},{"taxonomy":"post_tag","embeddable":true,"href":"https:\/\/rauchfrei.at\/en\/wp-json\/wp\/v2\/tags?post=23469"}],"curies":[{"name":"wp","href":"https:\/\/api.w.org\/{rel}","templated":true}]}}