
{"id":23531,"date":"2022-05-02T08:00:00","date_gmt":"2022-05-02T06:00:00","guid":{"rendered":"https:\/\/rauchfrei.at\/?p=23531"},"modified":"2022-04-21T14:20:41","modified_gmt":"2022-04-21T12:20:41","slug":"asthma-und-rauchen-das-ist-keine-gute-verbindung","status":"publish","type":"post","link":"https:\/\/rauchfrei.at\/en\/asthma-und-rauchen-das-ist-keine-gute-verbindung\/","title":{"rendered":"Asthma und Rauchen \u2013 das ist keine gute Verbindung!"},"content":{"rendered":"\n[et_pb_section fb_built=&#8221;1&#8243; module_class=&#8221;header&#8221; _builder_version=&#8221;4.16&#8243; global_colors_info=&#8221;{}&#8221;][et_pb_row _builder_version=&#8221;4.16&#8243; global_colors_info=&#8221;{}&#8221;][et_pb_column type=&#8221;4_4&#8243; _builder_version=&#8221;4.16&#8243; custom_padding=&#8221;|||&#8221; global_colors_info=&#8221;{}&#8221; custom_padding__hover=&#8221;|||&#8221;][et_pb_dp_dmb_module_10001 subheadline=&#8221;Ihre Lunge freut sich \u00fcber den Rauchstopp&#8221; _builder_version=&#8221;4.17.1&#8243; global_colors_info=&#8221;{}&#8221;][\/et_pb_dp_dmb_module_10001][\/et_pb_column][\/et_pb_row][\/et_pb_section][et_pb_section fb_built=&#8221;1&#8243; _builder_version=&#8221;4.16&#8243; custom_padding=&#8221;30px|||&#8221; global_colors_info=&#8221;{}&#8221;][et_pb_row column_structure=&#8221;2_3,1_3&#8243; _builder_version=&#8221;4.16&#8243; global_colors_info=&#8221;{}&#8221;][et_pb_column type=&#8221;2_3&#8243; module_class=&#8221;blog-content&#8221; _builder_version=&#8221;4.16&#8243; custom_padding=&#8221;|||&#8221; global_colors_info=&#8221;{}&#8221; custom_padding__hover=&#8221;|||&#8221;][et_pb_text _builder_version=&#8221;4.17.1&#8243; global_colors_info=&#8221;{}&#8221;]<p>Bei Asthma sind die Atemwege st\u00e4ndig entz\u00fcndet. Sie ziehen sich zusammen. Das f\u00fchrt zu Atembeschwerden, die bedrohlich werden k\u00f6nnen.<\/p>\n<p>Tabakrauch belastet die Lunge zus\u00e4tzlich. Dadurch k\u00f6nnen die Beschwerden st\u00e4rker werden und die Behandlung wird erschwert. Die Schleimproduktion\u00a0wird durch das Rauchen angeregt, dieser Schleim verstopft zus\u00e4tzlich die Atemwege und kann schlecht abgehustet werden. Das Nikotin verringert zudem die\u00a0Selbstreinigungsfunktion der Lunge,\u00a0sodass sich zus\u00e4tzlich z\u00e4her Schleim ansammelt.<\/p>\n<p>Rauchen kann auch dazu f\u00fchren, dass Erkrankte \u00f6fter einen schweren Asthma-Anfall erleiden und ins Krankenhaus m\u00fcssen. F\u00fcr Asthmatiker, vor allem Kinder, ist es auch besonders sch\u00e4dlich den kalten Rauch (Passivrauch oder Dritthandrauch) einzuatmen.<\/p>\n<ul>\n<li>Der Rauchstopp ist ein gro\u00dfer Schritt zu einer widerstandsf\u00e4higeren Lunge.<\/li>\n<li>Auch Bewegung an der frischen Luft wird Ihnen nach dem Rauchstopp wieder leichter fallen und so die Atmung verbessern und die Lunge trainieren.<\/li>\n<li>Sie werden sich weniger m\u00fcde f\u00fchlen, weil Ihr K\u00f6rper wieder besser mit Sauerstoff versorgt wird.<\/li>\n<li>Ihre Haut sieht aufgrund der besseren Durchblutung wieder rosiger aus.<\/li>\n<li>Mit der Erkrankung Asthma l\u00e4sst es sich rauchfrei viel besser leben.<\/li>\n<li>Wenn Sie Hilfe beim Rauchstopp ben\u00f6tigen, dann rufen Sie uns kostenfrei von Montag \u2013 Freitag zwischen 10:00 und 18:00 Uhr\u00a0unter 0800 810 013 an!<\/li>\n<\/ul>\n<p>Links:<\/p>\n<p><a href=\"https:\/\/www.patienten-information.de\/patientenblaetter\/asthma-rauchen\">https:\/\/www.patienten-information.de\/patientenblaetter\/asthma-rauchen<\/a><\/p>\n<p><a href=\"https:\/\/www.asthma.de\/alltag\/genussmittel#alkohol\">https:\/\/www.asthma.de\/alltag\/genussmittel#alkohol<\/a><\/p>[\/et_pb_text][et_pb_post_nav in_same_term=&#8221;off&#8221; _builder_version=&#8221;4.16&#8243; global_colors_info=&#8221;{}&#8221;][\/et_pb_post_nav][\/et_pb_column][et_pb_column type=&#8221;1_3&#8243; module_class=&#8221;cat-and-tag&#8221; _builder_version=&#8221;4.16&#8243; custom_padding=&#8221;|||&#8221; global_colors_info=&#8221;{}&#8221; custom_padding__hover=&#8221;|||&#8221;][et_pb_sidebar area=&#8221;et_pb_widget_area_1&#8243; _builder_version=&#8221;4.16&#8243; global_colors_info=&#8221;{}&#8221;][\/et_pb_sidebar][et_pb_dp_dmb_module_10093 farbe=&#8221;blitzblau&#8221; headline=&#8221;Alternativen zum Rauchen&#8221; image=&#8221;https:\/\/rauchfrei.at\/wp-content\/uploads\/Relax-in-hammok.png&#8221; image_position=&#8221;center&#8221; link_text=&#8221;mehr&#8221; link_url=&#8221;https:\/\/rauchfrei.at\/alternativen\/&#8221; admin_label=&#8221;Alternativen zum Rauchen&#8221; _builder_version=&#8221;4.9.0&#8243; z_index_tablet=&#8221;500&#8243; global_module=&#8221;13174&#8243; saved_tabs=&#8221;all&#8221; global_colors_info=&#8221;{}&#8221;]<p>Es gibt viele M\u00f6glichkeiten, um nicht zur Zigarette zu greifen!<\/p>\n[\/et_pb_dp_dmb_module_10093][\/et_pb_column][\/et_pb_row][\/et_pb_section]\n","protected":false},"excerpt":{"rendered":"<p>Am 3.5. ist Welt-Asthma-Tag. Dieser Tag soll dazu beitragen m\u00f6glichst viele Menschen \u00fcber die Erkrankung Asthma, den Umgang mit ihr und auch wie sie fr\u00fch erkannt werden kann, aufzukl\u00e4ren. Auch der Rauchstopp spielt dabei eine wichtige Rolle.<\/p>\n","protected":false},"author":25,"featured_media":0,"comment_status":"open","ping_status":"open","sticky":false,"template":"","format":"standard","meta":{"_et_pb_use_builder":"on","_et_pb_old_content":"","_et_gb_content_width":"2880","footnotes":""},"categories":[235,236],"tags":[],"class_list":["post-23531","post","type-post","status-publish","format-standard","hentry","category-gesundheit-und-rauchstopp","category-nicht-kategorisiert"],"yoast_head":"<!-- This site is optimized with the Yoast SEO plugin v26.2 - https:\/\/yoast.com\/wordpress\/plugins\/seo\/ -->\n<title>Asthma und Rauchen \u2013 das ist keine gute Verbindung! - Rauchfrei Telefon<\/title>\n<meta name=\"robots\" content=\"index, follow, max-snippet:-1, max-image-preview:large, max-video-preview:-1\" \/>\n<link rel=\"canonical\" href=\"https:\/\/rauchfrei.at\/asthma-und-rauchen-das-ist-keine-gute-verbindung\/\" \/>\n<meta property=\"og:locale\" content=\"en_US\" \/>\n<meta property=\"og:type\" content=\"article\" \/>\n<meta property=\"og:title\" content=\"Asthma und Rauchen \u2013 das ist keine gute Verbindung! - Rauchfrei Telefon\" \/>\n<meta property=\"og:description\" content=\"Am 3.5. ist Welt-Asthma-Tag. Dieser Tag soll dazu beitragen m\u00f6glichst viele Menschen \u00fcber die Erkrankung Asthma, den Umgang mit ihr und auch wie sie fr\u00fch erkannt werden kann, aufzukl\u00e4ren. Auch der Rauchstopp spielt dabei eine wichtige Rolle.\" \/>\n<meta property=\"og:url\" content=\"https:\/\/rauchfrei.at\/asthma-und-rauchen-das-ist-keine-gute-verbindung\/\" \/>\n<meta property=\"og:site_name\" content=\"Rauchfrei Telefon\" \/>\n<meta property=\"article:published_time\" content=\"2022-05-02T06:00:00+00:00\" \/>\n<meta name=\"author\" content=\"Rauchfrei Team\" \/>\n<meta name=\"twitter:card\" content=\"summary_large_image\" \/>\n<meta name=\"twitter:label1\" content=\"Written by\" \/>\n\t<meta name=\"twitter:data1\" content=\"Rauchfrei Team\" \/>\n\t<meta name=\"twitter:label2\" content=\"Est. reading time\" \/>\n\t<meta name=\"twitter:data2\" content=\"2 minutes\" \/>\n<script type=\"application\/ld+json\" class=\"yoast-schema-graph\">{\"@context\":\"https:\/\/schema.org\",\"@graph\":[{\"@type\":\"WebPage\",\"@id\":\"https:\/\/rauchfrei.at\/asthma-und-rauchen-das-ist-keine-gute-verbindung\/\",\"url\":\"https:\/\/rauchfrei.at\/asthma-und-rauchen-das-ist-keine-gute-verbindung\/\",\"name\":\"Asthma und Rauchen \u2013 das ist keine gute Verbindung! - Rauchfrei Telefon\",\"isPartOf\":{\"@id\":\"https:\/\/rauchfrei.at\/#website\"},\"datePublished\":\"2022-05-02T06:00:00+00:00\",\"author\":{\"@id\":\"https:\/\/rauchfrei.at\/#\/schema\/person\/504bbf90c5482004fc09aef6de7f9277\"},\"inLanguage\":\"en-US\",\"potentialAction\":[{\"@type\":\"ReadAction\",\"target\":[\"https:\/\/rauchfrei.at\/asthma-und-rauchen-das-ist-keine-gute-verbindung\/\"]}]},{\"@type\":\"WebSite\",\"@id\":\"https:\/\/rauchfrei.at\/#website\",\"url\":\"https:\/\/rauchfrei.at\/\",\"name\":\"Rauchfrei Telefon\",\"description\":\"Eine \u00f6sterreichweite Initiative der Sozialversicherungen.\",\"potentialAction\":[{\"@type\":\"SearchAction\",\"target\":{\"@type\":\"EntryPoint\",\"urlTemplate\":\"https:\/\/rauchfrei.at\/?s={search_term_string}\"},\"query-input\":{\"@type\":\"PropertyValueSpecification\",\"valueRequired\":true,\"valueName\":\"search_term_string\"}}],\"inLanguage\":\"en-US\"},{\"@type\":\"Person\",\"@id\":\"https:\/\/rauchfrei.at\/#\/schema\/person\/504bbf90c5482004fc09aef6de7f9277\",\"name\":\"Rauchfrei Team\",\"image\":{\"@type\":\"ImageObject\",\"inLanguage\":\"en-US\",\"@id\":\"https:\/\/rauchfrei.at\/#\/schema\/person\/image\/\",\"url\":\"https:\/\/secure.gravatar.com\/avatar\/2115b79a00800516fa1523bb5a329611f90e73e89be559131fc7e82b4fdc95ff?s=96&d=mm&r=g\",\"contentUrl\":\"https:\/\/secure.gravatar.com\/avatar\/2115b79a00800516fa1523bb5a329611f90e73e89be559131fc7e82b4fdc95ff?s=96&d=mm&r=g\",\"caption\":\"Rauchfrei Team\"},\"url\":\"https:\/\/rauchfrei.at\/en\/author\/rauchfrei-team\/\"}]}<\/script>\n<!-- \/ Yoast SEO plugin. -->","yoast_head_json":{"title":"Asthma und Rauchen \u2013 das ist keine gute Verbindung! - Rauchfrei Telefon","robots":{"index":"index","follow":"follow","max-snippet":"max-snippet:-1","max-image-preview":"max-image-preview:large","max-video-preview":"max-video-preview:-1"},"canonical":"https:\/\/rauchfrei.at\/asthma-und-rauchen-das-ist-keine-gute-verbindung\/","og_locale":"en_US","og_type":"article","og_title":"Asthma und Rauchen \u2013 das ist keine gute Verbindung! - Rauchfrei Telefon","og_description":"Am 3.5. ist Welt-Asthma-Tag. Dieser Tag soll dazu beitragen m\u00f6glichst viele Menschen \u00fcber die Erkrankung Asthma, den Umgang mit ihr und auch wie sie fr\u00fch erkannt werden kann, aufzukl\u00e4ren. Auch der Rauchstopp spielt dabei eine wichtige Rolle.","og_url":"https:\/\/rauchfrei.at\/asthma-und-rauchen-das-ist-keine-gute-verbindung\/","og_site_name":"Rauchfrei Telefon","article_published_time":"2022-05-02T06:00:00+00:00","author":"Rauchfrei Team","twitter_card":"summary_large_image","twitter_misc":{"Written by":"Rauchfrei Team","Est. reading time":"2 minutes"},"schema":{"@context":"https:\/\/schema.org","@graph":[{"@type":"WebPage","@id":"https:\/\/rauchfrei.at\/asthma-und-rauchen-das-ist-keine-gute-verbindung\/","url":"https:\/\/rauchfrei.at\/asthma-und-rauchen-das-ist-keine-gute-verbindung\/","name":"Asthma und Rauchen \u2013 das ist keine gute Verbindung! - Rauchfrei Telefon","isPartOf":{"@id":"https:\/\/rauchfrei.at\/#website"},"datePublished":"2022-05-02T06:00:00+00:00","author":{"@id":"https:\/\/rauchfrei.at\/#\/schema\/person\/504bbf90c5482004fc09aef6de7f9277"},"inLanguage":"en-US","potentialAction":[{"@type":"ReadAction","target":["https:\/\/rauchfrei.at\/asthma-und-rauchen-das-ist-keine-gute-verbindung\/"]}]},{"@type":"WebSite","@id":"https:\/\/rauchfrei.at\/#website","url":"https:\/\/rauchfrei.at\/","name":"Rauchfrei Telefon","description":"Eine \u00f6sterreichweite Initiative der Sozialversicherungen.","potentialAction":[{"@type":"SearchAction","target":{"@type":"EntryPoint","urlTemplate":"https:\/\/rauchfrei.at\/?s={search_term_string}"},"query-input":{"@type":"PropertyValueSpecification","valueRequired":true,"valueName":"search_term_string"}}],"inLanguage":"en-US"},{"@type":"Person","@id":"https:\/\/rauchfrei.at\/#\/schema\/person\/504bbf90c5482004fc09aef6de7f9277","name":"Rauchfrei Team","image":{"@type":"ImageObject","inLanguage":"en-US","@id":"https:\/\/rauchfrei.at\/#\/schema\/person\/image\/","url":"https:\/\/secure.gravatar.com\/avatar\/2115b79a00800516fa1523bb5a329611f90e73e89be559131fc7e82b4fdc95ff?s=96&d=mm&r=g","contentUrl":"https:\/\/secure.gravatar.com\/avatar\/2115b79a00800516fa1523bb5a329611f90e73e89be559131fc7e82b4fdc95ff?s=96&d=mm&r=g","caption":"Rauchfrei Team"},"url":"https:\/\/rauchfrei.at\/en\/author\/rauchfrei-team\/"}]}},"_links":{"self":[{"href":"https:\/\/rauchfrei.at\/en\/wp-json\/wp\/v2\/posts\/23531","targetHints":{"allow":["GET"]}}],"collection":[{"href":"https:\/\/rauchfrei.at\/en\/wp-json\/wp\/v2\/posts"}],"about":[{"href":"https:\/\/rauchfrei.at\/en\/wp-json\/wp\/v2\/types\/post"}],"author":[{"embeddable":true,"href":"https:\/\/rauchfrei.at\/en\/wp-json\/wp\/v2\/users\/25"}],"replies":[{"embeddable":true,"href":"https:\/\/rauchfrei.at\/en\/wp-json\/wp\/v2\/comments?post=23531"}],"version-history":[{"count":6,"href":"https:\/\/rauchfrei.at\/en\/wp-json\/wp\/v2\/posts\/23531\/revisions"}],"predecessor-version":[{"id":23543,"href":"https:\/\/rauchfrei.at\/en\/wp-json\/wp\/v2\/posts\/23531\/revisions\/23543"}],"wp:attachment":[{"href":"https:\/\/rauchfrei.at\/en\/wp-json\/wp\/v2\/media?parent=23531"}],"wp:term":[{"taxonomy":"category","embeddable":true,"href":"https:\/\/rauchfrei.at\/en\/wp-json\/wp\/v2\/categories?post=23531"},{"taxonomy":"post_tag","embeddable":true,"href":"https:\/\/rauchfrei.at\/en\/wp-json\/wp\/v2\/tags?post=23531"}],"curies":[{"name":"wp","href":"https:\/\/api.w.org\/{rel}","templated":true}]}}