
{"id":23588,"date":"2022-04-27T10:34:10","date_gmt":"2022-04-27T08:34:10","guid":{"rendered":"https:\/\/rauchfrei.at\/?p=23588"},"modified":"2022-06-08T15:32:08","modified_gmt":"2022-06-08T13:32:08","slug":"kostenfreie-online-vortragsreihe-rund-um-den-weltnichtrauchertag-2022","status":"publish","type":"post","link":"https:\/\/rauchfrei.at\/en\/kostenfreie-online-vortragsreihe-rund-um-den-weltnichtrauchertag-2022\/","title":{"rendered":"Kostenfreie Online &#8211; Vortragsreihe rund um den Weltnichtrauchertag 2022"},"content":{"rendered":"<p>[et_pb_section fb_built=&#8221;1&#8243; module_class=&#8221;header&#8221; _builder_version=&#8221;4.16&#8243; global_colors_info=&#8221;{}&#8221;][et_pb_row _builder_version=&#8221;4.16&#8243; global_colors_info=&#8221;{}&#8221;][et_pb_column type=&#8221;4_4&#8243; _builder_version=&#8221;4.16&#8243; custom_padding=&#8221;|||&#8221; global_colors_info=&#8221;{}&#8221; custom_padding__hover=&#8221;|||&#8221;][et_pb_dp_dmb_module_10001 subheadline=&#8221;F\u00fcnf Aspekte der Rauchfreiheit&#8221; _builder_version=&#8221;4.17.1&#8243; global_colors_info=&#8221;{}&#8221;][\/et_pb_dp_dmb_module_10001][\/et_pb_column][\/et_pb_row][\/et_pb_section][et_pb_section fb_built=&#8221;1&#8243; _builder_version=&#8221;4.16&#8243; custom_padding=&#8221;30px|||&#8221; global_colors_info=&#8221;{}&#8221;][et_pb_row column_structure=&#8221;2_3,1_3&#8243; _builder_version=&#8221;4.16&#8243; global_colors_info=&#8221;{}&#8221;][et_pb_column type=&#8221;2_3&#8243; module_class=&#8221;blog-content&#8221; _builder_version=&#8221;4.16&#8243; custom_padding=&#8221;|||&#8221; global_colors_info=&#8221;{}&#8221; custom_padding__hover=&#8221;|||&#8221;][et_pb_text _builder_version=&#8221;4.17.1&#8243; hover_enabled=&#8221;0&#8243; global_colors_info=&#8221;{}&#8221; sticky_enabled=&#8221;0&#8243;]<\/p>\n<p>Am 31. Mai ist Weltnichtrauchertag.<\/p>\n<p>Dieses Jahr bietet der Dachverband der Sozialversicherungstr\u00e4ger gemeinsam mit der BVAEB (Versicherungsanstalt \u00f6ffentlich Bediensteter, Eisbahnen und Bergbau), der \u00d6GK (\u00d6sterreichischen Gesundheitskasse) und der SVS (Sozialversicherung der Selbstst\u00e4ndigen) kostenfreie Online-Vortr\u00e4ge f\u00fcr alle Interessierten an.<\/p>\n<p>Expertinnen und Experten informieren zu f\u00fcnf unterschiedlichen Aspekten: von Passivrauch, Rauchfrei werden in der Schwangerschaft bis hin zum Thema Rauchfrei f\u00fcr die Umwelt. Informationen und Anmeldem\u00f6glichkeit finden Sie hier:<\/p>\n<p>[\/et_pb_text][et_pb_accordion _builder_version=&#8221;4.17.1&#8243; _module_preset=&#8221;default&#8221; hover_enabled=&#8221;0&#8243; global_colors_info=&#8221;{}&#8221; sticky_enabled=&#8221;0&#8243;][et_pb_accordion_item title=&#8221;Auch (k)alter Rauch sch\u00e4digt \u2013 Wissenswertes zu Passiv- &#038; Dritthandrauch&#8221; open=&#8221;on&#8221; _builder_version=&#8221;4.17.1&#8243; _module_preset=&#8221;default&#8221; hover_enabled=&#8221;0&#8243; global_colors_info=&#8221;{}&#8221; sticky_enabled=&#8221;0&#8243;]<\/p>\n<p>Passivrauch entsteht durch das Rauchen von Tabakprodukten. Die Giftstoffe atmen auch die jene ein, die nicht aktiv rauchen. Tabakrauch gef\u00e4hrdet daher nicht nur die Gesundheit der Raucher und Raucherinnen selbst, sondern auch jener Menschen, die in ihrer Umgebung leben oder arbeiten. Das Webinar gibt Auskunft \u00fcber Hintergr\u00fcnde zum Passivrauch, \u00fcber Schadstoffbelastungen und deren Auswirkungen. Umweltmediziner Hans-Peter Hutter spricht dar\u00fcber, wie Passivrauch verhindert bzw. verringert werden kann, und was besonders beachtet werden muss, wenn Kinder dabei sind.<\/p>\n<p>Vortrag f\u00fcr Versicherte, die sich zum Thema informieren wollen<\/p>\n<p>Wann: <strong>Montag, 30.05.2022, 18:00 bis 19:00<\/strong><br \/>Vortragender: Dipl.-Ing. Dr. Hans-Peter Hutter (Umweltmediziner, Zentrum f\u00fcr Public Health, Universit\u00e4t Wien, Abt. Umwelthygiene und Umweltmedizin)<\/p>\n<p>Anmeldung unter: <a href=\"mailto:dlz.sg@svs.at\">dlz.sg@svs.at<\/a><\/p>\n<p>&nbsp;<\/p>\n<p>[\/et_pb_accordion_item][et_pb_accordion_item title=&#8221;Rauchfrei werden? Aber ja!&#8221; _builder_version=&#8221;4.17.1&#8243; _module_preset=&#8221;default&#8221; hover_enabled=&#8221;0&#8243; global_colors_info=&#8221;{}&#8221; open=&#8221;off&#8221; sticky_enabled=&#8221;0&#8243;]<\/p>\n<p>Rauchfrei werden beginnt mit der eigenen Entscheidung daf\u00fcr. Vieles spricht f\u00fcr den Rauchstopp, manches steht der Entscheidung und der Umsetzung im Weg. In diesem Vortrag werden Hilfestellungen und Informationen gegeben, wie der Entschluss und das Erreichen der Rauchfreiheit gut gelingen kann.<\/p>\n<p>Vortrag f\u00fcr Raucherinnen und Raucher, die ihr Rauchverhalten \u00e4ndern wollen<\/p>\n<p>Wann:<strong> Dienstag, 31.05.2022, 17:00 bis 18:00<\/strong><br \/>Vortragende: MMag. Sophie Meingassner (Gesundheitspsychologin, \u00d6sterreichische Gesundheitskasse)<\/p>\n<p>Anmeldung unter: <a href=\"mailto:gesundleben-12@oegk.at\">gesundleben-12@oegk.at<\/a><\/p>\n<p>&nbsp;<\/p>\n<p>[\/et_pb_accordion_item][et_pb_accordion_item title=&#8221;Rauchfrei in der Schwangerschaft&#8221; _builder_version=&#8221;4.17.1&#8243; _module_preset=&#8221;default&#8221; global_colors_info=&#8221;{}&#8221; open=&#8221;off&#8221;]<\/p>\n<p>Die Schwangerschaft ist ein guter Anlass, um rauchfrei zu werden. Gerade in dieser Zeit kann es auch besonders herausfordernd sein, rauchfrei zu werden. In diesem Vortrag erhalten Schwangere Unterst\u00fctzung und Informationen, wie der Rauchstopp gelingen kann. Es besteht die M\u00f6glichkeit zum Austausch mit der Vortragenden und den anderen Teilnehmerinnen.<\/p>\n<p>Vortrag f\u00fcr schwangere Raucherinnen, die rauchfrei werden wollen<\/p>\n<p>Wann: Mittwoch, 01.06.2022, 18:30 bis 20:00<br \/>Vortragende: Mag. Bernadette Schnait (Klinische Psychologin, \u00d6sterreichische Gesundheitskasse)<\/p>\n<p>Anmeldung unter: <a href=\"mailto:gesundleben-12@oegk.at\">gesundleben-12@oegk.at<\/a><br \/>Die Teilnahme kann anonym (ohne Kamera und mit \u201eNickname\u201c) erfolgen<\/p>\n<p>&nbsp;<\/p>\n<p>[\/et_pb_accordion_item][et_pb_accordion_item title=&#8221;Neue Tabak- und Nikotinprodukte \u2013 (k)ein bedenkenloser Konsum?&#8221; _builder_version=&#8221;4.17.1&#8243; _module_preset=&#8221;default&#8221; global_colors_info=&#8221;{}&#8221; open=&#8221;off&#8221;]<\/p>\n<p>Neben klassischen Tabakerzeugnissen wie z.B. Zigaretten, Zigarren und Zigarillos sind auch neue Tabak- und Nikotinprodukte am Markt erh\u00e4ltlich. Vor allem rauchlose und tabakfreie Produkte gewinnen zunehmend an Bedeutung. Im online Vortrag informiert die Fachexpertin Frau Mag. Waltraud Posch \u00fcber neue Tabak- und Nikotinprodukte und gibt Auskunft \u00fcber Gesundheitsrisiken und das Abh\u00e4ngigkeitspotenzial, die durch deren Konsum bestehen.<\/p>\n<p>Vortrag f\u00fcr Versicherte, die sich zum Thema informieren wollen<\/p>\n<p>Wann: <strong>Donnerstag, 02.06.2022, 17:00 bis 18:00<\/strong><br \/>Vortragende: Mag. Waltraud Posch (Leiterin der Stabstelle Tabak und Nikotin bei VIVID \u2013 Fachstelle f\u00fcr Suchtpr\u00e4vention)<\/p>\n<p>Anmeldung unter: <a href=\"mailto:rauchfrei@bvaeb.at\">rauchfrei@bvaeb.at<\/a><\/p>\n<p>&nbsp;<\/p>\n<p>[\/et_pb_accordion_item][et_pb_accordion_item title=&#8221;Umwelt sch\u00fctzen? Rauchfrei Leben!&#8221; _builder_version=&#8221;4.17.1&#8243; _module_preset=&#8221;default&#8221; global_colors_info=&#8221;{}&#8221; open=&#8221;off&#8221;]<\/p>\n<p>Rauchen macht Menschen krank \u2013 und \u2013 Rauchen macht die Umwelt krank. Landschaften, Gew\u00e4sser und W\u00e4lder in L\u00e4ndern wie Brasilien oder Sambia tragen die Folgen des Tabakanbaus. Im Industrieland \u00d6sterreich landen die Zigarettenstummel allzu h\u00e4ufig auf Stra\u00dfen, Wegen und Wiesen, und weltweit vor allem im Meer. Was passiert dann mit den Giftstoffen darin? Menschen wollen weniger krank werden und konsumieren Tabakerhitzer oder E-Zigaretten. Darin stecken auch Tabak oder entzogenes Nikotin, obendrein weitere Rohstoffe und Energie. Ihr M\u00fcll muss au\u00dferdem aufwendiger entsorgt werden. In diesem Vortrag erfahren Interessierte mehr \u00fcber die globalen Zusammenh\u00e4nge rund um Tabak.<\/p>\n<p>Vortrag f\u00fcr Sch\u00fclerinnen und Sch\u00fcler ab 11 Jahren, Lehrpersonal und interessierte Versicherte<\/p>\n<p>Wann: <strong>Freitag, 03.06.2022, 11:00 bis 12:00<\/strong><br \/>Vortragende: Sonja von Eichborn, M.A. (www.unfairtobacco.org)<\/p>\n<p>Anmeldung unter: <a href=\"mailto:gesundleben-12@oegk.at\">gesundleben-12@oegk.at<\/a><\/p>\n<p>&nbsp;<\/p>\n<p>[\/et_pb_accordion_item][\/et_pb_accordion][et_pb_text _builder_version=&#8221;4.17.1&#8243; _module_preset=&#8221;default&#8221; global_colors_info=&#8221;{}&#8221;]<\/p>\n<p><strong>F\u00fcr alle Vortr\u00e4ge gilt:<\/strong><br \/>Die Anmeldung ist bis zu einem Tag vor dem jeweiligen Vortrag m\u00f6glich und erfolgt per E \u2013 Mail an die jeweils angegebene E-Mail-Adresse. Der Link zum Vortrag wird nach Anmeldung per Mail zugeschickt. Der Einstieg ist 10 Minuten vor Beginn m\u00f6glich.<\/p>\n<p><strong>Technische Voraussetzungen f\u00fcr die Teilnahme sind:<\/strong><br \/>\u2022 Standard-PC mit Webcam und Mikrofon\/Headset<br \/>\u2022 Tablet mit Headset oder Smartphone mit Kopfh\u00f6rern<br \/>\u2022 stabiler Internetanschluss<br \/>\u2022 funktionierender Web-Browser<\/p>\n<p>Bei weiteren Fragen zu den Webinaren k\u00f6nnen Sie sich auch gerne beim Rauchfrei Telefon unter <strong>0800 810 013<\/strong> melden.<\/p>\n<p>[\/et_pb_text][et_pb_post_nav in_same_term=&#8221;off&#8221; _builder_version=&#8221;4.16&#8243; global_colors_info=&#8221;{}&#8221;][\/et_pb_post_nav][\/et_pb_column][et_pb_column type=&#8221;1_3&#8243; module_class=&#8221;cat-and-tag&#8221; _builder_version=&#8221;4.16&#8243; custom_padding=&#8221;|||&#8221; global_colors_info=&#8221;{}&#8221; custom_padding__hover=&#8221;|||&#8221;][et_pb_dp_dmb_module_10093 farbe=&#8221;beige&#8221; image=&#8221;https:\/\/rauchfrei.at\/wp-content\/uploads\/rauchfreiapp_screens.png&#8221; image_position=&#8221;center&#8221; link_text=&#8221;zum Download&#8221; link_url=&#8221;http:\/\/www.rauchfreiapp.at\/&#8221; image_size=&#8221;70&#8243; admin_label=&#8221;Die Rauchfrei App&#8221; _builder_version=&#8221;3.21.1&#8243; z_index_tablet=&#8221;500&#8243; global_module=&#8221;12606&#8243; saved_tabs=&#8221;all&#8221; global_colors_info=&#8221;{}&#8221;]<\/p>\n<p>kostenlose Unterst\u00fctzung und Motivation per Smartphone<\/p>\n<p>[\/et_pb_dp_dmb_module_10093][et_pb_dp_dmb_module_10093 farbe=&#8221;blitzgelb&#8221; headline=&#8221;Trauen Sie sich den Rauchstopp zu!&#8221; image=&#8221;https:\/\/rauchfrei.at\/wp-content\/uploads\/Quitting-Yellow.png&#8221; image_position=&#8221;center&#8221; link_text=&#8221;mehr&#8221; link_url=&#8221;https:\/\/rauchfrei.at\/aufhoeren\/schritte-zum-rauchstopp\/trauen-sie-sich-den-rauchstopp-zu\/&#8221; admin_label=&#8221;Trauen Sie sich den Rauchstopp zu&#8221; _builder_version=&#8221;3.19.15&#8243; global_module=&#8221;13173&#8243; saved_tabs=&#8221;all&#8221; global_colors_info=&#8221;{}&#8221;]<\/p>\n<p>Sie m\u00f6chten etwas \u00e4ndern? Worauf warten Sie noch?<\/p>\n<p>[\/et_pb_dp_dmb_module_10093][et_pb_dp_dmb_module_10093 farbe=&#8221;blitzgelb&#8221; headline=&#8221;Buchen Sie einen Anruf!&#8221; image=&#8221;https:\/\/rauchfrei.at\/wp-content\/uploads\/rauchfrei-rueckruf-gelb.png&#8221; image_position=&#8221;center&#8221; link_text=&#8221;Anruf buchen!&#8221; link_url=&#8221;https:\/\/rauchfrei.at\/beratung\/anruf-gewuenscht\/&#8221; image_size=&#8221;80&#8243; admin_label=&#8221;Anruf buchen&#8221; _builder_version=&#8221;3.21.1&#8243; max_width=&#8221;100%&#8221; global_module=&#8221;13148&#8243; saved_tabs=&#8221;all&#8221; global_colors_info=&#8221;{}&#8221;]<\/p>\n<p>Wir rufen Sie gerne an.<\/p>\n<p>[\/et_pb_dp_dmb_module_10093][\/et_pb_column][\/et_pb_row][\/et_pb_section]<\/p>\n","protected":false},"excerpt":{"rendered":"<p>Anl\u00e4sslich des Weltnichtrauchertags 2022 veranstaltet der Dachverband der Sozialversicherungstr\u00e4ger eine Reihe interessanter Vortr\u00e4ge. Hier finden Sie die Informationen dazu:  <\/p>\n","protected":false},"author":25,"featured_media":0,"comment_status":"open","ping_status":"open","sticky":false,"template":"","format":"standard","meta":{"_et_pb_use_builder":"on","_et_pb_old_content":"","_et_gb_content_width":"2880","footnotes":""},"categories":[236,234],"tags":[],"class_list":["post-23588","post","type-post","status-publish","format-standard","hentry","category-nicht-kategorisiert","category-oesterreichweite-angebote-zur-entwoehnung"],"yoast_head":"<!-- This site is optimized with the Yoast SEO plugin v26.2 - https:\/\/yoast.com\/wordpress\/plugins\/seo\/ -->\n<title>Kostenfreie Online - Vortragsreihe rund um den Weltnichtrauchertag 2022 - Rauchfrei Telefon<\/title>\n<meta name=\"robots\" content=\"index, follow, max-snippet:-1, max-image-preview:large, max-video-preview:-1\" \/>\n<link rel=\"canonical\" href=\"https:\/\/rauchfrei.at\/kostenfreie-online-vortragsreihe-rund-um-den-weltnichtrauchertag-2022\/\" \/>\n<meta property=\"og:locale\" content=\"en_US\" \/>\n<meta property=\"og:type\" content=\"article\" \/>\n<meta property=\"og:title\" content=\"Kostenfreie Online - Vortragsreihe rund um den Weltnichtrauchertag 2022 - Rauchfrei Telefon\" \/>\n<meta property=\"og:description\" content=\"Anl\u00e4sslich des Weltnichtrauchertags 2022 veranstaltet der Dachverband der Sozialversicherungstr\u00e4ger eine Reihe interessanter Vortr\u00e4ge. Hier finden Sie die Informationen dazu:\" \/>\n<meta property=\"og:url\" content=\"https:\/\/rauchfrei.at\/kostenfreie-online-vortragsreihe-rund-um-den-weltnichtrauchertag-2022\/\" \/>\n<meta property=\"og:site_name\" content=\"Rauchfrei Telefon\" \/>\n<meta property=\"article:published_time\" content=\"2022-04-27T08:34:10+00:00\" \/>\n<meta property=\"article:modified_time\" content=\"2022-06-08T13:32:08+00:00\" \/>\n<meta name=\"author\" content=\"Rauchfrei Team\" \/>\n<meta name=\"twitter:card\" content=\"summary_large_image\" \/>\n<meta name=\"twitter:label1\" content=\"Written by\" \/>\n\t<meta name=\"twitter:data1\" content=\"Rauchfrei Team\" \/>\n\t<meta name=\"twitter:label2\" content=\"Est. reading time\" \/>\n\t<meta name=\"twitter:data2\" content=\"5 minutes\" \/>\n<script type=\"application\/ld+json\" class=\"yoast-schema-graph\">{\"@context\":\"https:\/\/schema.org\",\"@graph\":[{\"@type\":\"WebPage\",\"@id\":\"https:\/\/rauchfrei.at\/kostenfreie-online-vortragsreihe-rund-um-den-weltnichtrauchertag-2022\/\",\"url\":\"https:\/\/rauchfrei.at\/kostenfreie-online-vortragsreihe-rund-um-den-weltnichtrauchertag-2022\/\",\"name\":\"Kostenfreie Online - Vortragsreihe rund um den Weltnichtrauchertag 2022 - Rauchfrei Telefon\",\"isPartOf\":{\"@id\":\"https:\/\/rauchfrei.at\/#website\"},\"datePublished\":\"2022-04-27T08:34:10+00:00\",\"dateModified\":\"2022-06-08T13:32:08+00:00\",\"author\":{\"@id\":\"https:\/\/rauchfrei.at\/#\/schema\/person\/504bbf90c5482004fc09aef6de7f9277\"},\"inLanguage\":\"en-US\",\"potentialAction\":[{\"@type\":\"ReadAction\",\"target\":[\"https:\/\/rauchfrei.at\/kostenfreie-online-vortragsreihe-rund-um-den-weltnichtrauchertag-2022\/\"]}]},{\"@type\":\"WebSite\",\"@id\":\"https:\/\/rauchfrei.at\/#website\",\"url\":\"https:\/\/rauchfrei.at\/\",\"name\":\"Rauchfrei Telefon\",\"description\":\"Eine \u00f6sterreichweite Initiative der Sozialversicherungen.\",\"potentialAction\":[{\"@type\":\"SearchAction\",\"target\":{\"@type\":\"EntryPoint\",\"urlTemplate\":\"https:\/\/rauchfrei.at\/?s={search_term_string}\"},\"query-input\":{\"@type\":\"PropertyValueSpecification\",\"valueRequired\":true,\"valueName\":\"search_term_string\"}}],\"inLanguage\":\"en-US\"},{\"@type\":\"Person\",\"@id\":\"https:\/\/rauchfrei.at\/#\/schema\/person\/504bbf90c5482004fc09aef6de7f9277\",\"name\":\"Rauchfrei Team\",\"image\":{\"@type\":\"ImageObject\",\"inLanguage\":\"en-US\",\"@id\":\"https:\/\/rauchfrei.at\/#\/schema\/person\/image\/\",\"url\":\"https:\/\/secure.gravatar.com\/avatar\/2115b79a00800516fa1523bb5a329611f90e73e89be559131fc7e82b4fdc95ff?s=96&d=mm&r=g\",\"contentUrl\":\"https:\/\/secure.gravatar.com\/avatar\/2115b79a00800516fa1523bb5a329611f90e73e89be559131fc7e82b4fdc95ff?s=96&d=mm&r=g\",\"caption\":\"Rauchfrei Team\"},\"url\":\"https:\/\/rauchfrei.at\/en\/author\/rauchfrei-team\/\"}]}<\/script>\n<!-- \/ Yoast SEO plugin. -->","yoast_head_json":{"title":"Kostenfreie Online - Vortragsreihe rund um den Weltnichtrauchertag 2022 - Rauchfrei Telefon","robots":{"index":"index","follow":"follow","max-snippet":"max-snippet:-1","max-image-preview":"max-image-preview:large","max-video-preview":"max-video-preview:-1"},"canonical":"https:\/\/rauchfrei.at\/kostenfreie-online-vortragsreihe-rund-um-den-weltnichtrauchertag-2022\/","og_locale":"en_US","og_type":"article","og_title":"Kostenfreie Online - Vortragsreihe rund um den Weltnichtrauchertag 2022 - Rauchfrei Telefon","og_description":"Anl\u00e4sslich des Weltnichtrauchertags 2022 veranstaltet der Dachverband der Sozialversicherungstr\u00e4ger eine Reihe interessanter Vortr\u00e4ge. Hier finden Sie die Informationen dazu:","og_url":"https:\/\/rauchfrei.at\/kostenfreie-online-vortragsreihe-rund-um-den-weltnichtrauchertag-2022\/","og_site_name":"Rauchfrei Telefon","article_published_time":"2022-04-27T08:34:10+00:00","article_modified_time":"2022-06-08T13:32:08+00:00","author":"Rauchfrei Team","twitter_card":"summary_large_image","twitter_misc":{"Written by":"Rauchfrei Team","Est. reading time":"5 minutes"},"schema":{"@context":"https:\/\/schema.org","@graph":[{"@type":"WebPage","@id":"https:\/\/rauchfrei.at\/kostenfreie-online-vortragsreihe-rund-um-den-weltnichtrauchertag-2022\/","url":"https:\/\/rauchfrei.at\/kostenfreie-online-vortragsreihe-rund-um-den-weltnichtrauchertag-2022\/","name":"Kostenfreie Online - Vortragsreihe rund um den Weltnichtrauchertag 2022 - Rauchfrei Telefon","isPartOf":{"@id":"https:\/\/rauchfrei.at\/#website"},"datePublished":"2022-04-27T08:34:10+00:00","dateModified":"2022-06-08T13:32:08+00:00","author":{"@id":"https:\/\/rauchfrei.at\/#\/schema\/person\/504bbf90c5482004fc09aef6de7f9277"},"inLanguage":"en-US","potentialAction":[{"@type":"ReadAction","target":["https:\/\/rauchfrei.at\/kostenfreie-online-vortragsreihe-rund-um-den-weltnichtrauchertag-2022\/"]}]},{"@type":"WebSite","@id":"https:\/\/rauchfrei.at\/#website","url":"https:\/\/rauchfrei.at\/","name":"Rauchfrei Telefon","description":"Eine \u00f6sterreichweite Initiative der Sozialversicherungen.","potentialAction":[{"@type":"SearchAction","target":{"@type":"EntryPoint","urlTemplate":"https:\/\/rauchfrei.at\/?s={search_term_string}"},"query-input":{"@type":"PropertyValueSpecification","valueRequired":true,"valueName":"search_term_string"}}],"inLanguage":"en-US"},{"@type":"Person","@id":"https:\/\/rauchfrei.at\/#\/schema\/person\/504bbf90c5482004fc09aef6de7f9277","name":"Rauchfrei Team","image":{"@type":"ImageObject","inLanguage":"en-US","@id":"https:\/\/rauchfrei.at\/#\/schema\/person\/image\/","url":"https:\/\/secure.gravatar.com\/avatar\/2115b79a00800516fa1523bb5a329611f90e73e89be559131fc7e82b4fdc95ff?s=96&d=mm&r=g","contentUrl":"https:\/\/secure.gravatar.com\/avatar\/2115b79a00800516fa1523bb5a329611f90e73e89be559131fc7e82b4fdc95ff?s=96&d=mm&r=g","caption":"Rauchfrei Team"},"url":"https:\/\/rauchfrei.at\/en\/author\/rauchfrei-team\/"}]}},"_links":{"self":[{"href":"https:\/\/rauchfrei.at\/en\/wp-json\/wp\/v2\/posts\/23588","targetHints":{"allow":["GET"]}}],"collection":[{"href":"https:\/\/rauchfrei.at\/en\/wp-json\/wp\/v2\/posts"}],"about":[{"href":"https:\/\/rauchfrei.at\/en\/wp-json\/wp\/v2\/types\/post"}],"author":[{"embeddable":true,"href":"https:\/\/rauchfrei.at\/en\/wp-json\/wp\/v2\/users\/25"}],"replies":[{"embeddable":true,"href":"https:\/\/rauchfrei.at\/en\/wp-json\/wp\/v2\/comments?post=23588"}],"version-history":[{"count":15,"href":"https:\/\/rauchfrei.at\/en\/wp-json\/wp\/v2\/posts\/23588\/revisions"}],"predecessor-version":[{"id":24172,"href":"https:\/\/rauchfrei.at\/en\/wp-json\/wp\/v2\/posts\/23588\/revisions\/24172"}],"wp:attachment":[{"href":"https:\/\/rauchfrei.at\/en\/wp-json\/wp\/v2\/media?parent=23588"}],"wp:term":[{"taxonomy":"category","embeddable":true,"href":"https:\/\/rauchfrei.at\/en\/wp-json\/wp\/v2\/categories?post=23588"},{"taxonomy":"post_tag","embeddable":true,"href":"https:\/\/rauchfrei.at\/en\/wp-json\/wp\/v2\/tags?post=23588"}],"curies":[{"name":"wp","href":"https:\/\/api.w.org\/{rel}","templated":true}]}}