
{"id":23608,"date":"2022-05-09T08:00:00","date_gmt":"2022-05-09T06:00:00","guid":{"rendered":"https:\/\/rauchfrei.at\/?p=23608"},"modified":"2022-04-28T14:56:53","modified_gmt":"2022-04-28T12:56:53","slug":"familien-und-ihr-gemeinsames-zuhause-rauchfrei-fuer-alle","status":"publish","type":"post","link":"https:\/\/rauchfrei.at\/en\/familien-und-ihr-gemeinsames-zuhause-rauchfrei-fuer-alle\/","title":{"rendered":"Familien und ihr gemeinsames Zuhause \u2013 Rauchfrei f\u00fcr alle"},"content":{"rendered":"\n[et_pb_section fb_built=&#8221;1&#8243; module_class=&#8221;header&#8221; _builder_version=&#8221;4.16&#8243; global_colors_info=&#8221;{}&#8221;][et_pb_row _builder_version=&#8221;4.16&#8243; global_colors_info=&#8221;{}&#8221;][et_pb_column type=&#8221;4_4&#8243; _builder_version=&#8221;4.16&#8243; custom_padding=&#8221;|||&#8221; global_colors_info=&#8221;{}&#8221; custom_padding__hover=&#8221;|||&#8221;][et_pb_dp_dmb_module_10001 subheadline=&#8221;Passivrauch in den eigenen vier W\u00e4nden schadet allen, die darin wohnen.&#8221; _builder_version=&#8221;4.17.1&#8243; global_colors_info=&#8221;{}&#8221;][\/et_pb_dp_dmb_module_10001][\/et_pb_column][\/et_pb_row][\/et_pb_section][et_pb_section fb_built=&#8221;1&#8243; _builder_version=&#8221;4.16&#8243; custom_padding=&#8221;30px|||&#8221; global_colors_info=&#8221;{}&#8221;][et_pb_row column_structure=&#8221;2_3,1_3&#8243; _builder_version=&#8221;4.16&#8243; global_colors_info=&#8221;{}&#8221;][et_pb_column type=&#8221;2_3&#8243; module_class=&#8221;blog-content&#8221; _builder_version=&#8221;4.16&#8243; custom_padding=&#8221;|||&#8221; global_colors_info=&#8221;{}&#8221; custom_padding__hover=&#8221;|||&#8221;][et_pb_text _builder_version=&#8221;4.17.1&#8243; hover_enabled=&#8221;0&#8243; global_colors_info=&#8221;{}&#8221; sticky_enabled=&#8221;0&#8243;]<p>Am 15. Mai ist der internationale Tag der Familie, an dem seit 29 Jahren auf die Bedeutung der Familie f\u00fcr die Gesellschaft hingewiesen wird.<\/p>\n<p>Das Thema Rauchen sorgt innerhalb von Familien und der Gesellschaft immer wieder f\u00fcr Diskussionen und unterschiedliche Meinungen. Seit dem Rauchverbot in der Gastronomie (2019) und dem Rauchverbot im Auto (2018), wenn Mitfahrende j\u00fcnger als 18 Jahre alt sind, ist der Stellenwert der rauchfreien Umgebung in \u00d6sterreich gestiegen. Diese gesundheitsf\u00f6rdernde Ma\u00dfnahme hat auch einiges in den K\u00f6pfen und in den \u00fcblichen Alltagsroutinen ver\u00e4ndert.<\/p>\n<p>In der Beratung am Rauchfrei Telefon erleben wir immer wieder, dass es von Raucherinnen und Rauchern und von Angeh\u00f6rigen auch Fragen zur Passivrauchbelastung in den Wohnr\u00e4umen gibt.<\/p>\n<p>Manchen Rauchern und Raucherinnen ist es vielleicht noch nicht m\u00f6glich, den Rauchstopp f\u00fcr sich umzusetzen. R\u00fccksichtnahme und Schutz der eigenen Familie, der Mitbewohnerinnen und Mitbewohner sowie auch der Haustiere, in dem in den Innenr\u00e4umen nicht geraucht wird, das ist ein Schritt, der eher machbar ist.<\/p>\n<p>Nicht mehr drinnen zu rauchen und somit die Innenr\u00e4ume, auch das Auto, komplett rauchfrei zu halten, tr\u00e4gt dazu bei, dass die Wohnung oder das Haus eine gesunde Umgebung f\u00fcr die Familie werden oder bleiben kann.<br \/><img loading=\"lazy\" decoding=\"async\" src=\"https:\/\/rauchfrei.at\/wp-content\/uploads\/shutterstock_101140852-scaled.jpg\" width=\"364\" height=\"148\" \/> (C) Antonov Roman\/shutterstock.com<\/p>\n<p>Am Arbeitsplatz, in der Schule, in der Gastronomie, in Taxis, \u00f6ffentlichen Verkehrsmitteln und \u00f6ffentlichen R\u00e4umen gibt es den gesetzlichen Schutz vor verrauchter, also schadstoffreicher Luft. Bestehen Sie auch zuhause f\u00fcr sich und Ihre Familie auf dem Recht auf saubere Luft! Dies kann der Beginn sein, das eigene Rauchverhalten zu \u00fcberdenken und sich einen Schritt n\u00e4her in Richtung Rauchfreiheit zu wagen!<\/p>\n<p>Unterst\u00fctzung und Information rund ums Thema Rauchen und Passivrauchen bekommen Sie von uns am Rauchfrei Telefon unter 0800 810 013 von Montag bis Freitag von 10:00 bis 18:00h<\/p>\n<p>Mehr dazu:<br \/><a href=\"https:\/\/rauchfrei.at\/wp-content\/uploads\/Folder_Passivrauch_web-2.pdf\">Folder &#8220;Passivrauch ist giftig&#8221;<\/a><br \/><a href=\"https:\/\/rauchfrei.at\/schutz-vor-passivrauch\/\">https:\/\/rauchfrei.at\/schutz-vor-passivrauch\/<\/a><br \/><a href=\"https:\/\/rauchfrei.at\/fakten\/passivrauch\/\">https:\/\/rauchfrei.at\/fakten\/passivrauch\/<\/a><br \/><a href=\"https:\/\/rauchfrei.at\/tabakgesetz\/\">https:\/\/rauchfrei.at\/tabakgesetz\/<\/a><\/p>[\/et_pb_text][et_pb_post_nav in_same_term=&#8221;off&#8221; _builder_version=&#8221;4.16&#8243; global_colors_info=&#8221;{}&#8221;][\/et_pb_post_nav][\/et_pb_column][et_pb_column type=&#8221;1_3&#8243; module_class=&#8221;cat-and-tag&#8221; _builder_version=&#8221;4.16&#8243; custom_padding=&#8221;|||&#8221; global_colors_info=&#8221;{}&#8221; custom_padding__hover=&#8221;|||&#8221;][et_pb_sidebar area=&#8221;et_pb_widget_area_1&#8243; _builder_version=&#8221;4.16&#8243; global_colors_info=&#8221;{}&#8221;][\/et_pb_sidebar][et_pb_dp_dmb_module_10093 farbe=&#8221;blitzblau&#8221; headline=&#8221;Passivrauch&#8221; image=&#8221;https:\/\/rauchfrei.at\/wp-content\/uploads\/passivrauch-rauchfrei-fuer-alle.png&#8221; image_position=&#8221;center&#8221; link_text=&#8221;mehr&#8221; link_url=&#8221;https:\/\/rauchfrei.at\/fakten\/passivrauch\/&#8221; image_size=&#8221;70&#8243; admin_label=&#8221;Passivrauch&#8221; _builder_version=&#8221;3.19.15&#8243; global_module=&#8221;13172&#8243; saved_tabs=&#8221;all&#8221; global_colors_info=&#8221;{}&#8221;]<p>Rauch ist giftig, niemand sollte ihn einatmen!<\/p>\n[\/et_pb_dp_dmb_module_10093][\/et_pb_column][\/et_pb_row][\/et_pb_section]\n","protected":false},"excerpt":{"rendered":"<p>Passivrauch und seine sch\u00e4digenden Auswirkungen auf die Gesundheit sind aus wissenschaftlicher Sicht klar bewiesen. Er bewirkt kurzfristige Beeintr\u00e4chtigungen wie Kopfschmerzen, Hustenreiz, Schwindel, M\u00fcdigkeit und Atemlosigkeit. Durch Passivrauch erh\u00f6ht sich auch das langfristige Risiko, Tumorerkrankungen, Erkrankungen der Lungen, Herzinfarkte und Diabetes zu entwickeln. Ein rauchfreies Zuhause ist eine gute Art, die Gesundheit zu f\u00f6rdern.<\/p>\n","protected":false},"author":25,"featured_media":0,"comment_status":"open","ping_status":"open","sticky":false,"template":"","format":"standard","meta":{"_et_pb_use_builder":"on","_et_pb_old_content":"","_et_gb_content_width":"2880","footnotes":""},"categories":[235,236],"tags":[],"class_list":["post-23608","post","type-post","status-publish","format-standard","hentry","category-gesundheit-und-rauchstopp","category-nicht-kategorisiert"],"yoast_head":"<!-- This site is optimized with the Yoast SEO plugin v26.2 - https:\/\/yoast.com\/wordpress\/plugins\/seo\/ -->\n<title>Familien und ihr gemeinsames Zuhause \u2013 Rauchfrei f\u00fcr alle - Rauchfrei Telefon<\/title>\n<meta name=\"robots\" content=\"index, follow, max-snippet:-1, max-image-preview:large, max-video-preview:-1\" \/>\n<link rel=\"canonical\" href=\"https:\/\/rauchfrei.at\/familien-und-ihr-gemeinsames-zuhause-rauchfrei-fuer-alle\/\" \/>\n<meta property=\"og:locale\" content=\"en_US\" \/>\n<meta property=\"og:type\" content=\"article\" \/>\n<meta property=\"og:title\" content=\"Familien und ihr gemeinsames Zuhause \u2013 Rauchfrei f\u00fcr alle - Rauchfrei Telefon\" \/>\n<meta property=\"og:description\" content=\"Passivrauch und seine sch\u00e4digenden Auswirkungen auf die Gesundheit sind aus wissenschaftlicher Sicht klar bewiesen. Er bewirkt kurzfristige Beeintr\u00e4chtigungen wie Kopfschmerzen, Hustenreiz, Schwindel, M\u00fcdigkeit und Atemlosigkeit. Durch Passivrauch erh\u00f6ht sich auch das langfristige Risiko, Tumorerkrankungen, Erkrankungen der Lungen, Herzinfarkte und Diabetes zu entwickeln. Ein rauchfreies Zuhause ist eine gute Art, die Gesundheit zu f\u00f6rdern.\" \/>\n<meta property=\"og:url\" content=\"https:\/\/rauchfrei.at\/familien-und-ihr-gemeinsames-zuhause-rauchfrei-fuer-alle\/\" \/>\n<meta property=\"og:site_name\" content=\"Rauchfrei Telefon\" \/>\n<meta property=\"article:published_time\" content=\"2022-05-09T06:00:00+00:00\" \/>\n<meta property=\"og:image\" content=\"https:\/\/rauchfrei.at\/wp-content\/uploads\/shutterstock_101140852-scaled.jpg\" \/>\n<meta name=\"author\" content=\"Rauchfrei Team\" \/>\n<meta name=\"twitter:card\" content=\"summary_large_image\" \/>\n<meta name=\"twitter:label1\" content=\"Written by\" \/>\n\t<meta name=\"twitter:data1\" content=\"Rauchfrei Team\" \/>\n\t<meta name=\"twitter:label2\" content=\"Est. reading time\" \/>\n\t<meta name=\"twitter:data2\" content=\"3 minutes\" \/>\n<script type=\"application\/ld+json\" class=\"yoast-schema-graph\">{\"@context\":\"https:\/\/schema.org\",\"@graph\":[{\"@type\":\"WebPage\",\"@id\":\"https:\/\/rauchfrei.at\/familien-und-ihr-gemeinsames-zuhause-rauchfrei-fuer-alle\/\",\"url\":\"https:\/\/rauchfrei.at\/familien-und-ihr-gemeinsames-zuhause-rauchfrei-fuer-alle\/\",\"name\":\"Familien und ihr gemeinsames Zuhause \u2013 Rauchfrei f\u00fcr alle - Rauchfrei Telefon\",\"isPartOf\":{\"@id\":\"https:\/\/rauchfrei.at\/#website\"},\"primaryImageOfPage\":{\"@id\":\"https:\/\/rauchfrei.at\/familien-und-ihr-gemeinsames-zuhause-rauchfrei-fuer-alle\/#primaryimage\"},\"image\":{\"@id\":\"https:\/\/rauchfrei.at\/familien-und-ihr-gemeinsames-zuhause-rauchfrei-fuer-alle\/#primaryimage\"},\"thumbnailUrl\":\"https:\/\/rauchfrei.at\/wp-content\/uploads\/shutterstock_101140852-scaled.jpg\",\"datePublished\":\"2022-05-09T06:00:00+00:00\",\"author\":{\"@id\":\"https:\/\/rauchfrei.at\/#\/schema\/person\/504bbf90c5482004fc09aef6de7f9277\"},\"inLanguage\":\"en-US\",\"potentialAction\":[{\"@type\":\"ReadAction\",\"target\":[\"https:\/\/rauchfrei.at\/familien-und-ihr-gemeinsames-zuhause-rauchfrei-fuer-alle\/\"]}]},{\"@type\":\"ImageObject\",\"inLanguage\":\"en-US\",\"@id\":\"https:\/\/rauchfrei.at\/familien-und-ihr-gemeinsames-zuhause-rauchfrei-fuer-alle\/#primaryimage\",\"url\":\"https:\/\/rauchfrei.at\/wp-content\/uploads\/shutterstock_101140852-scaled.jpg\",\"contentUrl\":\"https:\/\/rauchfrei.at\/wp-content\/uploads\/shutterstock_101140852-scaled.jpg\"},{\"@type\":\"WebSite\",\"@id\":\"https:\/\/rauchfrei.at\/#website\",\"url\":\"https:\/\/rauchfrei.at\/\",\"name\":\"Rauchfrei Telefon\",\"description\":\"Eine \u00f6sterreichweite Initiative der Sozialversicherungen.\",\"potentialAction\":[{\"@type\":\"SearchAction\",\"target\":{\"@type\":\"EntryPoint\",\"urlTemplate\":\"https:\/\/rauchfrei.at\/?s={search_term_string}\"},\"query-input\":{\"@type\":\"PropertyValueSpecification\",\"valueRequired\":true,\"valueName\":\"search_term_string\"}}],\"inLanguage\":\"en-US\"},{\"@type\":\"Person\",\"@id\":\"https:\/\/rauchfrei.at\/#\/schema\/person\/504bbf90c5482004fc09aef6de7f9277\",\"name\":\"Rauchfrei Team\",\"image\":{\"@type\":\"ImageObject\",\"inLanguage\":\"en-US\",\"@id\":\"https:\/\/rauchfrei.at\/#\/schema\/person\/image\/\",\"url\":\"https:\/\/secure.gravatar.com\/avatar\/2115b79a00800516fa1523bb5a329611f90e73e89be559131fc7e82b4fdc95ff?s=96&d=mm&r=g\",\"contentUrl\":\"https:\/\/secure.gravatar.com\/avatar\/2115b79a00800516fa1523bb5a329611f90e73e89be559131fc7e82b4fdc95ff?s=96&d=mm&r=g\",\"caption\":\"Rauchfrei Team\"},\"url\":\"https:\/\/rauchfrei.at\/en\/author\/rauchfrei-team\/\"}]}<\/script>\n<!-- \/ Yoast SEO plugin. -->","yoast_head_json":{"title":"Familien und ihr gemeinsames Zuhause \u2013 Rauchfrei f\u00fcr alle - Rauchfrei Telefon","robots":{"index":"index","follow":"follow","max-snippet":"max-snippet:-1","max-image-preview":"max-image-preview:large","max-video-preview":"max-video-preview:-1"},"canonical":"https:\/\/rauchfrei.at\/familien-und-ihr-gemeinsames-zuhause-rauchfrei-fuer-alle\/","og_locale":"en_US","og_type":"article","og_title":"Familien und ihr gemeinsames Zuhause \u2013 Rauchfrei f\u00fcr alle - Rauchfrei Telefon","og_description":"Passivrauch und seine sch\u00e4digenden Auswirkungen auf die Gesundheit sind aus wissenschaftlicher Sicht klar bewiesen. Er bewirkt kurzfristige Beeintr\u00e4chtigungen wie Kopfschmerzen, Hustenreiz, Schwindel, M\u00fcdigkeit und Atemlosigkeit. Durch Passivrauch erh\u00f6ht sich auch das langfristige Risiko, Tumorerkrankungen, Erkrankungen der Lungen, Herzinfarkte und Diabetes zu entwickeln. Ein rauchfreies Zuhause ist eine gute Art, die Gesundheit zu f\u00f6rdern.","og_url":"https:\/\/rauchfrei.at\/familien-und-ihr-gemeinsames-zuhause-rauchfrei-fuer-alle\/","og_site_name":"Rauchfrei Telefon","article_published_time":"2022-05-09T06:00:00+00:00","og_image":[{"url":"https:\/\/rauchfrei.at\/wp-content\/uploads\/shutterstock_101140852-scaled.jpg","type":"","width":"","height":""}],"author":"Rauchfrei Team","twitter_card":"summary_large_image","twitter_misc":{"Written by":"Rauchfrei Team","Est. reading time":"3 minutes"},"schema":{"@context":"https:\/\/schema.org","@graph":[{"@type":"WebPage","@id":"https:\/\/rauchfrei.at\/familien-und-ihr-gemeinsames-zuhause-rauchfrei-fuer-alle\/","url":"https:\/\/rauchfrei.at\/familien-und-ihr-gemeinsames-zuhause-rauchfrei-fuer-alle\/","name":"Familien und ihr gemeinsames Zuhause \u2013 Rauchfrei f\u00fcr alle - Rauchfrei Telefon","isPartOf":{"@id":"https:\/\/rauchfrei.at\/#website"},"primaryImageOfPage":{"@id":"https:\/\/rauchfrei.at\/familien-und-ihr-gemeinsames-zuhause-rauchfrei-fuer-alle\/#primaryimage"},"image":{"@id":"https:\/\/rauchfrei.at\/familien-und-ihr-gemeinsames-zuhause-rauchfrei-fuer-alle\/#primaryimage"},"thumbnailUrl":"https:\/\/rauchfrei.at\/wp-content\/uploads\/shutterstock_101140852-scaled.jpg","datePublished":"2022-05-09T06:00:00+00:00","author":{"@id":"https:\/\/rauchfrei.at\/#\/schema\/person\/504bbf90c5482004fc09aef6de7f9277"},"inLanguage":"en-US","potentialAction":[{"@type":"ReadAction","target":["https:\/\/rauchfrei.at\/familien-und-ihr-gemeinsames-zuhause-rauchfrei-fuer-alle\/"]}]},{"@type":"ImageObject","inLanguage":"en-US","@id":"https:\/\/rauchfrei.at\/familien-und-ihr-gemeinsames-zuhause-rauchfrei-fuer-alle\/#primaryimage","url":"https:\/\/rauchfrei.at\/wp-content\/uploads\/shutterstock_101140852-scaled.jpg","contentUrl":"https:\/\/rauchfrei.at\/wp-content\/uploads\/shutterstock_101140852-scaled.jpg"},{"@type":"WebSite","@id":"https:\/\/rauchfrei.at\/#website","url":"https:\/\/rauchfrei.at\/","name":"Rauchfrei Telefon","description":"Eine \u00f6sterreichweite Initiative der Sozialversicherungen.","potentialAction":[{"@type":"SearchAction","target":{"@type":"EntryPoint","urlTemplate":"https:\/\/rauchfrei.at\/?s={search_term_string}"},"query-input":{"@type":"PropertyValueSpecification","valueRequired":true,"valueName":"search_term_string"}}],"inLanguage":"en-US"},{"@type":"Person","@id":"https:\/\/rauchfrei.at\/#\/schema\/person\/504bbf90c5482004fc09aef6de7f9277","name":"Rauchfrei Team","image":{"@type":"ImageObject","inLanguage":"en-US","@id":"https:\/\/rauchfrei.at\/#\/schema\/person\/image\/","url":"https:\/\/secure.gravatar.com\/avatar\/2115b79a00800516fa1523bb5a329611f90e73e89be559131fc7e82b4fdc95ff?s=96&d=mm&r=g","contentUrl":"https:\/\/secure.gravatar.com\/avatar\/2115b79a00800516fa1523bb5a329611f90e73e89be559131fc7e82b4fdc95ff?s=96&d=mm&r=g","caption":"Rauchfrei Team"},"url":"https:\/\/rauchfrei.at\/en\/author\/rauchfrei-team\/"}]}},"_links":{"self":[{"href":"https:\/\/rauchfrei.at\/en\/wp-json\/wp\/v2\/posts\/23608","targetHints":{"allow":["GET"]}}],"collection":[{"href":"https:\/\/rauchfrei.at\/en\/wp-json\/wp\/v2\/posts"}],"about":[{"href":"https:\/\/rauchfrei.at\/en\/wp-json\/wp\/v2\/types\/post"}],"author":[{"embeddable":true,"href":"https:\/\/rauchfrei.at\/en\/wp-json\/wp\/v2\/users\/25"}],"replies":[{"embeddable":true,"href":"https:\/\/rauchfrei.at\/en\/wp-json\/wp\/v2\/comments?post=23608"}],"version-history":[{"count":6,"href":"https:\/\/rauchfrei.at\/en\/wp-json\/wp\/v2\/posts\/23608\/revisions"}],"predecessor-version":[{"id":23637,"href":"https:\/\/rauchfrei.at\/en\/wp-json\/wp\/v2\/posts\/23608\/revisions\/23637"}],"wp:attachment":[{"href":"https:\/\/rauchfrei.at\/en\/wp-json\/wp\/v2\/media?parent=23608"}],"wp:term":[{"taxonomy":"category","embeddable":true,"href":"https:\/\/rauchfrei.at\/en\/wp-json\/wp\/v2\/categories?post=23608"},{"taxonomy":"post_tag","embeddable":true,"href":"https:\/\/rauchfrei.at\/en\/wp-json\/wp\/v2\/tags?post=23608"}],"curies":[{"name":"wp","href":"https:\/\/api.w.org\/{rel}","templated":true}]}}