
{"id":23799,"date":"2022-05-16T08:00:00","date_gmt":"2022-05-16T06:00:00","guid":{"rendered":"https:\/\/rauchfrei.at\/?p=23799"},"modified":"2022-06-15T12:58:55","modified_gmt":"2022-06-15T10:58:55","slug":"schickohnetschick","status":"publish","type":"post","link":"https:\/\/rauchfrei.at\/en\/schickohnetschick\/","title":{"rendered":"#SchickOhneTschick"},"content":{"rendered":"\n[et_pb_section fb_built=&#8221;1&#8243; module_class=&#8221;header&#8221; _builder_version=&#8221;4.16&#8243; global_colors_info=&#8221;{}&#8221;][et_pb_row _builder_version=&#8221;4.16&#8243; global_colors_info=&#8221;{}&#8221;][et_pb_column type=&#8221;4_4&#8243; _builder_version=&#8221;4.16&#8243; custom_padding=&#8221;|||&#8221; global_colors_info=&#8221;{}&#8221; custom_padding__hover=&#8221;|||&#8221;][et_pb_dp_dmb_module_10001 subheadline=&#8221;Hilf dabei unsere Umwelt zu entlasten \u2013 werde aktiv!&#8221; _builder_version=&#8221;4.17.1&#8243; global_colors_info=&#8221;{}&#8221;][\/et_pb_dp_dmb_module_10001][\/et_pb_column][\/et_pb_row][\/et_pb_section][et_pb_section fb_built=&#8221;1&#8243; _builder_version=&#8221;4.16&#8243; global_colors_info=&#8221;{}&#8221;][et_pb_row column_structure=&#8221;2_3,1_3&#8243; _builder_version=&#8221;4.16&#8243; background_size=&#8221;initial&#8221; background_position=&#8221;top_left&#8221; background_repeat=&#8221;repeat&#8221; global_colors_info=&#8221;{}&#8221;][et_pb_column type=&#8221;2_3&#8243; _builder_version=&#8221;4.16&#8243; custom_padding=&#8221;|||&#8221; global_colors_info=&#8221;{}&#8221; custom_padding__hover=&#8221;|||&#8221;][et_pb_text _builder_version=&#8221;4.17.1&#8243; background_size=&#8221;initial&#8221; background_position=&#8221;top_left&#8221; background_repeat=&#8221;repeat&#8221; hover_enabled=&#8221;0&#8243; global_colors_info=&#8221;{}&#8221; sticky_enabled=&#8221;0&#8243;]<p>In \u00d6sterreich entstehen pro Jahr rund 5000 Tonnen M\u00fcll durch Zigarettenstummel, davon landen leider rund zwei Drittel am Boden, dies schadet unserer Umwelt.<\/p>\n<p><strong>Wollen Sie dabei helfen, <\/strong>unsere Umgebung von Zigarettenabf\u00e4llen zu befreien und unsere Umwelt zu entlasten \u2013 egal ob auf dem Weg zur Arbeit oder in die Schule, beim Spazieren in der Natur oder auf dem Gehsteig vor dem Einkaufszentrum. Machen Sie mit und sammeln Sie so viele \u201eTschickstummel\u201c wie m\u00f6glich. Die Kampagne l\u00e4uft auch auf den sozialen Kan\u00e4len unter <strong>#SchickOhneTschick<\/strong><\/p>\n<p><img loading=\"lazy\" decoding=\"async\" src=\"https:\/\/rauchfrei.at\/wp-content\/uploads\/OEGK_22_Widget_340x269px_SchickOhneTschick_V1-225x178.png\" alt=\"\" class=\"wp-image-23652 alignnone size-medium\" width=\"225\" height=\"178\" srcset=\"https:\/\/rauchfrei.at\/wp-content\/uploads\/OEGK_22_Widget_340x269px_SchickOhneTschick_V1-225x178.png 225w, https:\/\/rauchfrei.at\/wp-content\/uploads\/OEGK_22_Widget_340x269px_SchickOhneTschick_V1.png 340w\" sizes=\"(max-width: 225px) 100vw, 225px\" \/>(C) \u00d6GK<\/p>\n<p>Alle Infos und Details finden Sie auf diesem <a href=\"https:\/\/rauchfrei.at\/wp-content\/uploads\/schick-ohne-tschick-infosheet.pdf\" target=\"_blank\" rel=\"noopener\">Factsheet<\/a> und unter <a href=\"https:\/\/www.gesundheitskasse.at\/rauchfrei\">www.gesundheitskasse.at\/rauchfrei<\/a><\/p>\n<p>Wir machen mit, machen auch Sie mit! Gemeinsam f\u00fcr unsere Umwelt.<\/p>\n<p>&nbsp;<\/p>\n<p>&nbsp;<\/p>\n<p>&nbsp;<\/p>[\/et_pb_text][\/et_pb_column][et_pb_column type=&#8221;1_3&#8243; _builder_version=&#8221;4.16&#8243; custom_padding=&#8221;|||&#8221; global_colors_info=&#8221;{}&#8221; custom_padding__hover=&#8221;|||&#8221;][et_pb_dp_dmb_module_10093 farbe=&#8221;blitzgelb&#8221; headline=&#8221;Buchen Sie einen Anruf!&#8221; image=&#8221;https:\/\/rauchfrei.at\/wp-content\/uploads\/rauchfrei-rueckruf-gelb.png&#8221; image_position=&#8221;center&#8221; link_text=&#8221;Anruf buchen!&#8221; link_url=&#8221;https:\/\/rauchfrei.at\/beratung\/anruf-gewuenscht\/&#8221; image_size=&#8221;80&#8243; admin_label=&#8221;Anruf buchen&#8221; _builder_version=&#8221;3.21.1&#8243; max_width=&#8221;100%&#8221; global_module=&#8221;13148&#8243; saved_tabs=&#8221;all&#8221; global_colors_info=&#8221;{}&#8221;]<p>Wir rufen Sie gerne an.<\/p>\n[\/et_pb_dp_dmb_module_10093][\/et_pb_column][\/et_pb_row][\/et_pb_section]\n","protected":false},"excerpt":{"rendered":"<p>Immer wieder haben wir in unserem Blog dar\u00fcber berichtet, wie sehr auch unsere Umwelt durch den Zigarettenkonsum negativ beeinflusst wird. Die \u00d6sterreichische Gesundheitskasse hat anl\u00e4sslich des Weltnichtrauchertages eine Kampagne initiiert, die unsere Umwelt entlasten soll. #SchickOhneTschick<\/p>\n","protected":false},"author":25,"featured_media":0,"comment_status":"open","ping_status":"open","sticky":false,"template":"","format":"standard","meta":{"_et_pb_use_builder":"on","_et_pb_old_content":"","_et_gb_content_width":"2880","footnotes":""},"categories":[237,232,236],"tags":[],"class_list":["post-23799","post","type-post","status-publish","format-standard","hentry","category-literatur-und-hintergrundwissen","category-nachrichten-vom-rauchfrei-telefon","category-nicht-kategorisiert"],"yoast_head":"<!-- This site is optimized with the Yoast SEO plugin v26.2 - https:\/\/yoast.com\/wordpress\/plugins\/seo\/ -->\n<title>#SchickOhneTschick - Rauchfrei Telefon<\/title>\n<meta name=\"robots\" content=\"index, follow, max-snippet:-1, max-image-preview:large, max-video-preview:-1\" \/>\n<link rel=\"canonical\" href=\"https:\/\/rauchfrei.at\/schickohnetschick\/\" \/>\n<meta property=\"og:locale\" content=\"en_US\" \/>\n<meta property=\"og:type\" content=\"article\" \/>\n<meta property=\"og:title\" content=\"#SchickOhneTschick - Rauchfrei Telefon\" \/>\n<meta property=\"og:description\" content=\"Immer wieder haben wir in unserem Blog dar\u00fcber berichtet, wie sehr auch unsere Umwelt durch den Zigarettenkonsum negativ beeinflusst wird. Die \u00d6sterreichische Gesundheitskasse hat anl\u00e4sslich des Weltnichtrauchertages eine Kampagne initiiert, die unsere Umwelt entlasten soll. #SchickOhneTschick\" \/>\n<meta property=\"og:url\" content=\"https:\/\/rauchfrei.at\/schickohnetschick\/\" \/>\n<meta property=\"og:site_name\" content=\"Rauchfrei Telefon\" \/>\n<meta property=\"article:published_time\" content=\"2022-05-16T06:00:00+00:00\" \/>\n<meta property=\"article:modified_time\" content=\"2022-06-15T10:58:55+00:00\" \/>\n<meta property=\"og:image\" content=\"https:\/\/rauchfrei.at\/wp-content\/uploads\/OEGK_22_Widget_340x269px_SchickOhneTschick_V1-225x178.png\" \/>\n<meta name=\"author\" content=\"Rauchfrei Team\" \/>\n<meta name=\"twitter:card\" content=\"summary_large_image\" \/>\n<meta name=\"twitter:label1\" content=\"Written by\" \/>\n\t<meta name=\"twitter:data1\" content=\"Rauchfrei Team\" \/>\n\t<meta name=\"twitter:label2\" content=\"Est. reading time\" \/>\n\t<meta name=\"twitter:data2\" content=\"2 minutes\" \/>\n<script type=\"application\/ld+json\" class=\"yoast-schema-graph\">{\"@context\":\"https:\/\/schema.org\",\"@graph\":[{\"@type\":\"WebPage\",\"@id\":\"https:\/\/rauchfrei.at\/schickohnetschick\/\",\"url\":\"https:\/\/rauchfrei.at\/schickohnetschick\/\",\"name\":\"#SchickOhneTschick - Rauchfrei Telefon\",\"isPartOf\":{\"@id\":\"https:\/\/rauchfrei.at\/#website\"},\"primaryImageOfPage\":{\"@id\":\"https:\/\/rauchfrei.at\/schickohnetschick\/#primaryimage\"},\"image\":{\"@id\":\"https:\/\/rauchfrei.at\/schickohnetschick\/#primaryimage\"},\"thumbnailUrl\":\"https:\/\/rauchfrei.at\/wp-content\/uploads\/OEGK_22_Widget_340x269px_SchickOhneTschick_V1-225x178.png\",\"datePublished\":\"2022-05-16T06:00:00+00:00\",\"dateModified\":\"2022-06-15T10:58:55+00:00\",\"author\":{\"@id\":\"https:\/\/rauchfrei.at\/#\/schema\/person\/504bbf90c5482004fc09aef6de7f9277\"},\"inLanguage\":\"en-US\",\"potentialAction\":[{\"@type\":\"ReadAction\",\"target\":[\"https:\/\/rauchfrei.at\/schickohnetschick\/\"]}]},{\"@type\":\"ImageObject\",\"inLanguage\":\"en-US\",\"@id\":\"https:\/\/rauchfrei.at\/schickohnetschick\/#primaryimage\",\"url\":\"https:\/\/rauchfrei.at\/wp-content\/uploads\/OEGK_22_Widget_340x269px_SchickOhneTschick_V1-225x178.png\",\"contentUrl\":\"https:\/\/rauchfrei.at\/wp-content\/uploads\/OEGK_22_Widget_340x269px_SchickOhneTschick_V1-225x178.png\"},{\"@type\":\"WebSite\",\"@id\":\"https:\/\/rauchfrei.at\/#website\",\"url\":\"https:\/\/rauchfrei.at\/\",\"name\":\"Rauchfrei Telefon\",\"description\":\"Eine \u00f6sterreichweite Initiative der Sozialversicherungen.\",\"potentialAction\":[{\"@type\":\"SearchAction\",\"target\":{\"@type\":\"EntryPoint\",\"urlTemplate\":\"https:\/\/rauchfrei.at\/?s={search_term_string}\"},\"query-input\":{\"@type\":\"PropertyValueSpecification\",\"valueRequired\":true,\"valueName\":\"search_term_string\"}}],\"inLanguage\":\"en-US\"},{\"@type\":\"Person\",\"@id\":\"https:\/\/rauchfrei.at\/#\/schema\/person\/504bbf90c5482004fc09aef6de7f9277\",\"name\":\"Rauchfrei Team\",\"image\":{\"@type\":\"ImageObject\",\"inLanguage\":\"en-US\",\"@id\":\"https:\/\/rauchfrei.at\/#\/schema\/person\/image\/\",\"url\":\"https:\/\/secure.gravatar.com\/avatar\/2115b79a00800516fa1523bb5a329611f90e73e89be559131fc7e82b4fdc95ff?s=96&d=mm&r=g\",\"contentUrl\":\"https:\/\/secure.gravatar.com\/avatar\/2115b79a00800516fa1523bb5a329611f90e73e89be559131fc7e82b4fdc95ff?s=96&d=mm&r=g\",\"caption\":\"Rauchfrei Team\"},\"url\":\"https:\/\/rauchfrei.at\/en\/author\/rauchfrei-team\/\"}]}<\/script>\n<!-- \/ Yoast SEO plugin. -->","yoast_head_json":{"title":"#SchickOhneTschick - Rauchfrei Telefon","robots":{"index":"index","follow":"follow","max-snippet":"max-snippet:-1","max-image-preview":"max-image-preview:large","max-video-preview":"max-video-preview:-1"},"canonical":"https:\/\/rauchfrei.at\/schickohnetschick\/","og_locale":"en_US","og_type":"article","og_title":"#SchickOhneTschick - Rauchfrei Telefon","og_description":"Immer wieder haben wir in unserem Blog dar\u00fcber berichtet, wie sehr auch unsere Umwelt durch den Zigarettenkonsum negativ beeinflusst wird. Die \u00d6sterreichische Gesundheitskasse hat anl\u00e4sslich des Weltnichtrauchertages eine Kampagne initiiert, die unsere Umwelt entlasten soll. #SchickOhneTschick","og_url":"https:\/\/rauchfrei.at\/schickohnetschick\/","og_site_name":"Rauchfrei Telefon","article_published_time":"2022-05-16T06:00:00+00:00","article_modified_time":"2022-06-15T10:58:55+00:00","og_image":[{"url":"https:\/\/rauchfrei.at\/wp-content\/uploads\/OEGK_22_Widget_340x269px_SchickOhneTschick_V1-225x178.png","type":"","width":"","height":""}],"author":"Rauchfrei Team","twitter_card":"summary_large_image","twitter_misc":{"Written by":"Rauchfrei Team","Est. reading time":"2 minutes"},"schema":{"@context":"https:\/\/schema.org","@graph":[{"@type":"WebPage","@id":"https:\/\/rauchfrei.at\/schickohnetschick\/","url":"https:\/\/rauchfrei.at\/schickohnetschick\/","name":"#SchickOhneTschick - Rauchfrei Telefon","isPartOf":{"@id":"https:\/\/rauchfrei.at\/#website"},"primaryImageOfPage":{"@id":"https:\/\/rauchfrei.at\/schickohnetschick\/#primaryimage"},"image":{"@id":"https:\/\/rauchfrei.at\/schickohnetschick\/#primaryimage"},"thumbnailUrl":"https:\/\/rauchfrei.at\/wp-content\/uploads\/OEGK_22_Widget_340x269px_SchickOhneTschick_V1-225x178.png","datePublished":"2022-05-16T06:00:00+00:00","dateModified":"2022-06-15T10:58:55+00:00","author":{"@id":"https:\/\/rauchfrei.at\/#\/schema\/person\/504bbf90c5482004fc09aef6de7f9277"},"inLanguage":"en-US","potentialAction":[{"@type":"ReadAction","target":["https:\/\/rauchfrei.at\/schickohnetschick\/"]}]},{"@type":"ImageObject","inLanguage":"en-US","@id":"https:\/\/rauchfrei.at\/schickohnetschick\/#primaryimage","url":"https:\/\/rauchfrei.at\/wp-content\/uploads\/OEGK_22_Widget_340x269px_SchickOhneTschick_V1-225x178.png","contentUrl":"https:\/\/rauchfrei.at\/wp-content\/uploads\/OEGK_22_Widget_340x269px_SchickOhneTschick_V1-225x178.png"},{"@type":"WebSite","@id":"https:\/\/rauchfrei.at\/#website","url":"https:\/\/rauchfrei.at\/","name":"Rauchfrei Telefon","description":"Eine \u00f6sterreichweite Initiative der Sozialversicherungen.","potentialAction":[{"@type":"SearchAction","target":{"@type":"EntryPoint","urlTemplate":"https:\/\/rauchfrei.at\/?s={search_term_string}"},"query-input":{"@type":"PropertyValueSpecification","valueRequired":true,"valueName":"search_term_string"}}],"inLanguage":"en-US"},{"@type":"Person","@id":"https:\/\/rauchfrei.at\/#\/schema\/person\/504bbf90c5482004fc09aef6de7f9277","name":"Rauchfrei Team","image":{"@type":"ImageObject","inLanguage":"en-US","@id":"https:\/\/rauchfrei.at\/#\/schema\/person\/image\/","url":"https:\/\/secure.gravatar.com\/avatar\/2115b79a00800516fa1523bb5a329611f90e73e89be559131fc7e82b4fdc95ff?s=96&d=mm&r=g","contentUrl":"https:\/\/secure.gravatar.com\/avatar\/2115b79a00800516fa1523bb5a329611f90e73e89be559131fc7e82b4fdc95ff?s=96&d=mm&r=g","caption":"Rauchfrei Team"},"url":"https:\/\/rauchfrei.at\/en\/author\/rauchfrei-team\/"}]}},"_links":{"self":[{"href":"https:\/\/rauchfrei.at\/en\/wp-json\/wp\/v2\/posts\/23799","targetHints":{"allow":["GET"]}}],"collection":[{"href":"https:\/\/rauchfrei.at\/en\/wp-json\/wp\/v2\/posts"}],"about":[{"href":"https:\/\/rauchfrei.at\/en\/wp-json\/wp\/v2\/types\/post"}],"author":[{"embeddable":true,"href":"https:\/\/rauchfrei.at\/en\/wp-json\/wp\/v2\/users\/25"}],"replies":[{"embeddable":true,"href":"https:\/\/rauchfrei.at\/en\/wp-json\/wp\/v2\/comments?post=23799"}],"version-history":[{"count":12,"href":"https:\/\/rauchfrei.at\/en\/wp-json\/wp\/v2\/posts\/23799\/revisions"}],"predecessor-version":[{"id":24278,"href":"https:\/\/rauchfrei.at\/en\/wp-json\/wp\/v2\/posts\/23799\/revisions\/24278"}],"wp:attachment":[{"href":"https:\/\/rauchfrei.at\/en\/wp-json\/wp\/v2\/media?parent=23799"}],"wp:term":[{"taxonomy":"category","embeddable":true,"href":"https:\/\/rauchfrei.at\/en\/wp-json\/wp\/v2\/categories?post=23799"},{"taxonomy":"post_tag","embeddable":true,"href":"https:\/\/rauchfrei.at\/en\/wp-json\/wp\/v2\/tags?post=23799"}],"curies":[{"name":"wp","href":"https:\/\/api.w.org\/{rel}","templated":true}]}}