
{"id":2393,"date":"2012-07-06T10:06:42","date_gmt":"2012-07-06T10:06:42","guid":{"rendered":"http:\/\/web362.itscserver.org\/wordpress\/?p=2393"},"modified":"2012-07-16T08:52:31","modified_gmt":"2012-07-16T06:52:31","slug":"an-unsere-treuen-forumsnutzer-der-alten-homepage","status":"publish","type":"post","link":"https:\/\/rauchfrei.at\/en\/an-unsere-treuen-forumsnutzer-der-alten-homepage\/","title":{"rendered":"An unsere treuen Forumsnutzer der alten Homepage"},"content":{"rendered":"<p>Unsere alte Homepage hat ausgedient. Mit ihr geht auch unser Forum in den Ruhestand und wird durch unsere Community ersetzt. Wir freuen uns, unsere treuen Forumsmitglieder auch in unserer neuen Version begr\u00fc\u00dfen zu d\u00fcrfen. In den n\u00e4chsten Monaten werden wir die wichtigsten Themen des Forums auch in der Community zur Diskussion stellen.<\/p>\n","protected":false},"excerpt":{"rendered":"<p>Unsere alte Homepage hat ausgedient. Mit ihr geht auch unser Forum in den Ruhestand und wird durch unsere Community ersetzt.<\/p>\n","protected":false},"author":8,"featured_media":0,"comment_status":"open","ping_status":"open","sticky":false,"template":"","format":"standard","meta":{"_et_pb_use_builder":"","_et_pb_old_content":"","_et_gb_content_width":"","footnotes":""},"categories":[236],"tags":[23],"class_list":["post-2393","post","type-post","status-publish","format-standard","hentry","category-nicht-kategorisiert","tag-blog"],"yoast_head":"<!-- This site is optimized with the Yoast SEO plugin v26.2 - https:\/\/yoast.com\/wordpress\/plugins\/seo\/ -->\n<title>An unsere treuen Forumsnutzer der alten Homepage - Rauchfrei Telefon<\/title>\n<meta name=\"robots\" content=\"index, follow, max-snippet:-1, max-image-preview:large, max-video-preview:-1\" \/>\n<link rel=\"canonical\" href=\"https:\/\/rauchfrei.at\/an-unsere-treuen-forumsnutzer-der-alten-homepage\/\" \/>\n<meta property=\"og:locale\" content=\"en_US\" \/>\n<meta property=\"og:type\" content=\"article\" \/>\n<meta property=\"og:title\" content=\"An unsere treuen Forumsnutzer der alten Homepage - Rauchfrei Telefon\" \/>\n<meta property=\"og:description\" content=\"Unsere alte Homepage hat ausgedient. Mit ihr geht auch unser Forum in den Ruhestand und wird durch unsere Community ersetzt.\" \/>\n<meta property=\"og:url\" content=\"https:\/\/rauchfrei.at\/an-unsere-treuen-forumsnutzer-der-alten-homepage\/\" \/>\n<meta property=\"og:site_name\" content=\"Rauchfrei Telefon\" \/>\n<meta property=\"article:published_time\" content=\"2012-07-06T10:06:42+00:00\" \/>\n<meta property=\"article:modified_time\" content=\"2012-07-16T06:52:31+00:00\" \/>\n<meta name=\"author\" content=\"Ulrike Haberl\" \/>\n<meta name=\"twitter:card\" content=\"summary_large_image\" \/>\n<meta name=\"twitter:label1\" content=\"Written by\" \/>\n\t<meta name=\"twitter:data1\" content=\"Ulrike Haberl\" \/>\n<script type=\"application\/ld+json\" class=\"yoast-schema-graph\">{\"@context\":\"https:\/\/schema.org\",\"@graph\":[{\"@type\":\"WebPage\",\"@id\":\"https:\/\/rauchfrei.at\/an-unsere-treuen-forumsnutzer-der-alten-homepage\/\",\"url\":\"https:\/\/rauchfrei.at\/an-unsere-treuen-forumsnutzer-der-alten-homepage\/\",\"name\":\"An unsere treuen Forumsnutzer der alten Homepage - Rauchfrei Telefon\",\"isPartOf\":{\"@id\":\"https:\/\/rauchfrei.at\/#website\"},\"datePublished\":\"2012-07-06T10:06:42+00:00\",\"dateModified\":\"2012-07-16T06:52:31+00:00\",\"author\":{\"@id\":\"https:\/\/rauchfrei.at\/#\/schema\/person\/472a44f55d4fc300fc70425c3c75e634\"},\"inLanguage\":\"en-US\",\"potentialAction\":[{\"@type\":\"ReadAction\",\"target\":[\"https:\/\/rauchfrei.at\/an-unsere-treuen-forumsnutzer-der-alten-homepage\/\"]}]},{\"@type\":\"WebSite\",\"@id\":\"https:\/\/rauchfrei.at\/#website\",\"url\":\"https:\/\/rauchfrei.at\/\",\"name\":\"Rauchfrei Telefon\",\"description\":\"Eine \u00f6sterreichweite Initiative der Sozialversicherungen.\",\"potentialAction\":[{\"@type\":\"SearchAction\",\"target\":{\"@type\":\"EntryPoint\",\"urlTemplate\":\"https:\/\/rauchfrei.at\/?s={search_term_string}\"},\"query-input\":{\"@type\":\"PropertyValueSpecification\",\"valueRequired\":true,\"valueName\":\"search_term_string\"}}],\"inLanguage\":\"en-US\"},{\"@type\":\"Person\",\"@id\":\"https:\/\/rauchfrei.at\/#\/schema\/person\/472a44f55d4fc300fc70425c3c75e634\",\"name\":\"Ulrike Haberl\",\"image\":{\"@type\":\"ImageObject\",\"inLanguage\":\"en-US\",\"@id\":\"https:\/\/rauchfrei.at\/#\/schema\/person\/image\/\",\"url\":\"https:\/\/secure.gravatar.com\/avatar\/c551a2939e3a5a869db25a8e441f400663149e7da949d998e80a14ff6d544d29?s=96&d=mm&r=g\",\"contentUrl\":\"https:\/\/secure.gravatar.com\/avatar\/c551a2939e3a5a869db25a8e441f400663149e7da949d998e80a14ff6d544d29?s=96&d=mm&r=g\",\"caption\":\"Ulrike Haberl\"},\"url\":\"https:\/\/rauchfrei.at\/en\/author\/ulrike-haberl\/\"}]}<\/script>\n<!-- \/ Yoast SEO plugin. -->","yoast_head_json":{"title":"An unsere treuen Forumsnutzer der alten Homepage - Rauchfrei Telefon","robots":{"index":"index","follow":"follow","max-snippet":"max-snippet:-1","max-image-preview":"max-image-preview:large","max-video-preview":"max-video-preview:-1"},"canonical":"https:\/\/rauchfrei.at\/an-unsere-treuen-forumsnutzer-der-alten-homepage\/","og_locale":"en_US","og_type":"article","og_title":"An unsere treuen Forumsnutzer der alten Homepage - Rauchfrei Telefon","og_description":"Unsere alte Homepage hat ausgedient. Mit ihr geht auch unser Forum in den Ruhestand und wird durch unsere Community ersetzt.","og_url":"https:\/\/rauchfrei.at\/an-unsere-treuen-forumsnutzer-der-alten-homepage\/","og_site_name":"Rauchfrei Telefon","article_published_time":"2012-07-06T10:06:42+00:00","article_modified_time":"2012-07-16T06:52:31+00:00","author":"Ulrike Haberl","twitter_card":"summary_large_image","twitter_misc":{"Written by":"Ulrike Haberl"},"schema":{"@context":"https:\/\/schema.org","@graph":[{"@type":"WebPage","@id":"https:\/\/rauchfrei.at\/an-unsere-treuen-forumsnutzer-der-alten-homepage\/","url":"https:\/\/rauchfrei.at\/an-unsere-treuen-forumsnutzer-der-alten-homepage\/","name":"An unsere treuen Forumsnutzer der alten Homepage - Rauchfrei Telefon","isPartOf":{"@id":"https:\/\/rauchfrei.at\/#website"},"datePublished":"2012-07-06T10:06:42+00:00","dateModified":"2012-07-16T06:52:31+00:00","author":{"@id":"https:\/\/rauchfrei.at\/#\/schema\/person\/472a44f55d4fc300fc70425c3c75e634"},"inLanguage":"en-US","potentialAction":[{"@type":"ReadAction","target":["https:\/\/rauchfrei.at\/an-unsere-treuen-forumsnutzer-der-alten-homepage\/"]}]},{"@type":"WebSite","@id":"https:\/\/rauchfrei.at\/#website","url":"https:\/\/rauchfrei.at\/","name":"Rauchfrei Telefon","description":"Eine \u00f6sterreichweite Initiative der Sozialversicherungen.","potentialAction":[{"@type":"SearchAction","target":{"@type":"EntryPoint","urlTemplate":"https:\/\/rauchfrei.at\/?s={search_term_string}"},"query-input":{"@type":"PropertyValueSpecification","valueRequired":true,"valueName":"search_term_string"}}],"inLanguage":"en-US"},{"@type":"Person","@id":"https:\/\/rauchfrei.at\/#\/schema\/person\/472a44f55d4fc300fc70425c3c75e634","name":"Ulrike Haberl","image":{"@type":"ImageObject","inLanguage":"en-US","@id":"https:\/\/rauchfrei.at\/#\/schema\/person\/image\/","url":"https:\/\/secure.gravatar.com\/avatar\/c551a2939e3a5a869db25a8e441f400663149e7da949d998e80a14ff6d544d29?s=96&d=mm&r=g","contentUrl":"https:\/\/secure.gravatar.com\/avatar\/c551a2939e3a5a869db25a8e441f400663149e7da949d998e80a14ff6d544d29?s=96&d=mm&r=g","caption":"Ulrike Haberl"},"url":"https:\/\/rauchfrei.at\/en\/author\/ulrike-haberl\/"}]}},"_links":{"self":[{"href":"https:\/\/rauchfrei.at\/en\/wp-json\/wp\/v2\/posts\/2393","targetHints":{"allow":["GET"]}}],"collection":[{"href":"https:\/\/rauchfrei.at\/en\/wp-json\/wp\/v2\/posts"}],"about":[{"href":"https:\/\/rauchfrei.at\/en\/wp-json\/wp\/v2\/types\/post"}],"author":[{"embeddable":true,"href":"https:\/\/rauchfrei.at\/en\/wp-json\/wp\/v2\/users\/8"}],"replies":[{"embeddable":true,"href":"https:\/\/rauchfrei.at\/en\/wp-json\/wp\/v2\/comments?post=2393"}],"version-history":[{"count":5,"href":"https:\/\/rauchfrei.at\/en\/wp-json\/wp\/v2\/posts\/2393\/revisions"}],"predecessor-version":[{"id":3365,"href":"https:\/\/rauchfrei.at\/en\/wp-json\/wp\/v2\/posts\/2393\/revisions\/3365"}],"wp:attachment":[{"href":"https:\/\/rauchfrei.at\/en\/wp-json\/wp\/v2\/media?parent=2393"}],"wp:term":[{"taxonomy":"category","embeddable":true,"href":"https:\/\/rauchfrei.at\/en\/wp-json\/wp\/v2\/categories?post=2393"},{"taxonomy":"post_tag","embeddable":true,"href":"https:\/\/rauchfrei.at\/en\/wp-json\/wp\/v2\/tags?post=2393"}],"curies":[{"name":"wp","href":"https:\/\/api.w.org\/{rel}","templated":true}]}}