
{"id":24033,"date":"2022-05-30T08:00:00","date_gmt":"2022-05-30T06:00:00","guid":{"rendered":"https:\/\/rauchfrei.at\/?p=24033"},"modified":"2022-05-25T12:57:44","modified_gmt":"2022-05-25T10:57:44","slug":"automatisch-gespeicherter-entwurf-24033","status":"publish","type":"post","link":"https:\/\/rauchfrei.at\/en\/automatisch-gespeicherter-entwurf-24033\/","title":{"rendered":"Am 31. Mai ist der internationale Weltnichtrauchertag!"},"content":{"rendered":"\n[et_pb_section fb_built=&#8221;1&#8243; module_class=&#8221;header&#8221; _builder_version=&#8221;4.16&#8243; global_colors_info=&#8221;{}&#8221;][et_pb_row _builder_version=&#8221;4.16&#8243; global_colors_info=&#8221;{}&#8221;][et_pb_column type=&#8221;4_4&#8243; _builder_version=&#8221;4.16&#8243; custom_padding=&#8221;|||&#8221; global_colors_info=&#8221;{}&#8221; custom_padding__hover=&#8221;|||&#8221;][et_pb_dp_dmb_module_10001 subheadline=&#8221;Am 31. Mai ist der internationale Weltnichtrauchertag!&#8221; _builder_version=&#8221;4.17.1&#8243; hover_enabled=&#8221;0&#8243; global_colors_info=&#8221;{}&#8221; sticky_enabled=&#8221;0&#8243;][\/et_pb_dp_dmb_module_10001][\/et_pb_column][\/et_pb_row][\/et_pb_section][et_pb_section fb_built=&#8221;1&#8243; _builder_version=&#8221;4.16&#8243; custom_padding=&#8221;30px|||&#8221; global_colors_info=&#8221;{}&#8221;][et_pb_row column_structure=&#8221;2_3,1_3&#8243; _builder_version=&#8221;4.16&#8243; global_colors_info=&#8221;{}&#8221;][et_pb_column type=&#8221;2_3&#8243; module_class=&#8221;blog-content&#8221; _builder_version=&#8221;4.16&#8243; custom_padding=&#8221;|||&#8221; global_colors_info=&#8221;{}&#8221; custom_padding__hover=&#8221;|||&#8221;][et_pb_image src=&#8221;https:\/\/rauchfrei.at\/wp-content\/uploads\/IMG-20220519-WA0022.jpg&#8221; title_text=&#8221;IMG-20220519-WA0022&#8243; align_tablet=&#8221;center&#8221; align_phone=&#8221;center&#8221; align_last_edited=&#8221;on|desktop&#8221; _builder_version=&#8221;4.17.1&#8243; always_center_on_mobile=&#8221;on&#8221; global_colors_info=&#8221;{}&#8221;][\/et_pb_image][et_pb_text _builder_version=&#8221;4.17.1&#8243; global_colors_info=&#8221;{}&#8221;]<p>Die Initiative der \u00d6sterreichischen Gesundheitskasse <strong>#SchickOhneTschick<\/strong> ruft Menschen in ganz \u00d6sterreich dazu auf, die Umwelt von Zigarettenabf\u00e4llen zu befreien. Auch das Rauchfrei Telefon hat flei\u00dfig Tschickstummel vom Boden aufgesammelt, um sie anschlie\u00dfend richtig zu entsorgen.<\/p>\n<p>Mehr Informationen zur Challenge der \u00d6GK finden Sie <a href=\"https:\/\/www.gesundheitskasse.at\/cdscontent\/?contentid=10007.885769&amp;portal=oegkportal\" target=\"_blank\" rel=\"noopener\">hier<\/a>:<\/p>\n<p>Informationen zum Thema Rauchfrei f\u00fcr die Umwelt und auch zu anderen Aspekten wie Passivrauch oder Rauchfrei werden in der Schwangerschaft, bietet rund um den Weltnichtrauchertag im Rahmen von kostenfreien Online-Vortr\u00e4ge der Dachverband der Sozialversicherungstr\u00e4ger gemeinsam mit der BVAEB, der \u00d6GK und der SVS an. Informationen und Anmeldem\u00f6glichkeit finden Sie <a href=\"https:\/\/rauchfrei.at\/kostenfreie-online-vortragsreihe-rund-um-den-weltnichtrauchertag-2022\/\" target=\"_blank\" rel=\"noopener\">hier<\/a>: <\/p>\n<p>Die beste L\u00f6sung f\u00fcr Mensch und Umwelt ist und bleibt die Rauchfreiheit. Gerne beraten wir Sie am Rauchfrei Telefon zum Rauchfrei werden. Nutzen Sie unsere kostenlose Rauchfrei App \u2013 <a href=\"http:\/\/www.rauchfreiapp.at\" target=\"_blank\" rel=\"noopener\">www.rauchfreiapp.at<\/a>. Regelm\u00e4\u00dfig finden regional und online Kurse zur Tabak- und Nikotinentw\u00f6hnung statt. Aktuelle Informationen bietet die Website der \u00d6sterreichischen Gesundheitskasse unter <a href=\"http:\/\/www.gesundheitskasse.at\/rauchfrei\" target=\"_blank\" rel=\"noopener\">www.gesundheitskasse.at\/rauchfrei<\/a>. Mit Unterst\u00fctzung geht\u00b4s leichter!<\/p>[\/et_pb_text][et_pb_post_nav in_same_term=&#8221;off&#8221; _builder_version=&#8221;4.16&#8243; global_colors_info=&#8221;{}&#8221;][\/et_pb_post_nav][\/et_pb_column][et_pb_column type=&#8221;1_3&#8243; module_class=&#8221;cat-and-tag&#8221; _builder_version=&#8221;4.16&#8243; custom_padding=&#8221;|||&#8221; global_colors_info=&#8221;{}&#8221; custom_padding__hover=&#8221;|||&#8221;][et_pb_dp_dmb_module_10093 farbe=&#8221;blitzblau&#8221; headline=&#8221;Rauchfrei schwanger&#8221; image=&#8221;https:\/\/rauchfrei.at\/wp-content\/uploads\/Pregnant.png&#8221; image_position=&#8221;center&#8221; link_text=&#8221;mehr dazu&#8221; link_url=&#8221;https:\/\/rauchfrei.at\/fakten\/schwangerschaft\/&#8221; admin_label=&#8221;Schwangere&#8221; _builder_version=&#8221;4.16&#8243; custom_margin=&#8221;0px|||&#8221; custom_padding=&#8221;0px|||&#8221; saved_tabs=&#8221;all&#8221; global_colors_info=&#8221;{}&#8221; global_module=&#8221;12601&#8243; theme_builder_area=&#8221;post_content&#8221;]<p>In der Schwangerschaft bewirkt die Rauchfreiheit besonders viel Gutes.<\/p>\n[\/et_pb_dp_dmb_module_10093][\/et_pb_column][\/et_pb_row][\/et_pb_section]\n","protected":false},"excerpt":{"rendered":"<p>Das heurige Motto der WHO steht im Zeichen der Umwelt. F\u00fcr viele Raucheinnen und Raucher steht die Gesundheit als Motivation f\u00fcr den Rauchstopp im Vordergrund. Doch auch der Umweltschutz ist f\u00fcr viele ein Grund rauchfrei zu werden. Anbau und Produktion schaden der Umwelt. Zwei Drittel der gerauchten Zigarettenstummel werden nicht richtig entsorgt und landen am Boden.<\/p>\n","protected":false},"author":25,"featured_media":0,"comment_status":"open","ping_status":"open","sticky":false,"template":"","format":"standard","meta":{"_et_pb_use_builder":"on","_et_pb_old_content":"","_et_gb_content_width":"2880","footnotes":""},"categories":[232,236],"tags":[],"class_list":["post-24033","post","type-post","status-publish","format-standard","hentry","category-nachrichten-vom-rauchfrei-telefon","category-nicht-kategorisiert"],"yoast_head":"<!-- This site is optimized with the Yoast SEO plugin v26.2 - https:\/\/yoast.com\/wordpress\/plugins\/seo\/ -->\n<title>Am 31. Mai ist der internationale Weltnichtrauchertag! - Rauchfrei Telefon<\/title>\n<meta name=\"robots\" content=\"index, follow, max-snippet:-1, max-image-preview:large, max-video-preview:-1\" \/>\n<link rel=\"canonical\" href=\"https:\/\/rauchfrei.at\/automatisch-gespeicherter-entwurf-24033\/\" \/>\n<meta property=\"og:locale\" content=\"en_US\" \/>\n<meta property=\"og:type\" content=\"article\" \/>\n<meta property=\"og:title\" content=\"Am 31. Mai ist der internationale Weltnichtrauchertag! - Rauchfrei Telefon\" \/>\n<meta property=\"og:description\" content=\"Das heurige Motto der WHO steht im Zeichen der Umwelt. F\u00fcr viele Raucheinnen und Raucher steht die Gesundheit als Motivation f\u00fcr den Rauchstopp im Vordergrund. Doch auch der Umweltschutz ist f\u00fcr viele ein Grund rauchfrei zu werden. Anbau und Produktion schaden der Umwelt. Zwei Drittel der gerauchten Zigarettenstummel werden nicht richtig entsorgt und landen am Boden.\" \/>\n<meta property=\"og:url\" content=\"https:\/\/rauchfrei.at\/automatisch-gespeicherter-entwurf-24033\/\" \/>\n<meta property=\"og:site_name\" content=\"Rauchfrei Telefon\" \/>\n<meta property=\"article:published_time\" content=\"2022-05-30T06:00:00+00:00\" \/>\n<meta name=\"author\" content=\"Rauchfrei Team\" \/>\n<meta name=\"twitter:card\" content=\"summary_large_image\" \/>\n<meta name=\"twitter:label1\" content=\"Written by\" \/>\n\t<meta name=\"twitter:data1\" content=\"Rauchfrei Team\" \/>\n\t<meta name=\"twitter:label2\" content=\"Est. reading time\" \/>\n\t<meta name=\"twitter:data2\" content=\"2 minutes\" \/>\n<script type=\"application\/ld+json\" class=\"yoast-schema-graph\">{\"@context\":\"https:\/\/schema.org\",\"@graph\":[{\"@type\":\"WebPage\",\"@id\":\"https:\/\/rauchfrei.at\/automatisch-gespeicherter-entwurf-24033\/\",\"url\":\"https:\/\/rauchfrei.at\/automatisch-gespeicherter-entwurf-24033\/\",\"name\":\"Am 31. Mai ist der internationale Weltnichtrauchertag! - Rauchfrei Telefon\",\"isPartOf\":{\"@id\":\"https:\/\/rauchfrei.at\/#website\"},\"datePublished\":\"2022-05-30T06:00:00+00:00\",\"author\":{\"@id\":\"https:\/\/rauchfrei.at\/#\/schema\/person\/504bbf90c5482004fc09aef6de7f9277\"},\"inLanguage\":\"en-US\",\"potentialAction\":[{\"@type\":\"ReadAction\",\"target\":[\"https:\/\/rauchfrei.at\/automatisch-gespeicherter-entwurf-24033\/\"]}]},{\"@type\":\"WebSite\",\"@id\":\"https:\/\/rauchfrei.at\/#website\",\"url\":\"https:\/\/rauchfrei.at\/\",\"name\":\"Rauchfrei Telefon\",\"description\":\"Eine \u00f6sterreichweite Initiative der Sozialversicherungen.\",\"potentialAction\":[{\"@type\":\"SearchAction\",\"target\":{\"@type\":\"EntryPoint\",\"urlTemplate\":\"https:\/\/rauchfrei.at\/?s={search_term_string}\"},\"query-input\":{\"@type\":\"PropertyValueSpecification\",\"valueRequired\":true,\"valueName\":\"search_term_string\"}}],\"inLanguage\":\"en-US\"},{\"@type\":\"Person\",\"@id\":\"https:\/\/rauchfrei.at\/#\/schema\/person\/504bbf90c5482004fc09aef6de7f9277\",\"name\":\"Rauchfrei Team\",\"image\":{\"@type\":\"ImageObject\",\"inLanguage\":\"en-US\",\"@id\":\"https:\/\/rauchfrei.at\/#\/schema\/person\/image\/\",\"url\":\"https:\/\/secure.gravatar.com\/avatar\/2115b79a00800516fa1523bb5a329611f90e73e89be559131fc7e82b4fdc95ff?s=96&d=mm&r=g\",\"contentUrl\":\"https:\/\/secure.gravatar.com\/avatar\/2115b79a00800516fa1523bb5a329611f90e73e89be559131fc7e82b4fdc95ff?s=96&d=mm&r=g\",\"caption\":\"Rauchfrei Team\"},\"url\":\"https:\/\/rauchfrei.at\/en\/author\/rauchfrei-team\/\"}]}<\/script>\n<!-- \/ Yoast SEO plugin. -->","yoast_head_json":{"title":"Am 31. Mai ist der internationale Weltnichtrauchertag! - Rauchfrei Telefon","robots":{"index":"index","follow":"follow","max-snippet":"max-snippet:-1","max-image-preview":"max-image-preview:large","max-video-preview":"max-video-preview:-1"},"canonical":"https:\/\/rauchfrei.at\/automatisch-gespeicherter-entwurf-24033\/","og_locale":"en_US","og_type":"article","og_title":"Am 31. Mai ist der internationale Weltnichtrauchertag! - Rauchfrei Telefon","og_description":"Das heurige Motto der WHO steht im Zeichen der Umwelt. F\u00fcr viele Raucheinnen und Raucher steht die Gesundheit als Motivation f\u00fcr den Rauchstopp im Vordergrund. Doch auch der Umweltschutz ist f\u00fcr viele ein Grund rauchfrei zu werden. Anbau und Produktion schaden der Umwelt. Zwei Drittel der gerauchten Zigarettenstummel werden nicht richtig entsorgt und landen am Boden.","og_url":"https:\/\/rauchfrei.at\/automatisch-gespeicherter-entwurf-24033\/","og_site_name":"Rauchfrei Telefon","article_published_time":"2022-05-30T06:00:00+00:00","author":"Rauchfrei Team","twitter_card":"summary_large_image","twitter_misc":{"Written by":"Rauchfrei Team","Est. reading time":"2 minutes"},"schema":{"@context":"https:\/\/schema.org","@graph":[{"@type":"WebPage","@id":"https:\/\/rauchfrei.at\/automatisch-gespeicherter-entwurf-24033\/","url":"https:\/\/rauchfrei.at\/automatisch-gespeicherter-entwurf-24033\/","name":"Am 31. Mai ist der internationale Weltnichtrauchertag! - Rauchfrei Telefon","isPartOf":{"@id":"https:\/\/rauchfrei.at\/#website"},"datePublished":"2022-05-30T06:00:00+00:00","author":{"@id":"https:\/\/rauchfrei.at\/#\/schema\/person\/504bbf90c5482004fc09aef6de7f9277"},"inLanguage":"en-US","potentialAction":[{"@type":"ReadAction","target":["https:\/\/rauchfrei.at\/automatisch-gespeicherter-entwurf-24033\/"]}]},{"@type":"WebSite","@id":"https:\/\/rauchfrei.at\/#website","url":"https:\/\/rauchfrei.at\/","name":"Rauchfrei Telefon","description":"Eine \u00f6sterreichweite Initiative der Sozialversicherungen.","potentialAction":[{"@type":"SearchAction","target":{"@type":"EntryPoint","urlTemplate":"https:\/\/rauchfrei.at\/?s={search_term_string}"},"query-input":{"@type":"PropertyValueSpecification","valueRequired":true,"valueName":"search_term_string"}}],"inLanguage":"en-US"},{"@type":"Person","@id":"https:\/\/rauchfrei.at\/#\/schema\/person\/504bbf90c5482004fc09aef6de7f9277","name":"Rauchfrei Team","image":{"@type":"ImageObject","inLanguage":"en-US","@id":"https:\/\/rauchfrei.at\/#\/schema\/person\/image\/","url":"https:\/\/secure.gravatar.com\/avatar\/2115b79a00800516fa1523bb5a329611f90e73e89be559131fc7e82b4fdc95ff?s=96&d=mm&r=g","contentUrl":"https:\/\/secure.gravatar.com\/avatar\/2115b79a00800516fa1523bb5a329611f90e73e89be559131fc7e82b4fdc95ff?s=96&d=mm&r=g","caption":"Rauchfrei Team"},"url":"https:\/\/rauchfrei.at\/en\/author\/rauchfrei-team\/"}]}},"_links":{"self":[{"href":"https:\/\/rauchfrei.at\/en\/wp-json\/wp\/v2\/posts\/24033","targetHints":{"allow":["GET"]}}],"collection":[{"href":"https:\/\/rauchfrei.at\/en\/wp-json\/wp\/v2\/posts"}],"about":[{"href":"https:\/\/rauchfrei.at\/en\/wp-json\/wp\/v2\/types\/post"}],"author":[{"embeddable":true,"href":"https:\/\/rauchfrei.at\/en\/wp-json\/wp\/v2\/users\/25"}],"replies":[{"embeddable":true,"href":"https:\/\/rauchfrei.at\/en\/wp-json\/wp\/v2\/comments?post=24033"}],"version-history":[{"count":5,"href":"https:\/\/rauchfrei.at\/en\/wp-json\/wp\/v2\/posts\/24033\/revisions"}],"predecessor-version":[{"id":24042,"href":"https:\/\/rauchfrei.at\/en\/wp-json\/wp\/v2\/posts\/24033\/revisions\/24042"}],"wp:attachment":[{"href":"https:\/\/rauchfrei.at\/en\/wp-json\/wp\/v2\/media?parent=24033"}],"wp:term":[{"taxonomy":"category","embeddable":true,"href":"https:\/\/rauchfrei.at\/en\/wp-json\/wp\/v2\/categories?post=24033"},{"taxonomy":"post_tag","embeddable":true,"href":"https:\/\/rauchfrei.at\/en\/wp-json\/wp\/v2\/tags?post=24033"}],"curies":[{"name":"wp","href":"https:\/\/api.w.org\/{rel}","templated":true}]}}