
{"id":24255,"date":"2022-06-27T08:00:00","date_gmt":"2022-06-27T06:00:00","guid":{"rendered":"https:\/\/rauchfrei.at\/?p=24255"},"modified":"2022-06-22T10:20:24","modified_gmt":"2022-06-22T08:20:24","slug":"das-war-die-webinarereihe-zum-weltnichtrauchertag","status":"publish","type":"post","link":"https:\/\/rauchfrei.at\/en\/das-war-die-webinarereihe-zum-weltnichtrauchertag\/","title":{"rendered":"Das war die Webinarereihe zum Weltnichtrauchertag"},"content":{"rendered":"\n\n[et_pb_section fb_built=&#8221;1&#8243; module_class=&#8221;header&#8221; _builder_version=&#8221;4.16&#8243; global_colors_info=&#8221;{}&#8221;][et_pb_row _builder_version=&#8221;4.16&#8243; global_colors_info=&#8221;{}&#8221;][et_pb_column type=&#8221;4_4&#8243; _builder_version=&#8221;4.16&#8243; custom_padding=&#8221;|||&#8221; global_colors_info=&#8221;{}&#8221; custom_padding__hover=&#8221;|||&#8221;][et_pb_dp_dmb_module_10001 subheadline=&#8221;F\u00fcnf Aspekte des Themas Nikotin und Tabak&#8221; _builder_version=&#8221;4.17.1&#8243; global_colors_info=&#8221;{}&#8221;][\/et_pb_dp_dmb_module_10001][\/et_pb_column][\/et_pb_row][\/et_pb_section][et_pb_section fb_built=&#8221;1&#8243; _builder_version=&#8221;4.16&#8243; custom_padding=&#8221;30px|||&#8221; global_colors_info=&#8221;{}&#8221;][et_pb_row column_structure=&#8221;2_3,1_3&#8243; _builder_version=&#8221;4.16&#8243; global_colors_info=&#8221;{}&#8221;][et_pb_column type=&#8221;2_3&#8243; module_class=&#8221;blog-content&#8221; _builder_version=&#8221;4.16&#8243; custom_padding=&#8221;|||&#8221; global_colors_info=&#8221;{}&#8221; custom_padding__hover=&#8221;|||&#8221;][et_pb_text _builder_version=&#8221;4.17.1&#8243; global_colors_info=&#8221;{}&#8221;]<p>Anl\u00e4sslich des Weltnichtrauchertages organisierte die Sozialversicherungstr\u00e4ger eine umfassende Vortragsreihe. Gemeinsam mit der BVAEB (Versicherungsanstalt \u00f6ffentlich Bediensteter, Eisbahnen und Bergbau), der \u00d6GK (\u00d6sterreichischen Gesundheitskasse) und der SVS (Sozialversicherung der Selbstst\u00e4ndigen) organisierte der Dachverband der Sozialversicherungstr\u00e4ger eine spannende Vortragsreihe.<\/p>\n<p>F\u00fcr jene, die nicht teilnehmen konnten, fassen wir ein paar Punkte zusammen:<\/p>\n<ul>\n<li><strong>Auch (k)alter Rauch sch\u00e4digt \u2013 Wissenswertes zu Passiv- &amp; Dritthandrauch<br \/><\/strong>Mittlerweile wei\u00df man auch um die Schadstoffbelastung durch Passivrauch. Umweltmediziner Hans-Peter Hutter erkl\u00e4rte warum er sogar sch\u00e4dlicher ist, als der aktiv eingeatmete Rauch. Das Verglimmen hinterl\u00e4sst mehr Schadstoffe als das Verbrennen. Diese nicht g\u00e4nzlich verbrannten Stoffe bewirken ein hohes Gesundheitsrisiko.<br \/><em>Take Home Message:<\/em> Der Erhitzungsprozess hinterl\u00e4sst mehr Schadstoffe als der Verbrennungsprozess. Gesundheitsbelastung durch Passivrauch kann verhindert werden:<\/li>\n<li><strong>Rauchfrei werden? Aber ja!<\/strong><br \/>Die vielen Gr\u00fcnde, die f\u00fcr den Rauchstopp sprechen, kennen Raucherinnen und Raucher meist selbst. Von Sophie Meingassner gab es Hilfestellungen und viele Informationen, damit der Weg in die Rauchfreiheit leichter gelingt.<br \/><em>Take Home Message:<\/em> Die Unzufriedenheit mit dem Nikotinkonsum ist der erste Schritt in die Rauchfreiheit. Die Entscheidung, etwas zu tun, der zweite Schritt dahin.<\/li>\n<li><strong>Rauchfrei in der Schwangerschaft<br \/><\/strong>In der Schwangerschaft gelingt es vielen, rauchfrei zu werden, andere tun sich damit schwer. Die Expertin Bernadette Schnait gab erste Unterst\u00fctzung und Antworten auf Fragen.<br \/><em>Take Home Message:<\/em> Individuelle Vorbereitung und die M\u00f6glichkeit, pers\u00f6nliche Sorgen und Schwierigkeiten anzusprechen, helfen beim Weg in die Rauchfreiheit \u2013 gerade in der Schwangerschaft.<\/li>\n<li><strong>Neue Tabak- und Nikotinprodukte \u2013 (k)ein bedenkenloser Konsum?<br \/><\/strong>Waltraud Posch gab in ihrem Vortrag einen \u00dcberblick \u00fcber die vielen, teilweise neuen Tabak- und Nikotinprodukte und informierte \u00fcber die Produkte, die teilweise als \u201eges\u00fcnder\u201c beworben werden.<br \/><em>Take Home Message:<\/em> Egal ob geraucht oder anders konsumiert, es gibt keine gesunden Nikotinprodukte!<\/li>\n<\/ul>\n<p>Der letzte Vortrag aus der Reihe widmete sich ganz dem diesj\u00e4hrigen Thema des Weltnichtrauchertages, dem Schutz unserer Umwelt:<\/p>\n<ul>\n<li><strong>Umwelt sch\u00fctzen? Rauchfrei Leben!<br \/><\/strong>Ern\u00fcchternde Fakten dar\u00fcber welchen immensen Einfluss der Anbau und die Produktion von Tabak und Nikotin auf Umwelt und Klima haben, zeigte Expertin Sonja von Eichborn. Angefangen vom Anbau, \u00fcber die Produktion bis hin zur Entsorgung \u2013 in jedem Stadium stellt die Tabakindustrie eine unglaubliche Belastung f\u00fcr die Umwelt dar. Der Energieaufwand, der Einsatz von Chemikalien und der Wasserbedarf, der bei der Nikotinproduktion erforderlich ist, machte die Zuh\u00f6rerinnen und Zuh\u00f6rer sprachlos.<br \/><em>Take Home Message:<\/em> Der Rauchstopp ist auch gut f\u00fcr die Umwelt, schon die richtige Entsorgung von Zigarettenstummeln ist wertvoll.<\/li>\n<\/ul>\n<p>Auch die \u00a0<strong>#SchickOhneTschick-Challenge<\/strong> der \u00d6sterreichischen Gesundheitskasse die auf den \u201eSocial Media Kan\u00e4len\u201c Facebook und Instagram dazu aufgerufen hat, Zigarettenstummel zu sammeln, war ein Erfolg: \u00fcber 30.000 Stummel wurden vom Boden gesammelt und danach richtig entsorgt.<\/p>\n<p>&nbsp;<\/p>[\/et_pb_text][et_pb_post_nav in_same_term=&#8221;off&#8221; _builder_version=&#8221;4.16&#8243; global_colors_info=&#8221;{}&#8221;][\/et_pb_post_nav][\/et_pb_column][et_pb_column type=&#8221;1_3&#8243; module_class=&#8221;cat-and-tag&#8221; _builder_version=&#8221;4.16&#8243; custom_padding=&#8221;|||&#8221; global_colors_info=&#8221;{}&#8221; custom_padding__hover=&#8221;|||&#8221;][et_pb_sidebar area=&#8221;et_pb_widget_area_1&#8243; _builder_version=&#8221;4.16&#8243; global_colors_info=&#8221;{}&#8221;][\/et_pb_sidebar][et_pb_dp_dmb_module_10093 farbe=&#8221;blitzblau&#8221; headline=&#8221;Alternativen zum Rauchen&#8221; image=&#8221;https:\/\/rauchfrei.at\/wp-content\/uploads\/Relax-in-hammok.png&#8221; image_position=&#8221;center&#8221; link_text=&#8221;mehr&#8221; link_url=&#8221;https:\/\/rauchfrei.at\/alternativen\/&#8221; admin_label=&#8221;Alternativen zum Rauchen&#8221; _builder_version=&#8221;4.9.0&#8243; z_index_tablet=&#8221;500&#8243; global_module=&#8221;13174&#8243; saved_tabs=&#8221;all&#8221; global_colors_info=&#8221;{}&#8221;]<p>Es gibt viele M\u00f6glichkeiten, um nicht zur Zigarette zu greifen!<\/p>\n[\/et_pb_dp_dmb_module_10093][et_pb_dp_dmb_module_10080 link_text=&#8221;hier kostenfrei bestellen&#8221; link_url=&#8221;https:\/\/rauchfrei.at\/broschueren-downloads\/bestellung\/&#8221; admin_label=&#8221;Materialbestellung&#8221; _builder_version=&#8221;3.21&#8243; global_module=&#8221;13132&#8243; saved_tabs=&#8221;all&#8221; global_colors_info=&#8221;{}&#8221;]<p><strong>Brosch\u00fcren<br \/>bestellen\u00a0<\/strong><\/p>\n[\/et_pb_dp_dmb_module_10080][et_pb_dp_dmb_module_10080 link_text=&#8221;zum Log In f\u00fcr Profis&#8221; link_url=&#8221;https:\/\/rauchfrei.at\/fuer-gesundheitsberufe\/das-rauchfrei-ticket-fuer-gesundheitsprofessionisten\/&#8221; admin_label=&#8221;Anmeldung Rauchfrei Ticket&#8221; _builder_version=&#8221;3.19.15&#8243; global_module=&#8221;13162&#8243; saved_tabs=&#8221;all&#8221; global_colors_info=&#8221;{}&#8221;]<p><span lang=\"DE-AT\">Das <strong>Rauchfrei Ticket<br \/><\/strong><\/span><\/p>\n[\/et_pb_dp_dmb_module_10080][et_pb_dp_dmb_module_10080 link_text=&#8221;Hier finden Sie Hilfe&#8221; admin_label=&#8221;R\u00fcckfall &#8211; was nun?&#8221; _builder_version=&#8221;4.16&#8243; global_colors_info=&#8221;{}&#8221; global_module=&#8221;13143&#8243; theme_builder_area=&#8221;post_content&#8221;]<p>R\u00fcckfall &#8211; was nun?<\/p>\n[\/et_pb_dp_dmb_module_10080][\/et_pb_column][\/et_pb_row][\/et_pb_section]\n\n","protected":false},"excerpt":{"rendered":"<p>Anl\u00e4sslich des Weltnichtrauchertages organisierte die Sozialversicherungstr\u00e4ger eine spannende Vortragsreihe. Wir fassen zusammen. <\/p>\n","protected":false},"author":25,"featured_media":0,"comment_status":"open","ping_status":"open","sticky":false,"template":"","format":"standard","meta":{"_et_pb_use_builder":"on","_et_pb_old_content":"","_et_gb_content_width":"2880","footnotes":""},"categories":[232],"tags":[],"class_list":["post-24255","post","type-post","status-publish","format-standard","hentry","category-nachrichten-vom-rauchfrei-telefon"],"yoast_head":"<!-- This site is optimized with the Yoast SEO plugin v26.2 - https:\/\/yoast.com\/wordpress\/plugins\/seo\/ -->\n<title>Das war die Webinarereihe zum Weltnichtrauchertag - Rauchfrei Telefon<\/title>\n<meta name=\"robots\" content=\"index, follow, max-snippet:-1, max-image-preview:large, max-video-preview:-1\" \/>\n<link rel=\"canonical\" href=\"https:\/\/rauchfrei.at\/das-war-die-webinarereihe-zum-weltnichtrauchertag\/\" \/>\n<meta property=\"og:locale\" content=\"en_US\" \/>\n<meta property=\"og:type\" content=\"article\" \/>\n<meta property=\"og:title\" content=\"Das war die Webinarereihe zum Weltnichtrauchertag - Rauchfrei Telefon\" \/>\n<meta property=\"og:description\" content=\"Anl\u00e4sslich des Weltnichtrauchertages organisierte die Sozialversicherungstr\u00e4ger eine spannende Vortragsreihe. Wir fassen zusammen.\" \/>\n<meta property=\"og:url\" content=\"https:\/\/rauchfrei.at\/das-war-die-webinarereihe-zum-weltnichtrauchertag\/\" \/>\n<meta property=\"og:site_name\" content=\"Rauchfrei Telefon\" \/>\n<meta property=\"article:published_time\" content=\"2022-06-27T06:00:00+00:00\" \/>\n<meta name=\"author\" content=\"Rauchfrei Team\" \/>\n<meta name=\"twitter:card\" content=\"summary_large_image\" \/>\n<meta name=\"twitter:label1\" content=\"Written by\" \/>\n\t<meta name=\"twitter:data1\" content=\"Rauchfrei Team\" \/>\n\t<meta name=\"twitter:label2\" content=\"Est. reading time\" \/>\n\t<meta name=\"twitter:data2\" content=\"4 minutes\" \/>\n<script type=\"application\/ld+json\" class=\"yoast-schema-graph\">{\"@context\":\"https:\/\/schema.org\",\"@graph\":[{\"@type\":\"WebPage\",\"@id\":\"https:\/\/rauchfrei.at\/das-war-die-webinarereihe-zum-weltnichtrauchertag\/\",\"url\":\"https:\/\/rauchfrei.at\/das-war-die-webinarereihe-zum-weltnichtrauchertag\/\",\"name\":\"Das war die Webinarereihe zum Weltnichtrauchertag - Rauchfrei Telefon\",\"isPartOf\":{\"@id\":\"https:\/\/rauchfrei.at\/#website\"},\"datePublished\":\"2022-06-27T06:00:00+00:00\",\"author\":{\"@id\":\"https:\/\/rauchfrei.at\/#\/schema\/person\/504bbf90c5482004fc09aef6de7f9277\"},\"inLanguage\":\"en-US\",\"potentialAction\":[{\"@type\":\"ReadAction\",\"target\":[\"https:\/\/rauchfrei.at\/das-war-die-webinarereihe-zum-weltnichtrauchertag\/\"]}]},{\"@type\":\"WebSite\",\"@id\":\"https:\/\/rauchfrei.at\/#website\",\"url\":\"https:\/\/rauchfrei.at\/\",\"name\":\"Rauchfrei Telefon\",\"description\":\"Eine \u00f6sterreichweite Initiative der Sozialversicherungen.\",\"potentialAction\":[{\"@type\":\"SearchAction\",\"target\":{\"@type\":\"EntryPoint\",\"urlTemplate\":\"https:\/\/rauchfrei.at\/?s={search_term_string}\"},\"query-input\":{\"@type\":\"PropertyValueSpecification\",\"valueRequired\":true,\"valueName\":\"search_term_string\"}}],\"inLanguage\":\"en-US\"},{\"@type\":\"Person\",\"@id\":\"https:\/\/rauchfrei.at\/#\/schema\/person\/504bbf90c5482004fc09aef6de7f9277\",\"name\":\"Rauchfrei Team\",\"image\":{\"@type\":\"ImageObject\",\"inLanguage\":\"en-US\",\"@id\":\"https:\/\/rauchfrei.at\/#\/schema\/person\/image\/\",\"url\":\"https:\/\/secure.gravatar.com\/avatar\/2115b79a00800516fa1523bb5a329611f90e73e89be559131fc7e82b4fdc95ff?s=96&d=mm&r=g\",\"contentUrl\":\"https:\/\/secure.gravatar.com\/avatar\/2115b79a00800516fa1523bb5a329611f90e73e89be559131fc7e82b4fdc95ff?s=96&d=mm&r=g\",\"caption\":\"Rauchfrei Team\"},\"url\":\"https:\/\/rauchfrei.at\/en\/author\/rauchfrei-team\/\"}]}<\/script>\n<!-- \/ Yoast SEO plugin. -->","yoast_head_json":{"title":"Das war die Webinarereihe zum Weltnichtrauchertag - Rauchfrei Telefon","robots":{"index":"index","follow":"follow","max-snippet":"max-snippet:-1","max-image-preview":"max-image-preview:large","max-video-preview":"max-video-preview:-1"},"canonical":"https:\/\/rauchfrei.at\/das-war-die-webinarereihe-zum-weltnichtrauchertag\/","og_locale":"en_US","og_type":"article","og_title":"Das war die Webinarereihe zum Weltnichtrauchertag - Rauchfrei Telefon","og_description":"Anl\u00e4sslich des Weltnichtrauchertages organisierte die Sozialversicherungstr\u00e4ger eine spannende Vortragsreihe. Wir fassen zusammen.","og_url":"https:\/\/rauchfrei.at\/das-war-die-webinarereihe-zum-weltnichtrauchertag\/","og_site_name":"Rauchfrei Telefon","article_published_time":"2022-06-27T06:00:00+00:00","author":"Rauchfrei Team","twitter_card":"summary_large_image","twitter_misc":{"Written by":"Rauchfrei Team","Est. reading time":"4 minutes"},"schema":{"@context":"https:\/\/schema.org","@graph":[{"@type":"WebPage","@id":"https:\/\/rauchfrei.at\/das-war-die-webinarereihe-zum-weltnichtrauchertag\/","url":"https:\/\/rauchfrei.at\/das-war-die-webinarereihe-zum-weltnichtrauchertag\/","name":"Das war die Webinarereihe zum Weltnichtrauchertag - Rauchfrei Telefon","isPartOf":{"@id":"https:\/\/rauchfrei.at\/#website"},"datePublished":"2022-06-27T06:00:00+00:00","author":{"@id":"https:\/\/rauchfrei.at\/#\/schema\/person\/504bbf90c5482004fc09aef6de7f9277"},"inLanguage":"en-US","potentialAction":[{"@type":"ReadAction","target":["https:\/\/rauchfrei.at\/das-war-die-webinarereihe-zum-weltnichtrauchertag\/"]}]},{"@type":"WebSite","@id":"https:\/\/rauchfrei.at\/#website","url":"https:\/\/rauchfrei.at\/","name":"Rauchfrei Telefon","description":"Eine \u00f6sterreichweite Initiative der Sozialversicherungen.","potentialAction":[{"@type":"SearchAction","target":{"@type":"EntryPoint","urlTemplate":"https:\/\/rauchfrei.at\/?s={search_term_string}"},"query-input":{"@type":"PropertyValueSpecification","valueRequired":true,"valueName":"search_term_string"}}],"inLanguage":"en-US"},{"@type":"Person","@id":"https:\/\/rauchfrei.at\/#\/schema\/person\/504bbf90c5482004fc09aef6de7f9277","name":"Rauchfrei Team","image":{"@type":"ImageObject","inLanguage":"en-US","@id":"https:\/\/rauchfrei.at\/#\/schema\/person\/image\/","url":"https:\/\/secure.gravatar.com\/avatar\/2115b79a00800516fa1523bb5a329611f90e73e89be559131fc7e82b4fdc95ff?s=96&d=mm&r=g","contentUrl":"https:\/\/secure.gravatar.com\/avatar\/2115b79a00800516fa1523bb5a329611f90e73e89be559131fc7e82b4fdc95ff?s=96&d=mm&r=g","caption":"Rauchfrei Team"},"url":"https:\/\/rauchfrei.at\/en\/author\/rauchfrei-team\/"}]}},"_links":{"self":[{"href":"https:\/\/rauchfrei.at\/en\/wp-json\/wp\/v2\/posts\/24255","targetHints":{"allow":["GET"]}}],"collection":[{"href":"https:\/\/rauchfrei.at\/en\/wp-json\/wp\/v2\/posts"}],"about":[{"href":"https:\/\/rauchfrei.at\/en\/wp-json\/wp\/v2\/types\/post"}],"author":[{"embeddable":true,"href":"https:\/\/rauchfrei.at\/en\/wp-json\/wp\/v2\/users\/25"}],"replies":[{"embeddable":true,"href":"https:\/\/rauchfrei.at\/en\/wp-json\/wp\/v2\/comments?post=24255"}],"version-history":[{"count":9,"href":"https:\/\/rauchfrei.at\/en\/wp-json\/wp\/v2\/posts\/24255\/revisions"}],"predecessor-version":[{"id":24274,"href":"https:\/\/rauchfrei.at\/en\/wp-json\/wp\/v2\/posts\/24255\/revisions\/24274"}],"wp:attachment":[{"href":"https:\/\/rauchfrei.at\/en\/wp-json\/wp\/v2\/media?parent=24255"}],"wp:term":[{"taxonomy":"category","embeddable":true,"href":"https:\/\/rauchfrei.at\/en\/wp-json\/wp\/v2\/categories?post=24255"},{"taxonomy":"post_tag","embeddable":true,"href":"https:\/\/rauchfrei.at\/en\/wp-json\/wp\/v2\/tags?post=24255"}],"curies":[{"name":"wp","href":"https:\/\/api.w.org\/{rel}","templated":true}]}}