
{"id":24363,"date":"2022-07-11T08:00:00","date_gmt":"2022-07-11T06:00:00","guid":{"rendered":"https:\/\/rauchfrei.at\/?p=24363"},"modified":"2022-06-28T17:45:07","modified_gmt":"2022-06-28T15:45:07","slug":"rauchen-bei-sommerhitze","status":"publish","type":"post","link":"https:\/\/rauchfrei.at\/en\/rauchen-bei-sommerhitze\/","title":{"rendered":"Rauchen bei Sommerhitze"},"content":{"rendered":"\n[et_pb_section fb_built=&#8221;1&#8243; module_class=&#8221;header&#8221; _builder_version=&#8221;4.16&#8243; global_colors_info=&#8221;{}&#8221;][et_pb_row _builder_version=&#8221;4.16&#8243; global_colors_info=&#8221;{}&#8221;][et_pb_column type=&#8221;4_4&#8243; _builder_version=&#8221;4.16&#8243; custom_padding=&#8221;|||&#8221; global_colors_info=&#8221;{}&#8221; custom_padding__hover=&#8221;|||&#8221;][et_pb_dp_dmb_module_10001 subheadline=&#8221;Eine gro\u00dfe Belastung f\u00fcr den K\u00f6rper&#8221; _builder_version=&#8221;4.17.1&#8243; global_colors_info=&#8221;{}&#8221;][\/et_pb_dp_dmb_module_10001][\/et_pb_column][\/et_pb_row][\/et_pb_section][et_pb_section fb_built=&#8221;1&#8243; _builder_version=&#8221;4.16&#8243; custom_padding=&#8221;30px|||&#8221; global_colors_info=&#8221;{}&#8221;][et_pb_row column_structure=&#8221;2_3,1_3&#8243; _builder_version=&#8221;4.16&#8243; global_colors_info=&#8221;{}&#8221;][et_pb_column type=&#8221;2_3&#8243; module_class=&#8221;blog-content&#8221; _builder_version=&#8221;4.16&#8243; custom_padding=&#8221;|||&#8221; global_colors_info=&#8221;{}&#8221; custom_padding__hover=&#8221;|||&#8221;][et_pb_text _builder_version=&#8221;4.17.1&#8243; hover_enabled=&#8221;0&#8243; global_colors_info=&#8221;{}&#8221; sticky_enabled=&#8221;0&#8243;]<p>Die Sommer werden immer hei\u00dfer und das Thermometer sinkt in den St\u00e4dten auch in den N\u00e4chten selten unter 20 Grad ab. Diese hohen Temperaturen stellen eine Belastung f\u00fcr unseren K\u00f6rper dar.<\/p>\n<p>So muss er versuchen, die K\u00f6rpertemperatur niedrig zu halten. Daf\u00fcr muss er die K\u00fchlung hochfahren, z.B. durch Schwei\u00dfbildung. Au\u00dferdem werden die Blutgef\u00e4\u00dfe erweitert, der Blutdruck sinkt und das Herz muss seine Pumpleistung anpassen. Zuletzt wird meist auch die Gehirnleistung aufgrund der geringeren Sauerstoffzufuhr gedrosselt. Das alles geschieht automatisch, belastet allerdings mitunter den Kreislauf. <\/p>\n<p>W\u00e4hrend des Rauchens werden \u00e4hnliche Systeme des K\u00f6rpers beansprucht, wodurch die Belastung noch verst\u00e4rkt wird. Bereits nach dem ersten Zug an einer Zigarette wird der Blutdruck erh\u00f6ht. Es wird Kohlenmonoxid eingeatmet, wodurch die gesamte Sauerstoffversorgung weiter verringert ist. Rauchen beeinflusst auch die Schwei\u00dfproduktion negativ, sprich die Schwei\u00dfproduktion ist bei Rauchern bzw. Raucherinnen an sich schon verst\u00e4rkt. Aus diesem Grund ist die Wirkung des Schwei\u00dfes bei hohen Temperaturen herabgesetzt. Dies alles f\u00fchrt dazu, dass Raucher\/innen die Hitze st\u00e4rker wahrnehmen und schneller Probleme mit dem Kreislauf oder dem Herz-Kreislauf-System bekommen.<\/p>\n<p><strong>G\u00f6nnen Sie sich und Ihrem K\u00f6rper eine Pause. Planen Sie Ihren Rauchstopp!<\/strong><br \/>Der Rauchstopp f\u00fchrt bereits nach 20 Minuten zu einer Normalisierung des Blutdrucks. Innerhalb von 24h kommt es zu einem kompletten Abbau des Kohlenmonoxids und dadurch zu einer normalen Sauerstoffversorgung des K\u00f6rpers. Nach zwei Wochen normalisiert sich au\u00dferdem die Kreislauffunktion des K\u00f6rpers. So hat der K\u00f6rper wieder Reserven und kann mit der Sommerhitze besser umgehen.<\/p>\n<p>Quelle: <br \/><a href=\"https:\/\/www.helios-gesundheit.de\/kliniken\/muenchen-west\/unser-haus\/aktuelles\/detail\/news\/was-die-extreme-hitze-mit-unserem-koerper-macht\/\" target=\"_blank\" rel=\"noopener\">www.helios-gesundheit.de<\/a><br \/><a href=\"https:\/\/www.gesund-vital-online.de\/uebermaessiges-schwitzen-hyperhidrose\/\" target=\"_blank\" rel=\"noopener\">www.gesund-vital-online.de<\/a><br \/><a href=\"https:\/\/www.rauch-frei.info\/wissen\/gefahren-und-risiken\/wie-wirks-im-koerper\/\" target=\"_blank\" rel=\"noopener\">www.rauch-frei.info<\/a><\/p>\n<p>&nbsp;<\/p>[\/et_pb_text][et_pb_post_nav in_same_term=&#8221;off&#8221; _builder_version=&#8221;4.16&#8243; global_colors_info=&#8221;{}&#8221;][\/et_pb_post_nav][\/et_pb_column][et_pb_column type=&#8221;1_3&#8243; module_class=&#8221;cat-and-tag&#8221; _builder_version=&#8221;4.16&#8243; custom_padding=&#8221;|||&#8221; global_colors_info=&#8221;{}&#8221; custom_padding__hover=&#8221;|||&#8221;][et_pb_dp_dmb_module_10093 farbe=&#8221;blitzblau&#8221; headline=&#8221;Alternativen zum Rauchen&#8221; image=&#8221;https:\/\/rauchfrei.at\/wp-content\/uploads\/Relax-in-hammok.png&#8221; image_position=&#8221;center&#8221; link_text=&#8221;mehr&#8221; link_url=&#8221;https:\/\/rauchfrei.at\/alternativen\/&#8221; admin_label=&#8221;Alternativen zum Rauchen&#8221; _builder_version=&#8221;4.9.0&#8243; z_index_tablet=&#8221;500&#8243; global_module=&#8221;13174&#8243; saved_tabs=&#8221;all&#8221; global_colors_info=&#8221;{}&#8221;]<p>Es gibt viele M\u00f6glichkeiten, um nicht zur Zigarette zu greifen!<\/p>\n[\/et_pb_dp_dmb_module_10093][et_pb_dp_dmb_module_10093 farbe=&#8221;beige&#8221; headline=&#8221;Die Rauchfrei App &#8221; image=&#8221;https:\/\/rauchfrei.at\/wp-content\/uploads\/rauchfreiapp_screens.png&#8221; image_position=&#8221;center&#8221; link_text=&#8221;mehr &#8221; link_url=&#8221;https:\/\/rauchfrei.at\/die-rauchfrei-app\/&#8221; image_size=&#8221;80&#8243; admin_label=&#8221;Infos zur Rauchfrei App&#8221; _builder_version=&#8221;3.21.1&#8243; z_index_tablet=&#8221;500&#8243; global_module=&#8221;13152&#8243; saved_tabs=&#8221;all&#8221; global_colors_info=&#8221;{}&#8221;]<p>Die Rauchfrei App hilft und unterst\u00fctzt kostenfrei!<\/p>\n[\/et_pb_dp_dmb_module_10093][\/et_pb_column][\/et_pb_row][\/et_pb_section]\n","protected":false},"excerpt":{"rendered":"<p>Der Sommer ist nun voll und ganz bei uns angekommen. Hohe Temperaturen, viel Sonne und hei\u00dfe N\u00e4chte \u2013 f\u00fcr unsere K\u00f6rper ist das Schwerstarbeit. Rauchen bedeutet hier eine zus\u00e4tzliche Belastung. Der Rauchstopp ist deshalb gerade im Sommer sehr empfehlenswert und kann bereits nach kurzer Zeit Erleichterung bringen. <\/p>\n","protected":false},"author":25,"featured_media":0,"comment_status":"open","ping_status":"open","sticky":false,"template":"","format":"standard","meta":{"_et_pb_use_builder":"on","_et_pb_old_content":"","_et_gb_content_width":"2880","footnotes":""},"categories":[235,236],"tags":[],"class_list":["post-24363","post","type-post","status-publish","format-standard","hentry","category-gesundheit-und-rauchstopp","category-nicht-kategorisiert"],"yoast_head":"<!-- This site is optimized with the Yoast SEO plugin v26.2 - https:\/\/yoast.com\/wordpress\/plugins\/seo\/ -->\n<title>Rauchen bei Sommerhitze - Rauchfrei Telefon<\/title>\n<meta name=\"robots\" content=\"index, follow, max-snippet:-1, max-image-preview:large, max-video-preview:-1\" \/>\n<link rel=\"canonical\" href=\"https:\/\/rauchfrei.at\/rauchen-bei-sommerhitze\/\" \/>\n<meta property=\"og:locale\" content=\"en_US\" \/>\n<meta property=\"og:type\" content=\"article\" \/>\n<meta property=\"og:title\" content=\"Rauchen bei Sommerhitze - Rauchfrei Telefon\" \/>\n<meta property=\"og:description\" content=\"Der Sommer ist nun voll und ganz bei uns angekommen. Hohe Temperaturen, viel Sonne und hei\u00dfe N\u00e4chte \u2013 f\u00fcr unsere K\u00f6rper ist das Schwerstarbeit. Rauchen bedeutet hier eine zus\u00e4tzliche Belastung. Der Rauchstopp ist deshalb gerade im Sommer sehr empfehlenswert und kann bereits nach kurzer Zeit Erleichterung bringen.\" \/>\n<meta property=\"og:url\" content=\"https:\/\/rauchfrei.at\/rauchen-bei-sommerhitze\/\" \/>\n<meta property=\"og:site_name\" content=\"Rauchfrei Telefon\" \/>\n<meta property=\"article:published_time\" content=\"2022-07-11T06:00:00+00:00\" \/>\n<meta name=\"author\" content=\"Rauchfrei Team\" \/>\n<meta name=\"twitter:card\" content=\"summary_large_image\" \/>\n<meta name=\"twitter:label1\" content=\"Written by\" \/>\n\t<meta name=\"twitter:data1\" content=\"Rauchfrei Team\" \/>\n\t<meta name=\"twitter:label2\" content=\"Est. reading time\" \/>\n\t<meta name=\"twitter:data2\" content=\"2 minutes\" \/>\n<script type=\"application\/ld+json\" class=\"yoast-schema-graph\">{\"@context\":\"https:\/\/schema.org\",\"@graph\":[{\"@type\":\"WebPage\",\"@id\":\"https:\/\/rauchfrei.at\/rauchen-bei-sommerhitze\/\",\"url\":\"https:\/\/rauchfrei.at\/rauchen-bei-sommerhitze\/\",\"name\":\"Rauchen bei Sommerhitze - Rauchfrei Telefon\",\"isPartOf\":{\"@id\":\"https:\/\/rauchfrei.at\/#website\"},\"datePublished\":\"2022-07-11T06:00:00+00:00\",\"author\":{\"@id\":\"https:\/\/rauchfrei.at\/#\/schema\/person\/504bbf90c5482004fc09aef6de7f9277\"},\"inLanguage\":\"en-US\",\"potentialAction\":[{\"@type\":\"ReadAction\",\"target\":[\"https:\/\/rauchfrei.at\/rauchen-bei-sommerhitze\/\"]}]},{\"@type\":\"WebSite\",\"@id\":\"https:\/\/rauchfrei.at\/#website\",\"url\":\"https:\/\/rauchfrei.at\/\",\"name\":\"Rauchfrei Telefon\",\"description\":\"Eine \u00f6sterreichweite Initiative der Sozialversicherungen.\",\"potentialAction\":[{\"@type\":\"SearchAction\",\"target\":{\"@type\":\"EntryPoint\",\"urlTemplate\":\"https:\/\/rauchfrei.at\/?s={search_term_string}\"},\"query-input\":{\"@type\":\"PropertyValueSpecification\",\"valueRequired\":true,\"valueName\":\"search_term_string\"}}],\"inLanguage\":\"en-US\"},{\"@type\":\"Person\",\"@id\":\"https:\/\/rauchfrei.at\/#\/schema\/person\/504bbf90c5482004fc09aef6de7f9277\",\"name\":\"Rauchfrei Team\",\"image\":{\"@type\":\"ImageObject\",\"inLanguage\":\"en-US\",\"@id\":\"https:\/\/rauchfrei.at\/#\/schema\/person\/image\/\",\"url\":\"https:\/\/secure.gravatar.com\/avatar\/2115b79a00800516fa1523bb5a329611f90e73e89be559131fc7e82b4fdc95ff?s=96&d=mm&r=g\",\"contentUrl\":\"https:\/\/secure.gravatar.com\/avatar\/2115b79a00800516fa1523bb5a329611f90e73e89be559131fc7e82b4fdc95ff?s=96&d=mm&r=g\",\"caption\":\"Rauchfrei Team\"},\"url\":\"https:\/\/rauchfrei.at\/en\/author\/rauchfrei-team\/\"}]}<\/script>\n<!-- \/ Yoast SEO plugin. -->","yoast_head_json":{"title":"Rauchen bei Sommerhitze - Rauchfrei Telefon","robots":{"index":"index","follow":"follow","max-snippet":"max-snippet:-1","max-image-preview":"max-image-preview:large","max-video-preview":"max-video-preview:-1"},"canonical":"https:\/\/rauchfrei.at\/rauchen-bei-sommerhitze\/","og_locale":"en_US","og_type":"article","og_title":"Rauchen bei Sommerhitze - Rauchfrei Telefon","og_description":"Der Sommer ist nun voll und ganz bei uns angekommen. Hohe Temperaturen, viel Sonne und hei\u00dfe N\u00e4chte \u2013 f\u00fcr unsere K\u00f6rper ist das Schwerstarbeit. Rauchen bedeutet hier eine zus\u00e4tzliche Belastung. Der Rauchstopp ist deshalb gerade im Sommer sehr empfehlenswert und kann bereits nach kurzer Zeit Erleichterung bringen.","og_url":"https:\/\/rauchfrei.at\/rauchen-bei-sommerhitze\/","og_site_name":"Rauchfrei Telefon","article_published_time":"2022-07-11T06:00:00+00:00","author":"Rauchfrei Team","twitter_card":"summary_large_image","twitter_misc":{"Written by":"Rauchfrei Team","Est. reading time":"2 minutes"},"schema":{"@context":"https:\/\/schema.org","@graph":[{"@type":"WebPage","@id":"https:\/\/rauchfrei.at\/rauchen-bei-sommerhitze\/","url":"https:\/\/rauchfrei.at\/rauchen-bei-sommerhitze\/","name":"Rauchen bei Sommerhitze - Rauchfrei Telefon","isPartOf":{"@id":"https:\/\/rauchfrei.at\/#website"},"datePublished":"2022-07-11T06:00:00+00:00","author":{"@id":"https:\/\/rauchfrei.at\/#\/schema\/person\/504bbf90c5482004fc09aef6de7f9277"},"inLanguage":"en-US","potentialAction":[{"@type":"ReadAction","target":["https:\/\/rauchfrei.at\/rauchen-bei-sommerhitze\/"]}]},{"@type":"WebSite","@id":"https:\/\/rauchfrei.at\/#website","url":"https:\/\/rauchfrei.at\/","name":"Rauchfrei Telefon","description":"Eine \u00f6sterreichweite Initiative der Sozialversicherungen.","potentialAction":[{"@type":"SearchAction","target":{"@type":"EntryPoint","urlTemplate":"https:\/\/rauchfrei.at\/?s={search_term_string}"},"query-input":{"@type":"PropertyValueSpecification","valueRequired":true,"valueName":"search_term_string"}}],"inLanguage":"en-US"},{"@type":"Person","@id":"https:\/\/rauchfrei.at\/#\/schema\/person\/504bbf90c5482004fc09aef6de7f9277","name":"Rauchfrei Team","image":{"@type":"ImageObject","inLanguage":"en-US","@id":"https:\/\/rauchfrei.at\/#\/schema\/person\/image\/","url":"https:\/\/secure.gravatar.com\/avatar\/2115b79a00800516fa1523bb5a329611f90e73e89be559131fc7e82b4fdc95ff?s=96&d=mm&r=g","contentUrl":"https:\/\/secure.gravatar.com\/avatar\/2115b79a00800516fa1523bb5a329611f90e73e89be559131fc7e82b4fdc95ff?s=96&d=mm&r=g","caption":"Rauchfrei Team"},"url":"https:\/\/rauchfrei.at\/en\/author\/rauchfrei-team\/"}]}},"_links":{"self":[{"href":"https:\/\/rauchfrei.at\/en\/wp-json\/wp\/v2\/posts\/24363","targetHints":{"allow":["GET"]}}],"collection":[{"href":"https:\/\/rauchfrei.at\/en\/wp-json\/wp\/v2\/posts"}],"about":[{"href":"https:\/\/rauchfrei.at\/en\/wp-json\/wp\/v2\/types\/post"}],"author":[{"embeddable":true,"href":"https:\/\/rauchfrei.at\/en\/wp-json\/wp\/v2\/users\/25"}],"replies":[{"embeddable":true,"href":"https:\/\/rauchfrei.at\/en\/wp-json\/wp\/v2\/comments?post=24363"}],"version-history":[{"count":5,"href":"https:\/\/rauchfrei.at\/en\/wp-json\/wp\/v2\/posts\/24363\/revisions"}],"predecessor-version":[{"id":24370,"href":"https:\/\/rauchfrei.at\/en\/wp-json\/wp\/v2\/posts\/24363\/revisions\/24370"}],"wp:attachment":[{"href":"https:\/\/rauchfrei.at\/en\/wp-json\/wp\/v2\/media?parent=24363"}],"wp:term":[{"taxonomy":"category","embeddable":true,"href":"https:\/\/rauchfrei.at\/en\/wp-json\/wp\/v2\/categories?post=24363"},{"taxonomy":"post_tag","embeddable":true,"href":"https:\/\/rauchfrei.at\/en\/wp-json\/wp\/v2\/tags?post=24363"}],"curies":[{"name":"wp","href":"https:\/\/api.w.org\/{rel}","templated":true}]}}