
{"id":24991,"date":"2022-09-19T08:00:00","date_gmt":"2022-09-19T06:00:00","guid":{"rendered":"https:\/\/rauchfrei.at\/?p=24991"},"modified":"2022-09-22T13:56:42","modified_gmt":"2022-09-22T11:56:42","slug":"mythos-verdauungszigarette","status":"publish","type":"post","link":"https:\/\/rauchfrei.at\/en\/mythos-verdauungszigarette\/","title":{"rendered":"Die t\u00e4gliche \u201eVerdauungszigarette\u201c"},"content":{"rendered":"\n[et_pb_section fb_built=&#8221;1&#8243; module_class=&#8221;header&#8221; _builder_version=&#8221;4.16&#8243; global_colors_info=&#8221;{}&#8221;][et_pb_row _builder_version=&#8221;4.16&#8243; global_colors_info=&#8221;{}&#8221;][et_pb_column type=&#8221;4_4&#8243; _builder_version=&#8221;4.16&#8243; custom_padding=&#8221;|||&#8221; global_colors_info=&#8221;{}&#8221; custom_padding__hover=&#8221;|||&#8221;][et_pb_dp_dmb_module_10001 subheadline=&#8221;Nikotin wirkt auch im Darm&#8221; _builder_version=&#8221;4.18.0&#8243; hover_enabled=&#8221;0&#8243; global_colors_info=&#8221;{}&#8221; sticky_enabled=&#8221;0&#8243;][\/et_pb_dp_dmb_module_10001][\/et_pb_column][\/et_pb_row][\/et_pb_section][et_pb_section fb_built=&#8221;1&#8243; _builder_version=&#8221;4.16&#8243; custom_padding=&#8221;30px|||&#8221; global_colors_info=&#8221;{}&#8221;][et_pb_row column_structure=&#8221;2_3,1_3&#8243; _builder_version=&#8221;4.16&#8243; global_colors_info=&#8221;{}&#8221;][et_pb_column type=&#8221;2_3&#8243; module_class=&#8221;blog-content&#8221; _builder_version=&#8221;4.16&#8243; custom_padding=&#8221;|||&#8221; global_colors_info=&#8221;{}&#8221; custom_padding__hover=&#8221;|||&#8221;][et_pb_text _builder_version=&#8221;4.18.0&#8243; hover_enabled=&#8221;0&#8243; global_colors_info=&#8221;{}&#8221; sticky_enabled=&#8221;0&#8243;]<p>Die Zigarette wird h\u00e4ufig zur F\u00f6rderung der Verdauung geraucht, oft in der Fr\u00fch als fixes Ritual.<\/p>\n<p>\u00dcber die Jahre des Rauchens haben sich K\u00f6rper und Psyche darauf eingestellt, und die Verdauung funktioniert regelm\u00e4\u00dfig, scheinbar aufgrund der Zigarette.<br \/>Zu Beginn der Rauchfreiheit bemerken viele Raucherinnen und Raucher, dass es stockt im Darm. Die Verdauung wird tr\u00e4ge, das V\u00f6llegef\u00fchl im Darm ist eventuell belastend, der Stuhlgang ist nicht mehr so berechenbar, wie in der Zeit, in der noch geraucht wurde.<\/p>\n<p>Das liegt vor allem an der Wirkung des Nikotins. Nikotin wirkt anregend, so auch auf die Darmbewegung. Ohne Nikotinzufuhr verlangsamt sich die Darmbewegung. Der Darminhalt bleibt l\u00e4nger im Darm. Das f\u00fchrt dazu, dass mehr Wasser entzogen wird und die Konsistenz h\u00e4rter wird. Das bewirkt die h\u00e4ufig gef\u00fchlte Verstopfung oder V\u00f6llegef\u00fchle.<\/p>\n<p>Hilfreich ist es gerade zu Beginn der Rauchfreiheit viel zu Trinken und leicht verdauliche Speisen zu essen. In der Regel spielt sich die Verdauung im Lauf einiger Woche ein und funktioniert auch wunderbar ohne Nikotin. Geben Sie Ihrem K\u00f6rper ein bisschen Zeit und haben Sie Geduld!<\/p>\n<p>Link:<\/p>\n<p><a href=\"https:\/\/www.aerztezeitung.de\/Medizin\/Reizmagen-Die-Verdauungszigarette-ist-zu-meiden-374655.html\" target=\"_blank\" rel=\"noopener\">www.\u00e4rztezeitung.de<\/a><\/p>[\/et_pb_text][et_pb_post_nav in_same_term=&#8221;off&#8221; _builder_version=&#8221;4.16&#8243; global_colors_info=&#8221;{}&#8221;][\/et_pb_post_nav][\/et_pb_column][et_pb_column type=&#8221;1_3&#8243; module_class=&#8221;cat-and-tag&#8221; _builder_version=&#8221;4.16&#8243; custom_padding=&#8221;|||&#8221; global_colors_info=&#8221;{}&#8221; custom_padding__hover=&#8221;|||&#8221;][et_pb_dp_dmb_module_10093 farbe=&#8221;blitzgelb&#8221; headline=&#8221;Rauchstopp und Verdauung&#8221; image=&#8221;https:\/\/rauchfrei.at\/wp-content\/uploads\/Appetite-and-digenstion-yellow-narrow.png&#8221; image_position=&#8221;center&#8221; link_text=&#8221;mehr dazu&#8221; link_url=&#8221;https:\/\/rauchfrei.at\/aufhoeren\/schritte-zum-rauchstopp\/gewicht-verdauung-und-bewegung\/&#8221; image_size=&#8221;70&#8243; admin_label=&#8221;Rauchstop und Verdauung&#8221; _builder_version=&#8221;3.19.15&#8243; background_color=&#8221;#0c71c3&#8243; text_orientation=&#8221;left&#8221; max_width=&#8221;100%&#8221; global_module=&#8221;12618&#8243; saved_tabs=&#8221;all&#8221; global_colors_info=&#8221;{}&#8221;]<p>Der Rauchstopp bringt die Verdauung manchmal ganz sch\u00f6n ins Stocken.<\/p>\n[\/et_pb_dp_dmb_module_10093][\/et_pb_column][\/et_pb_row][\/et_pb_section]\n","protected":false},"excerpt":{"rendered":"<p>Die \u201eVerdauungszigarette\u201c ist vielen Raucherinnen und Rauchern wohlbekannt. Die Zigarette wird oft in der Fr\u00fch als fixes Ritual, geraucht, h\u00e4ufig zur F\u00f6rderung der Verdauung. Es geht auch ohne!<\/p>\n","protected":false},"author":25,"featured_media":0,"comment_status":"open","ping_status":"open","sticky":false,"template":"","format":"standard","meta":{"_et_pb_use_builder":"on","_et_pb_old_content":"","_et_gb_content_width":"2880","footnotes":""},"categories":[235,236],"tags":[],"class_list":["post-24991","post","type-post","status-publish","format-standard","hentry","category-gesundheit-und-rauchstopp","category-nicht-kategorisiert"],"yoast_head":"<!-- This site is optimized with the Yoast SEO plugin v26.2 - https:\/\/yoast.com\/wordpress\/plugins\/seo\/ -->\n<title>Die t\u00e4gliche \u201eVerdauungszigarette\u201c - Rauchfrei Telefon<\/title>\n<meta name=\"robots\" content=\"index, follow, max-snippet:-1, max-image-preview:large, max-video-preview:-1\" \/>\n<link rel=\"canonical\" href=\"https:\/\/rauchfrei.at\/mythos-verdauungszigarette\/\" \/>\n<meta property=\"og:locale\" content=\"en_US\" \/>\n<meta property=\"og:type\" content=\"article\" \/>\n<meta property=\"og:title\" content=\"Die t\u00e4gliche \u201eVerdauungszigarette\u201c - Rauchfrei Telefon\" \/>\n<meta property=\"og:description\" content=\"Die \u201eVerdauungszigarette\u201c ist vielen Raucherinnen und Rauchern wohlbekannt. Die Zigarette wird oft in der Fr\u00fch als fixes Ritual, geraucht, h\u00e4ufig zur F\u00f6rderung der Verdauung. Es geht auch ohne!\" \/>\n<meta property=\"og:url\" content=\"https:\/\/rauchfrei.at\/mythos-verdauungszigarette\/\" \/>\n<meta property=\"og:site_name\" content=\"Rauchfrei Telefon\" \/>\n<meta property=\"article:published_time\" content=\"2022-09-19T06:00:00+00:00\" \/>\n<meta property=\"article:modified_time\" content=\"2022-09-22T11:56:42+00:00\" \/>\n<meta name=\"author\" content=\"Rauchfrei Team\" \/>\n<meta name=\"twitter:card\" content=\"summary_large_image\" \/>\n<meta name=\"twitter:label1\" content=\"Written by\" \/>\n\t<meta name=\"twitter:data1\" content=\"Rauchfrei Team\" \/>\n\t<meta name=\"twitter:label2\" content=\"Est. reading time\" \/>\n\t<meta name=\"twitter:data2\" content=\"2 minutes\" \/>\n<script type=\"application\/ld+json\" class=\"yoast-schema-graph\">{\"@context\":\"https:\/\/schema.org\",\"@graph\":[{\"@type\":\"WebPage\",\"@id\":\"https:\/\/rauchfrei.at\/mythos-verdauungszigarette\/\",\"url\":\"https:\/\/rauchfrei.at\/mythos-verdauungszigarette\/\",\"name\":\"Die t\u00e4gliche \u201eVerdauungszigarette\u201c - Rauchfrei Telefon\",\"isPartOf\":{\"@id\":\"https:\/\/rauchfrei.at\/#website\"},\"datePublished\":\"2022-09-19T06:00:00+00:00\",\"dateModified\":\"2022-09-22T11:56:42+00:00\",\"author\":{\"@id\":\"https:\/\/rauchfrei.at\/#\/schema\/person\/504bbf90c5482004fc09aef6de7f9277\"},\"inLanguage\":\"en-US\",\"potentialAction\":[{\"@type\":\"ReadAction\",\"target\":[\"https:\/\/rauchfrei.at\/mythos-verdauungszigarette\/\"]}]},{\"@type\":\"WebSite\",\"@id\":\"https:\/\/rauchfrei.at\/#website\",\"url\":\"https:\/\/rauchfrei.at\/\",\"name\":\"Rauchfrei Telefon\",\"description\":\"Eine \u00f6sterreichweite Initiative der Sozialversicherungen.\",\"potentialAction\":[{\"@type\":\"SearchAction\",\"target\":{\"@type\":\"EntryPoint\",\"urlTemplate\":\"https:\/\/rauchfrei.at\/?s={search_term_string}\"},\"query-input\":{\"@type\":\"PropertyValueSpecification\",\"valueRequired\":true,\"valueName\":\"search_term_string\"}}],\"inLanguage\":\"en-US\"},{\"@type\":\"Person\",\"@id\":\"https:\/\/rauchfrei.at\/#\/schema\/person\/504bbf90c5482004fc09aef6de7f9277\",\"name\":\"Rauchfrei Team\",\"image\":{\"@type\":\"ImageObject\",\"inLanguage\":\"en-US\",\"@id\":\"https:\/\/rauchfrei.at\/#\/schema\/person\/image\/\",\"url\":\"https:\/\/secure.gravatar.com\/avatar\/2115b79a00800516fa1523bb5a329611f90e73e89be559131fc7e82b4fdc95ff?s=96&d=mm&r=g\",\"contentUrl\":\"https:\/\/secure.gravatar.com\/avatar\/2115b79a00800516fa1523bb5a329611f90e73e89be559131fc7e82b4fdc95ff?s=96&d=mm&r=g\",\"caption\":\"Rauchfrei Team\"},\"url\":\"https:\/\/rauchfrei.at\/en\/author\/rauchfrei-team\/\"}]}<\/script>\n<!-- \/ Yoast SEO plugin. -->","yoast_head_json":{"title":"Die t\u00e4gliche \u201eVerdauungszigarette\u201c - Rauchfrei Telefon","robots":{"index":"index","follow":"follow","max-snippet":"max-snippet:-1","max-image-preview":"max-image-preview:large","max-video-preview":"max-video-preview:-1"},"canonical":"https:\/\/rauchfrei.at\/mythos-verdauungszigarette\/","og_locale":"en_US","og_type":"article","og_title":"Die t\u00e4gliche \u201eVerdauungszigarette\u201c - Rauchfrei Telefon","og_description":"Die \u201eVerdauungszigarette\u201c ist vielen Raucherinnen und Rauchern wohlbekannt. Die Zigarette wird oft in der Fr\u00fch als fixes Ritual, geraucht, h\u00e4ufig zur F\u00f6rderung der Verdauung. Es geht auch ohne!","og_url":"https:\/\/rauchfrei.at\/mythos-verdauungszigarette\/","og_site_name":"Rauchfrei Telefon","article_published_time":"2022-09-19T06:00:00+00:00","article_modified_time":"2022-09-22T11:56:42+00:00","author":"Rauchfrei Team","twitter_card":"summary_large_image","twitter_misc":{"Written by":"Rauchfrei Team","Est. reading time":"2 minutes"},"schema":{"@context":"https:\/\/schema.org","@graph":[{"@type":"WebPage","@id":"https:\/\/rauchfrei.at\/mythos-verdauungszigarette\/","url":"https:\/\/rauchfrei.at\/mythos-verdauungszigarette\/","name":"Die t\u00e4gliche \u201eVerdauungszigarette\u201c - Rauchfrei Telefon","isPartOf":{"@id":"https:\/\/rauchfrei.at\/#website"},"datePublished":"2022-09-19T06:00:00+00:00","dateModified":"2022-09-22T11:56:42+00:00","author":{"@id":"https:\/\/rauchfrei.at\/#\/schema\/person\/504bbf90c5482004fc09aef6de7f9277"},"inLanguage":"en-US","potentialAction":[{"@type":"ReadAction","target":["https:\/\/rauchfrei.at\/mythos-verdauungszigarette\/"]}]},{"@type":"WebSite","@id":"https:\/\/rauchfrei.at\/#website","url":"https:\/\/rauchfrei.at\/","name":"Rauchfrei Telefon","description":"Eine \u00f6sterreichweite Initiative der Sozialversicherungen.","potentialAction":[{"@type":"SearchAction","target":{"@type":"EntryPoint","urlTemplate":"https:\/\/rauchfrei.at\/?s={search_term_string}"},"query-input":{"@type":"PropertyValueSpecification","valueRequired":true,"valueName":"search_term_string"}}],"inLanguage":"en-US"},{"@type":"Person","@id":"https:\/\/rauchfrei.at\/#\/schema\/person\/504bbf90c5482004fc09aef6de7f9277","name":"Rauchfrei Team","image":{"@type":"ImageObject","inLanguage":"en-US","@id":"https:\/\/rauchfrei.at\/#\/schema\/person\/image\/","url":"https:\/\/secure.gravatar.com\/avatar\/2115b79a00800516fa1523bb5a329611f90e73e89be559131fc7e82b4fdc95ff?s=96&d=mm&r=g","contentUrl":"https:\/\/secure.gravatar.com\/avatar\/2115b79a00800516fa1523bb5a329611f90e73e89be559131fc7e82b4fdc95ff?s=96&d=mm&r=g","caption":"Rauchfrei Team"},"url":"https:\/\/rauchfrei.at\/en\/author\/rauchfrei-team\/"}]}},"_links":{"self":[{"href":"https:\/\/rauchfrei.at\/en\/wp-json\/wp\/v2\/posts\/24991","targetHints":{"allow":["GET"]}}],"collection":[{"href":"https:\/\/rauchfrei.at\/en\/wp-json\/wp\/v2\/posts"}],"about":[{"href":"https:\/\/rauchfrei.at\/en\/wp-json\/wp\/v2\/types\/post"}],"author":[{"embeddable":true,"href":"https:\/\/rauchfrei.at\/en\/wp-json\/wp\/v2\/users\/25"}],"replies":[{"embeddable":true,"href":"https:\/\/rauchfrei.at\/en\/wp-json\/wp\/v2\/comments?post=24991"}],"version-history":[{"count":13,"href":"https:\/\/rauchfrei.at\/en\/wp-json\/wp\/v2\/posts\/24991\/revisions"}],"predecessor-version":[{"id":25155,"href":"https:\/\/rauchfrei.at\/en\/wp-json\/wp\/v2\/posts\/24991\/revisions\/25155"}],"wp:attachment":[{"href":"https:\/\/rauchfrei.at\/en\/wp-json\/wp\/v2\/media?parent=24991"}],"wp:term":[{"taxonomy":"category","embeddable":true,"href":"https:\/\/rauchfrei.at\/en\/wp-json\/wp\/v2\/categories?post=24991"},{"taxonomy":"post_tag","embeddable":true,"href":"https:\/\/rauchfrei.at\/en\/wp-json\/wp\/v2\/tags?post=24991"}],"curies":[{"name":"wp","href":"https:\/\/api.w.org\/{rel}","templated":true}]}}