
{"id":25007,"date":"2022-10-03T08:00:00","date_gmt":"2022-10-03T06:00:00","guid":{"rendered":"https:\/\/rauchfrei.at\/?p=25007"},"modified":"2022-08-31T11:30:06","modified_gmt":"2022-08-31T09:30:06","slug":"rauchfrei-fuer-alle","status":"publish","type":"post","link":"https:\/\/rauchfrei.at\/en\/rauchfrei-fuer-alle\/","title":{"rendered":"Rauchfrei f\u00fcr alle!"},"content":{"rendered":"\n\n[et_pb_section fb_built=&#8221;1&#8243; module_class=&#8221;header&#8221; _builder_version=&#8221;4.16&#8243; global_colors_info=&#8221;{}&#8221;][et_pb_row _builder_version=&#8221;4.16&#8243; global_colors_info=&#8221;{}&#8221;][et_pb_column type=&#8221;4_4&#8243; _builder_version=&#8221;4.16&#8243; custom_padding=&#8221;|||&#8221; global_colors_info=&#8221;{}&#8221; custom_padding__hover=&#8221;|||&#8221;][et_pb_dp_dmb_module_10001 subheadline=&#8221;Passivrauch schadet Mensch und Tier&#8221; _builder_version=&#8221;4.18.0&#8243; global_colors_info=&#8221;{}&#8221;][\/et_pb_dp_dmb_module_10001][\/et_pb_column][\/et_pb_row][\/et_pb_section][et_pb_section fb_built=&#8221;1&#8243; _builder_version=&#8221;4.16&#8243; custom_padding=&#8221;30px|||&#8221; global_colors_info=&#8221;{}&#8221;][et_pb_row column_structure=&#8221;2_3,1_3&#8243; _builder_version=&#8221;4.16&#8243; global_colors_info=&#8221;{}&#8221;][et_pb_column type=&#8221;2_3&#8243; module_class=&#8221;blog-content&#8221; _builder_version=&#8221;4.16&#8243; custom_padding=&#8221;|||&#8221; global_colors_info=&#8221;{}&#8221; custom_padding__hover=&#8221;|||&#8221;][et_pb_text _builder_version=&#8221;4.18.0&#8243; hover_enabled=&#8221;0&#8243; global_colors_info=&#8221;{}&#8221; sticky_enabled=&#8221;0&#8243;]<p>Leben Haustiere in verrauchten R\u00e4umen, schadet das ihrer Gesundheit. Hunde, Katzen und besonders kleine Tiere wie V\u00f6gel sind von den Folgen des Passivrauches negativ betroffen. Die Giftstoffe im Passivrauch bewirken Sch\u00e4digungen:<\/p>\n<p>Hunde etwas bekommen h\u00e4ufiger Augeninfektionen, Allergien, diverse Lungenerkrankungen oder gar Lungenkrebs, wenn sie Passivrauch ausgesetzt sind. Auch Nasenkrebs kann bei Hunden die Folge von Passivrauch sein. Dabei sind Hunde mit langen Nasen h\u00e4ufiger betroffen. Hunde mit kleinen Nasen erkranken h\u00e4ufiger an Lungenkrebs.<\/p>\n<p>\u00c4hnlich ist es bei Katzen, die in einer verrauchten Umgebung leben. Auch sie entwickeln h\u00e4ufiger Asthma oder Lungenkrebs. Weiter ist auch Lymphknotenkrebs eine Krebsart, die doppelt so oft bei Katzen aus Raucherhaushalten auftritt, leider mit schlechter Prognose. Da Katzen bei ihrer ausgepr\u00e4gten Fellpflege die Giftstoffe auch so in den Mund aufnehmen, entwickeln sie vermehrt Tumore im Mundraum.<\/p>\n<p>Tiere beeinflussen das Verhalten der Menschen, bei denen sie leben. Mitten im Essen, bringen sie sie schon mal dazu aufzustehen und sie zu versorgen, sei es, weil sie auch Hunger haben, oder gerade vor einer geschlossenen T\u00fcr darauf warten hinein- oder herausgelassen zu werden. Vielleicht sind sie sogar dazu in der Lage, ihre Besitzer zum Rauchstopp zu motivieren.<br \/>Laut einer Studie sind 28,4% der Raucherinnen und Rauchern dazu bereit mit dem Rauchen aufzuh\u00f6ren, nachdem sie erfahren haben, dass es ihren Tieren schadet!<\/p>\n<p>Halten Sie Ihrem Haustier zuliebe, die Wohnung rauchfrei! Wenn Sie Ihrem Tier zuliebe rauchfrei werden wollen, rufen Sie uns an.<\/p>\n<p>Mehr dazu:<br \/><a href=\"https:\/\/rauchfrei.at\/wp-content\/uploads\/Folder_Passivrauch_web-2.pdf\" target=\"_blank\" rel=\"noopener\" title=\"Folder zum Download\">Folder: Rauchfrei f\u00fcr alle<\/a><\/p>\n<p>Quelle:<br \/><a href=\"https:\/\/vcahospitals.com\/know-your-pet\/the-effects-of-second-hand-smoke-on-pets\" target=\"_blank\" rel=\"noopener\" title=\"Effekte des Passivrauches auf Haustiere\">www.vcahospitals.com<\/a><\/p>[\/et_pb_text][et_pb_post_nav in_same_term=&#8221;off&#8221; _builder_version=&#8221;4.16&#8243; global_colors_info=&#8221;{}&#8221;][\/et_pb_post_nav][\/et_pb_column][et_pb_column type=&#8221;1_3&#8243; module_class=&#8221;cat-and-tag&#8221; _builder_version=&#8221;4.16&#8243; custom_padding=&#8221;|||&#8221; global_colors_info=&#8221;{}&#8221; custom_padding__hover=&#8221;|||&#8221;][et_pb_dp_dmb_module_10093 farbe=&#8221;blitzblau&#8221; headline=&#8221;Passivrauch&#8221; image=&#8221;https:\/\/rauchfrei.at\/wp-content\/uploads\/passivrauch-rauchfrei-fuer-alle.png&#8221; image_position=&#8221;center&#8221; link_text=&#8221;mehr&#8221; link_url=&#8221;https:\/\/rauchfrei.at\/fakten\/passivrauch\/&#8221; image_size=&#8221;70&#8243; admin_label=&#8221;Passivrauch&#8221; _builder_version=&#8221;3.19.15&#8243; global_module=&#8221;13172&#8243; saved_tabs=&#8221;all&#8221; global_colors_info=&#8221;{}&#8221;]<p>Rauch ist giftig, niemand sollte ihn einatmen!<\/p>\n[\/et_pb_dp_dmb_module_10093][et_pb_dp_dmb_module_10080 link_text=&#8221;hier downloaden&#8221; link_url=&#8221;https:\/\/rauchfrei.at\/broschueren-downloads\/download-broschueren\/&#8221; admin_label=&#8221;Materialdownloads&#8221; _builder_version=&#8221;4.16&#8243; saved_tabs=&#8221;all&#8221; global_colors_info=&#8221;{}&#8221; global_module=&#8221;13235&#8243; theme_builder_area=&#8221;post_content&#8221;]<p><span lang=\"DE-AT\"><strong>Brosch\u00fcren, Folder<\/strong> und <strong>Poster<\/strong><\/span><\/p>\n[\/et_pb_dp_dmb_module_10080][\/et_pb_column][\/et_pb_row][\/et_pb_section]\n\n","protected":false},"excerpt":{"rendered":"<p>Passivrauch schadet Menschen und er stellt auch eine Gefahr f\u00fcr Tiere dar. Leben Haustiere in R\u00e4umen, in denen geraucht wird, haben sie ein h\u00f6heres Risiko f\u00fcr diverse Gesundheitsprobleme.  <\/p>\n","protected":false},"author":25,"featured_media":0,"comment_status":"open","ping_status":"open","sticky":false,"template":"","format":"standard","meta":{"_et_pb_use_builder":"on","_et_pb_old_content":"","_et_gb_content_width":"2880","footnotes":""},"categories":[235,237,236],"tags":[],"class_list":["post-25007","post","type-post","status-publish","format-standard","hentry","category-gesundheit-und-rauchstopp","category-literatur-und-hintergrundwissen","category-nicht-kategorisiert"],"yoast_head":"<!-- This site is optimized with the Yoast SEO plugin v26.2 - https:\/\/yoast.com\/wordpress\/plugins\/seo\/ -->\n<title>Rauchfrei f\u00fcr alle! - Rauchfrei Telefon<\/title>\n<meta name=\"robots\" content=\"index, follow, max-snippet:-1, max-image-preview:large, max-video-preview:-1\" \/>\n<link rel=\"canonical\" href=\"https:\/\/rauchfrei.at\/rauchfrei-fuer-alle\/\" \/>\n<meta property=\"og:locale\" content=\"en_US\" \/>\n<meta property=\"og:type\" content=\"article\" \/>\n<meta property=\"og:title\" content=\"Rauchfrei f\u00fcr alle! - Rauchfrei Telefon\" \/>\n<meta property=\"og:description\" content=\"Passivrauch schadet Menschen und er stellt auch eine Gefahr f\u00fcr Tiere dar. Leben Haustiere in R\u00e4umen, in denen geraucht wird, haben sie ein h\u00f6heres Risiko f\u00fcr diverse Gesundheitsprobleme.\" \/>\n<meta property=\"og:url\" content=\"https:\/\/rauchfrei.at\/rauchfrei-fuer-alle\/\" \/>\n<meta property=\"og:site_name\" content=\"Rauchfrei Telefon\" \/>\n<meta property=\"article:published_time\" content=\"2022-10-03T06:00:00+00:00\" \/>\n<meta name=\"author\" content=\"Rauchfrei Team\" \/>\n<meta name=\"twitter:card\" content=\"summary_large_image\" \/>\n<meta name=\"twitter:label1\" content=\"Written by\" \/>\n\t<meta name=\"twitter:data1\" content=\"Rauchfrei Team\" \/>\n\t<meta name=\"twitter:label2\" content=\"Est. reading time\" \/>\n\t<meta name=\"twitter:data2\" content=\"2 minutes\" \/>\n<script type=\"application\/ld+json\" class=\"yoast-schema-graph\">{\"@context\":\"https:\/\/schema.org\",\"@graph\":[{\"@type\":\"WebPage\",\"@id\":\"https:\/\/rauchfrei.at\/rauchfrei-fuer-alle\/\",\"url\":\"https:\/\/rauchfrei.at\/rauchfrei-fuer-alle\/\",\"name\":\"Rauchfrei f\u00fcr alle! - Rauchfrei Telefon\",\"isPartOf\":{\"@id\":\"https:\/\/rauchfrei.at\/#website\"},\"datePublished\":\"2022-10-03T06:00:00+00:00\",\"author\":{\"@id\":\"https:\/\/rauchfrei.at\/#\/schema\/person\/504bbf90c5482004fc09aef6de7f9277\"},\"inLanguage\":\"en-US\",\"potentialAction\":[{\"@type\":\"ReadAction\",\"target\":[\"https:\/\/rauchfrei.at\/rauchfrei-fuer-alle\/\"]}]},{\"@type\":\"WebSite\",\"@id\":\"https:\/\/rauchfrei.at\/#website\",\"url\":\"https:\/\/rauchfrei.at\/\",\"name\":\"Rauchfrei Telefon\",\"description\":\"Eine \u00f6sterreichweite Initiative der Sozialversicherungen.\",\"potentialAction\":[{\"@type\":\"SearchAction\",\"target\":{\"@type\":\"EntryPoint\",\"urlTemplate\":\"https:\/\/rauchfrei.at\/?s={search_term_string}\"},\"query-input\":{\"@type\":\"PropertyValueSpecification\",\"valueRequired\":true,\"valueName\":\"search_term_string\"}}],\"inLanguage\":\"en-US\"},{\"@type\":\"Person\",\"@id\":\"https:\/\/rauchfrei.at\/#\/schema\/person\/504bbf90c5482004fc09aef6de7f9277\",\"name\":\"Rauchfrei Team\",\"image\":{\"@type\":\"ImageObject\",\"inLanguage\":\"en-US\",\"@id\":\"https:\/\/rauchfrei.at\/#\/schema\/person\/image\/\",\"url\":\"https:\/\/secure.gravatar.com\/avatar\/2115b79a00800516fa1523bb5a329611f90e73e89be559131fc7e82b4fdc95ff?s=96&d=mm&r=g\",\"contentUrl\":\"https:\/\/secure.gravatar.com\/avatar\/2115b79a00800516fa1523bb5a329611f90e73e89be559131fc7e82b4fdc95ff?s=96&d=mm&r=g\",\"caption\":\"Rauchfrei Team\"},\"url\":\"https:\/\/rauchfrei.at\/en\/author\/rauchfrei-team\/\"}]}<\/script>\n<!-- \/ Yoast SEO plugin. -->","yoast_head_json":{"title":"Rauchfrei f\u00fcr alle! - Rauchfrei Telefon","robots":{"index":"index","follow":"follow","max-snippet":"max-snippet:-1","max-image-preview":"max-image-preview:large","max-video-preview":"max-video-preview:-1"},"canonical":"https:\/\/rauchfrei.at\/rauchfrei-fuer-alle\/","og_locale":"en_US","og_type":"article","og_title":"Rauchfrei f\u00fcr alle! - Rauchfrei Telefon","og_description":"Passivrauch schadet Menschen und er stellt auch eine Gefahr f\u00fcr Tiere dar. Leben Haustiere in R\u00e4umen, in denen geraucht wird, haben sie ein h\u00f6heres Risiko f\u00fcr diverse Gesundheitsprobleme.","og_url":"https:\/\/rauchfrei.at\/rauchfrei-fuer-alle\/","og_site_name":"Rauchfrei Telefon","article_published_time":"2022-10-03T06:00:00+00:00","author":"Rauchfrei Team","twitter_card":"summary_large_image","twitter_misc":{"Written by":"Rauchfrei Team","Est. reading time":"2 minutes"},"schema":{"@context":"https:\/\/schema.org","@graph":[{"@type":"WebPage","@id":"https:\/\/rauchfrei.at\/rauchfrei-fuer-alle\/","url":"https:\/\/rauchfrei.at\/rauchfrei-fuer-alle\/","name":"Rauchfrei f\u00fcr alle! - Rauchfrei Telefon","isPartOf":{"@id":"https:\/\/rauchfrei.at\/#website"},"datePublished":"2022-10-03T06:00:00+00:00","author":{"@id":"https:\/\/rauchfrei.at\/#\/schema\/person\/504bbf90c5482004fc09aef6de7f9277"},"inLanguage":"en-US","potentialAction":[{"@type":"ReadAction","target":["https:\/\/rauchfrei.at\/rauchfrei-fuer-alle\/"]}]},{"@type":"WebSite","@id":"https:\/\/rauchfrei.at\/#website","url":"https:\/\/rauchfrei.at\/","name":"Rauchfrei Telefon","description":"Eine \u00f6sterreichweite Initiative der Sozialversicherungen.","potentialAction":[{"@type":"SearchAction","target":{"@type":"EntryPoint","urlTemplate":"https:\/\/rauchfrei.at\/?s={search_term_string}"},"query-input":{"@type":"PropertyValueSpecification","valueRequired":true,"valueName":"search_term_string"}}],"inLanguage":"en-US"},{"@type":"Person","@id":"https:\/\/rauchfrei.at\/#\/schema\/person\/504bbf90c5482004fc09aef6de7f9277","name":"Rauchfrei Team","image":{"@type":"ImageObject","inLanguage":"en-US","@id":"https:\/\/rauchfrei.at\/#\/schema\/person\/image\/","url":"https:\/\/secure.gravatar.com\/avatar\/2115b79a00800516fa1523bb5a329611f90e73e89be559131fc7e82b4fdc95ff?s=96&d=mm&r=g","contentUrl":"https:\/\/secure.gravatar.com\/avatar\/2115b79a00800516fa1523bb5a329611f90e73e89be559131fc7e82b4fdc95ff?s=96&d=mm&r=g","caption":"Rauchfrei Team"},"url":"https:\/\/rauchfrei.at\/en\/author\/rauchfrei-team\/"}]}},"_links":{"self":[{"href":"https:\/\/rauchfrei.at\/en\/wp-json\/wp\/v2\/posts\/25007","targetHints":{"allow":["GET"]}}],"collection":[{"href":"https:\/\/rauchfrei.at\/en\/wp-json\/wp\/v2\/posts"}],"about":[{"href":"https:\/\/rauchfrei.at\/en\/wp-json\/wp\/v2\/types\/post"}],"author":[{"embeddable":true,"href":"https:\/\/rauchfrei.at\/en\/wp-json\/wp\/v2\/users\/25"}],"replies":[{"embeddable":true,"href":"https:\/\/rauchfrei.at\/en\/wp-json\/wp\/v2\/comments?post=25007"}],"version-history":[{"count":7,"href":"https:\/\/rauchfrei.at\/en\/wp-json\/wp\/v2\/posts\/25007\/revisions"}],"predecessor-version":[{"id":25017,"href":"https:\/\/rauchfrei.at\/en\/wp-json\/wp\/v2\/posts\/25007\/revisions\/25017"}],"wp:attachment":[{"href":"https:\/\/rauchfrei.at\/en\/wp-json\/wp\/v2\/media?parent=25007"}],"wp:term":[{"taxonomy":"category","embeddable":true,"href":"https:\/\/rauchfrei.at\/en\/wp-json\/wp\/v2\/categories?post=25007"},{"taxonomy":"post_tag","embeddable":true,"href":"https:\/\/rauchfrei.at\/en\/wp-json\/wp\/v2\/tags?post=25007"}],"curies":[{"name":"wp","href":"https:\/\/api.w.org\/{rel}","templated":true}]}}