
{"id":25018,"date":"2022-10-17T08:00:00","date_gmt":"2022-10-17T06:00:00","guid":{"rendered":"https:\/\/rauchfrei.at\/?p=25018"},"modified":"2022-08-31T12:08:33","modified_gmt":"2022-08-31T10:08:33","slug":"promis-die-rauchfrei-geworden-sind","status":"publish","type":"post","link":"https:\/\/rauchfrei.at\/en\/promis-die-rauchfrei-geworden-sind\/","title":{"rendered":"Promis, die rauchfrei geworden sind \u00a0"},"content":{"rendered":"\n[et_pb_section fb_built=&#8221;1&#8243; module_class=&#8221;header&#8221; _builder_version=&#8221;4.16&#8243; global_colors_info=&#8221;{}&#8221;][et_pb_row _builder_version=&#8221;4.16&#8243; global_colors_info=&#8221;{}&#8221;][et_pb_column type=&#8221;4_4&#8243; _builder_version=&#8221;4.16&#8243; custom_padding=&#8221;|||&#8221; global_colors_info=&#8221;{}&#8221; custom_padding__hover=&#8221;|||&#8221;][et_pb_dp_dmb_module_10001 subheadline=&#8221;Erfolgsgeschichten von prominenten Exraucher\/innen&#8221; _builder_version=&#8221;4.18.0&#8243; global_colors_info=&#8221;{}&#8221;][\/et_pb_dp_dmb_module_10001][\/et_pb_column][\/et_pb_row][\/et_pb_section][et_pb_section fb_built=&#8221;1&#8243; _builder_version=&#8221;4.16&#8243; custom_padding=&#8221;30px|||&#8221; global_colors_info=&#8221;{}&#8221;][et_pb_row column_structure=&#8221;2_3,1_3&#8243; _builder_version=&#8221;4.16&#8243; global_colors_info=&#8221;{}&#8221;][et_pb_column type=&#8221;2_3&#8243; module_class=&#8221;blog-content&#8221; _builder_version=&#8221;4.16&#8243; custom_padding=&#8221;|||&#8221; global_colors_info=&#8221;{}&#8221; custom_padding__hover=&#8221;|||&#8221;][et_pb_text _builder_version=&#8221;4.18.0&#8243; global_colors_info=&#8221;{}&#8221;]<p>Der Kabarettist Thomas Maurer widmet sich in seinem Programm \u201eZeitgenosse aus Leidenschaft\u201c u.a. dem Rauchen. Er sagt \u201eRauchen ist wie zu enge Schuhe tragen und sie immer wieder f\u00fcr eine Stunde auszuziehen. Dasselbe Gef\u00fchl der Erleichterung!\u201c<\/p>\n<p>Er ist nicht der einzige Kabarettist der das Rauchen aufgegeben hat. Auch Manuel Rubey (Kabarettist, Schauspieler, S\u00e4nger) hat dem Glimmst\u00e4ngel Adieu gesagt und verr\u00e4t sogar seine Ablenkungsstrategie bei Rauchverlangen: \u201eEs gibt Einfacheres als mit dem Tschicken auf zu h\u00f6ren, aber weniger Lohnendes! Am Anfang habe ich immer Kafka gelesen, wenn ich rauchen wollte und ich habe meine H\u00e4nde mit H\u00e4keln besch\u00e4ftigt. W\u00e4hrend alle anderen in einem Lokal getschickt haben, habe ich geh\u00e4kelt.\u201c<\/p>\n<p>Robert Palfrader (Schauspieler und Kabarettist) habe 30 Jahre lang geraucht. Er sei jetzt gl\u00fccklicher Nichtraucher und das einzige was er bereue sei, dass er nicht schon viel fr\u00fcher aufgeh\u00f6rt habe.<\/p>\n<p>Auch Christiane H\u00f6rbiger (Kammerschauspielerin) spricht einen wichtigen Punkt an: den Passivrauch. \u201eVielen Menschen ist nicht bewusst, wie gef\u00e4hrlich auch Passivrauchen ist. Rauchen ist l\u00e4ngst nicht mehr reine Privatsache, denn man sch\u00e4digt damit nicht nur sich selbst. Mit jedem Zug an einer Zigarette gelangt eine Vielzahl von t\u00f6dlichen Substanzen in die Luft. In Innenr\u00e4umen kann das fatale Folgen haben: In den EU-L\u00e4ndern sterben j\u00e4hrlich rund 80.000 Menschen an den Folgen des Passivrauchens. Es ist technisch unm\u00f6glich, Nichtraucher vor den Schadstoffen einer im gleichen Raum gerauchten Zigarette zu sch\u00fctzen. Es ist jedoch Ihr Recht, in einer rauchfreien Umgebung zu leben.\u201c<\/p>\n<p>Der im Jahr 2007 verstorbene Georg Danzer (Liedermacher) sagte einst: \u201eHeute rauche ich nicht mehr, weil ich mir endlich eingestanden habe, dass Rauchen nichts mit Selbstbestimmung oder M\u00fcndigkeit zu tun hat, sondern dass ich schlicht und einfach suchtkrank war&#8230;\u201c<br \/>Mit Humor verarbeitet hat auch ein weiterer Kabarettist seine Erfahrungen mit dem rauchfrei werden, hier ein kurzer Beitrag von Michael Niavarani:<\/p>[\/et_pb_text][et_pb_video src=&#8221;https:\/\/www.youtube.com\/watch?v=dTfiGIEF3sk&#8221; _builder_version=&#8221;4.18.0&#8243; _module_preset=&#8221;default&#8221; global_colors_info=&#8221;{}&#8221;][\/et_pb_video][et_pb_post_nav in_same_term=&#8221;off&#8221; _builder_version=&#8221;4.18.0&#8243; global_colors_info=&#8221;{}&#8221;][\/et_pb_post_nav][et_pb_text _builder_version=&#8221;4.18.0&#8243; _module_preset=&#8221;default&#8221; global_colors_info=&#8221;{}&#8221;]<p>Wir gratulieren allen zu ihrer Rauchfreiheit!<\/p>\n<p>Quellen:<br \/><a href=\"https:\/\/www.aerzteinitiative.at\/Prominente.html\" target=\"_blank\" rel=\"noopener\" title=\"Homepage der \u00c4rzteinitiative\">www.aerzteinitiative.at<\/a><br \/><a href=\"https:\/\/kulturblogger.com\/tag\/thomas-maurer\/\" target=\"_blank\" rel=\"noopener\" title=\"Hompage von Thomas Maurer\">www.kulturblogger.com<\/a><\/p>[\/et_pb_text][\/et_pb_column][et_pb_column type=&#8221;1_3&#8243; module_class=&#8221;cat-and-tag&#8221; _builder_version=&#8221;4.16&#8243; custom_padding=&#8221;|||&#8221; global_colors_info=&#8221;{}&#8221; custom_padding__hover=&#8221;|||&#8221;][et_pb_dp_dmb_module_10093 farbe=&#8221;blitzgelb&#8221; headline=&#8221;Trauen Sie sich den Rauchstopp zu!&#8221; image=&#8221;https:\/\/rauchfrei.at\/wp-content\/uploads\/Quitting-Yellow.png&#8221; image_position=&#8221;center&#8221; link_text=&#8221;mehr&#8221; link_url=&#8221;https:\/\/rauchfrei.at\/aufhoeren\/schritte-zum-rauchstopp\/trauen-sie-sich-den-rauchstopp-zu\/&#8221; admin_label=&#8221;Trauen Sie sich den Rauchstopp zu&#8221; _builder_version=&#8221;4.18.0&#8243; global_module=&#8221;13173&#8243; saved_tabs=&#8221;all&#8221; global_colors_info=&#8221;{}&#8221;]<p>Sie m\u00f6chten etwas \u00e4ndern? Worauf warten Sie noch?<\/p>\n[\/et_pb_dp_dmb_module_10093][et_pb_dp_dmb_module_10093 farbe=&#8221;blitzblau&#8221; headline=&#8221;Alternativen zum Rauchen&#8221; image=&#8221;https:\/\/rauchfrei.at\/wp-content\/uploads\/Relax-in-hammok.png&#8221; image_position=&#8221;center&#8221; link_text=&#8221;mehr&#8221; link_url=&#8221;https:\/\/rauchfrei.at\/alternativen\/&#8221; admin_label=&#8221;Alternativen zum Rauchen&#8221; _builder_version=&#8221;4.9.0&#8243; z_index_tablet=&#8221;500&#8243; global_module=&#8221;13174&#8243; saved_tabs=&#8221;all&#8221; global_colors_info=&#8221;{}&#8221;]<p>Es gibt viele M\u00f6glichkeiten, um nicht zur Zigarette zu greifen!<\/p>\n[\/et_pb_dp_dmb_module_10093][et_pb_dp_dmb_module_10080 link_text=&#8221;hier downloaden&#8221; link_url=&#8221;https:\/\/rauchfrei.at\/broschueren-downloads\/download-broschueren\/&#8221; admin_label=&#8221;Materialdownloads&#8221; _builder_version=&#8221;4.16&#8243; saved_tabs=&#8221;all&#8221; global_colors_info=&#8221;{}&#8221; global_module=&#8221;13235&#8243; theme_builder_area=&#8221;post_content&#8221;]<p><span lang=\"DE-AT\"><strong>Brosch\u00fcren, Folder<\/strong> und <strong>Poster<\/strong><\/span><\/p>\n[\/et_pb_dp_dmb_module_10080][\/et_pb_column][\/et_pb_row][\/et_pb_section]\n","protected":false},"excerpt":{"rendered":"<p>Rund 20% aller \u00d6sterreicher\/innen rauchen. Jede\/r zweite m\u00f6chte aufh\u00f6ren. Darunter nat\u00fcrlich auch prominente Personen. Wer sich unter anderen f\u00fcr einen Rauchstopp entschieden hat und gl\u00fccklich rauchfrei ist, erfahren Sie in diesem Blogbeitrag. <\/p>\n","protected":false},"author":25,"featured_media":0,"comment_status":"open","ping_status":"open","sticky":false,"template":"","format":"standard","meta":{"_et_pb_use_builder":"on","_et_pb_old_content":"","_et_gb_content_width":"2880","footnotes":""},"categories":[235,236],"tags":[],"class_list":["post-25018","post","type-post","status-publish","format-standard","hentry","category-gesundheit-und-rauchstopp","category-nicht-kategorisiert"],"yoast_head":"<!-- This site is optimized with the Yoast SEO plugin v26.2 - https:\/\/yoast.com\/wordpress\/plugins\/seo\/ -->\n<title>Promis, die rauchfrei geworden sind \u00a0 - Rauchfrei Telefon<\/title>\n<meta name=\"robots\" content=\"index, follow, max-snippet:-1, max-image-preview:large, max-video-preview:-1\" \/>\n<link rel=\"canonical\" href=\"https:\/\/rauchfrei.at\/promis-die-rauchfrei-geworden-sind\/\" \/>\n<meta property=\"og:locale\" content=\"en_US\" \/>\n<meta property=\"og:type\" content=\"article\" \/>\n<meta property=\"og:title\" content=\"Promis, die rauchfrei geworden sind \u00a0 - Rauchfrei Telefon\" \/>\n<meta property=\"og:description\" content=\"Rund 20% aller \u00d6sterreicher\/innen rauchen. Jede\/r zweite m\u00f6chte aufh\u00f6ren. Darunter nat\u00fcrlich auch prominente Personen. Wer sich unter anderen f\u00fcr einen Rauchstopp entschieden hat und gl\u00fccklich rauchfrei ist, erfahren Sie in diesem Blogbeitrag.\" \/>\n<meta property=\"og:url\" content=\"https:\/\/rauchfrei.at\/promis-die-rauchfrei-geworden-sind\/\" \/>\n<meta property=\"og:site_name\" content=\"Rauchfrei Telefon\" \/>\n<meta property=\"article:published_time\" content=\"2022-10-17T06:00:00+00:00\" \/>\n<meta name=\"author\" content=\"Rauchfrei Team\" \/>\n<meta name=\"twitter:card\" content=\"summary_large_image\" \/>\n<meta name=\"twitter:label1\" content=\"Written by\" \/>\n\t<meta name=\"twitter:data1\" content=\"Rauchfrei Team\" \/>\n<script type=\"application\/ld+json\" class=\"yoast-schema-graph\">{\"@context\":\"https:\/\/schema.org\",\"@graph\":[{\"@type\":\"WebPage\",\"@id\":\"https:\/\/rauchfrei.at\/promis-die-rauchfrei-geworden-sind\/\",\"url\":\"https:\/\/rauchfrei.at\/promis-die-rauchfrei-geworden-sind\/\",\"name\":\"Promis, die rauchfrei geworden sind \u00a0 - Rauchfrei Telefon\",\"isPartOf\":{\"@id\":\"https:\/\/rauchfrei.at\/#website\"},\"datePublished\":\"2022-10-17T06:00:00+00:00\",\"author\":{\"@id\":\"https:\/\/rauchfrei.at\/#\/schema\/person\/504bbf90c5482004fc09aef6de7f9277\"},\"inLanguage\":\"en-US\",\"potentialAction\":[{\"@type\":\"ReadAction\",\"target\":[\"https:\/\/rauchfrei.at\/promis-die-rauchfrei-geworden-sind\/\"]}]},{\"@type\":\"WebSite\",\"@id\":\"https:\/\/rauchfrei.at\/#website\",\"url\":\"https:\/\/rauchfrei.at\/\",\"name\":\"Rauchfrei Telefon\",\"description\":\"Eine \u00f6sterreichweite Initiative der Sozialversicherungen.\",\"potentialAction\":[{\"@type\":\"SearchAction\",\"target\":{\"@type\":\"EntryPoint\",\"urlTemplate\":\"https:\/\/rauchfrei.at\/?s={search_term_string}\"},\"query-input\":{\"@type\":\"PropertyValueSpecification\",\"valueRequired\":true,\"valueName\":\"search_term_string\"}}],\"inLanguage\":\"en-US\"},{\"@type\":\"Person\",\"@id\":\"https:\/\/rauchfrei.at\/#\/schema\/person\/504bbf90c5482004fc09aef6de7f9277\",\"name\":\"Rauchfrei Team\",\"image\":{\"@type\":\"ImageObject\",\"inLanguage\":\"en-US\",\"@id\":\"https:\/\/rauchfrei.at\/#\/schema\/person\/image\/\",\"url\":\"https:\/\/secure.gravatar.com\/avatar\/2115b79a00800516fa1523bb5a329611f90e73e89be559131fc7e82b4fdc95ff?s=96&d=mm&r=g\",\"contentUrl\":\"https:\/\/secure.gravatar.com\/avatar\/2115b79a00800516fa1523bb5a329611f90e73e89be559131fc7e82b4fdc95ff?s=96&d=mm&r=g\",\"caption\":\"Rauchfrei Team\"},\"url\":\"https:\/\/rauchfrei.at\/en\/author\/rauchfrei-team\/\"}]}<\/script>\n<!-- \/ Yoast SEO plugin. -->","yoast_head_json":{"title":"Promis, die rauchfrei geworden sind \u00a0 - Rauchfrei Telefon","robots":{"index":"index","follow":"follow","max-snippet":"max-snippet:-1","max-image-preview":"max-image-preview:large","max-video-preview":"max-video-preview:-1"},"canonical":"https:\/\/rauchfrei.at\/promis-die-rauchfrei-geworden-sind\/","og_locale":"en_US","og_type":"article","og_title":"Promis, die rauchfrei geworden sind \u00a0 - Rauchfrei Telefon","og_description":"Rund 20% aller \u00d6sterreicher\/innen rauchen. Jede\/r zweite m\u00f6chte aufh\u00f6ren. Darunter nat\u00fcrlich auch prominente Personen. Wer sich unter anderen f\u00fcr einen Rauchstopp entschieden hat und gl\u00fccklich rauchfrei ist, erfahren Sie in diesem Blogbeitrag.","og_url":"https:\/\/rauchfrei.at\/promis-die-rauchfrei-geworden-sind\/","og_site_name":"Rauchfrei Telefon","article_published_time":"2022-10-17T06:00:00+00:00","author":"Rauchfrei Team","twitter_card":"summary_large_image","twitter_misc":{"Written by":"Rauchfrei Team"},"schema":{"@context":"https:\/\/schema.org","@graph":[{"@type":"WebPage","@id":"https:\/\/rauchfrei.at\/promis-die-rauchfrei-geworden-sind\/","url":"https:\/\/rauchfrei.at\/promis-die-rauchfrei-geworden-sind\/","name":"Promis, die rauchfrei geworden sind \u00a0 - Rauchfrei Telefon","isPartOf":{"@id":"https:\/\/rauchfrei.at\/#website"},"datePublished":"2022-10-17T06:00:00+00:00","author":{"@id":"https:\/\/rauchfrei.at\/#\/schema\/person\/504bbf90c5482004fc09aef6de7f9277"},"inLanguage":"en-US","potentialAction":[{"@type":"ReadAction","target":["https:\/\/rauchfrei.at\/promis-die-rauchfrei-geworden-sind\/"]}]},{"@type":"WebSite","@id":"https:\/\/rauchfrei.at\/#website","url":"https:\/\/rauchfrei.at\/","name":"Rauchfrei Telefon","description":"Eine \u00f6sterreichweite Initiative der Sozialversicherungen.","potentialAction":[{"@type":"SearchAction","target":{"@type":"EntryPoint","urlTemplate":"https:\/\/rauchfrei.at\/?s={search_term_string}"},"query-input":{"@type":"PropertyValueSpecification","valueRequired":true,"valueName":"search_term_string"}}],"inLanguage":"en-US"},{"@type":"Person","@id":"https:\/\/rauchfrei.at\/#\/schema\/person\/504bbf90c5482004fc09aef6de7f9277","name":"Rauchfrei Team","image":{"@type":"ImageObject","inLanguage":"en-US","@id":"https:\/\/rauchfrei.at\/#\/schema\/person\/image\/","url":"https:\/\/secure.gravatar.com\/avatar\/2115b79a00800516fa1523bb5a329611f90e73e89be559131fc7e82b4fdc95ff?s=96&d=mm&r=g","contentUrl":"https:\/\/secure.gravatar.com\/avatar\/2115b79a00800516fa1523bb5a329611f90e73e89be559131fc7e82b4fdc95ff?s=96&d=mm&r=g","caption":"Rauchfrei Team"},"url":"https:\/\/rauchfrei.at\/en\/author\/rauchfrei-team\/"}]}},"_links":{"self":[{"href":"https:\/\/rauchfrei.at\/en\/wp-json\/wp\/v2\/posts\/25018","targetHints":{"allow":["GET"]}}],"collection":[{"href":"https:\/\/rauchfrei.at\/en\/wp-json\/wp\/v2\/posts"}],"about":[{"href":"https:\/\/rauchfrei.at\/en\/wp-json\/wp\/v2\/types\/post"}],"author":[{"embeddable":true,"href":"https:\/\/rauchfrei.at\/en\/wp-json\/wp\/v2\/users\/25"}],"replies":[{"embeddable":true,"href":"https:\/\/rauchfrei.at\/en\/wp-json\/wp\/v2\/comments?post=25018"}],"version-history":[{"count":8,"href":"https:\/\/rauchfrei.at\/en\/wp-json\/wp\/v2\/posts\/25018\/revisions"}],"predecessor-version":[{"id":25030,"href":"https:\/\/rauchfrei.at\/en\/wp-json\/wp\/v2\/posts\/25018\/revisions\/25030"}],"wp:attachment":[{"href":"https:\/\/rauchfrei.at\/en\/wp-json\/wp\/v2\/media?parent=25018"}],"wp:term":[{"taxonomy":"category","embeddable":true,"href":"https:\/\/rauchfrei.at\/en\/wp-json\/wp\/v2\/categories?post=25018"},{"taxonomy":"post_tag","embeddable":true,"href":"https:\/\/rauchfrei.at\/en\/wp-json\/wp\/v2\/tags?post=25018"}],"curies":[{"name":"wp","href":"https:\/\/api.w.org\/{rel}","templated":true}]}}