
{"id":25574,"date":"2022-11-16T08:00:00","date_gmt":"2022-11-16T06:00:00","guid":{"rendered":"https:\/\/rauchfrei.at\/?p=25574"},"modified":"2022-11-16T14:04:21","modified_gmt":"2022-11-16T12:04:21","slug":"hinauf-aufs-hoechste-gebaeude-oesterreichs","status":"publish","type":"post","link":"https:\/\/rauchfrei.at\/en\/hinauf-aufs-hoechste-gebaeude-oesterreichs\/","title":{"rendered":"Hinauf aufs h\u00f6chste Geb\u00e4ude \u00d6sterreichs"},"content":{"rendered":"<p>[et_pb_section fb_built=&#8221;1&#8243; module_class=&#8221;header&#8221; _builder_version=&#8221;4.16&#8243; global_colors_info=&#8221;{}&#8221;][et_pb_row _builder_version=&#8221;4.16&#8243; global_colors_info=&#8221;{}&#8221;][et_pb_column type=&#8221;4_4&#8243; _builder_version=&#8221;4.16&#8243; custom_padding=&#8221;|||&#8221; global_colors_info=&#8221;{}&#8221; custom_padding__hover=&#8221;|||&#8221;][et_pb_dp_dmb_module_10001 subheadline=&#8221;my COPD Challenge 2022&#8243; _builder_version=&#8221;4.18.0&#8243; global_colors_info=&#8221;{}&#8221;][\/et_pb_dp_dmb_module_10001][\/et_pb_column][\/et_pb_row][\/et_pb_section][et_pb_section fb_built=&#8221;1&#8243; _builder_version=&#8221;4.16&#8243; custom_padding=&#8221;30px|||&#8221; global_colors_info=&#8221;{}&#8221;][et_pb_row column_structure=&#8221;2_3,1_3&#8243; _builder_version=&#8221;4.16&#8243; global_colors_info=&#8221;{}&#8221;][et_pb_column type=&#8221;2_3&#8243; module_class=&#8221;blog-content&#8221; _builder_version=&#8221;4.16&#8243; custom_padding=&#8221;|||&#8221; global_colors_info=&#8221;{}&#8221; custom_padding__hover=&#8221;|||&#8221;][et_pb_text _builder_version=&#8221;4.18.0&#8243; hover_enabled=&#8221;0&#8243; global_colors_info=&#8221;{}&#8221; sticky_enabled=&#8221;0&#8243;]<\/p>\n<p>Eberhard Jordan, ein COPD Patient, hat die COPD Challenge ins Leben gerufen. Dabei geht es darum, dass sich COPD Patienten einer pers\u00f6nlichen Herausforderung stellen. In \u00d6sterreich sind derzeit ca. 800.000 Menschen von COPD betroffen, da hei\u00dft jede 5.Person \u00fcber 40 Jahren ist davon betroffen.<\/p>\n<p>Am 16.November 2022 wird der n\u00e4chste Welt-COPD-Tag sein und somit auch der Start f\u00fcr die pers\u00f6nliche Herausforderung. Der Gr\u00fcnder der myCOPD-Challenge Eberhard Jordan wird die Besteigung des DC Towers in Wien vornehmen. Der DC Tower in Wien ist mit einer H\u00f6he von 250m das h\u00f6chste Geb\u00e4ude in \u00d6sterreich.<\/p>\n<p>Letztes Jahr hat Herr Jordan den Millenniumtower mit 843 Stufen bestiegen. Dieses Jahr sind es doppelt so viele Stufen, n\u00e4mlich 1620.<\/p>\n<p>In Innsbruck wird ebenfalls eine myCOPD-Challenge mit der Mitveranstalterin Frau Monika Oberdorfer stattfinden. Dabei wird die Bergiselschanze in Innsbruck mit 283 Stufen erklommen.<\/p>\n<p>Das Projekt myCOPD-Challenge ruft anl\u00e4sslich des Welt-COPD Tages im November dazu auf, sich seiner pers\u00f6nlichen Herausforderung zu stellen. Beteiligen Sie sich und bereiten Sie sich gemeinsam mit einem Team aus \u00c4rzten und Therapeuten vor, um Ihr eigenes Ziel zu erreichen, egal ob Kirchturm oder Hochhaus.<\/p>\n<p>Eberhard Jordan nennt die 6 S\u00e4ulen die f\u00fcr COPD Patienten wichtig sind: \u00c4rzte\/Therapeuten, Medikamente, Rauchfrei durch den Alltag, Training, soziale Unterst\u00fctzung und Ern\u00e4hrung.<\/p>\n<p>&nbsp;<\/p>\n<p>N\u00e4here Infos dazu finden Sie unter:<\/p>\n<p><a href=\"https:\/\/www.mycopd-challenge.com\/\">https:\/\/www.mycopd-challenge.com\/<\/a><\/p>\n<p><a href=\"https:\/\/www.youtube.com\/watch?v=pBGEMdYej08\">https:\/\/www.youtube.com\/watch?v=pBGEMdYej08<\/a><\/p>\n<p>[\/et_pb_text][et_pb_post_nav in_same_term=&#8221;off&#8221; _builder_version=&#8221;4.16&#8243; global_colors_info=&#8221;{}&#8221;][\/et_pb_post_nav][\/et_pb_column][et_pb_column type=&#8221;1_3&#8243; module_class=&#8221;cat-and-tag&#8221; _builder_version=&#8221;4.16&#8243; custom_padding=&#8221;|||&#8221; global_colors_info=&#8221;{}&#8221; custom_padding__hover=&#8221;|||&#8221;][et_pb_sidebar area=&#8221;et_pb_widget_area_1&#8243; _builder_version=&#8221;4.16&#8243; global_colors_info=&#8221;{}&#8221;][\/et_pb_sidebar][et_pb_dp_dmb_module_10093 farbe=&#8221;blitzblau&#8221; image=&#8221;https:\/\/rauchfrei.at\/wp-content\/uploads\/Nov_Rauchfreiv02.png&#8221; image_position=&#8221;center&#8221; link_text=&#8221;mehr dazu&#8221; link_url=&#8221;https:\/\/rauchfrei.at\/aufhoeren\/november-rauchfrei\/&#8221; admin_label=&#8221;November rauchfrei&#8221; _builder_version=&#8221;4.18.0&#8243; z_index_tablet=&#8221;500&#8243; global_module=&#8221;17470&#8243; saved_tabs=&#8221;all&#8221; global_colors_info=&#8221;{}&#8221;][\/et_pb_dp_dmb_module_10093][\/et_pb_column][\/et_pb_row][\/et_pb_section]<\/p>\n","protected":false},"excerpt":{"rendered":"<p>Eberhard Jordan zeigt wie man sich trotz COPD hohe Ziele setzen und diese auch erreichen kann<\/p>\n","protected":false},"author":25,"featured_media":0,"comment_status":"open","ping_status":"open","sticky":false,"template":"","format":"standard","meta":{"_et_pb_use_builder":"on","_et_pb_old_content":"","_et_gb_content_width":"2880","footnotes":""},"categories":[235,236],"tags":[],"class_list":["post-25574","post","type-post","status-publish","format-standard","hentry","category-gesundheit-und-rauchstopp","category-nicht-kategorisiert"],"yoast_head":"<!-- This site is optimized with the Yoast SEO plugin v26.2 - https:\/\/yoast.com\/wordpress\/plugins\/seo\/ -->\n<title>Hinauf aufs h\u00f6chste Geb\u00e4ude \u00d6sterreichs - Rauchfrei Telefon<\/title>\n<meta name=\"robots\" content=\"index, follow, max-snippet:-1, max-image-preview:large, max-video-preview:-1\" \/>\n<link rel=\"canonical\" href=\"https:\/\/rauchfrei.at\/hinauf-aufs-hoechste-gebaeude-oesterreichs\/\" \/>\n<meta property=\"og:locale\" content=\"en_US\" \/>\n<meta property=\"og:type\" content=\"article\" \/>\n<meta property=\"og:title\" content=\"Hinauf aufs h\u00f6chste Geb\u00e4ude \u00d6sterreichs - Rauchfrei Telefon\" \/>\n<meta property=\"og:description\" content=\"Eberhard Jordan zeigt wie man sich trotz COPD hohe Ziele setzen und diese auch erreichen kann\" \/>\n<meta property=\"og:url\" content=\"https:\/\/rauchfrei.at\/hinauf-aufs-hoechste-gebaeude-oesterreichs\/\" \/>\n<meta property=\"og:site_name\" content=\"Rauchfrei Telefon\" \/>\n<meta property=\"article:published_time\" content=\"2022-11-16T06:00:00+00:00\" \/>\n<meta property=\"article:modified_time\" content=\"2022-11-16T12:04:21+00:00\" \/>\n<meta name=\"author\" content=\"Rauchfrei Team\" \/>\n<meta name=\"twitter:card\" content=\"summary_large_image\" \/>\n<meta name=\"twitter:label1\" content=\"Written by\" \/>\n\t<meta name=\"twitter:data1\" content=\"Rauchfrei Team\" \/>\n\t<meta name=\"twitter:label2\" content=\"Est. reading time\" \/>\n\t<meta name=\"twitter:data2\" content=\"2 minutes\" \/>\n<script type=\"application\/ld+json\" class=\"yoast-schema-graph\">{\"@context\":\"https:\/\/schema.org\",\"@graph\":[{\"@type\":\"WebPage\",\"@id\":\"https:\/\/rauchfrei.at\/hinauf-aufs-hoechste-gebaeude-oesterreichs\/\",\"url\":\"https:\/\/rauchfrei.at\/hinauf-aufs-hoechste-gebaeude-oesterreichs\/\",\"name\":\"Hinauf aufs h\u00f6chste Geb\u00e4ude \u00d6sterreichs - Rauchfrei Telefon\",\"isPartOf\":{\"@id\":\"https:\/\/rauchfrei.at\/#website\"},\"datePublished\":\"2022-11-16T06:00:00+00:00\",\"dateModified\":\"2022-11-16T12:04:21+00:00\",\"author\":{\"@id\":\"https:\/\/rauchfrei.at\/#\/schema\/person\/504bbf90c5482004fc09aef6de7f9277\"},\"inLanguage\":\"en-US\",\"potentialAction\":[{\"@type\":\"ReadAction\",\"target\":[\"https:\/\/rauchfrei.at\/hinauf-aufs-hoechste-gebaeude-oesterreichs\/\"]}]},{\"@type\":\"WebSite\",\"@id\":\"https:\/\/rauchfrei.at\/#website\",\"url\":\"https:\/\/rauchfrei.at\/\",\"name\":\"Rauchfrei Telefon\",\"description\":\"Eine \u00f6sterreichweite Initiative der Sozialversicherungen.\",\"potentialAction\":[{\"@type\":\"SearchAction\",\"target\":{\"@type\":\"EntryPoint\",\"urlTemplate\":\"https:\/\/rauchfrei.at\/?s={search_term_string}\"},\"query-input\":{\"@type\":\"PropertyValueSpecification\",\"valueRequired\":true,\"valueName\":\"search_term_string\"}}],\"inLanguage\":\"en-US\"},{\"@type\":\"Person\",\"@id\":\"https:\/\/rauchfrei.at\/#\/schema\/person\/504bbf90c5482004fc09aef6de7f9277\",\"name\":\"Rauchfrei Team\",\"image\":{\"@type\":\"ImageObject\",\"inLanguage\":\"en-US\",\"@id\":\"https:\/\/rauchfrei.at\/#\/schema\/person\/image\/\",\"url\":\"https:\/\/secure.gravatar.com\/avatar\/2115b79a00800516fa1523bb5a329611f90e73e89be559131fc7e82b4fdc95ff?s=96&d=mm&r=g\",\"contentUrl\":\"https:\/\/secure.gravatar.com\/avatar\/2115b79a00800516fa1523bb5a329611f90e73e89be559131fc7e82b4fdc95ff?s=96&d=mm&r=g\",\"caption\":\"Rauchfrei Team\"},\"url\":\"https:\/\/rauchfrei.at\/en\/author\/rauchfrei-team\/\"}]}<\/script>\n<!-- \/ Yoast SEO plugin. -->","yoast_head_json":{"title":"Hinauf aufs h\u00f6chste Geb\u00e4ude \u00d6sterreichs - Rauchfrei Telefon","robots":{"index":"index","follow":"follow","max-snippet":"max-snippet:-1","max-image-preview":"max-image-preview:large","max-video-preview":"max-video-preview:-1"},"canonical":"https:\/\/rauchfrei.at\/hinauf-aufs-hoechste-gebaeude-oesterreichs\/","og_locale":"en_US","og_type":"article","og_title":"Hinauf aufs h\u00f6chste Geb\u00e4ude \u00d6sterreichs - Rauchfrei Telefon","og_description":"Eberhard Jordan zeigt wie man sich trotz COPD hohe Ziele setzen und diese auch erreichen kann","og_url":"https:\/\/rauchfrei.at\/hinauf-aufs-hoechste-gebaeude-oesterreichs\/","og_site_name":"Rauchfrei Telefon","article_published_time":"2022-11-16T06:00:00+00:00","article_modified_time":"2022-11-16T12:04:21+00:00","author":"Rauchfrei Team","twitter_card":"summary_large_image","twitter_misc":{"Written by":"Rauchfrei Team","Est. reading time":"2 minutes"},"schema":{"@context":"https:\/\/schema.org","@graph":[{"@type":"WebPage","@id":"https:\/\/rauchfrei.at\/hinauf-aufs-hoechste-gebaeude-oesterreichs\/","url":"https:\/\/rauchfrei.at\/hinauf-aufs-hoechste-gebaeude-oesterreichs\/","name":"Hinauf aufs h\u00f6chste Geb\u00e4ude \u00d6sterreichs - Rauchfrei Telefon","isPartOf":{"@id":"https:\/\/rauchfrei.at\/#website"},"datePublished":"2022-11-16T06:00:00+00:00","dateModified":"2022-11-16T12:04:21+00:00","author":{"@id":"https:\/\/rauchfrei.at\/#\/schema\/person\/504bbf90c5482004fc09aef6de7f9277"},"inLanguage":"en-US","potentialAction":[{"@type":"ReadAction","target":["https:\/\/rauchfrei.at\/hinauf-aufs-hoechste-gebaeude-oesterreichs\/"]}]},{"@type":"WebSite","@id":"https:\/\/rauchfrei.at\/#website","url":"https:\/\/rauchfrei.at\/","name":"Rauchfrei Telefon","description":"Eine \u00f6sterreichweite Initiative der Sozialversicherungen.","potentialAction":[{"@type":"SearchAction","target":{"@type":"EntryPoint","urlTemplate":"https:\/\/rauchfrei.at\/?s={search_term_string}"},"query-input":{"@type":"PropertyValueSpecification","valueRequired":true,"valueName":"search_term_string"}}],"inLanguage":"en-US"},{"@type":"Person","@id":"https:\/\/rauchfrei.at\/#\/schema\/person\/504bbf90c5482004fc09aef6de7f9277","name":"Rauchfrei Team","image":{"@type":"ImageObject","inLanguage":"en-US","@id":"https:\/\/rauchfrei.at\/#\/schema\/person\/image\/","url":"https:\/\/secure.gravatar.com\/avatar\/2115b79a00800516fa1523bb5a329611f90e73e89be559131fc7e82b4fdc95ff?s=96&d=mm&r=g","contentUrl":"https:\/\/secure.gravatar.com\/avatar\/2115b79a00800516fa1523bb5a329611f90e73e89be559131fc7e82b4fdc95ff?s=96&d=mm&r=g","caption":"Rauchfrei Team"},"url":"https:\/\/rauchfrei.at\/en\/author\/rauchfrei-team\/"}]}},"_links":{"self":[{"href":"https:\/\/rauchfrei.at\/en\/wp-json\/wp\/v2\/posts\/25574","targetHints":{"allow":["GET"]}}],"collection":[{"href":"https:\/\/rauchfrei.at\/en\/wp-json\/wp\/v2\/posts"}],"about":[{"href":"https:\/\/rauchfrei.at\/en\/wp-json\/wp\/v2\/types\/post"}],"author":[{"embeddable":true,"href":"https:\/\/rauchfrei.at\/en\/wp-json\/wp\/v2\/users\/25"}],"replies":[{"embeddable":true,"href":"https:\/\/rauchfrei.at\/en\/wp-json\/wp\/v2\/comments?post=25574"}],"version-history":[{"count":7,"href":"https:\/\/rauchfrei.at\/en\/wp-json\/wp\/v2\/posts\/25574\/revisions"}],"predecessor-version":[{"id":25582,"href":"https:\/\/rauchfrei.at\/en\/wp-json\/wp\/v2\/posts\/25574\/revisions\/25582"}],"wp:attachment":[{"href":"https:\/\/rauchfrei.at\/en\/wp-json\/wp\/v2\/media?parent=25574"}],"wp:term":[{"taxonomy":"category","embeddable":true,"href":"https:\/\/rauchfrei.at\/en\/wp-json\/wp\/v2\/categories?post=25574"},{"taxonomy":"post_tag","embeddable":true,"href":"https:\/\/rauchfrei.at\/en\/wp-json\/wp\/v2\/tags?post=25574"}],"curies":[{"name":"wp","href":"https:\/\/api.w.org\/{rel}","templated":true}]}}