
{"id":25605,"date":"2022-11-20T08:30:00","date_gmt":"2022-11-20T06:30:00","guid":{"rendered":"https:\/\/rauchfrei.at\/?p=25605"},"modified":"2022-11-18T19:33:53","modified_gmt":"2022-11-18T17:33:53","slug":"zum-weltkindertag-auch-kinder-haben-rechte","status":"publish","type":"post","link":"https:\/\/rauchfrei.at\/en\/zum-weltkindertag-auch-kinder-haben-rechte\/","title":{"rendered":"Zum WELTKINDERTAG \u2013 Auch Kinder haben Rechte"},"content":{"rendered":"\n[et_pb_section fb_built=&#8221;1&#8243; module_class=&#8221;header&#8221; _builder_version=&#8221;4.16&#8243; global_colors_info=&#8221;{}&#8221; theme_builder_area=&#8221;post_content&#8221;][et_pb_row _builder_version=&#8221;4.16&#8243; global_colors_info=&#8221;{}&#8221; theme_builder_area=&#8221;post_content&#8221;][et_pb_column type=&#8221;4_4&#8243; _builder_version=&#8221;4.16&#8243; custom_padding=&#8221;|||&#8221; global_colors_info=&#8221;{}&#8221; custom_padding__hover=&#8221;|||&#8221; theme_builder_area=&#8221;post_content&#8221;][et_pb_dp_dmb_module_10001 subheadline=&#8221;Rauchfreiheit sch\u00fctzt auch die Kleinsten&#8221; _builder_version=&#8221;4.18.0&#8243; hover_enabled=&#8221;0&#8243; global_colors_info=&#8221;{}&#8221; theme_builder_area=&#8221;post_content&#8221; sticky_enabled=&#8221;0&#8243;][\/et_pb_dp_dmb_module_10001][\/et_pb_column][\/et_pb_row][\/et_pb_section][et_pb_section fb_built=&#8221;1&#8243; _builder_version=&#8221;4.16&#8243; custom_padding=&#8221;30px|||&#8221; global_colors_info=&#8221;{}&#8221; theme_builder_area=&#8221;post_content&#8221;][et_pb_row _builder_version=&#8221;4.16&#8243; global_colors_info=&#8221;{}&#8221; column_structure=&#8221;2_3,1_3&#8243; theme_builder_area=&#8221;post_content&#8221;][et_pb_column type=&#8221;2_3&#8243; module_class=&#8221;blog-content&#8221; _builder_version=&#8221;4.16&#8243; custom_padding=&#8221;|||&#8221; global_colors_info=&#8221;{}&#8221; custom_padding__hover=&#8221;|||&#8221; theme_builder_area=&#8221;post_content&#8221;][et_pb_text _builder_version=&#8221;4.18.0&#8243; hover_enabled=&#8221;0&#8243; global_colors_info=&#8221;{}&#8221; theme_builder_area=&#8221;post_content&#8221; sticky_enabled=&#8221;0&#8243;]<p>Der Weltkindertag wird j\u00e4hrlich weltweit in \u00fcber 160 L\u00e4ndern gefeiert und ist eine wichtige Gelegenheit, auf den Kinderschutz und die Rechte von Kindern hinzuweisen. Auch bei den Themen Tabak, Nikotin und Zigarettenrauch sind Kinder h\u00e4ufig von den sch\u00e4dlichen Folgen betroffen:<\/p>\n<p><strong>Kinder arbeiten auf den Tabakfeldern<\/strong><br \/>Kinderarbeit im Tabakanbau ist sehr gef\u00e4hrlich und weltweit verboten. Trotzdem arbeiten in allen bedeutenden Tabakanbaul\u00e4ndern Kinder oft schon ab f\u00fcnf Jahren auf den Feldern, weil der Tabakanbau sehr zeit- und arbeitsintensiv ist und die Tabakkonzerne sehr geringe Preise f\u00fcr den Rohtabak zahlen. Daher m\u00fcssen alle Familienmitglieder mithelfen, um \u00fcberleben zu k\u00f6nnen. Die Kinder sind gef\u00e4hrlichen Chemikalien (Pestiziden) und dem Nikotin der Pflanze ausgesetzt und k\u00f6nnen sich bei der harten Arbeit verletzen. Viele erkranken an der Gr\u00fcnen Tabakkrankheit, denn sie nehmen das Nikotin aus den Bl\u00e4ttern durch die Haut in den K\u00f6rper auf. Schon eine kleine Menge des Nervengifts f\u00fchrt bei Kindern zur Nikotinvergiftung mit \u00dcbelkeit, Erbrechen, Kopfschmerzen, Schwindel und Schw\u00e4cheanf\u00e4llen.<\/p>\n<p><strong>Rauchendes Umfeld \u2013 Passivrauch<\/strong><br \/>Ebenfalls eine gro\u00dfe Gefahr f\u00fcr die Gesundheit von Kindern stellt Passivrauch dar<br \/>Kinder sind noch st\u00e4rker durch das Passivrauchen gef\u00e4hrdet als Erwachsene, denn sie haben eine h\u00f6here Atemfrequenz, die Organe und das Immunsystem von Kindern sind noch nicht voll entwickelt. Deshalb sollte man sie besonders vor <a href=\"https:\/\/rauchfrei.at\/wp-content\/uploads\/Folder_Passivrauch_web-2.pdf\" target=\"_blank\" rel=\"noopener\">Passivrauch<\/a> sch\u00fctzen.<\/p>\n<p><strong>Neue Produkte sollen Kindern und Jugendlichen \u201eschmecken\u201c<\/strong><br \/>Zus\u00e4tzlich besorgniserregend ist die Entwicklung, dass die Werbung f\u00fcr Produkte wie E-Zigaretten oder Nikotinbeutel etc. auch auf Kinder und vor allem auf Jugendliche abzielt. Diese sollen vermeintlich nicht so sch\u00e4dlich sein wie Tabakzigaretten und locken mit unterschiedlichen Geschmacksrichtungen. Bez\u00fcglich dieser Produkte bedarf es viel Aufkl\u00e4rung \u2013 f\u00fcr Kinder, aber auch f\u00fcr Eltern. Daf\u00fcr steht das Rauchfrei Telefon gerne zur Verf\u00fcgung.<br \/><strong>\u00d6sterreichweit und kostenlos unter 0800 810 013 Mo \u2013Fr 10:00h \u2013 18:00h<\/strong><\/p>\n<p>Quelle: <a href=\"https:\/\/unfairtobacco.org\" target=\"_blank\" rel=\"noopener\">https:\/\/unfairtobacco.org<\/a><\/p>[\/et_pb_text][et_pb_post_nav in_same_term=&#8221;off&#8221; _builder_version=&#8221;4.16&#8243; global_colors_info=&#8221;{}&#8221; theme_builder_area=&#8221;post_content&#8221;][\/et_pb_post_nav][\/et_pb_column][et_pb_column type=&#8221;1_3&#8243; module_class=&#8221;cat-and-tag&#8221; _builder_version=&#8221;4.16&#8243; custom_padding=&#8221;|||&#8221; global_colors_info=&#8221;{}&#8221; custom_padding__hover=&#8221;|||&#8221; theme_builder_area=&#8221;post_content&#8221;][et_pb_sidebar area=&#8221;et_pb_widget_area_1&#8243; _builder_version=&#8221;4.16&#8243; global_colors_info=&#8221;{}&#8221; theme_builder_area=&#8221;post_content&#8221;][\/et_pb_sidebar][\/et_pb_column][\/et_pb_row][\/et_pb_section]\n","protected":false},"excerpt":{"rendered":"<p>Am 20. November begehen die Vereinten Nationen den Weltkindertag, um auf die Rechte von Kindern weltweit hinzuweisen. Auch bei den Themen \u201eRauchen\u201c und Tabak gibt es hinsichtlich der Kinderrechte noch einiges zu tun. <\/p>\n","protected":false},"author":25,"featured_media":0,"comment_status":"open","ping_status":"open","sticky":false,"template":"","format":"standard","meta":{"_et_pb_use_builder":"on","_et_pb_old_content":"","_et_gb_content_width":"2880","footnotes":""},"categories":[236],"tags":[],"class_list":["post-25605","post","type-post","status-publish","format-standard","hentry","category-nicht-kategorisiert"],"yoast_head":"<!-- This site is optimized with the Yoast SEO plugin v26.2 - https:\/\/yoast.com\/wordpress\/plugins\/seo\/ -->\n<title>Zum WELTKINDERTAG \u2013 Auch Kinder haben Rechte - Rauchfrei Telefon<\/title>\n<meta name=\"robots\" content=\"index, follow, max-snippet:-1, max-image-preview:large, max-video-preview:-1\" \/>\n<link rel=\"canonical\" href=\"https:\/\/rauchfrei.at\/zum-weltkindertag-auch-kinder-haben-rechte\/\" \/>\n<meta property=\"og:locale\" content=\"en_US\" \/>\n<meta property=\"og:type\" content=\"article\" \/>\n<meta property=\"og:title\" content=\"Zum WELTKINDERTAG \u2013 Auch Kinder haben Rechte - Rauchfrei Telefon\" \/>\n<meta property=\"og:description\" content=\"Am 20. November begehen die Vereinten Nationen den Weltkindertag, um auf die Rechte von Kindern weltweit hinzuweisen. Auch bei den Themen \u201eRauchen\u201c und Tabak gibt es hinsichtlich der Kinderrechte noch einiges zu tun.\" \/>\n<meta property=\"og:url\" content=\"https:\/\/rauchfrei.at\/zum-weltkindertag-auch-kinder-haben-rechte\/\" \/>\n<meta property=\"og:site_name\" content=\"Rauchfrei Telefon\" \/>\n<meta property=\"article:published_time\" content=\"2022-11-20T06:30:00+00:00\" \/>\n<meta name=\"author\" content=\"Rauchfrei Team\" \/>\n<meta name=\"twitter:card\" content=\"summary_large_image\" \/>\n<meta name=\"twitter:label1\" content=\"Written by\" \/>\n\t<meta name=\"twitter:data1\" content=\"Rauchfrei Team\" \/>\n\t<meta name=\"twitter:label2\" content=\"Est. reading time\" \/>\n\t<meta name=\"twitter:data2\" content=\"2 minutes\" \/>\n<script type=\"application\/ld+json\" class=\"yoast-schema-graph\">{\"@context\":\"https:\/\/schema.org\",\"@graph\":[{\"@type\":\"WebPage\",\"@id\":\"https:\/\/rauchfrei.at\/zum-weltkindertag-auch-kinder-haben-rechte\/\",\"url\":\"https:\/\/rauchfrei.at\/zum-weltkindertag-auch-kinder-haben-rechte\/\",\"name\":\"Zum WELTKINDERTAG \u2013 Auch Kinder haben Rechte - Rauchfrei Telefon\",\"isPartOf\":{\"@id\":\"https:\/\/rauchfrei.at\/#website\"},\"datePublished\":\"2022-11-20T06:30:00+00:00\",\"author\":{\"@id\":\"https:\/\/rauchfrei.at\/#\/schema\/person\/504bbf90c5482004fc09aef6de7f9277\"},\"inLanguage\":\"en-US\",\"potentialAction\":[{\"@type\":\"ReadAction\",\"target\":[\"https:\/\/rauchfrei.at\/zum-weltkindertag-auch-kinder-haben-rechte\/\"]}]},{\"@type\":\"WebSite\",\"@id\":\"https:\/\/rauchfrei.at\/#website\",\"url\":\"https:\/\/rauchfrei.at\/\",\"name\":\"Rauchfrei Telefon\",\"description\":\"Eine \u00f6sterreichweite Initiative der Sozialversicherungen.\",\"potentialAction\":[{\"@type\":\"SearchAction\",\"target\":{\"@type\":\"EntryPoint\",\"urlTemplate\":\"https:\/\/rauchfrei.at\/?s={search_term_string}\"},\"query-input\":{\"@type\":\"PropertyValueSpecification\",\"valueRequired\":true,\"valueName\":\"search_term_string\"}}],\"inLanguage\":\"en-US\"},{\"@type\":\"Person\",\"@id\":\"https:\/\/rauchfrei.at\/#\/schema\/person\/504bbf90c5482004fc09aef6de7f9277\",\"name\":\"Rauchfrei Team\",\"image\":{\"@type\":\"ImageObject\",\"inLanguage\":\"en-US\",\"@id\":\"https:\/\/rauchfrei.at\/#\/schema\/person\/image\/\",\"url\":\"https:\/\/secure.gravatar.com\/avatar\/2115b79a00800516fa1523bb5a329611f90e73e89be559131fc7e82b4fdc95ff?s=96&d=mm&r=g\",\"contentUrl\":\"https:\/\/secure.gravatar.com\/avatar\/2115b79a00800516fa1523bb5a329611f90e73e89be559131fc7e82b4fdc95ff?s=96&d=mm&r=g\",\"caption\":\"Rauchfrei Team\"},\"url\":\"https:\/\/rauchfrei.at\/en\/author\/rauchfrei-team\/\"}]}<\/script>\n<!-- \/ Yoast SEO plugin. -->","yoast_head_json":{"title":"Zum WELTKINDERTAG \u2013 Auch Kinder haben Rechte - Rauchfrei Telefon","robots":{"index":"index","follow":"follow","max-snippet":"max-snippet:-1","max-image-preview":"max-image-preview:large","max-video-preview":"max-video-preview:-1"},"canonical":"https:\/\/rauchfrei.at\/zum-weltkindertag-auch-kinder-haben-rechte\/","og_locale":"en_US","og_type":"article","og_title":"Zum WELTKINDERTAG \u2013 Auch Kinder haben Rechte - Rauchfrei Telefon","og_description":"Am 20. November begehen die Vereinten Nationen den Weltkindertag, um auf die Rechte von Kindern weltweit hinzuweisen. Auch bei den Themen \u201eRauchen\u201c und Tabak gibt es hinsichtlich der Kinderrechte noch einiges zu tun.","og_url":"https:\/\/rauchfrei.at\/zum-weltkindertag-auch-kinder-haben-rechte\/","og_site_name":"Rauchfrei Telefon","article_published_time":"2022-11-20T06:30:00+00:00","author":"Rauchfrei Team","twitter_card":"summary_large_image","twitter_misc":{"Written by":"Rauchfrei Team","Est. reading time":"2 minutes"},"schema":{"@context":"https:\/\/schema.org","@graph":[{"@type":"WebPage","@id":"https:\/\/rauchfrei.at\/zum-weltkindertag-auch-kinder-haben-rechte\/","url":"https:\/\/rauchfrei.at\/zum-weltkindertag-auch-kinder-haben-rechte\/","name":"Zum WELTKINDERTAG \u2013 Auch Kinder haben Rechte - Rauchfrei Telefon","isPartOf":{"@id":"https:\/\/rauchfrei.at\/#website"},"datePublished":"2022-11-20T06:30:00+00:00","author":{"@id":"https:\/\/rauchfrei.at\/#\/schema\/person\/504bbf90c5482004fc09aef6de7f9277"},"inLanguage":"en-US","potentialAction":[{"@type":"ReadAction","target":["https:\/\/rauchfrei.at\/zum-weltkindertag-auch-kinder-haben-rechte\/"]}]},{"@type":"WebSite","@id":"https:\/\/rauchfrei.at\/#website","url":"https:\/\/rauchfrei.at\/","name":"Rauchfrei Telefon","description":"Eine \u00f6sterreichweite Initiative der Sozialversicherungen.","potentialAction":[{"@type":"SearchAction","target":{"@type":"EntryPoint","urlTemplate":"https:\/\/rauchfrei.at\/?s={search_term_string}"},"query-input":{"@type":"PropertyValueSpecification","valueRequired":true,"valueName":"search_term_string"}}],"inLanguage":"en-US"},{"@type":"Person","@id":"https:\/\/rauchfrei.at\/#\/schema\/person\/504bbf90c5482004fc09aef6de7f9277","name":"Rauchfrei Team","image":{"@type":"ImageObject","inLanguage":"en-US","@id":"https:\/\/rauchfrei.at\/#\/schema\/person\/image\/","url":"https:\/\/secure.gravatar.com\/avatar\/2115b79a00800516fa1523bb5a329611f90e73e89be559131fc7e82b4fdc95ff?s=96&d=mm&r=g","contentUrl":"https:\/\/secure.gravatar.com\/avatar\/2115b79a00800516fa1523bb5a329611f90e73e89be559131fc7e82b4fdc95ff?s=96&d=mm&r=g","caption":"Rauchfrei Team"},"url":"https:\/\/rauchfrei.at\/en\/author\/rauchfrei-team\/"}]}},"_links":{"self":[{"href":"https:\/\/rauchfrei.at\/en\/wp-json\/wp\/v2\/posts\/25605","targetHints":{"allow":["GET"]}}],"collection":[{"href":"https:\/\/rauchfrei.at\/en\/wp-json\/wp\/v2\/posts"}],"about":[{"href":"https:\/\/rauchfrei.at\/en\/wp-json\/wp\/v2\/types\/post"}],"author":[{"embeddable":true,"href":"https:\/\/rauchfrei.at\/en\/wp-json\/wp\/v2\/users\/25"}],"replies":[{"embeddable":true,"href":"https:\/\/rauchfrei.at\/en\/wp-json\/wp\/v2\/comments?post=25605"}],"version-history":[{"count":3,"href":"https:\/\/rauchfrei.at\/en\/wp-json\/wp\/v2\/posts\/25605\/revisions"}],"predecessor-version":[{"id":25609,"href":"https:\/\/rauchfrei.at\/en\/wp-json\/wp\/v2\/posts\/25605\/revisions\/25609"}],"wp:attachment":[{"href":"https:\/\/rauchfrei.at\/en\/wp-json\/wp\/v2\/media?parent=25605"}],"wp:term":[{"taxonomy":"category","embeddable":true,"href":"https:\/\/rauchfrei.at\/en\/wp-json\/wp\/v2\/categories?post=25605"},{"taxonomy":"post_tag","embeddable":true,"href":"https:\/\/rauchfrei.at\/en\/wp-json\/wp\/v2\/tags?post=25605"}],"curies":[{"name":"wp","href":"https:\/\/api.w.org\/{rel}","templated":true}]}}