
{"id":25903,"date":"2022-12-26T08:00:00","date_gmt":"2022-12-26T06:00:00","guid":{"rendered":"https:\/\/rauchfrei.at\/?p=25903"},"modified":"2023-01-05T11:56:58","modified_gmt":"2023-01-05T09:56:58","slug":"2023-es-ist-zeit-fuer-eine-veraenderung","status":"publish","type":"post","link":"https:\/\/rauchfrei.at\/en\/2023-es-ist-zeit-fuer-eine-veraenderung\/","title":{"rendered":"2023. Es ist Zeit f\u00fcr Freiheit!"},"content":{"rendered":"<p>[et_pb_section fb_built=&#8221;1&#8243; module_class=&#8221;header&#8221; _builder_version=&#8221;4.16&#8243; global_colors_info=&#8221;{}&#8221;][et_pb_row _builder_version=&#8221;4.16&#8243; global_colors_info=&#8221;{}&#8221;][et_pb_column type=&#8221;4_4&#8243; _builder_version=&#8221;4.16&#8243; custom_padding=&#8221;|||&#8221; global_colors_info=&#8221;{}&#8221; custom_padding__hover=&#8221;|||&#8221;][et_pb_dp_dmb_module_10001 subheadline=&#8221;Rauchfrei im neuen Jahr&#8221; _builder_version=&#8221;4.18.0&#8243; global_colors_info=&#8221;{}&#8221;][\/et_pb_dp_dmb_module_10001][\/et_pb_column][\/et_pb_row][\/et_pb_section][et_pb_section fb_built=&#8221;1&#8243; _builder_version=&#8221;4.16&#8243; custom_padding=&#8221;30px|||&#8221; global_colors_info=&#8221;{}&#8221;][et_pb_row column_structure=&#8221;2_3,1_3&#8243; _builder_version=&#8221;4.16&#8243; global_colors_info=&#8221;{}&#8221;][et_pb_column type=&#8221;2_3&#8243; module_class=&#8221;blog-content&#8221; _builder_version=&#8221;4.16&#8243; custom_padding=&#8221;|||&#8221; global_colors_info=&#8221;{}&#8221; custom_padding__hover=&#8221;|||&#8221;][et_pb_text _builder_version=&#8221;4.18.0&#8243; hover_enabled=&#8221;0&#8243; global_colors_info=&#8221;{}&#8221; sticky_enabled=&#8221;0&#8243;]<\/p>\n<p>Manche Ver\u00e4nderungen liegen au\u00dferhalb des eigenen Handlungsspielraums. Vieles jedoch haben Sie Sie selbst in der Hand: Ihre Entscheidung, sich Gesundheit durch die eigene Rauchfreiheit zu g\u00f6nnen, ist ein Beispiel daf\u00fcr. Mit individueller Begleitung wird der Rauchstopp und die Rauchfreiheit leichter gelingen als alleine. Der Jahresbeginn ist ein guter Zeitpunkt f\u00fcr den Beginn Ihrer Rauch- und Nikotinfreiheit. Und &#8211; das neue Jahr duftet definitiv besser ohne Rauch.<\/p>\n<p><strong>Ein Schritt nach dem anderen \u2013 oder wo fangen Sie an?<\/strong><\/p>\n<p>Haben Sie viele Neujahrsvors\u00e4tze? Gut ist es, sich ein Ziel herauszunehmen (da eignet sich der Rauchstopp) und einen Schritt nach dem anderen zu machen. Oft zeigt sich, dass der Rauchstopp der Beginn einer sanften Umstellung mehrerer Lebensbereiche ist. \u00a0Ohne Rauch gelingt auch Bewegung leichter. Auch eine ges\u00fcndere Ern\u00e4hrung ist manchmal die Folge der Rauchfreiheit.<\/p>\n<p><strong>Ihre pers\u00f6nliche Motivation<\/strong><\/p>\n<p>Wof\u00fcr wollen Sie aufh\u00f6ren? Und was h\u00e4lt Sie noch an der Zigarette? Gute Gr\u00fcnde f\u00fcr sich selbst zu haben und auch niederzuschreiben, ist eine gute Grundlage. Auch ist es wichtig, wie einen guten Zeitpunkt f\u00fcr den Beginn der Rauchfreiheit zu finden.<\/p>\n<p><strong>Gute Planung<\/strong><\/p>\n<p>Gut ist es, sich ein paar Tage f\u00fcr die Vorbereitung der Rauchfreiheit Zeit zu nehmen. Beobachten Sie Ihr Rauchverhalten. Wann rauchen Sie eigentlich und wozu dient Ihnen die Zigarette? \u00a0Finden Sie Alternativen, die Sie anstelle der Zigarette (oder die anderen Tabakprodukte) anwenden k\u00f6nnen. Wie k\u00f6nnen Sie sich ablenken, wenn der Gusto auf eine Zigarette kommt?<\/p>\n<p>Hilfreich kann auch sein, dass Sie den ersten rauchfreien Tag durchplanen und sich am Abend eine Belohnung g\u00f6nnen.<\/p>\n<p><strong>Positive Ver\u00e4nderungen<\/strong><\/p>\n<p>Der nikotinfreie Neuanfang lohnt sich schon bald. Auf der einen Seite sparen Sie Geld durch jede nicht gerauchte Zigarette. Auf der anderen Seite tun Sie Ihrem K\u00f6rper und Ihrer Gesundheit viel Gutes.<\/p>\n<p><strong>Professionelle Hilfe<\/strong><\/p>\n<p>Die Rauchfreiheit zu beginnen und dabei zu bleiben, gelingt oft mit professioneller Begleitung einfacher als alleine. Daf\u00fcr ist das Rauchfrei Telefon f\u00fcr Sie da:<\/p>\n<p>Unter 0800 810 013 erreichen Sie uns kostenfrei von Montag bis Freitag von 10:00 bis 18:00.<\/p>\n<p>Wir freuen uns \u00fcber Ihren Anruf!<\/p>\n<p>[\/et_pb_text][et_pb_post_nav in_same_term=&#8221;off&#8221; _builder_version=&#8221;4.16&#8243; global_colors_info=&#8221;{}&#8221;][\/et_pb_post_nav][\/et_pb_column][et_pb_column type=&#8221;1_3&#8243; module_class=&#8221;cat-and-tag&#8221; _builder_version=&#8221;4.16&#8243; custom_padding=&#8221;|||&#8221; global_colors_info=&#8221;{}&#8221; custom_padding__hover=&#8221;|||&#8221;][et_pb_sidebar area=&#8221;et_pb_widget_area_1&#8243; _builder_version=&#8221;4.16&#8243; global_colors_info=&#8221;{}&#8221;][\/et_pb_sidebar][et_pb_dp_dmb_module_10093 farbe=&#8221;blitzgelb&#8221; headline=&#8221;Trauen Sie sich den Rauchstopp zu!&#8221; image=&#8221;https:\/\/rauchfrei.at\/wp-content\/uploads\/Quitting-Yellow.png&#8221; image_position=&#8221;center&#8221; link_text=&#8221;mehr&#8221; link_url=&#8221;https:\/\/rauchfrei.at\/aufhoeren\/schritte-zum-rauchstopp\/trauen-sie-sich-den-rauchstopp-zu\/&#8221; admin_label=&#8221;Trauen Sie sich den Rauchstopp zu&#8221; _builder_version=&#8221;4.18.0&#8243; global_module=&#8221;13173&#8243; saved_tabs=&#8221;all&#8221; global_colors_info=&#8221;{}&#8221;]<\/p>\n<p>Sie m\u00f6chten etwas \u00e4ndern? Worauf warten Sie noch?<\/p>\n<p>[\/et_pb_dp_dmb_module_10093][et_pb_dp_dmb_module_10093 farbe=&#8221;blitzblau&#8221; headline=&#8221;Alternativen zum Rauchen&#8221; image=&#8221;https:\/\/rauchfrei.at\/wp-content\/uploads\/Relax-in-hammok.png&#8221; image_position=&#8221;center&#8221; link_text=&#8221;mehr&#8221; link_url=&#8221;https:\/\/rauchfrei.at\/alternativen\/&#8221; admin_label=&#8221;Alternativen zum Rauchen&#8221; _builder_version=&#8221;4.9.0&#8243; z_index_tablet=&#8221;500&#8243; global_module=&#8221;13174&#8243; saved_tabs=&#8221;all&#8221; global_colors_info=&#8221;{}&#8221;]<\/p>\n<p>Es gibt viele M\u00f6glichkeiten, um nicht zur Zigarette zu greifen!<\/p>\n<p>[\/et_pb_dp_dmb_module_10093][\/et_pb_column][\/et_pb_row][\/et_pb_section]<\/p>\n","protected":false},"excerpt":{"rendered":"<p>Jedes Jahr aufs Neue \u00fcberlegen wir uns, welchen Neujahrsvorsatz wir dieses Jahr treffen k\u00f6nnen. <\/p>\n","protected":false},"author":25,"featured_media":0,"comment_status":"open","ping_status":"open","sticky":false,"template":"","format":"standard","meta":{"_et_pb_use_builder":"on","_et_pb_old_content":"","_et_gb_content_width":"2880","footnotes":""},"categories":[232,236],"tags":[],"class_list":["post-25903","post","type-post","status-publish","format-standard","hentry","category-nachrichten-vom-rauchfrei-telefon","category-nicht-kategorisiert"],"yoast_head":"<!-- This site is optimized with the Yoast SEO plugin v26.2 - https:\/\/yoast.com\/wordpress\/plugins\/seo\/ -->\n<title>2023. Es ist Zeit f\u00fcr Freiheit! - Rauchfrei Telefon<\/title>\n<meta name=\"robots\" content=\"index, follow, max-snippet:-1, max-image-preview:large, max-video-preview:-1\" \/>\n<link rel=\"canonical\" href=\"https:\/\/rauchfrei.at\/2023-es-ist-zeit-fuer-eine-veraenderung\/\" \/>\n<meta property=\"og:locale\" content=\"en_US\" \/>\n<meta property=\"og:type\" content=\"article\" \/>\n<meta property=\"og:title\" content=\"2023. Es ist Zeit f\u00fcr Freiheit! - Rauchfrei Telefon\" \/>\n<meta property=\"og:description\" content=\"Jedes Jahr aufs Neue \u00fcberlegen wir uns, welchen Neujahrsvorsatz wir dieses Jahr treffen k\u00f6nnen.\" \/>\n<meta property=\"og:url\" content=\"https:\/\/rauchfrei.at\/2023-es-ist-zeit-fuer-eine-veraenderung\/\" \/>\n<meta property=\"og:site_name\" content=\"Rauchfrei Telefon\" \/>\n<meta property=\"article:published_time\" content=\"2022-12-26T06:00:00+00:00\" \/>\n<meta property=\"article:modified_time\" content=\"2023-01-05T09:56:58+00:00\" \/>\n<meta name=\"author\" content=\"Rauchfrei Team\" \/>\n<meta name=\"twitter:card\" content=\"summary_large_image\" \/>\n<meta name=\"twitter:label1\" content=\"Written by\" \/>\n\t<meta name=\"twitter:data1\" content=\"Rauchfrei Team\" \/>\n\t<meta name=\"twitter:label2\" content=\"Est. reading time\" \/>\n\t<meta name=\"twitter:data2\" content=\"3 minutes\" \/>\n<script type=\"application\/ld+json\" class=\"yoast-schema-graph\">{\"@context\":\"https:\/\/schema.org\",\"@graph\":[{\"@type\":\"WebPage\",\"@id\":\"https:\/\/rauchfrei.at\/2023-es-ist-zeit-fuer-eine-veraenderung\/\",\"url\":\"https:\/\/rauchfrei.at\/2023-es-ist-zeit-fuer-eine-veraenderung\/\",\"name\":\"2023. Es ist Zeit f\u00fcr Freiheit! - Rauchfrei Telefon\",\"isPartOf\":{\"@id\":\"https:\/\/rauchfrei.at\/#website\"},\"datePublished\":\"2022-12-26T06:00:00+00:00\",\"dateModified\":\"2023-01-05T09:56:58+00:00\",\"author\":{\"@id\":\"https:\/\/rauchfrei.at\/#\/schema\/person\/504bbf90c5482004fc09aef6de7f9277\"},\"inLanguage\":\"en-US\",\"potentialAction\":[{\"@type\":\"ReadAction\",\"target\":[\"https:\/\/rauchfrei.at\/2023-es-ist-zeit-fuer-eine-veraenderung\/\"]}]},{\"@type\":\"WebSite\",\"@id\":\"https:\/\/rauchfrei.at\/#website\",\"url\":\"https:\/\/rauchfrei.at\/\",\"name\":\"Rauchfrei Telefon\",\"description\":\"Eine \u00f6sterreichweite Initiative der Sozialversicherungen.\",\"potentialAction\":[{\"@type\":\"SearchAction\",\"target\":{\"@type\":\"EntryPoint\",\"urlTemplate\":\"https:\/\/rauchfrei.at\/?s={search_term_string}\"},\"query-input\":{\"@type\":\"PropertyValueSpecification\",\"valueRequired\":true,\"valueName\":\"search_term_string\"}}],\"inLanguage\":\"en-US\"},{\"@type\":\"Person\",\"@id\":\"https:\/\/rauchfrei.at\/#\/schema\/person\/504bbf90c5482004fc09aef6de7f9277\",\"name\":\"Rauchfrei Team\",\"image\":{\"@type\":\"ImageObject\",\"inLanguage\":\"en-US\",\"@id\":\"https:\/\/rauchfrei.at\/#\/schema\/person\/image\/\",\"url\":\"https:\/\/secure.gravatar.com\/avatar\/2115b79a00800516fa1523bb5a329611f90e73e89be559131fc7e82b4fdc95ff?s=96&d=mm&r=g\",\"contentUrl\":\"https:\/\/secure.gravatar.com\/avatar\/2115b79a00800516fa1523bb5a329611f90e73e89be559131fc7e82b4fdc95ff?s=96&d=mm&r=g\",\"caption\":\"Rauchfrei Team\"},\"url\":\"https:\/\/rauchfrei.at\/en\/author\/rauchfrei-team\/\"}]}<\/script>\n<!-- \/ Yoast SEO plugin. -->","yoast_head_json":{"title":"2023. Es ist Zeit f\u00fcr Freiheit! - Rauchfrei Telefon","robots":{"index":"index","follow":"follow","max-snippet":"max-snippet:-1","max-image-preview":"max-image-preview:large","max-video-preview":"max-video-preview:-1"},"canonical":"https:\/\/rauchfrei.at\/2023-es-ist-zeit-fuer-eine-veraenderung\/","og_locale":"en_US","og_type":"article","og_title":"2023. Es ist Zeit f\u00fcr Freiheit! - Rauchfrei Telefon","og_description":"Jedes Jahr aufs Neue \u00fcberlegen wir uns, welchen Neujahrsvorsatz wir dieses Jahr treffen k\u00f6nnen.","og_url":"https:\/\/rauchfrei.at\/2023-es-ist-zeit-fuer-eine-veraenderung\/","og_site_name":"Rauchfrei Telefon","article_published_time":"2022-12-26T06:00:00+00:00","article_modified_time":"2023-01-05T09:56:58+00:00","author":"Rauchfrei Team","twitter_card":"summary_large_image","twitter_misc":{"Written by":"Rauchfrei Team","Est. reading time":"3 minutes"},"schema":{"@context":"https:\/\/schema.org","@graph":[{"@type":"WebPage","@id":"https:\/\/rauchfrei.at\/2023-es-ist-zeit-fuer-eine-veraenderung\/","url":"https:\/\/rauchfrei.at\/2023-es-ist-zeit-fuer-eine-veraenderung\/","name":"2023. Es ist Zeit f\u00fcr Freiheit! - Rauchfrei Telefon","isPartOf":{"@id":"https:\/\/rauchfrei.at\/#website"},"datePublished":"2022-12-26T06:00:00+00:00","dateModified":"2023-01-05T09:56:58+00:00","author":{"@id":"https:\/\/rauchfrei.at\/#\/schema\/person\/504bbf90c5482004fc09aef6de7f9277"},"inLanguage":"en-US","potentialAction":[{"@type":"ReadAction","target":["https:\/\/rauchfrei.at\/2023-es-ist-zeit-fuer-eine-veraenderung\/"]}]},{"@type":"WebSite","@id":"https:\/\/rauchfrei.at\/#website","url":"https:\/\/rauchfrei.at\/","name":"Rauchfrei Telefon","description":"Eine \u00f6sterreichweite Initiative der Sozialversicherungen.","potentialAction":[{"@type":"SearchAction","target":{"@type":"EntryPoint","urlTemplate":"https:\/\/rauchfrei.at\/?s={search_term_string}"},"query-input":{"@type":"PropertyValueSpecification","valueRequired":true,"valueName":"search_term_string"}}],"inLanguage":"en-US"},{"@type":"Person","@id":"https:\/\/rauchfrei.at\/#\/schema\/person\/504bbf90c5482004fc09aef6de7f9277","name":"Rauchfrei Team","image":{"@type":"ImageObject","inLanguage":"en-US","@id":"https:\/\/rauchfrei.at\/#\/schema\/person\/image\/","url":"https:\/\/secure.gravatar.com\/avatar\/2115b79a00800516fa1523bb5a329611f90e73e89be559131fc7e82b4fdc95ff?s=96&d=mm&r=g","contentUrl":"https:\/\/secure.gravatar.com\/avatar\/2115b79a00800516fa1523bb5a329611f90e73e89be559131fc7e82b4fdc95ff?s=96&d=mm&r=g","caption":"Rauchfrei Team"},"url":"https:\/\/rauchfrei.at\/en\/author\/rauchfrei-team\/"}]}},"_links":{"self":[{"href":"https:\/\/rauchfrei.at\/en\/wp-json\/wp\/v2\/posts\/25903","targetHints":{"allow":["GET"]}}],"collection":[{"href":"https:\/\/rauchfrei.at\/en\/wp-json\/wp\/v2\/posts"}],"about":[{"href":"https:\/\/rauchfrei.at\/en\/wp-json\/wp\/v2\/types\/post"}],"author":[{"embeddable":true,"href":"https:\/\/rauchfrei.at\/en\/wp-json\/wp\/v2\/users\/25"}],"replies":[{"embeddable":true,"href":"https:\/\/rauchfrei.at\/en\/wp-json\/wp\/v2\/comments?post=25903"}],"version-history":[{"count":11,"href":"https:\/\/rauchfrei.at\/en\/wp-json\/wp\/v2\/posts\/25903\/revisions"}],"predecessor-version":[{"id":26023,"href":"https:\/\/rauchfrei.at\/en\/wp-json\/wp\/v2\/posts\/25903\/revisions\/26023"}],"wp:attachment":[{"href":"https:\/\/rauchfrei.at\/en\/wp-json\/wp\/v2\/media?parent=25903"}],"wp:term":[{"taxonomy":"category","embeddable":true,"href":"https:\/\/rauchfrei.at\/en\/wp-json\/wp\/v2\/categories?post=25903"},{"taxonomy":"post_tag","embeddable":true,"href":"https:\/\/rauchfrei.at\/en\/wp-json\/wp\/v2\/tags?post=25903"}],"curies":[{"name":"wp","href":"https:\/\/api.w.org\/{rel}","templated":true}]}}