
{"id":25968,"date":"2023-01-09T08:00:00","date_gmt":"2023-01-09T06:00:00","guid":{"rendered":"https:\/\/rauchfrei.at\/?p=25968"},"modified":"2023-01-05T12:08:18","modified_gmt":"2023-01-05T10:08:18","slug":"verkuehlt-verschnupft-und-husten-dazu","status":"publish","type":"post","link":"https:\/\/rauchfrei.at\/en\/verkuehlt-verschnupft-und-husten-dazu\/","title":{"rendered":"Verk\u00fchlt, verschnupft und Husten dazu?"},"content":{"rendered":"\n\n[et_pb_section fb_built=&#8221;1&#8243; module_class=&#8221;header&#8221; _builder_version=&#8221;4.16&#8243; global_colors_info=&#8221;{}&#8221;][et_pb_row _builder_version=&#8221;4.16&#8243; global_colors_info=&#8221;{}&#8221;][et_pb_column type=&#8221;4_4&#8243; _builder_version=&#8221;4.16&#8243; custom_padding=&#8221;|||&#8221; global_colors_info=&#8221;{}&#8221; custom_padding__hover=&#8221;|||&#8221;][et_pb_dp_dmb_module_10001 subheadline=&#8221;Nutzen Sie diese Gelegenheit f\u00fcr die Rauchfreiheit.&#8221; _builder_version=&#8221;4.18.0&#8243; hover_enabled=&#8221;0&#8243; global_colors_info=&#8221;{}&#8221; sticky_enabled=&#8221;0&#8243;][\/et_pb_dp_dmb_module_10001][\/et_pb_column][\/et_pb_row][\/et_pb_section][et_pb_section fb_built=&#8221;1&#8243; _builder_version=&#8221;4.16&#8243; custom_padding=&#8221;30px|||&#8221; global_colors_info=&#8221;{}&#8221;][et_pb_row column_structure=&#8221;2_3,1_3&#8243; _builder_version=&#8221;4.16&#8243; global_colors_info=&#8221;{}&#8221;][et_pb_column type=&#8221;2_3&#8243; module_class=&#8221;blog-content&#8221; _builder_version=&#8221;4.16&#8243; custom_padding=&#8221;|||&#8221; global_colors_info=&#8221;{}&#8221; custom_padding__hover=&#8221;|||&#8221;][et_pb_text _builder_version=&#8221;4.18.0&#8243; hover_enabled=&#8221;0&#8243; global_colors_info=&#8221;{}&#8221; sticky_enabled=&#8221;0&#8243;]<p>Derzeit sind viele unserer Anruferinnen und Anrufer krank. Oft h\u00f6ren wir, dass bei Erk\u00e4ltungen das Rauch- und Nikotinverlangen in den Hintergrund tritt oder ganz verschwindet. Manche Anruferinnen und Anrufer erz\u00e4hlen uns, dass sie dadurch gleich mehrere Tage rauchfrei geblieben sind. Sie melden sich bei uns f\u00fcr ein oder mehrere begleitende Gespr\u00e4che, um langfristig rauchfrei zu bleiben.<\/p>\n<p>Wer die letzte Zigarette schon vor ein paar Tage geraucht hat, hat gute Chancen, weiterhin rauch- und nikotinfrei zu bleiben. Der K\u00f6rper ist nach den ersten Tagen schon vom Nikotin \u201eentzogen\u201c. Er braucht das Nikotin dann nicht mehr. Hartn\u00e4ckiger als die k\u00f6rperliche Abh\u00e4ngigkeit ist die psychische Abh\u00e4ngigkeit. Das sind die Gewohnheiten, die Rituale und die Verkn\u00fcpfungen vom Rauchen (oder Nikotin konsumieren) mit vielf\u00e4ltigen T\u00e4tigkeiten und Situationen. In solchen Situationen kann noch l\u00e4nger ein Rauchgusto, das Verlangen nach der Zigarette oder nach Nikotin auftauchen \u2013 einfach deshalb, weil es \u00fcber lange Zeit so gewohnt und fix im Alltag integriert ist. Gewohnheiten neu zu gestalten, dauert seine Zeit.<\/p>\n<p>Geben Sie sich diese Zeit f\u00fcr die Rauchfreiheit und finden Sie f\u00fcr sich gute und genussvolle Alternativen in Momenten, in denen Sie fr\u00fcher zur Zigarette oder zum Nikotin gegriffen haben. Haben Sie noch keine Ideen daf\u00fcr?<\/p>\n<p>Rufen Sie uns an, wir haben viele Ideen- vor allem von den vielen Anruferinnen und Anrufer, die schon rauchfrei geworden sind. Hier sind ein paar Beispiele, die wir geh\u00f6rt haben und gerne weitergeben: stricken und h\u00e4keln, an einer duftenden Seife riechen, ein Fu\u00dfbad nehmen oder das Enkerl anrufen.<\/p>\n<p>Nichtraucherinnen und Nichtraucher haben ein st\u00e4rkeres Immunsystem als Menschen, die rauchen. Die Rauchfreiheit wirkt sich innerhalb einiger Wochen positiv auf Ihr Immunsystem aus. So sch\u00fctzen Sie sich in Zukunft besser vor Erk\u00e4ltungen und Infektionen aller Art.<\/p>\n<p>Bei Fragen und dem Wunsch nach Beratung sind wir gerne unter 0800 810 013 f\u00fcr Sie da.<\/p>[\/et_pb_text][et_pb_post_nav in_same_term=&#8221;off&#8221; _builder_version=&#8221;4.16&#8243; global_colors_info=&#8221;{}&#8221;][\/et_pb_post_nav][\/et_pb_column][et_pb_column type=&#8221;1_3&#8243; module_class=&#8221;cat-and-tag&#8221; _builder_version=&#8221;4.16&#8243; custom_padding=&#8221;|||&#8221; global_colors_info=&#8221;{}&#8221; custom_padding__hover=&#8221;|||&#8221;][et_pb_sidebar area=&#8221;et_pb_widget_area_1&#8243; _builder_version=&#8221;4.16&#8243; global_colors_info=&#8221;{}&#8221;][\/et_pb_sidebar][et_pb_dp_dmb_module_10093 farbe=&#8221;blitzblau&#8221; headline=&#8221;Alternativen zum Rauchen&#8221; image=&#8221;https:\/\/rauchfrei.at\/wp-content\/uploads\/Relax-in-hammok.png&#8221; image_position=&#8221;center&#8221; link_text=&#8221;mehr&#8221; link_url=&#8221;https:\/\/rauchfrei.at\/alternativen\/&#8221; admin_label=&#8221;Alternativen zum Rauchen&#8221; _builder_version=&#8221;4.9.0&#8243; z_index_tablet=&#8221;500&#8243; global_module=&#8221;13174&#8243; saved_tabs=&#8221;all&#8221; global_colors_info=&#8221;{}&#8221;]<p>Es gibt viele M\u00f6glichkeiten, um nicht zur Zigarette zu greifen!<\/p>\n[\/et_pb_dp_dmb_module_10093][et_pb_dp_dmb_module_10080 link_text=&#8221;mehr&#8221; link_url=&#8221;https:\/\/rauchfrei.at\/aufhoeren\/schritte-zum-rauchstopp\/rueckfall-was-nun\/&#8221; admin_label=&#8221;R\u00fcckfall \u2013 was nun?&#8221; _builder_version=&#8221;3.19.15&#8243; max_width=&#8221;100%&#8221; global_module=&#8221;13158&#8243; saved_tabs=&#8221;all&#8221; global_colors_info=&#8221;{}&#8221;]<p><strong>R\u00fcckfall<\/strong> &#8211; was nun?<\/p>\n[\/et_pb_dp_dmb_module_10080][\/et_pb_column][\/et_pb_row][\/et_pb_section]\n\n","protected":false},"excerpt":{"rendered":"<p>In dieser Jahreszeit sind viele Menschen verk\u00fchlt, verschnupft und \u201egrippig\u201c oder haben Corona. Das kann anstrengend und unangenehm sein. Und das kann eine besonders gute Chance sein, rauchfrei zu werden \u2013 und zu bleiben.<\/p>\n","protected":false},"author":25,"featured_media":0,"comment_status":"open","ping_status":"open","sticky":false,"template":"","format":"standard","meta":{"_et_pb_use_builder":"on","_et_pb_old_content":"","_et_gb_content_width":"2880","footnotes":""},"categories":[235,237],"tags":[],"class_list":["post-25968","post","type-post","status-publish","format-standard","hentry","category-gesundheit-und-rauchstopp","category-literatur-und-hintergrundwissen"],"yoast_head":"<!-- This site is optimized with the Yoast SEO plugin v26.2 - https:\/\/yoast.com\/wordpress\/plugins\/seo\/ -->\n<title>Verk\u00fchlt, verschnupft und Husten dazu? - Rauchfrei Telefon<\/title>\n<meta name=\"robots\" content=\"index, follow, max-snippet:-1, max-image-preview:large, max-video-preview:-1\" \/>\n<link rel=\"canonical\" href=\"https:\/\/rauchfrei.at\/verkuehlt-verschnupft-und-husten-dazu\/\" \/>\n<meta property=\"og:locale\" content=\"en_US\" \/>\n<meta property=\"og:type\" content=\"article\" \/>\n<meta property=\"og:title\" content=\"Verk\u00fchlt, verschnupft und Husten dazu? - Rauchfrei Telefon\" \/>\n<meta property=\"og:description\" content=\"In dieser Jahreszeit sind viele Menschen verk\u00fchlt, verschnupft und \u201egrippig\u201c oder haben Corona. Das kann anstrengend und unangenehm sein. Und das kann eine besonders gute Chance sein, rauchfrei zu werden \u2013 und zu bleiben.\" \/>\n<meta property=\"og:url\" content=\"https:\/\/rauchfrei.at\/verkuehlt-verschnupft-und-husten-dazu\/\" \/>\n<meta property=\"og:site_name\" content=\"Rauchfrei Telefon\" \/>\n<meta property=\"article:published_time\" content=\"2023-01-09T06:00:00+00:00\" \/>\n<meta name=\"author\" content=\"Rauchfrei Team\" \/>\n<meta name=\"twitter:card\" content=\"summary_large_image\" \/>\n<meta name=\"twitter:label1\" content=\"Written by\" \/>\n\t<meta name=\"twitter:data1\" content=\"Rauchfrei Team\" \/>\n\t<meta name=\"twitter:label2\" content=\"Est. reading time\" \/>\n\t<meta name=\"twitter:data2\" content=\"3 minutes\" \/>\n<script type=\"application\/ld+json\" class=\"yoast-schema-graph\">{\"@context\":\"https:\/\/schema.org\",\"@graph\":[{\"@type\":\"WebPage\",\"@id\":\"https:\/\/rauchfrei.at\/verkuehlt-verschnupft-und-husten-dazu\/\",\"url\":\"https:\/\/rauchfrei.at\/verkuehlt-verschnupft-und-husten-dazu\/\",\"name\":\"Verk\u00fchlt, verschnupft und Husten dazu? - Rauchfrei Telefon\",\"isPartOf\":{\"@id\":\"https:\/\/rauchfrei.at\/#website\"},\"datePublished\":\"2023-01-09T06:00:00+00:00\",\"author\":{\"@id\":\"https:\/\/rauchfrei.at\/#\/schema\/person\/504bbf90c5482004fc09aef6de7f9277\"},\"inLanguage\":\"en-US\",\"potentialAction\":[{\"@type\":\"ReadAction\",\"target\":[\"https:\/\/rauchfrei.at\/verkuehlt-verschnupft-und-husten-dazu\/\"]}]},{\"@type\":\"WebSite\",\"@id\":\"https:\/\/rauchfrei.at\/#website\",\"url\":\"https:\/\/rauchfrei.at\/\",\"name\":\"Rauchfrei Telefon\",\"description\":\"Eine \u00f6sterreichweite Initiative der Sozialversicherungen.\",\"potentialAction\":[{\"@type\":\"SearchAction\",\"target\":{\"@type\":\"EntryPoint\",\"urlTemplate\":\"https:\/\/rauchfrei.at\/?s={search_term_string}\"},\"query-input\":{\"@type\":\"PropertyValueSpecification\",\"valueRequired\":true,\"valueName\":\"search_term_string\"}}],\"inLanguage\":\"en-US\"},{\"@type\":\"Person\",\"@id\":\"https:\/\/rauchfrei.at\/#\/schema\/person\/504bbf90c5482004fc09aef6de7f9277\",\"name\":\"Rauchfrei Team\",\"image\":{\"@type\":\"ImageObject\",\"inLanguage\":\"en-US\",\"@id\":\"https:\/\/rauchfrei.at\/#\/schema\/person\/image\/\",\"url\":\"https:\/\/secure.gravatar.com\/avatar\/2115b79a00800516fa1523bb5a329611f90e73e89be559131fc7e82b4fdc95ff?s=96&d=mm&r=g\",\"contentUrl\":\"https:\/\/secure.gravatar.com\/avatar\/2115b79a00800516fa1523bb5a329611f90e73e89be559131fc7e82b4fdc95ff?s=96&d=mm&r=g\",\"caption\":\"Rauchfrei Team\"},\"url\":\"https:\/\/rauchfrei.at\/en\/author\/rauchfrei-team\/\"}]}<\/script>\n<!-- \/ Yoast SEO plugin. -->","yoast_head_json":{"title":"Verk\u00fchlt, verschnupft und Husten dazu? - Rauchfrei Telefon","robots":{"index":"index","follow":"follow","max-snippet":"max-snippet:-1","max-image-preview":"max-image-preview:large","max-video-preview":"max-video-preview:-1"},"canonical":"https:\/\/rauchfrei.at\/verkuehlt-verschnupft-und-husten-dazu\/","og_locale":"en_US","og_type":"article","og_title":"Verk\u00fchlt, verschnupft und Husten dazu? - Rauchfrei Telefon","og_description":"In dieser Jahreszeit sind viele Menschen verk\u00fchlt, verschnupft und \u201egrippig\u201c oder haben Corona. Das kann anstrengend und unangenehm sein. Und das kann eine besonders gute Chance sein, rauchfrei zu werden \u2013 und zu bleiben.","og_url":"https:\/\/rauchfrei.at\/verkuehlt-verschnupft-und-husten-dazu\/","og_site_name":"Rauchfrei Telefon","article_published_time":"2023-01-09T06:00:00+00:00","author":"Rauchfrei Team","twitter_card":"summary_large_image","twitter_misc":{"Written by":"Rauchfrei Team","Est. reading time":"3 minutes"},"schema":{"@context":"https:\/\/schema.org","@graph":[{"@type":"WebPage","@id":"https:\/\/rauchfrei.at\/verkuehlt-verschnupft-und-husten-dazu\/","url":"https:\/\/rauchfrei.at\/verkuehlt-verschnupft-und-husten-dazu\/","name":"Verk\u00fchlt, verschnupft und Husten dazu? - Rauchfrei Telefon","isPartOf":{"@id":"https:\/\/rauchfrei.at\/#website"},"datePublished":"2023-01-09T06:00:00+00:00","author":{"@id":"https:\/\/rauchfrei.at\/#\/schema\/person\/504bbf90c5482004fc09aef6de7f9277"},"inLanguage":"en-US","potentialAction":[{"@type":"ReadAction","target":["https:\/\/rauchfrei.at\/verkuehlt-verschnupft-und-husten-dazu\/"]}]},{"@type":"WebSite","@id":"https:\/\/rauchfrei.at\/#website","url":"https:\/\/rauchfrei.at\/","name":"Rauchfrei Telefon","description":"Eine \u00f6sterreichweite Initiative der Sozialversicherungen.","potentialAction":[{"@type":"SearchAction","target":{"@type":"EntryPoint","urlTemplate":"https:\/\/rauchfrei.at\/?s={search_term_string}"},"query-input":{"@type":"PropertyValueSpecification","valueRequired":true,"valueName":"search_term_string"}}],"inLanguage":"en-US"},{"@type":"Person","@id":"https:\/\/rauchfrei.at\/#\/schema\/person\/504bbf90c5482004fc09aef6de7f9277","name":"Rauchfrei Team","image":{"@type":"ImageObject","inLanguage":"en-US","@id":"https:\/\/rauchfrei.at\/#\/schema\/person\/image\/","url":"https:\/\/secure.gravatar.com\/avatar\/2115b79a00800516fa1523bb5a329611f90e73e89be559131fc7e82b4fdc95ff?s=96&d=mm&r=g","contentUrl":"https:\/\/secure.gravatar.com\/avatar\/2115b79a00800516fa1523bb5a329611f90e73e89be559131fc7e82b4fdc95ff?s=96&d=mm&r=g","caption":"Rauchfrei Team"},"url":"https:\/\/rauchfrei.at\/en\/author\/rauchfrei-team\/"}]}},"_links":{"self":[{"href":"https:\/\/rauchfrei.at\/en\/wp-json\/wp\/v2\/posts\/25968","targetHints":{"allow":["GET"]}}],"collection":[{"href":"https:\/\/rauchfrei.at\/en\/wp-json\/wp\/v2\/posts"}],"about":[{"href":"https:\/\/rauchfrei.at\/en\/wp-json\/wp\/v2\/types\/post"}],"author":[{"embeddable":true,"href":"https:\/\/rauchfrei.at\/en\/wp-json\/wp\/v2\/users\/25"}],"replies":[{"embeddable":true,"href":"https:\/\/rauchfrei.at\/en\/wp-json\/wp\/v2\/comments?post=25968"}],"version-history":[{"count":6,"href":"https:\/\/rauchfrei.at\/en\/wp-json\/wp\/v2\/posts\/25968\/revisions"}],"predecessor-version":[{"id":25975,"href":"https:\/\/rauchfrei.at\/en\/wp-json\/wp\/v2\/posts\/25968\/revisions\/25975"}],"wp:attachment":[{"href":"https:\/\/rauchfrei.at\/en\/wp-json\/wp\/v2\/media?parent=25968"}],"wp:term":[{"taxonomy":"category","embeddable":true,"href":"https:\/\/rauchfrei.at\/en\/wp-json\/wp\/v2\/categories?post=25968"},{"taxonomy":"post_tag","embeddable":true,"href":"https:\/\/rauchfrei.at\/en\/wp-json\/wp\/v2\/tags?post=25968"}],"curies":[{"name":"wp","href":"https:\/\/api.w.org\/{rel}","templated":true}]}}