
{"id":26127,"date":"2023-01-23T08:00:00","date_gmt":"2023-01-23T06:00:00","guid":{"rendered":"https:\/\/rauchfrei.at\/?p=26127"},"modified":"2023-01-19T13:46:19","modified_gmt":"2023-01-19T11:46:19","slug":"rauchfrei-sein-ein-traum","status":"publish","type":"post","link":"https:\/\/rauchfrei.at\/en\/rauchfrei-sein-ein-traum\/","title":{"rendered":"Rauchfrei sein &#8211; ein Traum!"},"content":{"rendered":"\n[et_pb_section fb_built=&#8221;1&#8243; module_class=&#8221;header&#8221; _builder_version=&#8221;4.16&#8243; global_colors_info=&#8221;{}&#8221;][et_pb_row _builder_version=&#8221;4.16&#8243; global_colors_info=&#8221;{}&#8221;][et_pb_column type=&#8221;4_4&#8243; _builder_version=&#8221;4.16&#8243; custom_padding=&#8221;|||&#8221; global_colors_info=&#8221;{}&#8221; custom_padding__hover=&#8221;|||&#8221;][et_pb_dp_dmb_module_10001 subheadline=&#8221;Der Rauchstopp f\u00fchrt immer wieder zu vermehrten und auch eindr\u00fccklichen Tr\u00e4umen \u2013 warum ist das so?&#8221; _builder_version=&#8221;4.19.4&#8243; global_colors_info=&#8221;{}&#8221;][\/et_pb_dp_dmb_module_10001][\/et_pb_column][\/et_pb_row][\/et_pb_section][et_pb_section fb_built=&#8221;1&#8243; _builder_version=&#8221;4.16&#8243; custom_padding=&#8221;30px|||&#8221; global_colors_info=&#8221;{}&#8221;][et_pb_row column_structure=&#8221;2_3,1_3&#8243; _builder_version=&#8221;4.16&#8243; global_colors_info=&#8221;{}&#8221;][et_pb_column type=&#8221;2_3&#8243; module_class=&#8221;blog-content&#8221; _builder_version=&#8221;4.16&#8243; custom_padding=&#8221;|||&#8221; global_colors_info=&#8221;{}&#8221; custom_padding__hover=&#8221;|||&#8221;][et_pb_text _builder_version=&#8221;4.19.4&#8243; hover_enabled=&#8221;0&#8243; global_colors_info=&#8221;{}&#8221; sticky_enabled=&#8221;0&#8243;]<p>Immer wieder erfahren wir am Rauchfrei Telefon in der Beratung von Anrufenden, dass sie nach dem Rauchstopp besonders intensiv oder h\u00e4ufig tr\u00e4umen. Tr\u00e4ume von tanzenden Zigaretten, die einen auslachen, stellen zum Gl\u00fcck eine Ausnahme dar. Doch oftmals spiegelt sich die neue, ungewohnte Situation der Rauchfreiheit auch in Tr\u00e4umen wider.<br \/>Wieso ver\u00e4ndern sich oftmals durch den Rauchstopp Schlaf und Tr\u00e4ume und wie kann man sich in der ersten Phase unterst\u00fctzen?<\/p>\n<p>Eine relativ h\u00e4ufige Entzugserscheinung, die einige Tage, in seltenen F\u00e4llen auch noch ein paar Wochen nach dem Rauchstopp andauern kann, ist laut Studien ein gest\u00f6rter Schlaf. Allerdings berichten viele Raucherinnen und Raucher, dass sie auch vor dem Rauchstopp unter Durchschlaf- oder Einschlafst\u00f6rungen leiden. Nikotin aktiviert verschiedene Botenstoffe im Gehirn, wie das Adrenalin, Noradrenalin und Serotonin. Diese Substanzen wiederum sind an der Regulierung des Schlafs beteiligt. Dies scheint dazu zu f\u00fchren, dass sich die Qualit\u00e4t der Schlafphasen ver\u00e4ndert. So werden auch die sogenannten REM-Phasen (\u201erapid eye movement\u201c= kurze, schnelle Augenbewegungen) des Schlafes beeinflusst, in denen die meisten Tr\u00e4ume stattfinden.<\/p>\n<p>Durch die Rauch- bzw. Nikotinfreiheit verl\u00e4ngern und intensivieren sich die REM-Phasen wieder. Das ist wichtig f\u00fcr einen guten Schlaf. So k\u00f6nnen Tagesgeschehnisse besser verarbeitet werden und das Gehirn kann sich erholen. Die l\u00e4ngeren REM-Phasen f\u00fchren auch zu lebhafteren und bewusster wahrgenommenen Tr\u00e4umen.<\/p>\n<p>Was hilft dabei nach dem Rauchstopp wieder rasch zu erholsamem Schlaf zu kommen?<br \/>\u2022 Ab dem fr\u00fchen Nachmittag kein Koffein mehr zu sich nehmen.<br \/>\u2022 Einen schlaff\u00f6rdernden Tee oder hei\u00dfe Milch mit Honig trinken.<br \/>\u2022 Abends entspannenden T\u00e4tigkeiten nachgehen wie z.B. einer Meditation oder Progressiver Muskelentspannung nach Jacobson.<br \/>\u2022 Blaues Licht, welches von Bildschirmen und Handys ausgestrahlt wird am Abend vermeiden.<br \/>\u2022 Mit einer Schlafroutine beginnen: immer zur ann\u00e4hernd selben Zeit ins Bett gehen und sich ein sch\u00f6nes Ritual ausdenken.<\/p>\n<p>In diesem Sinne w\u00fcnschen wir Ihnen rauchfrei einen erholsamen Schlaf mit angenehmen Tr\u00e4umen!<\/p>\n<p><a href=\"https:\/\/rauchfrei-info.de\/informieren\/news\/detail\/studie-rauchen-verkuerzt-den-schlaf\/\" target=\"_blank\" rel=\"noopener\">https:\/\/rauchfrei-info.de<\/a><br \/><a href=\"https:\/\/www.deutschlandfunk.de\/raucher-schlafen-schlechter-100.html\" target=\"_blank\" rel=\"noopener\">https:\/\/www.deutschlandfunk.de<\/a><br \/><a href=\"https:\/\/pubmed.ncbi.nlm.nih.gov\/8162739\/%20Gesundheit.gv.at\" target=\"_blank\" rel=\"noopener\" title=\"https:\/\/pubmed.ncbi.nlm.nih.gov\">https:\/\/pubmed.ncbi.nlm.nih.gov\/8162739\/<\/a><br \/><a href=\"https:\/\/pubmed.ncbi.nlm.nih.gov\/8162739\/%20Gesundheit.gv.at\" target=\"_blank\" rel=\"noopener\" title=\"https:\/\/pubmed.ncbi.nlm.nih.gov\">Gesundheit.gv.at<\/a><\/p>[\/et_pb_text][et_pb_post_nav in_same_term=&#8221;off&#8221; _builder_version=&#8221;4.16&#8243; global_colors_info=&#8221;{}&#8221;][\/et_pb_post_nav][\/et_pb_column][et_pb_column type=&#8221;1_3&#8243; module_class=&#8221;cat-and-tag&#8221; _builder_version=&#8221;4.16&#8243; custom_padding=&#8221;|||&#8221; global_colors_info=&#8221;{}&#8221; custom_padding__hover=&#8221;|||&#8221;][et_pb_dp_dmb_module_10093 farbe=&#8221;blitzblau&#8221; headline=&#8221;Alternativen zum Rauchen&#8221; image=&#8221;https:\/\/rauchfrei.at\/wp-content\/uploads\/Relax-in-hammok.png&#8221; image_position=&#8221;center&#8221; link_text=&#8221;mehr&#8221; link_url=&#8221;https:\/\/rauchfrei.at\/alternativen\/&#8221; admin_label=&#8221;Alternativen zum Rauchen&#8221; _builder_version=&#8221;4.9.0&#8243; z_index_tablet=&#8221;500&#8243; global_module=&#8221;13174&#8243; saved_tabs=&#8221;all&#8221; global_colors_info=&#8221;{}&#8221;]<p>Es gibt viele M\u00f6glichkeiten, um nicht zur Zigarette zu greifen!<\/p>\n[\/et_pb_dp_dmb_module_10093][\/et_pb_column][\/et_pb_row][\/et_pb_section]\n","protected":false},"excerpt":{"rendered":"<p>Ob Sie sich am Morgen ausgeruht und aktiv f\u00fchlen, h\u00e4ngt ma\u00dfgeblich davon ab, wie tief und ruhig der Schlaf in der Nacht gewesen ist. In der ersten rauchfreien Zeit kann der Schlaf kurzfristig ver\u00e4ndert sein und es kann zu vermehrtem Tr\u00e4umen kommen.<\/p>\n","protected":false},"author":25,"featured_media":0,"comment_status":"open","ping_status":"open","sticky":false,"template":"","format":"standard","meta":{"_et_pb_use_builder":"on","_et_pb_old_content":"","_et_gb_content_width":"2880","footnotes":""},"categories":[236],"tags":[],"class_list":["post-26127","post","type-post","status-publish","format-standard","hentry","category-nicht-kategorisiert"],"yoast_head":"<!-- This site is optimized with the Yoast SEO plugin v26.2 - https:\/\/yoast.com\/wordpress\/plugins\/seo\/ -->\n<title>Rauchfrei sein - ein Traum! - Rauchfrei Telefon<\/title>\n<meta name=\"robots\" content=\"index, follow, max-snippet:-1, max-image-preview:large, max-video-preview:-1\" \/>\n<link rel=\"canonical\" href=\"https:\/\/rauchfrei.at\/rauchfrei-sein-ein-traum\/\" \/>\n<meta property=\"og:locale\" content=\"en_US\" \/>\n<meta property=\"og:type\" content=\"article\" \/>\n<meta property=\"og:title\" content=\"Rauchfrei sein - ein Traum! - Rauchfrei Telefon\" \/>\n<meta property=\"og:description\" content=\"Ob Sie sich am Morgen ausgeruht und aktiv f\u00fchlen, h\u00e4ngt ma\u00dfgeblich davon ab, wie tief und ruhig der Schlaf in der Nacht gewesen ist. In der ersten rauchfreien Zeit kann der Schlaf kurzfristig ver\u00e4ndert sein und es kann zu vermehrtem Tr\u00e4umen kommen.\" \/>\n<meta property=\"og:url\" content=\"https:\/\/rauchfrei.at\/rauchfrei-sein-ein-traum\/\" \/>\n<meta property=\"og:site_name\" content=\"Rauchfrei Telefon\" \/>\n<meta property=\"article:published_time\" content=\"2023-01-23T06:00:00+00:00\" \/>\n<meta name=\"author\" content=\"Rauchfrei Team\" \/>\n<meta name=\"twitter:card\" content=\"summary_large_image\" \/>\n<meta name=\"twitter:label1\" content=\"Written by\" \/>\n\t<meta name=\"twitter:data1\" content=\"Rauchfrei Team\" \/>\n<script type=\"application\/ld+json\" class=\"yoast-schema-graph\">{\"@context\":\"https:\/\/schema.org\",\"@graph\":[{\"@type\":\"WebPage\",\"@id\":\"https:\/\/rauchfrei.at\/rauchfrei-sein-ein-traum\/\",\"url\":\"https:\/\/rauchfrei.at\/rauchfrei-sein-ein-traum\/\",\"name\":\"Rauchfrei sein - ein Traum! - Rauchfrei Telefon\",\"isPartOf\":{\"@id\":\"https:\/\/rauchfrei.at\/#website\"},\"datePublished\":\"2023-01-23T06:00:00+00:00\",\"author\":{\"@id\":\"https:\/\/rauchfrei.at\/#\/schema\/person\/504bbf90c5482004fc09aef6de7f9277\"},\"inLanguage\":\"en-US\",\"potentialAction\":[{\"@type\":\"ReadAction\",\"target\":[\"https:\/\/rauchfrei.at\/rauchfrei-sein-ein-traum\/\"]}]},{\"@type\":\"WebSite\",\"@id\":\"https:\/\/rauchfrei.at\/#website\",\"url\":\"https:\/\/rauchfrei.at\/\",\"name\":\"Rauchfrei Telefon\",\"description\":\"Eine \u00f6sterreichweite Initiative der Sozialversicherungen.\",\"potentialAction\":[{\"@type\":\"SearchAction\",\"target\":{\"@type\":\"EntryPoint\",\"urlTemplate\":\"https:\/\/rauchfrei.at\/?s={search_term_string}\"},\"query-input\":{\"@type\":\"PropertyValueSpecification\",\"valueRequired\":true,\"valueName\":\"search_term_string\"}}],\"inLanguage\":\"en-US\"},{\"@type\":\"Person\",\"@id\":\"https:\/\/rauchfrei.at\/#\/schema\/person\/504bbf90c5482004fc09aef6de7f9277\",\"name\":\"Rauchfrei Team\",\"image\":{\"@type\":\"ImageObject\",\"inLanguage\":\"en-US\",\"@id\":\"https:\/\/rauchfrei.at\/#\/schema\/person\/image\/\",\"url\":\"https:\/\/secure.gravatar.com\/avatar\/2115b79a00800516fa1523bb5a329611f90e73e89be559131fc7e82b4fdc95ff?s=96&d=mm&r=g\",\"contentUrl\":\"https:\/\/secure.gravatar.com\/avatar\/2115b79a00800516fa1523bb5a329611f90e73e89be559131fc7e82b4fdc95ff?s=96&d=mm&r=g\",\"caption\":\"Rauchfrei Team\"},\"url\":\"https:\/\/rauchfrei.at\/en\/author\/rauchfrei-team\/\"}]}<\/script>\n<!-- \/ Yoast SEO plugin. -->","yoast_head_json":{"title":"Rauchfrei sein - ein Traum! - Rauchfrei Telefon","robots":{"index":"index","follow":"follow","max-snippet":"max-snippet:-1","max-image-preview":"max-image-preview:large","max-video-preview":"max-video-preview:-1"},"canonical":"https:\/\/rauchfrei.at\/rauchfrei-sein-ein-traum\/","og_locale":"en_US","og_type":"article","og_title":"Rauchfrei sein - ein Traum! - Rauchfrei Telefon","og_description":"Ob Sie sich am Morgen ausgeruht und aktiv f\u00fchlen, h\u00e4ngt ma\u00dfgeblich davon ab, wie tief und ruhig der Schlaf in der Nacht gewesen ist. In der ersten rauchfreien Zeit kann der Schlaf kurzfristig ver\u00e4ndert sein und es kann zu vermehrtem Tr\u00e4umen kommen.","og_url":"https:\/\/rauchfrei.at\/rauchfrei-sein-ein-traum\/","og_site_name":"Rauchfrei Telefon","article_published_time":"2023-01-23T06:00:00+00:00","author":"Rauchfrei Team","twitter_card":"summary_large_image","twitter_misc":{"Written by":"Rauchfrei Team"},"schema":{"@context":"https:\/\/schema.org","@graph":[{"@type":"WebPage","@id":"https:\/\/rauchfrei.at\/rauchfrei-sein-ein-traum\/","url":"https:\/\/rauchfrei.at\/rauchfrei-sein-ein-traum\/","name":"Rauchfrei sein - ein Traum! - Rauchfrei Telefon","isPartOf":{"@id":"https:\/\/rauchfrei.at\/#website"},"datePublished":"2023-01-23T06:00:00+00:00","author":{"@id":"https:\/\/rauchfrei.at\/#\/schema\/person\/504bbf90c5482004fc09aef6de7f9277"},"inLanguage":"en-US","potentialAction":[{"@type":"ReadAction","target":["https:\/\/rauchfrei.at\/rauchfrei-sein-ein-traum\/"]}]},{"@type":"WebSite","@id":"https:\/\/rauchfrei.at\/#website","url":"https:\/\/rauchfrei.at\/","name":"Rauchfrei Telefon","description":"Eine \u00f6sterreichweite Initiative der Sozialversicherungen.","potentialAction":[{"@type":"SearchAction","target":{"@type":"EntryPoint","urlTemplate":"https:\/\/rauchfrei.at\/?s={search_term_string}"},"query-input":{"@type":"PropertyValueSpecification","valueRequired":true,"valueName":"search_term_string"}}],"inLanguage":"en-US"},{"@type":"Person","@id":"https:\/\/rauchfrei.at\/#\/schema\/person\/504bbf90c5482004fc09aef6de7f9277","name":"Rauchfrei Team","image":{"@type":"ImageObject","inLanguage":"en-US","@id":"https:\/\/rauchfrei.at\/#\/schema\/person\/image\/","url":"https:\/\/secure.gravatar.com\/avatar\/2115b79a00800516fa1523bb5a329611f90e73e89be559131fc7e82b4fdc95ff?s=96&d=mm&r=g","contentUrl":"https:\/\/secure.gravatar.com\/avatar\/2115b79a00800516fa1523bb5a329611f90e73e89be559131fc7e82b4fdc95ff?s=96&d=mm&r=g","caption":"Rauchfrei Team"},"url":"https:\/\/rauchfrei.at\/en\/author\/rauchfrei-team\/"}]}},"_links":{"self":[{"href":"https:\/\/rauchfrei.at\/en\/wp-json\/wp\/v2\/posts\/26127","targetHints":{"allow":["GET"]}}],"collection":[{"href":"https:\/\/rauchfrei.at\/en\/wp-json\/wp\/v2\/posts"}],"about":[{"href":"https:\/\/rauchfrei.at\/en\/wp-json\/wp\/v2\/types\/post"}],"author":[{"embeddable":true,"href":"https:\/\/rauchfrei.at\/en\/wp-json\/wp\/v2\/users\/25"}],"replies":[{"embeddable":true,"href":"https:\/\/rauchfrei.at\/en\/wp-json\/wp\/v2\/comments?post=26127"}],"version-history":[{"count":6,"href":"https:\/\/rauchfrei.at\/en\/wp-json\/wp\/v2\/posts\/26127\/revisions"}],"predecessor-version":[{"id":26134,"href":"https:\/\/rauchfrei.at\/en\/wp-json\/wp\/v2\/posts\/26127\/revisions\/26134"}],"wp:attachment":[{"href":"https:\/\/rauchfrei.at\/en\/wp-json\/wp\/v2\/media?parent=26127"}],"wp:term":[{"taxonomy":"category","embeddable":true,"href":"https:\/\/rauchfrei.at\/en\/wp-json\/wp\/v2\/categories?post=26127"},{"taxonomy":"post_tag","embeddable":true,"href":"https:\/\/rauchfrei.at\/en\/wp-json\/wp\/v2\/tags?post=26127"}],"curies":[{"name":"wp","href":"https:\/\/api.w.org\/{rel}","templated":true}]}}