
{"id":26198,"date":"2023-02-04T08:00:00","date_gmt":"2023-02-04T06:00:00","guid":{"rendered":"https:\/\/rauchfrei.at\/?p=26198"},"modified":"2023-02-07T14:16:30","modified_gmt":"2023-02-07T12:16:30","slug":"weltkrebstag-rauchfreiheit-ist-krebsvorbeugung","status":"publish","type":"post","link":"https:\/\/rauchfrei.at\/en\/weltkrebstag-rauchfreiheit-ist-krebsvorbeugung\/","title":{"rendered":"Weltkrebstag: Rauchfreiheit ist Krebsvorbeugung"},"content":{"rendered":"<p>[et_pb_section fb_built=&#8221;1&#8243; module_class=&#8221;header&#8221; _builder_version=&#8221;4.16&#8243; global_colors_info=&#8221;{}&#8221;][et_pb_row _builder_version=&#8221;4.16&#8243; global_colors_info=&#8221;{}&#8221;][et_pb_column type=&#8221;4_4&#8243; _builder_version=&#8221;4.16&#8243; custom_padding=&#8221;|||&#8221; global_colors_info=&#8221;{}&#8221; custom_padding__hover=&#8221;|||&#8221;][et_pb_dp_dmb_module_10001 subheadline=&#8221;Rauchen &#8211;  eine Ursache f\u00fcr viele Krebsarten&#8221; _builder_version=&#8221;4.19.4&#8243; global_colors_info=&#8221;{}&#8221;][\/et_pb_dp_dmb_module_10001][\/et_pb_column][\/et_pb_row][\/et_pb_section][et_pb_section fb_built=&#8221;1&#8243; _builder_version=&#8221;4.16&#8243; custom_padding=&#8221;30px|||&#8221; global_colors_info=&#8221;{}&#8221;][et_pb_row column_structure=&#8221;2_3,1_3&#8243; _builder_version=&#8221;4.16&#8243; global_colors_info=&#8221;{}&#8221;][et_pb_column type=&#8221;2_3&#8243; module_class=&#8221;blog-content&#8221; _builder_version=&#8221;4.16&#8243; custom_padding=&#8221;|||&#8221; global_colors_info=&#8221;{}&#8221; custom_padding__hover=&#8221;|||&#8221;][et_pb_text _builder_version=&#8221;4.19.4&#8243; hover_enabled=&#8221;0&#8243; global_colors_info=&#8221;{}&#8221; sticky_enabled=&#8221;0&#8243;]<\/p>\n<p>Der Weltkrebstag findet j\u00e4hrlich am 4. Februar statt, um die Vorbeugung, Erforschung und Behandlung von Krebs ins \u00f6ffentliche Bewusstsein zu r\u00fccken.<br \/>Laut Weltgesundheitsorganisation WHO z\u00e4hlen Rauchen und falsche, ungesunde Ern\u00e4hrung zu den h\u00e4ufigsten und wichtigsten Risikofaktoren, die jeder selbst beeinflussen kann.<br \/>Rauchen ist der wichtigste vermeidbare Risikofaktor bei Krebs. Etwa ein Drittel der Krebsf\u00e4lle werden durch Rauchen verursacht. Bei Lungen-, Mundh\u00f6hlen-, Kehlkopf-, und Bronchienkrebs gehen bis zu ca. 90 % der Krebserkrankungen auf das Rauchen zur\u00fcck.<\/p>\n<p>Rauchen verursacht nicht nur Lungenkrebs, auch viele andere Krebsarten werden durch das Rauchen beg\u00fcnstigt. So stehen der Krebs der Mundh\u00f6hle, des Kehlkopfes, der Speiser\u00f6hre, der Bauchspeicheldr\u00fcse, der Leber, der Nieren, der Harnblase, des Magens, der Geb\u00e4rmutter, der Brust, des Knochenmarks und des Dickdarms in Zusammenhang mit Rauchen. Auch einige Formen der Leuk\u00e4mie sind als tabakassoziiert belegt.<\/p>\n<p>Das Risiko ist umso h\u00f6her, je fr\u00fcher man mit dem Rauchen beginnt, je mehr Zigaretten t\u00e4glich konsumiert werden und je l\u00e4nger geraucht wird. Auch Personen, die Passivrauch ausgesetzt sind, haben ein erh\u00f6htes Risiko an Krebs zu erkranken.<\/p>\n<p>Der Rauchstopp kann das Risiko an Krebs zu erkranken deutlich senken. Auch bei schon vorhandener Tumordiagnose hilft der Rauchstopp dabei, die Krankheit einzud\u00e4mmen und die Medikamentenwirkung zu erh\u00f6hen.<\/p>\n<p>Tabakrauch besteht aus knapp 5000 verschiedenen chemischen Substanzen. Etwa 90 Stoffe sind erwiesenerma\u00dfen krebserregend. Sie werden sowohl \u00fcber die Schleimh\u00e4ute, als auch \u00fcber die Lunge aufgenommen. Durch den Rauchstopp wird die Zufuhr der giftigen, krebserregenden Stoffe gestoppt.<\/p>\n<p>Ein rauchfreies Leben und eine rauchfreie Umgebung zum Schutz vor Passivrauch ist eine wirksame M\u00f6glichkeit der Krebsvorsorge. Ein gesunder Lebensstil mit gesunder Ern\u00e4hrung und viel Bewegung und regelm\u00e4\u00dfigen Vorsorgeuntersuchungen dient zus\u00e4tzlich zur F\u00f6rderung der Gesundheit im Sinn der Krebsvorbeugung.<\/p>\n<p>Wir beraten Sie gerne und Begleiten Sie dabei, rauchfrei zu werden und zu bleiben: kostenfrei unter 0800 810 130 \u2013 wir freuen uns \u00fcber Ihren Anruf!<\/p>\n<p>Quellen:<br \/><a href=\"https:\/\/www.vivid.at\/thema\/tabak\/rauchen-und-gesundheit\/nikotin-foerdert-metastasen-bei-krebs\">https:\/\/www.vivid.at\/thema\/tabak\/rauchen-und-gesundheit\/nikotin-foerdert-metastasen-bei-krebs<\/a><br \/><a href=\"https:\/\/www.vivid.at\/thema\/tabak\/rauchen-und-gesundheit\/rauchen-und-krebs\">https:\/\/www.vivid.at\/thema\/tabak\/rauchen-und-gesundheit\/rauchen-und-krebs<\/a><br \/><a href=\"http:\/\/www.krebshilfe.at\">www.krebshilfe.at<\/a><\/p>\n<p>[\/et_pb_text][et_pb_post_nav in_same_term=&#8221;off&#8221; _builder_version=&#8221;4.16&#8243; global_colors_info=&#8221;{}&#8221;][\/et_pb_post_nav][\/et_pb_column][et_pb_column type=&#8221;1_3&#8243; module_class=&#8221;cat-and-tag&#8221; _builder_version=&#8221;4.16&#8243; custom_padding=&#8221;|||&#8221; global_colors_info=&#8221;{}&#8221; custom_padding__hover=&#8221;|||&#8221;][et_pb_text admin_label=&#8221;Angebote in \u00d6sterreich&#8221; _builder_version=&#8221;3.27.4&#8243; custom_margin=&#8221;||60px&#8221; custom_padding=&#8221;||&#8221; link_option_url=&#8221;https:\/\/rauchfrei.at\/aufhoeren\/weitere-beratungsangebote-in-oe\/ambulante-beratung\/&#8221; global_module=&#8221;13404&#8243; saved_tabs=&#8221;all&#8221; global_colors_info=&#8221;{}&#8221;]<\/p>\n<p><a style=\"color: #212121;\" href=\"https:\/\/rauchfrei.at\/aufhoeren\/weitere-beratungsangebote-in-oe\/ambulante-beratung\/\"><\/p>\n<h2>Angebote in \u00d6sterreich<\/h2>\n<p><img loading=\"lazy\" decoding=\"async\" class=\"wp-image-13438 alignnone size-large\" src=\"https:\/\/rauchfrei.at\/wp-content\/uploads\/oesterreichkarte-2-480x248.png\" alt=\"\" width=\"480\" height=\"248\" srcset=\"https:\/\/rauchfrei.at\/wp-content\/uploads\/oesterreichkarte-2-480x248.png 480w, https:\/\/rauchfrei.at\/wp-content\/uploads\/oesterreichkarte-2-225x116.png 225w, https:\/\/rauchfrei.at\/wp-content\/uploads\/oesterreichkarte-2-768x397.png 768w, https:\/\/rauchfrei.at\/wp-content\/uploads\/oesterreichkarte-2-1080x558.png 1080w, https:\/\/rauchfrei.at\/wp-content\/uploads\/oesterreichkarte-2.png 1736w\" sizes=\"(max-width: 480px) 100vw, 480px\" \/><\/p>\n<p>Finden Sie das passende Angebot von ambulanter Einzelberatung bis hin zur station\u00e4ren Gruppenberatung<\/p>\n<p><\/a><\/p>\n<p><a class=\"mehr\" href=\"https:\/\/rauchfrei.at\/aufhoeren\/weitere-beratungsangebote-in-oe\/ambulante-beratung\/\">mehr<\/a><\/p>\n<p>[\/et_pb_text][et_pb_dp_dmb_module_10093 farbe=&#8221;blitzgelb&#8221; headline=&#8221;Trauen Sie sich den Rauchstopp zu!&#8221; image=&#8221;https:\/\/rauchfrei.at\/wp-content\/uploads\/Quitting-Yellow.png&#8221; image_position=&#8221;center&#8221; link_text=&#8221;mehr&#8221; link_url=&#8221;https:\/\/rauchfrei.at\/aufhoeren\/schritte-zum-rauchstopp\/trauen-sie-sich-den-rauchstopp-zu\/&#8221; admin_label=&#8221;Trauen Sie sich den Rauchstopp zu&#8221; _builder_version=&#8221;4.18.0&#8243; global_module=&#8221;13173&#8243; saved_tabs=&#8221;all&#8221; global_colors_info=&#8221;{}&#8221;]<\/p>\n<p>Sie m\u00f6chten etwas \u00e4ndern? Worauf warten Sie noch?<\/p>\n<p>[\/et_pb_dp_dmb_module_10093][\/et_pb_column][\/et_pb_row][\/et_pb_section]<\/p>\n","protected":false},"excerpt":{"rendered":"<p>Der Weltkrebstag findet j\u00e4hrlich am 4. Februar statt, um die Vorbeugung, Erforschung und Behandlung von Krebs ins \u00f6ffentliche Bewusstsein zu r\u00fccken. Rauchfrei leben hilft bei der Vorbeugung.<\/p>\n","protected":false},"author":25,"featured_media":0,"comment_status":"open","ping_status":"open","sticky":false,"template":"","format":"standard","meta":{"_et_pb_use_builder":"on","_et_pb_old_content":"","_et_gb_content_width":"2880","footnotes":""},"categories":[236],"tags":[],"class_list":["post-26198","post","type-post","status-publish","format-standard","hentry","category-nicht-kategorisiert"],"yoast_head":"<!-- This site is optimized with the Yoast SEO plugin v26.2 - https:\/\/yoast.com\/wordpress\/plugins\/seo\/ -->\n<title>Weltkrebstag: Rauchfreiheit ist Krebsvorbeugung - Rauchfrei Telefon<\/title>\n<meta name=\"robots\" content=\"index, follow, max-snippet:-1, max-image-preview:large, max-video-preview:-1\" \/>\n<link rel=\"canonical\" href=\"https:\/\/rauchfrei.at\/weltkrebstag-rauchfreiheit-ist-krebsvorbeugung\/\" \/>\n<meta property=\"og:locale\" content=\"en_US\" \/>\n<meta property=\"og:type\" content=\"article\" \/>\n<meta property=\"og:title\" content=\"Weltkrebstag: Rauchfreiheit ist Krebsvorbeugung - Rauchfrei Telefon\" \/>\n<meta property=\"og:description\" content=\"Der Weltkrebstag findet j\u00e4hrlich am 4. Februar statt, um die Vorbeugung, Erforschung und Behandlung von Krebs ins \u00f6ffentliche Bewusstsein zu r\u00fccken. Rauchfrei leben hilft bei der Vorbeugung.\" \/>\n<meta property=\"og:url\" content=\"https:\/\/rauchfrei.at\/weltkrebstag-rauchfreiheit-ist-krebsvorbeugung\/\" \/>\n<meta property=\"og:site_name\" content=\"Rauchfrei Telefon\" \/>\n<meta property=\"article:published_time\" content=\"2023-02-04T06:00:00+00:00\" \/>\n<meta property=\"article:modified_time\" content=\"2023-02-07T12:16:30+00:00\" \/>\n<meta property=\"og:image\" content=\"https:\/\/rauchfrei.at\/wp-content\/uploads\/oesterreichkarte-2-480x248.png\" \/>\n<meta name=\"author\" content=\"Rauchfrei Team\" \/>\n<meta name=\"twitter:card\" content=\"summary_large_image\" \/>\n<meta name=\"twitter:label1\" content=\"Written by\" \/>\n\t<meta name=\"twitter:data1\" content=\"Rauchfrei Team\" \/>\n<script type=\"application\/ld+json\" class=\"yoast-schema-graph\">{\"@context\":\"https:\/\/schema.org\",\"@graph\":[{\"@type\":\"WebPage\",\"@id\":\"https:\/\/rauchfrei.at\/weltkrebstag-rauchfreiheit-ist-krebsvorbeugung\/\",\"url\":\"https:\/\/rauchfrei.at\/weltkrebstag-rauchfreiheit-ist-krebsvorbeugung\/\",\"name\":\"Weltkrebstag: Rauchfreiheit ist Krebsvorbeugung - Rauchfrei Telefon\",\"isPartOf\":{\"@id\":\"https:\/\/rauchfrei.at\/#website\"},\"primaryImageOfPage\":{\"@id\":\"https:\/\/rauchfrei.at\/weltkrebstag-rauchfreiheit-ist-krebsvorbeugung\/#primaryimage\"},\"image\":{\"@id\":\"https:\/\/rauchfrei.at\/weltkrebstag-rauchfreiheit-ist-krebsvorbeugung\/#primaryimage\"},\"thumbnailUrl\":\"https:\/\/rauchfrei.at\/wp-content\/uploads\/oesterreichkarte-2-480x248.png\",\"datePublished\":\"2023-02-04T06:00:00+00:00\",\"dateModified\":\"2023-02-07T12:16:30+00:00\",\"author\":{\"@id\":\"https:\/\/rauchfrei.at\/#\/schema\/person\/504bbf90c5482004fc09aef6de7f9277\"},\"inLanguage\":\"en-US\",\"potentialAction\":[{\"@type\":\"ReadAction\",\"target\":[\"https:\/\/rauchfrei.at\/weltkrebstag-rauchfreiheit-ist-krebsvorbeugung\/\"]}]},{\"@type\":\"ImageObject\",\"inLanguage\":\"en-US\",\"@id\":\"https:\/\/rauchfrei.at\/weltkrebstag-rauchfreiheit-ist-krebsvorbeugung\/#primaryimage\",\"url\":\"https:\/\/rauchfrei.at\/wp-content\/uploads\/oesterreichkarte-2-480x248.png\",\"contentUrl\":\"https:\/\/rauchfrei.at\/wp-content\/uploads\/oesterreichkarte-2-480x248.png\"},{\"@type\":\"WebSite\",\"@id\":\"https:\/\/rauchfrei.at\/#website\",\"url\":\"https:\/\/rauchfrei.at\/\",\"name\":\"Rauchfrei Telefon\",\"description\":\"Eine \u00f6sterreichweite Initiative der Sozialversicherungen.\",\"potentialAction\":[{\"@type\":\"SearchAction\",\"target\":{\"@type\":\"EntryPoint\",\"urlTemplate\":\"https:\/\/rauchfrei.at\/?s={search_term_string}\"},\"query-input\":{\"@type\":\"PropertyValueSpecification\",\"valueRequired\":true,\"valueName\":\"search_term_string\"}}],\"inLanguage\":\"en-US\"},{\"@type\":\"Person\",\"@id\":\"https:\/\/rauchfrei.at\/#\/schema\/person\/504bbf90c5482004fc09aef6de7f9277\",\"name\":\"Rauchfrei Team\",\"image\":{\"@type\":\"ImageObject\",\"inLanguage\":\"en-US\",\"@id\":\"https:\/\/rauchfrei.at\/#\/schema\/person\/image\/\",\"url\":\"https:\/\/secure.gravatar.com\/avatar\/2115b79a00800516fa1523bb5a329611f90e73e89be559131fc7e82b4fdc95ff?s=96&d=mm&r=g\",\"contentUrl\":\"https:\/\/secure.gravatar.com\/avatar\/2115b79a00800516fa1523bb5a329611f90e73e89be559131fc7e82b4fdc95ff?s=96&d=mm&r=g\",\"caption\":\"Rauchfrei Team\"},\"url\":\"https:\/\/rauchfrei.at\/en\/author\/rauchfrei-team\/\"}]}<\/script>\n<!-- \/ Yoast SEO plugin. -->","yoast_head_json":{"title":"Weltkrebstag: Rauchfreiheit ist Krebsvorbeugung - Rauchfrei Telefon","robots":{"index":"index","follow":"follow","max-snippet":"max-snippet:-1","max-image-preview":"max-image-preview:large","max-video-preview":"max-video-preview:-1"},"canonical":"https:\/\/rauchfrei.at\/weltkrebstag-rauchfreiheit-ist-krebsvorbeugung\/","og_locale":"en_US","og_type":"article","og_title":"Weltkrebstag: Rauchfreiheit ist Krebsvorbeugung - Rauchfrei Telefon","og_description":"Der Weltkrebstag findet j\u00e4hrlich am 4. Februar statt, um die Vorbeugung, Erforschung und Behandlung von Krebs ins \u00f6ffentliche Bewusstsein zu r\u00fccken. Rauchfrei leben hilft bei der Vorbeugung.","og_url":"https:\/\/rauchfrei.at\/weltkrebstag-rauchfreiheit-ist-krebsvorbeugung\/","og_site_name":"Rauchfrei Telefon","article_published_time":"2023-02-04T06:00:00+00:00","article_modified_time":"2023-02-07T12:16:30+00:00","og_image":[{"url":"https:\/\/rauchfrei.at\/wp-content\/uploads\/oesterreichkarte-2-480x248.png","type":"","width":"","height":""}],"author":"Rauchfrei Team","twitter_card":"summary_large_image","twitter_misc":{"Written by":"Rauchfrei Team"},"schema":{"@context":"https:\/\/schema.org","@graph":[{"@type":"WebPage","@id":"https:\/\/rauchfrei.at\/weltkrebstag-rauchfreiheit-ist-krebsvorbeugung\/","url":"https:\/\/rauchfrei.at\/weltkrebstag-rauchfreiheit-ist-krebsvorbeugung\/","name":"Weltkrebstag: Rauchfreiheit ist Krebsvorbeugung - Rauchfrei Telefon","isPartOf":{"@id":"https:\/\/rauchfrei.at\/#website"},"primaryImageOfPage":{"@id":"https:\/\/rauchfrei.at\/weltkrebstag-rauchfreiheit-ist-krebsvorbeugung\/#primaryimage"},"image":{"@id":"https:\/\/rauchfrei.at\/weltkrebstag-rauchfreiheit-ist-krebsvorbeugung\/#primaryimage"},"thumbnailUrl":"https:\/\/rauchfrei.at\/wp-content\/uploads\/oesterreichkarte-2-480x248.png","datePublished":"2023-02-04T06:00:00+00:00","dateModified":"2023-02-07T12:16:30+00:00","author":{"@id":"https:\/\/rauchfrei.at\/#\/schema\/person\/504bbf90c5482004fc09aef6de7f9277"},"inLanguage":"en-US","potentialAction":[{"@type":"ReadAction","target":["https:\/\/rauchfrei.at\/weltkrebstag-rauchfreiheit-ist-krebsvorbeugung\/"]}]},{"@type":"ImageObject","inLanguage":"en-US","@id":"https:\/\/rauchfrei.at\/weltkrebstag-rauchfreiheit-ist-krebsvorbeugung\/#primaryimage","url":"https:\/\/rauchfrei.at\/wp-content\/uploads\/oesterreichkarte-2-480x248.png","contentUrl":"https:\/\/rauchfrei.at\/wp-content\/uploads\/oesterreichkarte-2-480x248.png"},{"@type":"WebSite","@id":"https:\/\/rauchfrei.at\/#website","url":"https:\/\/rauchfrei.at\/","name":"Rauchfrei Telefon","description":"Eine \u00f6sterreichweite Initiative der Sozialversicherungen.","potentialAction":[{"@type":"SearchAction","target":{"@type":"EntryPoint","urlTemplate":"https:\/\/rauchfrei.at\/?s={search_term_string}"},"query-input":{"@type":"PropertyValueSpecification","valueRequired":true,"valueName":"search_term_string"}}],"inLanguage":"en-US"},{"@type":"Person","@id":"https:\/\/rauchfrei.at\/#\/schema\/person\/504bbf90c5482004fc09aef6de7f9277","name":"Rauchfrei Team","image":{"@type":"ImageObject","inLanguage":"en-US","@id":"https:\/\/rauchfrei.at\/#\/schema\/person\/image\/","url":"https:\/\/secure.gravatar.com\/avatar\/2115b79a00800516fa1523bb5a329611f90e73e89be559131fc7e82b4fdc95ff?s=96&d=mm&r=g","contentUrl":"https:\/\/secure.gravatar.com\/avatar\/2115b79a00800516fa1523bb5a329611f90e73e89be559131fc7e82b4fdc95ff?s=96&d=mm&r=g","caption":"Rauchfrei Team"},"url":"https:\/\/rauchfrei.at\/en\/author\/rauchfrei-team\/"}]}},"_links":{"self":[{"href":"https:\/\/rauchfrei.at\/en\/wp-json\/wp\/v2\/posts\/26198","targetHints":{"allow":["GET"]}}],"collection":[{"href":"https:\/\/rauchfrei.at\/en\/wp-json\/wp\/v2\/posts"}],"about":[{"href":"https:\/\/rauchfrei.at\/en\/wp-json\/wp\/v2\/types\/post"}],"author":[{"embeddable":true,"href":"https:\/\/rauchfrei.at\/en\/wp-json\/wp\/v2\/users\/25"}],"replies":[{"embeddable":true,"href":"https:\/\/rauchfrei.at\/en\/wp-json\/wp\/v2\/comments?post=26198"}],"version-history":[{"count":8,"href":"https:\/\/rauchfrei.at\/en\/wp-json\/wp\/v2\/posts\/26198\/revisions"}],"predecessor-version":[{"id":26266,"href":"https:\/\/rauchfrei.at\/en\/wp-json\/wp\/v2\/posts\/26198\/revisions\/26266"}],"wp:attachment":[{"href":"https:\/\/rauchfrei.at\/en\/wp-json\/wp\/v2\/media?parent=26198"}],"wp:term":[{"taxonomy":"category","embeddable":true,"href":"https:\/\/rauchfrei.at\/en\/wp-json\/wp\/v2\/categories?post=26198"},{"taxonomy":"post_tag","embeddable":true,"href":"https:\/\/rauchfrei.at\/en\/wp-json\/wp\/v2\/tags?post=26198"}],"curies":[{"name":"wp","href":"https:\/\/api.w.org\/{rel}","templated":true}]}}