
{"id":26326,"date":"2023-02-20T08:00:00","date_gmt":"2023-02-20T06:00:00","guid":{"rendered":"https:\/\/rauchfrei.at\/?p=26326"},"modified":"2023-02-16T13:32:04","modified_gmt":"2023-02-16T11:32:04","slug":"endlich-ist-sie-da-aktuell-und-schoen","status":"publish","type":"post","link":"https:\/\/rauchfrei.at\/en\/endlich-ist-sie-da-aktuell-und-schoen\/","title":{"rendered":"Endlich ist sie da! Aktuell und sch\u00f6n!"},"content":{"rendered":"\n[et_pb_section fb_built=&#8221;1&#8243; module_class=&#8221;header&#8221; _builder_version=&#8221;4.16&#8243; global_colors_info=&#8221;{}&#8221;][et_pb_row _builder_version=&#8221;4.16&#8243; global_colors_info=&#8221;{}&#8221;][et_pb_column type=&#8221;4_4&#8243; _builder_version=&#8221;4.16&#8243; custom_padding=&#8221;|||&#8221; global_colors_info=&#8221;{}&#8221; custom_padding__hover=&#8221;|||&#8221;][et_pb_dp_dmb_module_10001 subheadline=&#8221;Die Informationsbrosch\u00fcre des Rauchfrei Telefons.&#8221; _builder_version=&#8221;4.19.4&#8243; global_colors_info=&#8221;{}&#8221;][\/et_pb_dp_dmb_module_10001][\/et_pb_column][\/et_pb_row][\/et_pb_section][et_pb_section fb_built=&#8221;1&#8243; _builder_version=&#8221;4.16&#8243; custom_padding=&#8221;30px|||&#8221; global_colors_info=&#8221;{}&#8221;][et_pb_row column_structure=&#8221;2_3,1_3&#8243; _builder_version=&#8221;4.16&#8243; global_colors_info=&#8221;{}&#8221;][et_pb_column type=&#8221;2_3&#8243; module_class=&#8221;blog-content&#8221; _builder_version=&#8221;4.16&#8243; custom_padding=&#8221;|||&#8221; global_colors_info=&#8221;{}&#8221; custom_padding__hover=&#8221;|||&#8221;][et_pb_text _builder_version=&#8221;4.19.4&#8243; hover_enabled=&#8221;0&#8243; global_colors_info=&#8221;{}&#8221; sticky_enabled=&#8221;0&#8243;]<p>Wir haben unsere <a href=\"https:\/\/rauchfrei.at\/wp-content\/uploads\/rf22_infobrosch_web.pdf\" target=\"_blank\" rel=\"noopener\">Informationsbrosch\u00fcre<\/a> inhaltlich aktualisiert und grafisch \u00fcberarbeitet.<\/p>\n<p><a href=\"https:\/\/rauchfrei.at\/wp-content\/uploads\/rf22_infobrosch_web.pdf\" target=\"_blank\" rel=\"noopener\"><img loading=\"lazy\" decoding=\"async\" src=\"https:\/\/rauchfrei.at\/wp-content\/uploads\/Infobroschuere-225x450.png\" alt=\"\" class=\"wp-image-26337 alignnone size-medium\" width=\"212\" height=\"424\" srcset=\"https:\/\/rauchfrei.at\/wp-content\/uploads\/Infobroschuere-225x450.png 225w, https:\/\/rauchfrei.at\/wp-content\/uploads\/Infobroschuere.png 456w\" sizes=\"(max-width: 212px) 100vw, 212px\" \/><\/a> (C) Rauchfrei Telefon<\/p>\n<p>Sie informiert \u00fcber das Angebot des Rauchfrei Telefons und wie Sie frei von Tabak- und Nikotin werden k\u00f6nnen. Die Brosch\u00fcre dient zur Information \u00fcber unser Angebot und was geschieht, wenn Sie bei uns anrufen. Wir vermitteln in der Brosch\u00fcre Informationen rund ums Thema Tabak und Nikotin und wie der Ausstieg aus der Abh\u00e4ngigkeit gelingen kann. Wir motivieren auch dazu, mit der Rauchfreiheit zu beginnen und bieten Hilfsm\u00f6glichkeiten daf\u00fcr an. Wir widmen der Vorbereitung der Rauchfreiheit ein paar Seiten, dabei hat das Rauchprotokoll seinen fixen Platz.<\/p>\n<p>Wichtig ist es auch im Vorfeld zu kl\u00e4ren, wof\u00fcr Sie pers\u00f6nlich den Rauchstopp machen wollen. Dem Entzug, der sp\u00fcrbar werden kann, widmen wir ein weiteres Kapitel. Abschlie\u00dfend finden Sie Informationen, wie Ihnen die erste rauchfreie Zeit gut gelingen kann und Sie rauch- bzw. nikotinfrei bleiben k\u00f6nnen.<\/p>\n<p>Es freut uns, wenn unsere Brosch\u00fcre Ihnen selber, Ihren Angeh\u00f6rigen oder Ihren Patientinnen und Patienten hilfreich ist. Wir schicken Sie Ihnen gerne kostenfrei zu. Rufen Sie unter 0800 810 013 an oder bestellen Sie online hier geht es zum <a href=\"https:\/\/rauchfrei.at\/broschueren-downloads\/bestellung\/\" target=\"_blank\" rel=\"noopener\">BESTELLFORMULAR<\/a>.<\/p>\n<p>&nbsp;<\/p>[\/et_pb_text][et_pb_post_nav in_same_term=&#8221;off&#8221; _builder_version=&#8221;4.16&#8243; global_colors_info=&#8221;{}&#8221;][\/et_pb_post_nav][\/et_pb_column][et_pb_column type=&#8221;1_3&#8243; module_class=&#8221;cat-and-tag&#8221; _builder_version=&#8221;4.16&#8243; custom_padding=&#8221;|||&#8221; global_colors_info=&#8221;{}&#8221; custom_padding__hover=&#8221;|||&#8221;][et_pb_sidebar area=&#8221;et_pb_widget_area_1&#8243; _builder_version=&#8221;4.16&#8243; global_colors_info=&#8221;{}&#8221;][\/et_pb_sidebar][et_pb_dp_dmb_module_10080 link_text=&#8221;hier downloaden&#8221; link_url=&#8221;https:\/\/rauchfrei.at\/broschueren-downloads\/download-broschueren\/&#8221; admin_label=&#8221;Materialdownloads&#8221; _builder_version=&#8221;3.19.15&#8243; global_module=&#8221;13235&#8243; saved_tabs=&#8221;all&#8221; global_colors_info=&#8221;{}&#8221;]<p><span lang=\"DE-AT\"><strong>Brosch\u00fcren, Folder<\/strong> und <strong>Poster<\/strong><\/span><\/p>\n[\/et_pb_dp_dmb_module_10080][et_pb_text admin_label=&#8221;Angebote in \u00d6sterreich&#8221; _builder_version=&#8221;3.27.4&#8243; custom_margin=&#8221;||60px&#8221; custom_padding=&#8221;||&#8221; link_option_url=&#8221;https:\/\/rauchfrei.at\/aufhoeren\/weitere-beratungsangebote-in-oe\/ambulante-beratung\/&#8221; global_module=&#8221;13404&#8243; saved_tabs=&#8221;all&#8221; global_colors_info=&#8221;{}&#8221;]<p><a style=\"color: #212121;\" href=\"https:\/\/rauchfrei.at\/aufhoeren\/weitere-beratungsangebote-in-oe\/ambulante-beratung\/\"><\/p>\n<h2>Angebote in \u00d6sterreich<\/h2>\n<p><img loading=\"lazy\" decoding=\"async\" class=\"wp-image-13438 alignnone size-large\" src=\"https:\/\/rauchfrei.at\/wp-content\/uploads\/oesterreichkarte-2-480x248.png\" alt=\"\" width=\"480\" height=\"248\" srcset=\"https:\/\/rauchfrei.at\/wp-content\/uploads\/oesterreichkarte-2-480x248.png 480w, https:\/\/rauchfrei.at\/wp-content\/uploads\/oesterreichkarte-2-225x116.png 225w, https:\/\/rauchfrei.at\/wp-content\/uploads\/oesterreichkarte-2-768x397.png 768w, https:\/\/rauchfrei.at\/wp-content\/uploads\/oesterreichkarte-2-1080x558.png 1080w, https:\/\/rauchfrei.at\/wp-content\/uploads\/oesterreichkarte-2.png 1736w\" sizes=\"(max-width: 480px) 100vw, 480px\" \/><\/p>\n<p>Finden Sie das passende Angebot von ambulanter Einzelberatung bis hin zur station\u00e4ren Gruppenberatung<\/p>\n<p><\/a><\/p>\n<p><a class=\"mehr\" href=\"https:\/\/rauchfrei.at\/aufhoeren\/weitere-beratungsangebote-in-oe\/ambulante-beratung\/\">mehr<\/a><\/p>\n[\/et_pb_text][\/et_pb_column][\/et_pb_row][\/et_pb_section]\n","protected":false},"excerpt":{"rendered":"<p>Wir haben unsere Informationsbrosch\u00fcre inhaltlich aktualisiert und grafisch \u00fcberarbeitet. Gerne senden wir sie Ihnen kostenfrei zu. Die Brosch\u00fcre informiert \u00fcber das Angebot des Rauchfrei Telefons und wie Sie frei von Tabak- und Nikotin werden k\u00f6nnen.  <\/p>\n","protected":false},"author":25,"featured_media":0,"comment_status":"open","ping_status":"open","sticky":false,"template":"","format":"standard","meta":{"_et_pb_use_builder":"on","_et_pb_old_content":"","_et_gb_content_width":"2880","footnotes":""},"categories":[236],"tags":[],"class_list":["post-26326","post","type-post","status-publish","format-standard","hentry","category-nicht-kategorisiert"],"yoast_head":"<!-- This site is optimized with the Yoast SEO plugin v26.2 - https:\/\/yoast.com\/wordpress\/plugins\/seo\/ -->\n<title>Endlich ist sie da! Aktuell und sch\u00f6n! - Rauchfrei Telefon<\/title>\n<meta name=\"robots\" content=\"index, follow, max-snippet:-1, max-image-preview:large, max-video-preview:-1\" \/>\n<link rel=\"canonical\" href=\"https:\/\/rauchfrei.at\/endlich-ist-sie-da-aktuell-und-schoen\/\" \/>\n<meta property=\"og:locale\" content=\"en_US\" \/>\n<meta property=\"og:type\" content=\"article\" \/>\n<meta property=\"og:title\" content=\"Endlich ist sie da! Aktuell und sch\u00f6n! - Rauchfrei Telefon\" \/>\n<meta property=\"og:description\" content=\"Wir haben unsere Informationsbrosch\u00fcre inhaltlich aktualisiert und grafisch \u00fcberarbeitet. Gerne senden wir sie Ihnen kostenfrei zu. Die Brosch\u00fcre informiert \u00fcber das Angebot des Rauchfrei Telefons und wie Sie frei von Tabak- und Nikotin werden k\u00f6nnen.\" \/>\n<meta property=\"og:url\" content=\"https:\/\/rauchfrei.at\/endlich-ist-sie-da-aktuell-und-schoen\/\" \/>\n<meta property=\"og:site_name\" content=\"Rauchfrei Telefon\" \/>\n<meta property=\"article:published_time\" content=\"2023-02-20T06:00:00+00:00\" \/>\n<meta property=\"og:image\" content=\"https:\/\/rauchfrei.at\/wp-content\/uploads\/Infobroschuere-225x450.png\" \/>\n<meta name=\"author\" content=\"Rauchfrei Team\" \/>\n<meta name=\"twitter:card\" content=\"summary_large_image\" \/>\n<meta name=\"twitter:label1\" content=\"Written by\" \/>\n\t<meta name=\"twitter:data1\" content=\"Rauchfrei Team\" \/>\n<script type=\"application\/ld+json\" class=\"yoast-schema-graph\">{\"@context\":\"https:\/\/schema.org\",\"@graph\":[{\"@type\":\"WebPage\",\"@id\":\"https:\/\/rauchfrei.at\/endlich-ist-sie-da-aktuell-und-schoen\/\",\"url\":\"https:\/\/rauchfrei.at\/endlich-ist-sie-da-aktuell-und-schoen\/\",\"name\":\"Endlich ist sie da! Aktuell und sch\u00f6n! - Rauchfrei Telefon\",\"isPartOf\":{\"@id\":\"https:\/\/rauchfrei.at\/#website\"},\"primaryImageOfPage\":{\"@id\":\"https:\/\/rauchfrei.at\/endlich-ist-sie-da-aktuell-und-schoen\/#primaryimage\"},\"image\":{\"@id\":\"https:\/\/rauchfrei.at\/endlich-ist-sie-da-aktuell-und-schoen\/#primaryimage\"},\"thumbnailUrl\":\"https:\/\/rauchfrei.at\/wp-content\/uploads\/Infobroschuere-225x450.png\",\"datePublished\":\"2023-02-20T06:00:00+00:00\",\"author\":{\"@id\":\"https:\/\/rauchfrei.at\/#\/schema\/person\/504bbf90c5482004fc09aef6de7f9277\"},\"inLanguage\":\"en-US\",\"potentialAction\":[{\"@type\":\"ReadAction\",\"target\":[\"https:\/\/rauchfrei.at\/endlich-ist-sie-da-aktuell-und-schoen\/\"]}]},{\"@type\":\"ImageObject\",\"inLanguage\":\"en-US\",\"@id\":\"https:\/\/rauchfrei.at\/endlich-ist-sie-da-aktuell-und-schoen\/#primaryimage\",\"url\":\"https:\/\/rauchfrei.at\/wp-content\/uploads\/Infobroschuere-225x450.png\",\"contentUrl\":\"https:\/\/rauchfrei.at\/wp-content\/uploads\/Infobroschuere-225x450.png\"},{\"@type\":\"WebSite\",\"@id\":\"https:\/\/rauchfrei.at\/#website\",\"url\":\"https:\/\/rauchfrei.at\/\",\"name\":\"Rauchfrei Telefon\",\"description\":\"Eine \u00f6sterreichweite Initiative der Sozialversicherungen.\",\"potentialAction\":[{\"@type\":\"SearchAction\",\"target\":{\"@type\":\"EntryPoint\",\"urlTemplate\":\"https:\/\/rauchfrei.at\/?s={search_term_string}\"},\"query-input\":{\"@type\":\"PropertyValueSpecification\",\"valueRequired\":true,\"valueName\":\"search_term_string\"}}],\"inLanguage\":\"en-US\"},{\"@type\":\"Person\",\"@id\":\"https:\/\/rauchfrei.at\/#\/schema\/person\/504bbf90c5482004fc09aef6de7f9277\",\"name\":\"Rauchfrei Team\",\"image\":{\"@type\":\"ImageObject\",\"inLanguage\":\"en-US\",\"@id\":\"https:\/\/rauchfrei.at\/#\/schema\/person\/image\/\",\"url\":\"https:\/\/secure.gravatar.com\/avatar\/2115b79a00800516fa1523bb5a329611f90e73e89be559131fc7e82b4fdc95ff?s=96&d=mm&r=g\",\"contentUrl\":\"https:\/\/secure.gravatar.com\/avatar\/2115b79a00800516fa1523bb5a329611f90e73e89be559131fc7e82b4fdc95ff?s=96&d=mm&r=g\",\"caption\":\"Rauchfrei Team\"},\"url\":\"https:\/\/rauchfrei.at\/en\/author\/rauchfrei-team\/\"}]}<\/script>\n<!-- \/ Yoast SEO plugin. -->","yoast_head_json":{"title":"Endlich ist sie da! Aktuell und sch\u00f6n! - Rauchfrei Telefon","robots":{"index":"index","follow":"follow","max-snippet":"max-snippet:-1","max-image-preview":"max-image-preview:large","max-video-preview":"max-video-preview:-1"},"canonical":"https:\/\/rauchfrei.at\/endlich-ist-sie-da-aktuell-und-schoen\/","og_locale":"en_US","og_type":"article","og_title":"Endlich ist sie da! Aktuell und sch\u00f6n! - Rauchfrei Telefon","og_description":"Wir haben unsere Informationsbrosch\u00fcre inhaltlich aktualisiert und grafisch \u00fcberarbeitet. Gerne senden wir sie Ihnen kostenfrei zu. Die Brosch\u00fcre informiert \u00fcber das Angebot des Rauchfrei Telefons und wie Sie frei von Tabak- und Nikotin werden k\u00f6nnen.","og_url":"https:\/\/rauchfrei.at\/endlich-ist-sie-da-aktuell-und-schoen\/","og_site_name":"Rauchfrei Telefon","article_published_time":"2023-02-20T06:00:00+00:00","og_image":[{"url":"https:\/\/rauchfrei.at\/wp-content\/uploads\/Infobroschuere-225x450.png","type":"","width":"","height":""}],"author":"Rauchfrei Team","twitter_card":"summary_large_image","twitter_misc":{"Written by":"Rauchfrei Team"},"schema":{"@context":"https:\/\/schema.org","@graph":[{"@type":"WebPage","@id":"https:\/\/rauchfrei.at\/endlich-ist-sie-da-aktuell-und-schoen\/","url":"https:\/\/rauchfrei.at\/endlich-ist-sie-da-aktuell-und-schoen\/","name":"Endlich ist sie da! Aktuell und sch\u00f6n! - Rauchfrei Telefon","isPartOf":{"@id":"https:\/\/rauchfrei.at\/#website"},"primaryImageOfPage":{"@id":"https:\/\/rauchfrei.at\/endlich-ist-sie-da-aktuell-und-schoen\/#primaryimage"},"image":{"@id":"https:\/\/rauchfrei.at\/endlich-ist-sie-da-aktuell-und-schoen\/#primaryimage"},"thumbnailUrl":"https:\/\/rauchfrei.at\/wp-content\/uploads\/Infobroschuere-225x450.png","datePublished":"2023-02-20T06:00:00+00:00","author":{"@id":"https:\/\/rauchfrei.at\/#\/schema\/person\/504bbf90c5482004fc09aef6de7f9277"},"inLanguage":"en-US","potentialAction":[{"@type":"ReadAction","target":["https:\/\/rauchfrei.at\/endlich-ist-sie-da-aktuell-und-schoen\/"]}]},{"@type":"ImageObject","inLanguage":"en-US","@id":"https:\/\/rauchfrei.at\/endlich-ist-sie-da-aktuell-und-schoen\/#primaryimage","url":"https:\/\/rauchfrei.at\/wp-content\/uploads\/Infobroschuere-225x450.png","contentUrl":"https:\/\/rauchfrei.at\/wp-content\/uploads\/Infobroschuere-225x450.png"},{"@type":"WebSite","@id":"https:\/\/rauchfrei.at\/#website","url":"https:\/\/rauchfrei.at\/","name":"Rauchfrei Telefon","description":"Eine \u00f6sterreichweite Initiative der Sozialversicherungen.","potentialAction":[{"@type":"SearchAction","target":{"@type":"EntryPoint","urlTemplate":"https:\/\/rauchfrei.at\/?s={search_term_string}"},"query-input":{"@type":"PropertyValueSpecification","valueRequired":true,"valueName":"search_term_string"}}],"inLanguage":"en-US"},{"@type":"Person","@id":"https:\/\/rauchfrei.at\/#\/schema\/person\/504bbf90c5482004fc09aef6de7f9277","name":"Rauchfrei Team","image":{"@type":"ImageObject","inLanguage":"en-US","@id":"https:\/\/rauchfrei.at\/#\/schema\/person\/image\/","url":"https:\/\/secure.gravatar.com\/avatar\/2115b79a00800516fa1523bb5a329611f90e73e89be559131fc7e82b4fdc95ff?s=96&d=mm&r=g","contentUrl":"https:\/\/secure.gravatar.com\/avatar\/2115b79a00800516fa1523bb5a329611f90e73e89be559131fc7e82b4fdc95ff?s=96&d=mm&r=g","caption":"Rauchfrei Team"},"url":"https:\/\/rauchfrei.at\/en\/author\/rauchfrei-team\/"}]}},"_links":{"self":[{"href":"https:\/\/rauchfrei.at\/en\/wp-json\/wp\/v2\/posts\/26326","targetHints":{"allow":["GET"]}}],"collection":[{"href":"https:\/\/rauchfrei.at\/en\/wp-json\/wp\/v2\/posts"}],"about":[{"href":"https:\/\/rauchfrei.at\/en\/wp-json\/wp\/v2\/types\/post"}],"author":[{"embeddable":true,"href":"https:\/\/rauchfrei.at\/en\/wp-json\/wp\/v2\/users\/25"}],"replies":[{"embeddable":true,"href":"https:\/\/rauchfrei.at\/en\/wp-json\/wp\/v2\/comments?post=26326"}],"version-history":[{"count":7,"href":"https:\/\/rauchfrei.at\/en\/wp-json\/wp\/v2\/posts\/26326\/revisions"}],"predecessor-version":[{"id":26346,"href":"https:\/\/rauchfrei.at\/en\/wp-json\/wp\/v2\/posts\/26326\/revisions\/26346"}],"wp:attachment":[{"href":"https:\/\/rauchfrei.at\/en\/wp-json\/wp\/v2\/media?parent=26326"}],"wp:term":[{"taxonomy":"category","embeddable":true,"href":"https:\/\/rauchfrei.at\/en\/wp-json\/wp\/v2\/categories?post=26326"},{"taxonomy":"post_tag","embeddable":true,"href":"https:\/\/rauchfrei.at\/en\/wp-json\/wp\/v2\/tags?post=26326"}],"curies":[{"name":"wp","href":"https:\/\/api.w.org\/{rel}","templated":true}]}}