
{"id":26578,"date":"2023-04-03T08:00:00","date_gmt":"2023-04-03T06:00:00","guid":{"rendered":"https:\/\/rauchfrei.at\/?p=26578"},"modified":"2023-04-11T13:38:54","modified_gmt":"2023-04-11T11:38:54","slug":"gesundheit-fuer-alle","status":"publish","type":"post","link":"https:\/\/rauchfrei.at\/en\/gesundheit-fuer-alle\/","title":{"rendered":"<strong>Gesundheit f\u00fcr Alle!<\/strong>"},"content":{"rendered":"\n[et_pb_section fb_built=&#8221;1&#8243; module_class=&#8221;header&#8221; _builder_version=&#8221;4.16&#8243; global_colors_info=&#8221;{}&#8221;][et_pb_row _builder_version=&#8221;4.16&#8243; global_colors_info=&#8221;{}&#8221;][et_pb_column type=&#8221;4_4&#8243; _builder_version=&#8221;4.16&#8243; custom_padding=&#8221;|||&#8221; global_colors_info=&#8221;{}&#8221; custom_padding__hover=&#8221;|||&#8221;][et_pb_dp_dmb_module_10001 subheadline=&#8221;Ein wichtiges Motto f\u00fcr den Weltgesundheitstag 2023&#8243; _builder_version=&#8221;4.20.2&#8243; global_colors_info=&#8221;{}&#8221;][\/et_pb_dp_dmb_module_10001][\/et_pb_column][\/et_pb_row][\/et_pb_section][et_pb_section fb_built=&#8221;1&#8243; _builder_version=&#8221;4.16&#8243; custom_padding=&#8221;30px|||&#8221; global_colors_info=&#8221;{}&#8221;][et_pb_row column_structure=&#8221;2_3,1_3&#8243; _builder_version=&#8221;4.16&#8243; global_colors_info=&#8221;{}&#8221;][et_pb_column type=&#8221;2_3&#8243; module_class=&#8221;blog-content&#8221; _builder_version=&#8221;4.16&#8243; custom_padding=&#8221;|||&#8221; global_colors_info=&#8221;{}&#8221; custom_padding__hover=&#8221;|||&#8221;][et_pb_text _builder_version=&#8221;4.20.2&#8243; hover_enabled=&#8221;0&#8243; global_colors_info=&#8221;{}&#8221; sticky_enabled=&#8221;0&#8243;]<p>Mit diesem Leitsatz \u201e Gesundheit f\u00fcr alle!\u201c feiert die Weltgesundheitsorganisation (WHO) am 7. April den 75. Weltgesundheitstag. Das Recht auf Gesundheit ist ein Menschenrecht.<\/p>\n<p>Die WHO bezeichnet Tabak- und Nikotinabh\u00e4ngigkeit als Epidemie und als eine der gr\u00f6\u00dften Herausforderungen f\u00fcr die allgemeine Gesundheit, die die Welt jemals bew\u00e4ltigen musste. Zum Thema Tabak gibt es daher ein Paket von Ma\u00dfnahmen, das die WHO zusammengestellt hat und vermehrt umsetzen will. \u00a0Tabak t\u00f6tet j\u00e4hrlich mehr als 8 Millionen Menschen weltweit. Davon 7 Millionen, weil sie selbst rauchen und 1,2 Millionen Nichtraucherinnen und Nichtraucher, die Passivrauch ausgesetzt sind. \u00dcber 80 Prozent aller Raucherinnen und Raucher weltweit leben zudem in L\u00e4ndern mit einer in weiten Teilen von Armut oder niedrigen Einkommen betroffenen Bev\u00f6lkerung.\u00a0 Die Ma\u00dfnahmen der WHO gegen die Gefahr Tabak sind unter den sechs \u201eMPOWER\u201c Ma\u00dfnahmen zusammengefasst:<\/p>\n<ul>\n<li>Erhebung und Beobachtung von Tabakkonsum und pr\u00e4ventiven Ma\u00dfnahmen<\/li>\n<li>Menschen vor Tabakkonsum zu sch\u00fctzen<\/li>\n<li>Hilfsangebote, um mit dem Rauchen aufzuh\u00f6ren<\/li>\n<li>Die Gefahren des Tabakkonsums aufzuzeigen und davor zu warnen<\/li>\n<li>Ma\u00dfnahmen zu Verboten der Bewerbung von Tabakprodukten<\/li>\n<li>Steuererh\u00f6hungen f\u00fcr Tabakprodukte<\/li>\n<\/ul>\n<p>Auch E- Zigaretten und Tabakerhitzer befinden sich bereits im Fokus der WHO: Sie werden als \u201eENDS\u201c (electronic nicotine delivery Systems), \u201eENNDS\u201c (electronic non-nicotine delivery systems) und \u201eHTPs\u201c (heated tobacco products) bezeichnet.\u00a0 Laut WHO machen sie, wenn sie Nikotin enthalten, abh\u00e4ngig und sind generell sch\u00e4dlich f\u00fcr die Gesundheit. Besonders Kinder und Jugendliche sieht die WHO in diesem Zusammenhang als sch\u00fctzenswert an, da das Risiko sp\u00e4ter auch konventionelle Zigaretten zu rauchen mit dem Konsum dieser Produkte deutlich erh\u00f6ht wird.<\/p>\n<p>In \u00d6sterreich ist der Schutz von Nichtraucherinnen und Nichtrauchern auch in einem Gesetz festgeschrieben: es ist das \u201eTabak- und Nichtraucherinnen- bzw. Nichtraucherschutzgesetz\u201c (TNRSG). Die Telefonnummer des Rauchfrei Telefons hat sich demnach auf jeder in \u00d6sterreich verkauften Packung Zigaretten zu befinden, um den Ausstieg aus der Tabak- und Nikotinabh\u00e4ngigkeit leichter und f\u00fcr alle m\u00f6glich zu machen.<\/p>\n<p>Jede Raucherin und jeder Raucher, der in \u00d6sterreich lebt und aufh\u00f6ren will zu rauchen, kann sich kostenfrei von Montag bis Freitag 10:00h \u2013 18:00h an das Rauchfrei Telefon wenden: 0800 810 013<\/p>\n<p>Wir freuen uns auf Ihren Anruf!<\/p>[\/et_pb_text][et_pb_post_nav in_same_term=&#8221;off&#8221; _builder_version=&#8221;4.16&#8243; global_colors_info=&#8221;{}&#8221;][\/et_pb_post_nav][\/et_pb_column][et_pb_column type=&#8221;1_3&#8243; module_class=&#8221;cat-and-tag&#8221; _builder_version=&#8221;4.16&#8243; custom_padding=&#8221;|||&#8221; global_colors_info=&#8221;{}&#8221; custom_padding__hover=&#8221;|||&#8221;][et_pb_dp_dmb_module_10093 farbe=&#8221;blitzblau&#8221; headline=&#8221;Starkes Rauchverlangen?&#8221; image=&#8221;https:\/\/rauchfrei.at\/wp-content\/uploads\/Desire.png&#8221; image_position=&#8221;center&#8221; link_text=&#8221;mehr&#8221; link_url=&#8221;https:\/\/rauchfrei.at\/aufhoeren\/schritte-zum-rauchstopp\/was-tun-bei-verlangensattacken\/&#8221; admin_label=&#8221;Starkes Rauchverlangen?&#8221; _builder_version=&#8221;4.16&#8243; max_width=&#8221;100%&#8221; saved_tabs=&#8221;all&#8221; global_colors_info=&#8221;{}&#8221; global_module=&#8221;13170&#8243; theme_builder_area=&#8221;post_content&#8221;]<p>Bleiben Sie stark, es geht vorbei!<\/p>\n[\/et_pb_dp_dmb_module_10093][et_pb_dp_dmb_module_10080 link_text=&#8221;mehr erfahren&#8221; link_url=&#8221;https:\/\/rauchfrei.at\/sigara-hatti\/&#8221; admin_label=&#8221;Infos in t\u00fcrkischer Sprache&#8221; _builder_version=&#8221;4.9.4&#8243; global_module=&#8221;13138&#8243; saved_tabs=&#8221;all&#8221; global_colors_info=&#8221;{}&#8221;]<p>Informationen in t\u00fcrkischer Sprache<\/p>\n[\/et_pb_dp_dmb_module_10080][\/et_pb_column][\/et_pb_row][\/et_pb_section]\n","protected":false},"excerpt":{"rendered":"<p>Health for all! (Gesundheit f\u00fcr Alle!) Mit diesem Leitsatz feiert die Weltgesundheitsorganisation (WHO) heuer am 7.4., dem diesj\u00e4hrigen Weltgesundheitstag den 75. Jahrestag ihres Bestehens. Das Recht auf Gesundheit ist ein Menschenrecht.<\/p>\n","protected":false},"author":25,"featured_media":0,"comment_status":"open","ping_status":"open","sticky":false,"template":"","format":"standard","meta":{"_et_pb_use_builder":"on","_et_pb_old_content":"","_et_gb_content_width":"2880","footnotes":""},"categories":[236],"tags":[],"class_list":["post-26578","post","type-post","status-publish","format-standard","hentry","category-nicht-kategorisiert"],"yoast_head":"<!-- This site is optimized with the Yoast SEO plugin v26.2 - https:\/\/yoast.com\/wordpress\/plugins\/seo\/ -->\n<title>Gesundheit f\u00fcr Alle! - Rauchfrei Telefon<\/title>\n<meta name=\"robots\" content=\"index, follow, max-snippet:-1, max-image-preview:large, max-video-preview:-1\" \/>\n<link rel=\"canonical\" href=\"https:\/\/rauchfrei.at\/gesundheit-fuer-alle\/\" \/>\n<meta property=\"og:locale\" content=\"en_US\" \/>\n<meta property=\"og:type\" content=\"article\" \/>\n<meta property=\"og:title\" content=\"Gesundheit f\u00fcr Alle! - Rauchfrei Telefon\" \/>\n<meta property=\"og:description\" content=\"Health for all! (Gesundheit f\u00fcr Alle!) Mit diesem Leitsatz feiert die Weltgesundheitsorganisation (WHO) heuer am 7.4., dem diesj\u00e4hrigen Weltgesundheitstag den 75. Jahrestag ihres Bestehens. Das Recht auf Gesundheit ist ein Menschenrecht.\" \/>\n<meta property=\"og:url\" content=\"https:\/\/rauchfrei.at\/gesundheit-fuer-alle\/\" \/>\n<meta property=\"og:site_name\" content=\"Rauchfrei Telefon\" \/>\n<meta property=\"article:published_time\" content=\"2023-04-03T06:00:00+00:00\" \/>\n<meta property=\"article:modified_time\" content=\"2023-04-11T11:38:54+00:00\" \/>\n<meta name=\"author\" content=\"Rauchfrei Team\" \/>\n<meta name=\"twitter:card\" content=\"summary_large_image\" \/>\n<meta name=\"twitter:label1\" content=\"Written by\" \/>\n\t<meta name=\"twitter:data1\" content=\"Rauchfrei Team\" \/>\n\t<meta name=\"twitter:label2\" content=\"Est. reading time\" \/>\n\t<meta name=\"twitter:data2\" content=\"3 minutes\" \/>\n<script type=\"application\/ld+json\" class=\"yoast-schema-graph\">{\"@context\":\"https:\/\/schema.org\",\"@graph\":[{\"@type\":\"WebPage\",\"@id\":\"https:\/\/rauchfrei.at\/gesundheit-fuer-alle\/\",\"url\":\"https:\/\/rauchfrei.at\/gesundheit-fuer-alle\/\",\"name\":\"Gesundheit f\u00fcr Alle! - Rauchfrei Telefon\",\"isPartOf\":{\"@id\":\"https:\/\/rauchfrei.at\/#website\"},\"datePublished\":\"2023-04-03T06:00:00+00:00\",\"dateModified\":\"2023-04-11T11:38:54+00:00\",\"author\":{\"@id\":\"https:\/\/rauchfrei.at\/#\/schema\/person\/504bbf90c5482004fc09aef6de7f9277\"},\"inLanguage\":\"en-US\",\"potentialAction\":[{\"@type\":\"ReadAction\",\"target\":[\"https:\/\/rauchfrei.at\/gesundheit-fuer-alle\/\"]}]},{\"@type\":\"WebSite\",\"@id\":\"https:\/\/rauchfrei.at\/#website\",\"url\":\"https:\/\/rauchfrei.at\/\",\"name\":\"Rauchfrei Telefon\",\"description\":\"Eine \u00f6sterreichweite Initiative der Sozialversicherungen.\",\"potentialAction\":[{\"@type\":\"SearchAction\",\"target\":{\"@type\":\"EntryPoint\",\"urlTemplate\":\"https:\/\/rauchfrei.at\/?s={search_term_string}\"},\"query-input\":{\"@type\":\"PropertyValueSpecification\",\"valueRequired\":true,\"valueName\":\"search_term_string\"}}],\"inLanguage\":\"en-US\"},{\"@type\":\"Person\",\"@id\":\"https:\/\/rauchfrei.at\/#\/schema\/person\/504bbf90c5482004fc09aef6de7f9277\",\"name\":\"Rauchfrei Team\",\"image\":{\"@type\":\"ImageObject\",\"inLanguage\":\"en-US\",\"@id\":\"https:\/\/rauchfrei.at\/#\/schema\/person\/image\/\",\"url\":\"https:\/\/secure.gravatar.com\/avatar\/2115b79a00800516fa1523bb5a329611f90e73e89be559131fc7e82b4fdc95ff?s=96&d=mm&r=g\",\"contentUrl\":\"https:\/\/secure.gravatar.com\/avatar\/2115b79a00800516fa1523bb5a329611f90e73e89be559131fc7e82b4fdc95ff?s=96&d=mm&r=g\",\"caption\":\"Rauchfrei Team\"},\"url\":\"https:\/\/rauchfrei.at\/en\/author\/rauchfrei-team\/\"}]}<\/script>\n<!-- \/ Yoast SEO plugin. -->","yoast_head_json":{"title":"Gesundheit f\u00fcr Alle! - Rauchfrei Telefon","robots":{"index":"index","follow":"follow","max-snippet":"max-snippet:-1","max-image-preview":"max-image-preview:large","max-video-preview":"max-video-preview:-1"},"canonical":"https:\/\/rauchfrei.at\/gesundheit-fuer-alle\/","og_locale":"en_US","og_type":"article","og_title":"Gesundheit f\u00fcr Alle! - Rauchfrei Telefon","og_description":"Health for all! (Gesundheit f\u00fcr Alle!) Mit diesem Leitsatz feiert die Weltgesundheitsorganisation (WHO) heuer am 7.4., dem diesj\u00e4hrigen Weltgesundheitstag den 75. Jahrestag ihres Bestehens. Das Recht auf Gesundheit ist ein Menschenrecht.","og_url":"https:\/\/rauchfrei.at\/gesundheit-fuer-alle\/","og_site_name":"Rauchfrei Telefon","article_published_time":"2023-04-03T06:00:00+00:00","article_modified_time":"2023-04-11T11:38:54+00:00","author":"Rauchfrei Team","twitter_card":"summary_large_image","twitter_misc":{"Written by":"Rauchfrei Team","Est. reading time":"3 minutes"},"schema":{"@context":"https:\/\/schema.org","@graph":[{"@type":"WebPage","@id":"https:\/\/rauchfrei.at\/gesundheit-fuer-alle\/","url":"https:\/\/rauchfrei.at\/gesundheit-fuer-alle\/","name":"Gesundheit f\u00fcr Alle! - Rauchfrei Telefon","isPartOf":{"@id":"https:\/\/rauchfrei.at\/#website"},"datePublished":"2023-04-03T06:00:00+00:00","dateModified":"2023-04-11T11:38:54+00:00","author":{"@id":"https:\/\/rauchfrei.at\/#\/schema\/person\/504bbf90c5482004fc09aef6de7f9277"},"inLanguage":"en-US","potentialAction":[{"@type":"ReadAction","target":["https:\/\/rauchfrei.at\/gesundheit-fuer-alle\/"]}]},{"@type":"WebSite","@id":"https:\/\/rauchfrei.at\/#website","url":"https:\/\/rauchfrei.at\/","name":"Rauchfrei Telefon","description":"Eine \u00f6sterreichweite Initiative der Sozialversicherungen.","potentialAction":[{"@type":"SearchAction","target":{"@type":"EntryPoint","urlTemplate":"https:\/\/rauchfrei.at\/?s={search_term_string}"},"query-input":{"@type":"PropertyValueSpecification","valueRequired":true,"valueName":"search_term_string"}}],"inLanguage":"en-US"},{"@type":"Person","@id":"https:\/\/rauchfrei.at\/#\/schema\/person\/504bbf90c5482004fc09aef6de7f9277","name":"Rauchfrei Team","image":{"@type":"ImageObject","inLanguage":"en-US","@id":"https:\/\/rauchfrei.at\/#\/schema\/person\/image\/","url":"https:\/\/secure.gravatar.com\/avatar\/2115b79a00800516fa1523bb5a329611f90e73e89be559131fc7e82b4fdc95ff?s=96&d=mm&r=g","contentUrl":"https:\/\/secure.gravatar.com\/avatar\/2115b79a00800516fa1523bb5a329611f90e73e89be559131fc7e82b4fdc95ff?s=96&d=mm&r=g","caption":"Rauchfrei Team"},"url":"https:\/\/rauchfrei.at\/en\/author\/rauchfrei-team\/"}]}},"_links":{"self":[{"href":"https:\/\/rauchfrei.at\/en\/wp-json\/wp\/v2\/posts\/26578","targetHints":{"allow":["GET"]}}],"collection":[{"href":"https:\/\/rauchfrei.at\/en\/wp-json\/wp\/v2\/posts"}],"about":[{"href":"https:\/\/rauchfrei.at\/en\/wp-json\/wp\/v2\/types\/post"}],"author":[{"embeddable":true,"href":"https:\/\/rauchfrei.at\/en\/wp-json\/wp\/v2\/users\/25"}],"replies":[{"embeddable":true,"href":"https:\/\/rauchfrei.at\/en\/wp-json\/wp\/v2\/comments?post=26578"}],"version-history":[{"count":5,"href":"https:\/\/rauchfrei.at\/en\/wp-json\/wp\/v2\/posts\/26578\/revisions"}],"predecessor-version":[{"id":26692,"href":"https:\/\/rauchfrei.at\/en\/wp-json\/wp\/v2\/posts\/26578\/revisions\/26692"}],"wp:attachment":[{"href":"https:\/\/rauchfrei.at\/en\/wp-json\/wp\/v2\/media?parent=26578"}],"wp:term":[{"taxonomy":"category","embeddable":true,"href":"https:\/\/rauchfrei.at\/en\/wp-json\/wp\/v2\/categories?post=26578"},{"taxonomy":"post_tag","embeddable":true,"href":"https:\/\/rauchfrei.at\/en\/wp-json\/wp\/v2\/tags?post=26578"}],"curies":[{"name":"wp","href":"https:\/\/api.w.org\/{rel}","templated":true}]}}