
{"id":26915,"date":"2023-05-23T10:00:00","date_gmt":"2023-05-23T08:00:00","guid":{"rendered":"https:\/\/rauchfrei.at\/?p=26915"},"modified":"2023-05-12T09:08:32","modified_gmt":"2023-05-12T07:08:32","slug":"die-rauchfrei-app-bewaehrter-inhalt-neue-technologie","status":"publish","type":"post","link":"https:\/\/rauchfrei.at\/en\/die-rauchfrei-app-bewaehrter-inhalt-neue-technologie\/","title":{"rendered":"Die Rauchfrei App \u2013 bew\u00e4hrter Inhalt, neue Technologie!"},"content":{"rendered":"\n\n\n[et_pb_section fb_built=&#8221;1&#8243; module_class=&#8221;header&#8221; _builder_version=&#8221;4.16&#8243; global_colors_info=&#8221;{}&#8221; theme_builder_area=&#8221;post_content&#8221;][et_pb_row _builder_version=&#8221;4.16&#8243; global_colors_info=&#8221;{}&#8221; theme_builder_area=&#8221;post_content&#8221;][et_pb_column type=&#8221;4_4&#8243; _builder_version=&#8221;4.16&#8243; custom_padding=&#8221;|||&#8221; global_colors_info=&#8221;{}&#8221; custom_padding__hover=&#8221;|||&#8221; theme_builder_area=&#8221;post_content&#8221;][et_pb_dp_dmb_module_10001 subheadline=&#8221;Es ist so weit!&#8221; _builder_version=&#8221;4.20.4&#8243; hover_enabled=&#8221;0&#8243; global_colors_info=&#8221;{}&#8221; theme_builder_area=&#8221;post_content&#8221; sticky_enabled=&#8221;0&#8243;][\/et_pb_dp_dmb_module_10001][\/et_pb_column][\/et_pb_row][\/et_pb_section][et_pb_section fb_built=&#8221;1&#8243; _builder_version=&#8221;4.16&#8243; custom_padding=&#8221;30px|||&#8221; global_colors_info=&#8221;{}&#8221; theme_builder_area=&#8221;post_content&#8221;][et_pb_row _builder_version=&#8221;4.16&#8243; global_colors_info=&#8221;{}&#8221; column_structure=&#8221;2_3,1_3&#8243; theme_builder_area=&#8221;post_content&#8221;][et_pb_column type=&#8221;2_3&#8243; module_class=&#8221;blog-content&#8221; _builder_version=&#8221;4.16&#8243; custom_padding=&#8221;|||&#8221; global_colors_info=&#8221;{}&#8221; custom_padding__hover=&#8221;|||&#8221; theme_builder_area=&#8221;post_content&#8221;][et_pb_text _builder_version=&#8221;4.20.4&#8243; hover_enabled=&#8221;0&#8243; global_colors_info=&#8221;{}&#8221; theme_builder_area=&#8221;post_content&#8221; sticky_enabled=&#8221;0&#8243;]<p>Die Rauchfrei App ist seit 2016 verf\u00fcgbar. Nun hat sie ein technisches Update erhalten und funktioniert wieder einwandfrei und auf allen Ger\u00e4ten. Die Rauchfrei App begleitet am Weg in die Rauchfreiheit und ist verf\u00fcgbar, um den Rauchstopp vorzubereiten, die Rauchfreiheit zu beginnen und vor allem in der ersten rauchfreien Zeit zu begleiten, wenn es noch neu ist, rauch- oder nikotinfrei zu sein!<\/p>\n<p>Zum Download geht es hier. Link zu <a href=\"http:\/\/www.rauchfreiapp.at\">www.rauchfreiapp.at<\/a><\/p>\n<p>F\u00fcr Fragen stehen wir telefonisch oder unter <a href=\"mailto:info@rauchfrei.at\">info@rauchfrei.at<\/a> gerne zur Verf\u00fcgung.<\/p>[\/et_pb_text][et_pb_post_nav in_same_term=&#8221;off&#8221; _builder_version=&#8221;4.16&#8243; global_colors_info=&#8221;{}&#8221; theme_builder_area=&#8221;post_content&#8221;][\/et_pb_post_nav][\/et_pb_column][et_pb_column type=&#8221;1_3&#8243; module_class=&#8221;cat-and-tag&#8221; _builder_version=&#8221;4.16&#8243; custom_padding=&#8221;|||&#8221; global_colors_info=&#8221;{}&#8221; custom_padding__hover=&#8221;|||&#8221; theme_builder_area=&#8221;post_content&#8221;][et_pb_dp_dmb_module_10080 link_text=&#8221;Hier eingeben, in der App speichern&#8221; admin_label=&#8221;Direkteinstieg zur App&#8221; _builder_version=&#8221;4.20.4&#8243; max_width=&#8221;100%&#8221; saved_tabs=&#8221;all&#8221; global_colors_info=&#8221;{}&#8221; global_module=&#8221;13165&#8243; theme_builder_area=&#8221;post_content&#8221; link_new_tab=&#8221;on&#8221; link_url=&#8221;https:\/\/www.rauchfreiapp.at\/&#8221; hover_enabled=&#8221;0&#8243; sticky_enabled=&#8221;0&#8243;]<p><span lang=\"DE-AT\">Geben Sie Online Ihre Daten ein!<br \/><\/span><\/p>[\/et_pb_dp_dmb_module_10080][\/et_pb_column][\/et_pb_row][\/et_pb_section]\n\n\n","protected":false},"excerpt":{"rendered":"<p>Die Rauchfrei App ist seit 2016 verf\u00fcgbar, nun hat sie ein technisches Update erhalten und funktioniert wieder einwandfrei und auf allen Ger\u00e4ten.<\/p>\n","protected":false},"author":25,"featured_media":0,"comment_status":"open","ping_status":"open","sticky":false,"template":"","format":"standard","meta":{"_et_pb_use_builder":"on","_et_pb_old_content":"","_et_gb_content_width":"2880","footnotes":""},"categories":[232,234],"tags":[],"class_list":["post-26915","post","type-post","status-publish","format-standard","hentry","category-nachrichten-vom-rauchfrei-telefon","category-oesterreichweite-angebote-zur-entwoehnung"],"yoast_head":"<!-- This site is optimized with the Yoast SEO plugin v26.2 - https:\/\/yoast.com\/wordpress\/plugins\/seo\/ -->\n<title>Die Rauchfrei App \u2013 bew\u00e4hrter Inhalt, neue Technologie! - Rauchfrei Telefon<\/title>\n<meta name=\"robots\" content=\"index, follow, max-snippet:-1, max-image-preview:large, max-video-preview:-1\" \/>\n<link rel=\"canonical\" href=\"https:\/\/rauchfrei.at\/die-rauchfrei-app-bewaehrter-inhalt-neue-technologie\/\" \/>\n<meta property=\"og:locale\" content=\"en_US\" \/>\n<meta property=\"og:type\" content=\"article\" \/>\n<meta property=\"og:title\" content=\"Die Rauchfrei App \u2013 bew\u00e4hrter Inhalt, neue Technologie! - Rauchfrei Telefon\" \/>\n<meta property=\"og:description\" content=\"Die Rauchfrei App ist seit 2016 verf\u00fcgbar, nun hat sie ein technisches Update erhalten und funktioniert wieder einwandfrei und auf allen Ger\u00e4ten.\" \/>\n<meta property=\"og:url\" content=\"https:\/\/rauchfrei.at\/die-rauchfrei-app-bewaehrter-inhalt-neue-technologie\/\" \/>\n<meta property=\"og:site_name\" content=\"Rauchfrei Telefon\" \/>\n<meta property=\"article:published_time\" content=\"2023-05-23T08:00:00+00:00\" \/>\n<meta name=\"author\" content=\"Rauchfrei Team\" \/>\n<meta name=\"twitter:card\" content=\"summary_large_image\" \/>\n<meta name=\"twitter:label1\" content=\"Written by\" \/>\n\t<meta name=\"twitter:data1\" content=\"Rauchfrei Team\" \/>\n\t<meta name=\"twitter:label2\" content=\"Est. reading time\" \/>\n\t<meta name=\"twitter:data2\" content=\"1 minute\" \/>\n<script type=\"application\/ld+json\" class=\"yoast-schema-graph\">{\"@context\":\"https:\/\/schema.org\",\"@graph\":[{\"@type\":\"WebPage\",\"@id\":\"https:\/\/rauchfrei.at\/die-rauchfrei-app-bewaehrter-inhalt-neue-technologie\/\",\"url\":\"https:\/\/rauchfrei.at\/die-rauchfrei-app-bewaehrter-inhalt-neue-technologie\/\",\"name\":\"Die Rauchfrei App \u2013 bew\u00e4hrter Inhalt, neue Technologie! - Rauchfrei Telefon\",\"isPartOf\":{\"@id\":\"https:\/\/rauchfrei.at\/#website\"},\"datePublished\":\"2023-05-23T08:00:00+00:00\",\"author\":{\"@id\":\"https:\/\/rauchfrei.at\/#\/schema\/person\/504bbf90c5482004fc09aef6de7f9277\"},\"inLanguage\":\"en-US\",\"potentialAction\":[{\"@type\":\"ReadAction\",\"target\":[\"https:\/\/rauchfrei.at\/die-rauchfrei-app-bewaehrter-inhalt-neue-technologie\/\"]}]},{\"@type\":\"WebSite\",\"@id\":\"https:\/\/rauchfrei.at\/#website\",\"url\":\"https:\/\/rauchfrei.at\/\",\"name\":\"Rauchfrei Telefon\",\"description\":\"Eine \u00f6sterreichweite Initiative der Sozialversicherungen.\",\"potentialAction\":[{\"@type\":\"SearchAction\",\"target\":{\"@type\":\"EntryPoint\",\"urlTemplate\":\"https:\/\/rauchfrei.at\/?s={search_term_string}\"},\"query-input\":{\"@type\":\"PropertyValueSpecification\",\"valueRequired\":true,\"valueName\":\"search_term_string\"}}],\"inLanguage\":\"en-US\"},{\"@type\":\"Person\",\"@id\":\"https:\/\/rauchfrei.at\/#\/schema\/person\/504bbf90c5482004fc09aef6de7f9277\",\"name\":\"Rauchfrei Team\",\"image\":{\"@type\":\"ImageObject\",\"inLanguage\":\"en-US\",\"@id\":\"https:\/\/rauchfrei.at\/#\/schema\/person\/image\/\",\"url\":\"https:\/\/secure.gravatar.com\/avatar\/2115b79a00800516fa1523bb5a329611f90e73e89be559131fc7e82b4fdc95ff?s=96&d=mm&r=g\",\"contentUrl\":\"https:\/\/secure.gravatar.com\/avatar\/2115b79a00800516fa1523bb5a329611f90e73e89be559131fc7e82b4fdc95ff?s=96&d=mm&r=g\",\"caption\":\"Rauchfrei Team\"},\"url\":\"https:\/\/rauchfrei.at\/en\/author\/rauchfrei-team\/\"}]}<\/script>\n<!-- \/ Yoast SEO plugin. -->","yoast_head_json":{"title":"Die Rauchfrei App \u2013 bew\u00e4hrter Inhalt, neue Technologie! - Rauchfrei Telefon","robots":{"index":"index","follow":"follow","max-snippet":"max-snippet:-1","max-image-preview":"max-image-preview:large","max-video-preview":"max-video-preview:-1"},"canonical":"https:\/\/rauchfrei.at\/die-rauchfrei-app-bewaehrter-inhalt-neue-technologie\/","og_locale":"en_US","og_type":"article","og_title":"Die Rauchfrei App \u2013 bew\u00e4hrter Inhalt, neue Technologie! - Rauchfrei Telefon","og_description":"Die Rauchfrei App ist seit 2016 verf\u00fcgbar, nun hat sie ein technisches Update erhalten und funktioniert wieder einwandfrei und auf allen Ger\u00e4ten.","og_url":"https:\/\/rauchfrei.at\/die-rauchfrei-app-bewaehrter-inhalt-neue-technologie\/","og_site_name":"Rauchfrei Telefon","article_published_time":"2023-05-23T08:00:00+00:00","author":"Rauchfrei Team","twitter_card":"summary_large_image","twitter_misc":{"Written by":"Rauchfrei Team","Est. reading time":"1 minute"},"schema":{"@context":"https:\/\/schema.org","@graph":[{"@type":"WebPage","@id":"https:\/\/rauchfrei.at\/die-rauchfrei-app-bewaehrter-inhalt-neue-technologie\/","url":"https:\/\/rauchfrei.at\/die-rauchfrei-app-bewaehrter-inhalt-neue-technologie\/","name":"Die Rauchfrei App \u2013 bew\u00e4hrter Inhalt, neue Technologie! - Rauchfrei Telefon","isPartOf":{"@id":"https:\/\/rauchfrei.at\/#website"},"datePublished":"2023-05-23T08:00:00+00:00","author":{"@id":"https:\/\/rauchfrei.at\/#\/schema\/person\/504bbf90c5482004fc09aef6de7f9277"},"inLanguage":"en-US","potentialAction":[{"@type":"ReadAction","target":["https:\/\/rauchfrei.at\/die-rauchfrei-app-bewaehrter-inhalt-neue-technologie\/"]}]},{"@type":"WebSite","@id":"https:\/\/rauchfrei.at\/#website","url":"https:\/\/rauchfrei.at\/","name":"Rauchfrei Telefon","description":"Eine \u00f6sterreichweite Initiative der Sozialversicherungen.","potentialAction":[{"@type":"SearchAction","target":{"@type":"EntryPoint","urlTemplate":"https:\/\/rauchfrei.at\/?s={search_term_string}"},"query-input":{"@type":"PropertyValueSpecification","valueRequired":true,"valueName":"search_term_string"}}],"inLanguage":"en-US"},{"@type":"Person","@id":"https:\/\/rauchfrei.at\/#\/schema\/person\/504bbf90c5482004fc09aef6de7f9277","name":"Rauchfrei Team","image":{"@type":"ImageObject","inLanguage":"en-US","@id":"https:\/\/rauchfrei.at\/#\/schema\/person\/image\/","url":"https:\/\/secure.gravatar.com\/avatar\/2115b79a00800516fa1523bb5a329611f90e73e89be559131fc7e82b4fdc95ff?s=96&d=mm&r=g","contentUrl":"https:\/\/secure.gravatar.com\/avatar\/2115b79a00800516fa1523bb5a329611f90e73e89be559131fc7e82b4fdc95ff?s=96&d=mm&r=g","caption":"Rauchfrei Team"},"url":"https:\/\/rauchfrei.at\/en\/author\/rauchfrei-team\/"}]}},"_links":{"self":[{"href":"https:\/\/rauchfrei.at\/en\/wp-json\/wp\/v2\/posts\/26915","targetHints":{"allow":["GET"]}}],"collection":[{"href":"https:\/\/rauchfrei.at\/en\/wp-json\/wp\/v2\/posts"}],"about":[{"href":"https:\/\/rauchfrei.at\/en\/wp-json\/wp\/v2\/types\/post"}],"author":[{"embeddable":true,"href":"https:\/\/rauchfrei.at\/en\/wp-json\/wp\/v2\/users\/25"}],"replies":[{"embeddable":true,"href":"https:\/\/rauchfrei.at\/en\/wp-json\/wp\/v2\/comments?post=26915"}],"version-history":[{"count":6,"href":"https:\/\/rauchfrei.at\/en\/wp-json\/wp\/v2\/posts\/26915\/revisions"}],"predecessor-version":[{"id":26927,"href":"https:\/\/rauchfrei.at\/en\/wp-json\/wp\/v2\/posts\/26915\/revisions\/26927"}],"wp:attachment":[{"href":"https:\/\/rauchfrei.at\/en\/wp-json\/wp\/v2\/media?parent=26915"}],"wp:term":[{"taxonomy":"category","embeddable":true,"href":"https:\/\/rauchfrei.at\/en\/wp-json\/wp\/v2\/categories?post=26915"},{"taxonomy":"post_tag","embeddable":true,"href":"https:\/\/rauchfrei.at\/en\/wp-json\/wp\/v2\/tags?post=26915"}],"curies":[{"name":"wp","href":"https:\/\/api.w.org\/{rel}","templated":true}]}}