
{"id":26971,"date":"2023-05-03T08:44:49","date_gmt":"2023-05-03T06:44:49","guid":{"rendered":"https:\/\/rauchfrei.at\/?p=26971"},"modified":"2023-05-03T08:44:50","modified_gmt":"2023-05-03T06:44:50","slug":"der-jahresbericht-2022","status":"publish","type":"post","link":"https:\/\/rauchfrei.at\/en\/der-jahresbericht-2022\/","title":{"rendered":"Der Jahresbericht 2022"},"content":{"rendered":"\n[et_pb_section fb_built=&#8221;1&#8243; module_class=&#8221;header&#8221; _builder_version=&#8221;4.16&#8243; global_colors_info=&#8221;{}&#8221; theme_builder_area=&#8221;post_content&#8221;][et_pb_row _builder_version=&#8221;4.16&#8243; global_colors_info=&#8221;{}&#8221; theme_builder_area=&#8221;post_content&#8221;][et_pb_column type=&#8221;4_4&#8243; _builder_version=&#8221;4.16&#8243; custom_padding=&#8221;|||&#8221; global_colors_info=&#8221;{}&#8221; custom_padding__hover=&#8221;|||&#8221; theme_builder_area=&#8221;post_content&#8221;][et_pb_dp_dmb_module_10001 subheadline=&#8221;Einblicke in unsere t\u00e4gliche Arbeit und Dank an unsere Partner!&#8221; _builder_version=&#8221;4.20.4&#8243; hover_enabled=&#8221;0&#8243; global_colors_info=&#8221;{}&#8221; theme_builder_area=&#8221;post_content&#8221; sticky_enabled=&#8221;0&#8243;][\/et_pb_dp_dmb_module_10001][\/et_pb_column][\/et_pb_row][\/et_pb_section][et_pb_section fb_built=&#8221;1&#8243; _builder_version=&#8221;4.16&#8243; custom_padding=&#8221;30px|||&#8221; global_colors_info=&#8221;{}&#8221; theme_builder_area=&#8221;post_content&#8221;][et_pb_row _builder_version=&#8221;4.16&#8243; global_colors_info=&#8221;{}&#8221; column_structure=&#8221;2_3,1_3&#8243; theme_builder_area=&#8221;post_content&#8221;][et_pb_column type=&#8221;2_3&#8243; module_class=&#8221;blog-content&#8221; _builder_version=&#8221;4.16&#8243; custom_padding=&#8221;|||&#8221; global_colors_info=&#8221;{}&#8221; custom_padding__hover=&#8221;|||&#8221; theme_builder_area=&#8221;post_content&#8221;][et_pb_image _builder_version=&#8221;4.20.4&#8243; _module_preset=&#8221;default&#8221; theme_builder_area=&#8221;post_content&#8221; title_text=&#8221;Jahresbericht 2022&#8243; src=&#8221;https:\/\/rauchfrei.at\/wp-content\/uploads\/Jahresbericht-2022.png&#8221; hover_enabled=&#8221;0&#8243; sticky_enabled=&#8221;0&#8243;][\/et_pb_image][et_pb_text _builder_version=&#8221;4.20.4&#8243; hover_enabled=&#8221;0&#8243; global_colors_info=&#8221;{}&#8221; theme_builder_area=&#8221;post_content&#8221; sticky_enabled=&#8221;0&#8243;]<p>Neben der Beratung rund ums Thema Rauchen, Nikotinkonsum und -abh\u00e4ngigkeit deckt das Rauchfrei Telefon mit den unterschiedlichen Kan\u00e4len eine gro\u00dfe Bandbreite zur Informationsvermittlung in \u00d6sterreich ab. \u00a015 Partner finanzieren gemeinsam diese \u00f6sterreichweite Beratungsstelle, die \u00d6GK betreibt das Rauchfrei Telefon.<\/p>\n<p>Der <a href=\"https:\/\/rauchfrei.at\/wp-content\/uploads\/2022_Jahresbericht-RFT-web.pdf\" target=\"_blank\" rel=\"noopener\">Jahresbericht<\/a> des Rauchfrei Telefons gibt Einblick in die Arbeit des vergangenen Jahres. Neue Themen, wie die Abh\u00e4ngigkeit von den Nikotinbeuteln (von Jugendlichen und Erwachsenen) und diverse negative Konsequenzen der Nutzung, kamen 2022 zur \u201eklassischen\u201c Tabakentw\u00f6hnung, der Beratung von Personen, die rauchen, vermehrt dazu.\u00a0<\/p>\n<p>Gespr\u00e4chsbeispiele, Nutzungszahlen und Information zu neuen Materialien finden Sie <strong><a href=\"https:\/\/rauchfrei.at\/wp-content\/uploads\/2022_Jahresbericht-RFT-web.pdf\" target=\"_blank\" rel=\"noopener\">hier:<\/a><\/strong><\/p>\n<p><a href=\"https:\/\/rauchfrei.at\/wp-content\/uploads\/2022_Jahresbericht-RFT-web.pdf\" target=\"_blank\" rel=\"noopener\"><strong><img loading=\"lazy\" decoding=\"async\" src=\"https:\/\/rauchfrei.at\/wp-content\/uploads\/Jahresbericht-2022-225x160.png\" alt=\"\" class=\"wp-image-26944 alignnone size-medium\" width=\"225\" height=\"160\" \/><\/strong><\/a><\/p>[\/et_pb_text][et_pb_post_nav in_same_term=&#8221;off&#8221; _builder_version=&#8221;4.20.4&#8243; hover_enabled=&#8221;0&#8243; global_colors_info=&#8221;{}&#8221; theme_builder_area=&#8221;post_content&#8221; sticky_enabled=&#8221;0&#8243;][\/et_pb_post_nav][\/et_pb_column][et_pb_column type=&#8221;1_3&#8243; module_class=&#8221;cat-and-tag&#8221; _builder_version=&#8221;4.16&#8243; custom_padding=&#8221;|||&#8221; global_colors_info=&#8221;{}&#8221; custom_padding__hover=&#8221;|||&#8221; theme_builder_area=&#8221;post_content&#8221;][et_pb_dp_dmb_module_10093 farbe=&#8221;blitzblau&#8221; headline=&#8221;Tabak- und Nikotinprodukte&#8221; image=&#8221;https:\/\/rauchfrei.at\/wp-content\/uploads\/Dampfmaedel_RGB_RZ.png&#8221; image_position=&#8221;center&#8221; link_text=&#8221;mehr Informationen&#8221; link_url=&#8221;https:\/\/rauchfrei.at\/fakten\/andere-tabakprodukte\/&#8221; admin_label=&#8221;Tabak- und Nikotinprodukte&#8221; _builder_version=&#8221;4.20.4&#8243; _module_preset=&#8221;default&#8221; saved_tabs=&#8221;all&#8221; global_colors_info=&#8221;{}&#8221; global_module=&#8221;26833&#8243; theme_builder_area=&#8221;post_content&#8221;]<p>Was ist wo drin?<\/p>\n[\/et_pb_dp_dmb_module_10093][\/et_pb_column][\/et_pb_row][\/et_pb_section]\n","protected":false},"excerpt":{"rendered":"<p>Das Team des Rauchfrei Telefons f\u00fchrte 2022 rund 4.700 Informations- und Beratungsgespr\u00e4che rund ums Thema Tabak und Nikotin, versandte Brosch\u00fcren, schrieb Blogbeitr\u00e4ge, erstellte neue Materialien und informierte Gesundheitsprofis. Wir danken allen 15 kooperierenden Partner f\u00fcr die gute Zusammenarbeit im vergangenen Jahr. Im Jahresbericht 2022 k\u00f6nnen Sie einen Einblick in unsere vielf\u00e4ltigen Angebote zur Hilfe am Weg in die Nikotinfreiheit nehmen. <\/p>\n","protected":false},"author":25,"featured_media":0,"comment_status":"open","ping_status":"open","sticky":false,"template":"","format":"standard","meta":{"_et_pb_use_builder":"on","_et_pb_old_content":"","_et_gb_content_width":"2880","footnotes":""},"categories":[232],"tags":[],"class_list":["post-26971","post","type-post","status-publish","format-standard","hentry","category-nachrichten-vom-rauchfrei-telefon"],"yoast_head":"<!-- This site is optimized with the Yoast SEO plugin v26.2 - https:\/\/yoast.com\/wordpress\/plugins\/seo\/ -->\n<title>Der Jahresbericht 2022 - Rauchfrei Telefon<\/title>\n<meta name=\"robots\" content=\"index, follow, max-snippet:-1, max-image-preview:large, max-video-preview:-1\" \/>\n<link rel=\"canonical\" href=\"https:\/\/rauchfrei.at\/der-jahresbericht-2022\/\" \/>\n<meta property=\"og:locale\" content=\"en_US\" \/>\n<meta property=\"og:type\" content=\"article\" \/>\n<meta property=\"og:title\" content=\"Der Jahresbericht 2022 - Rauchfrei Telefon\" \/>\n<meta property=\"og:description\" content=\"Das Team des Rauchfrei Telefons f\u00fchrte 2022 rund 4.700 Informations- und Beratungsgespr\u00e4che rund ums Thema Tabak und Nikotin, versandte Brosch\u00fcren, schrieb Blogbeitr\u00e4ge, erstellte neue Materialien und informierte Gesundheitsprofis. Wir danken allen 15 kooperierenden Partner f\u00fcr die gute Zusammenarbeit im vergangenen Jahr. Im Jahresbericht 2022 k\u00f6nnen Sie einen Einblick in unsere vielf\u00e4ltigen Angebote zur Hilfe am Weg in die Nikotinfreiheit nehmen.\" \/>\n<meta property=\"og:url\" content=\"https:\/\/rauchfrei.at\/der-jahresbericht-2022\/\" \/>\n<meta property=\"og:site_name\" content=\"Rauchfrei Telefon\" \/>\n<meta property=\"article:published_time\" content=\"2023-05-03T06:44:49+00:00\" \/>\n<meta property=\"article:modified_time\" content=\"2023-05-03T06:44:50+00:00\" \/>\n<meta property=\"og:image\" content=\"https:\/\/rauchfrei.at\/wp-content\/uploads\/Jahresbericht-2022-225x160.png\" \/>\n<meta name=\"author\" content=\"Rauchfrei Team\" \/>\n<meta name=\"twitter:card\" content=\"summary_large_image\" \/>\n<meta name=\"twitter:label1\" content=\"Written by\" \/>\n\t<meta name=\"twitter:data1\" content=\"Rauchfrei Team\" \/>\n\t<meta name=\"twitter:label2\" content=\"Est. reading time\" \/>\n\t<meta name=\"twitter:data2\" content=\"2 minutes\" \/>\n<script type=\"application\/ld+json\" class=\"yoast-schema-graph\">{\"@context\":\"https:\/\/schema.org\",\"@graph\":[{\"@type\":\"WebPage\",\"@id\":\"https:\/\/rauchfrei.at\/der-jahresbericht-2022\/\",\"url\":\"https:\/\/rauchfrei.at\/der-jahresbericht-2022\/\",\"name\":\"Der Jahresbericht 2022 - Rauchfrei Telefon\",\"isPartOf\":{\"@id\":\"https:\/\/rauchfrei.at\/#website\"},\"primaryImageOfPage\":{\"@id\":\"https:\/\/rauchfrei.at\/der-jahresbericht-2022\/#primaryimage\"},\"image\":{\"@id\":\"https:\/\/rauchfrei.at\/der-jahresbericht-2022\/#primaryimage\"},\"thumbnailUrl\":\"https:\/\/rauchfrei.at\/wp-content\/uploads\/Jahresbericht-2022-225x160.png\",\"datePublished\":\"2023-05-03T06:44:49+00:00\",\"dateModified\":\"2023-05-03T06:44:50+00:00\",\"author\":{\"@id\":\"https:\/\/rauchfrei.at\/#\/schema\/person\/504bbf90c5482004fc09aef6de7f9277\"},\"inLanguage\":\"en-US\",\"potentialAction\":[{\"@type\":\"ReadAction\",\"target\":[\"https:\/\/rauchfrei.at\/der-jahresbericht-2022\/\"]}]},{\"@type\":\"ImageObject\",\"inLanguage\":\"en-US\",\"@id\":\"https:\/\/rauchfrei.at\/der-jahresbericht-2022\/#primaryimage\",\"url\":\"https:\/\/rauchfrei.at\/wp-content\/uploads\/Jahresbericht-2022-225x160.png\",\"contentUrl\":\"https:\/\/rauchfrei.at\/wp-content\/uploads\/Jahresbericht-2022-225x160.png\"},{\"@type\":\"WebSite\",\"@id\":\"https:\/\/rauchfrei.at\/#website\",\"url\":\"https:\/\/rauchfrei.at\/\",\"name\":\"Rauchfrei Telefon\",\"description\":\"Eine \u00f6sterreichweite Initiative der Sozialversicherungen.\",\"potentialAction\":[{\"@type\":\"SearchAction\",\"target\":{\"@type\":\"EntryPoint\",\"urlTemplate\":\"https:\/\/rauchfrei.at\/?s={search_term_string}\"},\"query-input\":{\"@type\":\"PropertyValueSpecification\",\"valueRequired\":true,\"valueName\":\"search_term_string\"}}],\"inLanguage\":\"en-US\"},{\"@type\":\"Person\",\"@id\":\"https:\/\/rauchfrei.at\/#\/schema\/person\/504bbf90c5482004fc09aef6de7f9277\",\"name\":\"Rauchfrei Team\",\"image\":{\"@type\":\"ImageObject\",\"inLanguage\":\"en-US\",\"@id\":\"https:\/\/rauchfrei.at\/#\/schema\/person\/image\/\",\"url\":\"https:\/\/secure.gravatar.com\/avatar\/2115b79a00800516fa1523bb5a329611f90e73e89be559131fc7e82b4fdc95ff?s=96&d=mm&r=g\",\"contentUrl\":\"https:\/\/secure.gravatar.com\/avatar\/2115b79a00800516fa1523bb5a329611f90e73e89be559131fc7e82b4fdc95ff?s=96&d=mm&r=g\",\"caption\":\"Rauchfrei Team\"},\"url\":\"https:\/\/rauchfrei.at\/en\/author\/rauchfrei-team\/\"}]}<\/script>\n<!-- \/ Yoast SEO plugin. -->","yoast_head_json":{"title":"Der Jahresbericht 2022 - Rauchfrei Telefon","robots":{"index":"index","follow":"follow","max-snippet":"max-snippet:-1","max-image-preview":"max-image-preview:large","max-video-preview":"max-video-preview:-1"},"canonical":"https:\/\/rauchfrei.at\/der-jahresbericht-2022\/","og_locale":"en_US","og_type":"article","og_title":"Der Jahresbericht 2022 - Rauchfrei Telefon","og_description":"Das Team des Rauchfrei Telefons f\u00fchrte 2022 rund 4.700 Informations- und Beratungsgespr\u00e4che rund ums Thema Tabak und Nikotin, versandte Brosch\u00fcren, schrieb Blogbeitr\u00e4ge, erstellte neue Materialien und informierte Gesundheitsprofis. Wir danken allen 15 kooperierenden Partner f\u00fcr die gute Zusammenarbeit im vergangenen Jahr. Im Jahresbericht 2022 k\u00f6nnen Sie einen Einblick in unsere vielf\u00e4ltigen Angebote zur Hilfe am Weg in die Nikotinfreiheit nehmen.","og_url":"https:\/\/rauchfrei.at\/der-jahresbericht-2022\/","og_site_name":"Rauchfrei Telefon","article_published_time":"2023-05-03T06:44:49+00:00","article_modified_time":"2023-05-03T06:44:50+00:00","og_image":[{"url":"https:\/\/rauchfrei.at\/wp-content\/uploads\/Jahresbericht-2022-225x160.png","type":"","width":"","height":""}],"author":"Rauchfrei Team","twitter_card":"summary_large_image","twitter_misc":{"Written by":"Rauchfrei Team","Est. reading time":"2 minutes"},"schema":{"@context":"https:\/\/schema.org","@graph":[{"@type":"WebPage","@id":"https:\/\/rauchfrei.at\/der-jahresbericht-2022\/","url":"https:\/\/rauchfrei.at\/der-jahresbericht-2022\/","name":"Der Jahresbericht 2022 - Rauchfrei Telefon","isPartOf":{"@id":"https:\/\/rauchfrei.at\/#website"},"primaryImageOfPage":{"@id":"https:\/\/rauchfrei.at\/der-jahresbericht-2022\/#primaryimage"},"image":{"@id":"https:\/\/rauchfrei.at\/der-jahresbericht-2022\/#primaryimage"},"thumbnailUrl":"https:\/\/rauchfrei.at\/wp-content\/uploads\/Jahresbericht-2022-225x160.png","datePublished":"2023-05-03T06:44:49+00:00","dateModified":"2023-05-03T06:44:50+00:00","author":{"@id":"https:\/\/rauchfrei.at\/#\/schema\/person\/504bbf90c5482004fc09aef6de7f9277"},"inLanguage":"en-US","potentialAction":[{"@type":"ReadAction","target":["https:\/\/rauchfrei.at\/der-jahresbericht-2022\/"]}]},{"@type":"ImageObject","inLanguage":"en-US","@id":"https:\/\/rauchfrei.at\/der-jahresbericht-2022\/#primaryimage","url":"https:\/\/rauchfrei.at\/wp-content\/uploads\/Jahresbericht-2022-225x160.png","contentUrl":"https:\/\/rauchfrei.at\/wp-content\/uploads\/Jahresbericht-2022-225x160.png"},{"@type":"WebSite","@id":"https:\/\/rauchfrei.at\/#website","url":"https:\/\/rauchfrei.at\/","name":"Rauchfrei Telefon","description":"Eine \u00f6sterreichweite Initiative der Sozialversicherungen.","potentialAction":[{"@type":"SearchAction","target":{"@type":"EntryPoint","urlTemplate":"https:\/\/rauchfrei.at\/?s={search_term_string}"},"query-input":{"@type":"PropertyValueSpecification","valueRequired":true,"valueName":"search_term_string"}}],"inLanguage":"en-US"},{"@type":"Person","@id":"https:\/\/rauchfrei.at\/#\/schema\/person\/504bbf90c5482004fc09aef6de7f9277","name":"Rauchfrei Team","image":{"@type":"ImageObject","inLanguage":"en-US","@id":"https:\/\/rauchfrei.at\/#\/schema\/person\/image\/","url":"https:\/\/secure.gravatar.com\/avatar\/2115b79a00800516fa1523bb5a329611f90e73e89be559131fc7e82b4fdc95ff?s=96&d=mm&r=g","contentUrl":"https:\/\/secure.gravatar.com\/avatar\/2115b79a00800516fa1523bb5a329611f90e73e89be559131fc7e82b4fdc95ff?s=96&d=mm&r=g","caption":"Rauchfrei Team"},"url":"https:\/\/rauchfrei.at\/en\/author\/rauchfrei-team\/"}]}},"_links":{"self":[{"href":"https:\/\/rauchfrei.at\/en\/wp-json\/wp\/v2\/posts\/26971","targetHints":{"allow":["GET"]}}],"collection":[{"href":"https:\/\/rauchfrei.at\/en\/wp-json\/wp\/v2\/posts"}],"about":[{"href":"https:\/\/rauchfrei.at\/en\/wp-json\/wp\/v2\/types\/post"}],"author":[{"embeddable":true,"href":"https:\/\/rauchfrei.at\/en\/wp-json\/wp\/v2\/users\/25"}],"replies":[{"embeddable":true,"href":"https:\/\/rauchfrei.at\/en\/wp-json\/wp\/v2\/comments?post=26971"}],"version-history":[{"count":5,"href":"https:\/\/rauchfrei.at\/en\/wp-json\/wp\/v2\/posts\/26971\/revisions"}],"predecessor-version":[{"id":26977,"href":"https:\/\/rauchfrei.at\/en\/wp-json\/wp\/v2\/posts\/26971\/revisions\/26977"}],"wp:attachment":[{"href":"https:\/\/rauchfrei.at\/en\/wp-json\/wp\/v2\/media?parent=26971"}],"wp:term":[{"taxonomy":"category","embeddable":true,"href":"https:\/\/rauchfrei.at\/en\/wp-json\/wp\/v2\/categories?post=26971"},{"taxonomy":"post_tag","embeddable":true,"href":"https:\/\/rauchfrei.at\/en\/wp-json\/wp\/v2\/tags?post=26971"}],"curies":[{"name":"wp","href":"https:\/\/api.w.org\/{rel}","templated":true}]}}