
{"id":26990,"date":"2023-05-08T08:00:00","date_gmt":"2023-05-08T06:00:00","guid":{"rendered":"https:\/\/rauchfrei.at\/?p=26990"},"modified":"2023-05-05T16:57:04","modified_gmt":"2023-05-05T14:57:04","slug":"wie-viel-ist-zu-viel","status":"publish","type":"post","link":"https:\/\/rauchfrei.at\/en\/wie-viel-ist-zu-viel\/","title":{"rendered":"Wie viel ist zu viel?"},"content":{"rendered":"\n[et_pb_section fb_built=&#8221;1&#8243; module_class=&#8221;header&#8221; _builder_version=&#8221;4.16&#8243; global_colors_info=&#8221;{}&#8221;][et_pb_row _builder_version=&#8221;4.16&#8243; global_colors_info=&#8221;{}&#8221;][et_pb_column type=&#8221;4_4&#8243; _builder_version=&#8221;4.16&#8243; custom_padding=&#8221;|||&#8221; global_colors_info=&#8221;{}&#8221; custom_padding__hover=&#8221;|||&#8221;][et_pb_dp_dmb_module_10001 subheadline=&#8221;Raus aus der Suchtfalle&#8221; _builder_version=&#8221;4.20.4&#8243; global_colors_info=&#8221;{}&#8221;][\/et_pb_dp_dmb_module_10001][\/et_pb_column][\/et_pb_row][\/et_pb_section][et_pb_section fb_built=&#8221;1&#8243; _builder_version=&#8221;4.16&#8243; custom_padding=&#8221;30px|||&#8221; global_colors_info=&#8221;{}&#8221;][et_pb_row column_structure=&#8221;2_3,1_3&#8243; _builder_version=&#8221;4.16&#8243; global_colors_info=&#8221;{}&#8221;][et_pb_column type=&#8221;2_3&#8243; module_class=&#8221;blog-content&#8221; _builder_version=&#8221;4.16&#8243; custom_padding=&#8221;|||&#8221; global_colors_info=&#8221;{}&#8221; custom_padding__hover=&#8221;|||&#8221;][et_pb_text _builder_version=&#8221;4.20.4&#8243; global_colors_info=&#8221;{}&#8221;]<p>In \u00d6sterreich ist der Konsum von Alkohol und Tabak immer noch Bestandteil unseres gesellschaftlichen und kulturellen Lebens. Neben Alltagssituationen und feierlichen Anl\u00e4ssen wird auch in Krisenzeiten h\u00e4ufig zu Alkohol und Tabak gegriffen.<\/p>\n<p>Wer Alkohol trinkt, raucht oft automatisch mehr. Wer kennt das Ph\u00e4nomen nicht? Die Zigarette steigert bei vielen Raucherinnen und Rauchern das Verlangen, Alkohol zu trinken, und umgekehrt. Das birgt ein hohes gesundheitliches Risiko.<\/p>\n<p>Die <strong>\u00d6sterreichische Dialogwoche Alkohol\u00a0 <\/strong>bietet nun von <strong>8. bis 14. Mai 2023<\/strong> wieder Gelegenheit, sich zum Thema Alkohol zu informieren und den eigenen Konsum in Alltags- und Krisensituationen zu \u00fcberdenken. Auf <a href=\"http:\/\/www.dialogwoche-alkohol.at\"><strong>www.dialogwoche-alkohol.at<\/strong><\/a> stehen ein Quiz, Wissenswertes, Selbsteinsch\u00e4tzungstests sowie Informationen zu Angeboten und Veranstaltungen bereit.<\/p>\n<p>Erwachsene, die ihr Trinkverhalten in den Griff bekommen m\u00f6chten, finden unter <a href=\"http:\/\/www.alkcoach.at\"><strong>www.alkcoach.at<\/strong><\/a> ein kostenloses und anonymes Online-Angebot zur Selbsthilfe. Das Programm macht das eigene Konsumverhalten bewusster, erm\u00f6glicht Ver\u00e4nderungen und zeigt individuelle Alternativen zum Alkohol auf.<\/p>\n<p>F\u00fcr die Unterst\u00fctzung bei \u00c4nderung des Nikotinkonsums, gibt es mit Rauchfrei Telefon und Rauchfrei App bew\u00e4hrte kostenlose Beratungsangebote.<\/p>\n<p>Raus aus der Nikotinfalle und weg vom Alkohol &#8211; Wie es klappen kann, lesen Sie hier:<\/p>\n<p><strong>Erfahrungsbericht einer Anruferin:<\/strong><\/p>\n<p><a href=\"https:\/\/rauchfrei.at\/vom-teufelskreis-aus-nikotin-und-alkohol-in-die-freiheit\/\">https:\/\/rauchfrei.at\/vom-teufelskreis-aus-nikotin-und-alkohol-in-die-freiheit\/<\/a><\/p>[\/et_pb_text][et_pb_post_nav in_same_term=&#8221;off&#8221; _builder_version=&#8221;4.16&#8243; global_colors_info=&#8221;{}&#8221;][\/et_pb_post_nav][\/et_pb_column][et_pb_column type=&#8221;1_3&#8243; module_class=&#8221;cat-and-tag&#8221; _builder_version=&#8221;4.16&#8243; custom_padding=&#8221;|||&#8221; global_colors_info=&#8221;{}&#8221; custom_padding__hover=&#8221;|||&#8221;][et_pb_sidebar area=&#8221;et_pb_widget_area_1&#8243; _builder_version=&#8221;4.16&#8243; global_colors_info=&#8221;{}&#8221;][\/et_pb_sidebar][et_pb_dp_dmb_module_10093 farbe=&#8221;blitzblau&#8221; headline=&#8221;Tabak- und Nikotinprodukte&#8221; image=&#8221;https:\/\/rauchfrei.at\/wp-content\/uploads\/Dampfmaedel_RGB_RZ.png&#8221; image_position=&#8221;center&#8221; link_text=&#8221;mehr Informationen&#8221; link_url=&#8221;https:\/\/rauchfrei.at\/fakten\/andere-tabakprodukte\/&#8221; admin_label=&#8221;Tabak- und Nikotinprodukte&#8221; _builder_version=&#8221;4.20.4&#8243; _module_preset=&#8221;default&#8221; global_module=&#8221;26833&#8243; saved_tabs=&#8221;all&#8221; global_colors_info=&#8221;{}&#8221;]<p>Was ist wo drin?<\/p>\n[\/et_pb_dp_dmb_module_10093][\/et_pb_column][\/et_pb_row][\/et_pb_section]\n","protected":false},"excerpt":{"rendered":"<p>Neben Zigaretten geh\u00f6ren das Glas Wein zum Essen oder das Feierabendbier f\u00fcr viele zum Alltag. Alkohol und Tabak sind der h\u00e4ufigste Mischkonsum. Diese Kombination birgt ein hohes gesundheitliches Risiko, denn nahezu jedes Organ wird dadurch gesch\u00e4digt. Wie werde ich suchtfrei?<\/p>\n","protected":false},"author":25,"featured_media":0,"comment_status":"open","ping_status":"open","sticky":false,"template":"","format":"standard","meta":{"_et_pb_use_builder":"on","_et_pb_old_content":"","_et_gb_content_width":"2880","footnotes":""},"categories":[233],"tags":[],"class_list":["post-26990","post","type-post","status-publish","format-standard","hentry","category-unterstuetzung-beim-rauchstopp"],"yoast_head":"<!-- This site is optimized with the Yoast SEO plugin v26.2 - https:\/\/yoast.com\/wordpress\/plugins\/seo\/ -->\n<title>Wie viel ist zu viel? - Rauchfrei Telefon<\/title>\n<meta name=\"robots\" content=\"index, follow, max-snippet:-1, max-image-preview:large, max-video-preview:-1\" \/>\n<link rel=\"canonical\" href=\"https:\/\/rauchfrei.at\/wie-viel-ist-zu-viel\/\" \/>\n<meta property=\"og:locale\" content=\"en_US\" \/>\n<meta property=\"og:type\" content=\"article\" \/>\n<meta property=\"og:title\" content=\"Wie viel ist zu viel? - Rauchfrei Telefon\" \/>\n<meta property=\"og:description\" content=\"Neben Zigaretten geh\u00f6ren das Glas Wein zum Essen oder das Feierabendbier f\u00fcr viele zum Alltag. Alkohol und Tabak sind der h\u00e4ufigste Mischkonsum. Diese Kombination birgt ein hohes gesundheitliches Risiko, denn nahezu jedes Organ wird dadurch gesch\u00e4digt. Wie werde ich suchtfrei?\" \/>\n<meta property=\"og:url\" content=\"https:\/\/rauchfrei.at\/wie-viel-ist-zu-viel\/\" \/>\n<meta property=\"og:site_name\" content=\"Rauchfrei Telefon\" \/>\n<meta property=\"article:published_time\" content=\"2023-05-08T06:00:00+00:00\" \/>\n<meta name=\"author\" content=\"Rauchfrei Team\" \/>\n<meta name=\"twitter:card\" content=\"summary_large_image\" \/>\n<meta name=\"twitter:label1\" content=\"Written by\" \/>\n\t<meta name=\"twitter:data1\" content=\"Rauchfrei Team\" \/>\n<script type=\"application\/ld+json\" class=\"yoast-schema-graph\">{\"@context\":\"https:\/\/schema.org\",\"@graph\":[{\"@type\":\"WebPage\",\"@id\":\"https:\/\/rauchfrei.at\/wie-viel-ist-zu-viel\/\",\"url\":\"https:\/\/rauchfrei.at\/wie-viel-ist-zu-viel\/\",\"name\":\"Wie viel ist zu viel? - Rauchfrei Telefon\",\"isPartOf\":{\"@id\":\"https:\/\/rauchfrei.at\/#website\"},\"datePublished\":\"2023-05-08T06:00:00+00:00\",\"author\":{\"@id\":\"https:\/\/rauchfrei.at\/#\/schema\/person\/504bbf90c5482004fc09aef6de7f9277\"},\"inLanguage\":\"en-US\",\"potentialAction\":[{\"@type\":\"ReadAction\",\"target\":[\"https:\/\/rauchfrei.at\/wie-viel-ist-zu-viel\/\"]}]},{\"@type\":\"WebSite\",\"@id\":\"https:\/\/rauchfrei.at\/#website\",\"url\":\"https:\/\/rauchfrei.at\/\",\"name\":\"Rauchfrei Telefon\",\"description\":\"Eine \u00f6sterreichweite Initiative der Sozialversicherungen.\",\"potentialAction\":[{\"@type\":\"SearchAction\",\"target\":{\"@type\":\"EntryPoint\",\"urlTemplate\":\"https:\/\/rauchfrei.at\/?s={search_term_string}\"},\"query-input\":{\"@type\":\"PropertyValueSpecification\",\"valueRequired\":true,\"valueName\":\"search_term_string\"}}],\"inLanguage\":\"en-US\"},{\"@type\":\"Person\",\"@id\":\"https:\/\/rauchfrei.at\/#\/schema\/person\/504bbf90c5482004fc09aef6de7f9277\",\"name\":\"Rauchfrei Team\",\"image\":{\"@type\":\"ImageObject\",\"inLanguage\":\"en-US\",\"@id\":\"https:\/\/rauchfrei.at\/#\/schema\/person\/image\/\",\"url\":\"https:\/\/secure.gravatar.com\/avatar\/2115b79a00800516fa1523bb5a329611f90e73e89be559131fc7e82b4fdc95ff?s=96&d=mm&r=g\",\"contentUrl\":\"https:\/\/secure.gravatar.com\/avatar\/2115b79a00800516fa1523bb5a329611f90e73e89be559131fc7e82b4fdc95ff?s=96&d=mm&r=g\",\"caption\":\"Rauchfrei Team\"},\"url\":\"https:\/\/rauchfrei.at\/en\/author\/rauchfrei-team\/\"}]}<\/script>\n<!-- \/ Yoast SEO plugin. -->","yoast_head_json":{"title":"Wie viel ist zu viel? - Rauchfrei Telefon","robots":{"index":"index","follow":"follow","max-snippet":"max-snippet:-1","max-image-preview":"max-image-preview:large","max-video-preview":"max-video-preview:-1"},"canonical":"https:\/\/rauchfrei.at\/wie-viel-ist-zu-viel\/","og_locale":"en_US","og_type":"article","og_title":"Wie viel ist zu viel? - Rauchfrei Telefon","og_description":"Neben Zigaretten geh\u00f6ren das Glas Wein zum Essen oder das Feierabendbier f\u00fcr viele zum Alltag. Alkohol und Tabak sind der h\u00e4ufigste Mischkonsum. Diese Kombination birgt ein hohes gesundheitliches Risiko, denn nahezu jedes Organ wird dadurch gesch\u00e4digt. Wie werde ich suchtfrei?","og_url":"https:\/\/rauchfrei.at\/wie-viel-ist-zu-viel\/","og_site_name":"Rauchfrei Telefon","article_published_time":"2023-05-08T06:00:00+00:00","author":"Rauchfrei Team","twitter_card":"summary_large_image","twitter_misc":{"Written by":"Rauchfrei Team"},"schema":{"@context":"https:\/\/schema.org","@graph":[{"@type":"WebPage","@id":"https:\/\/rauchfrei.at\/wie-viel-ist-zu-viel\/","url":"https:\/\/rauchfrei.at\/wie-viel-ist-zu-viel\/","name":"Wie viel ist zu viel? - Rauchfrei Telefon","isPartOf":{"@id":"https:\/\/rauchfrei.at\/#website"},"datePublished":"2023-05-08T06:00:00+00:00","author":{"@id":"https:\/\/rauchfrei.at\/#\/schema\/person\/504bbf90c5482004fc09aef6de7f9277"},"inLanguage":"en-US","potentialAction":[{"@type":"ReadAction","target":["https:\/\/rauchfrei.at\/wie-viel-ist-zu-viel\/"]}]},{"@type":"WebSite","@id":"https:\/\/rauchfrei.at\/#website","url":"https:\/\/rauchfrei.at\/","name":"Rauchfrei Telefon","description":"Eine \u00f6sterreichweite Initiative der Sozialversicherungen.","potentialAction":[{"@type":"SearchAction","target":{"@type":"EntryPoint","urlTemplate":"https:\/\/rauchfrei.at\/?s={search_term_string}"},"query-input":{"@type":"PropertyValueSpecification","valueRequired":true,"valueName":"search_term_string"}}],"inLanguage":"en-US"},{"@type":"Person","@id":"https:\/\/rauchfrei.at\/#\/schema\/person\/504bbf90c5482004fc09aef6de7f9277","name":"Rauchfrei Team","image":{"@type":"ImageObject","inLanguage":"en-US","@id":"https:\/\/rauchfrei.at\/#\/schema\/person\/image\/","url":"https:\/\/secure.gravatar.com\/avatar\/2115b79a00800516fa1523bb5a329611f90e73e89be559131fc7e82b4fdc95ff?s=96&d=mm&r=g","contentUrl":"https:\/\/secure.gravatar.com\/avatar\/2115b79a00800516fa1523bb5a329611f90e73e89be559131fc7e82b4fdc95ff?s=96&d=mm&r=g","caption":"Rauchfrei Team"},"url":"https:\/\/rauchfrei.at\/en\/author\/rauchfrei-team\/"}]}},"_links":{"self":[{"href":"https:\/\/rauchfrei.at\/en\/wp-json\/wp\/v2\/posts\/26990","targetHints":{"allow":["GET"]}}],"collection":[{"href":"https:\/\/rauchfrei.at\/en\/wp-json\/wp\/v2\/posts"}],"about":[{"href":"https:\/\/rauchfrei.at\/en\/wp-json\/wp\/v2\/types\/post"}],"author":[{"embeddable":true,"href":"https:\/\/rauchfrei.at\/en\/wp-json\/wp\/v2\/users\/25"}],"replies":[{"embeddable":true,"href":"https:\/\/rauchfrei.at\/en\/wp-json\/wp\/v2\/comments?post=26990"}],"version-history":[{"count":8,"href":"https:\/\/rauchfrei.at\/en\/wp-json\/wp\/v2\/posts\/26990\/revisions"}],"predecessor-version":[{"id":27000,"href":"https:\/\/rauchfrei.at\/en\/wp-json\/wp\/v2\/posts\/26990\/revisions\/27000"}],"wp:attachment":[{"href":"https:\/\/rauchfrei.at\/en\/wp-json\/wp\/v2\/media?parent=26990"}],"wp:term":[{"taxonomy":"category","embeddable":true,"href":"https:\/\/rauchfrei.at\/en\/wp-json\/wp\/v2\/categories?post=26990"},{"taxonomy":"post_tag","embeddable":true,"href":"https:\/\/rauchfrei.at\/en\/wp-json\/wp\/v2\/tags?post=26990"}],"curies":[{"name":"wp","href":"https:\/\/api.w.org\/{rel}","templated":true}]}}