
{"id":27117,"date":"2023-05-29T08:00:00","date_gmt":"2023-05-29T06:00:00","guid":{"rendered":"https:\/\/rauchfrei.at\/?p=27117"},"modified":"2023-05-24T11:50:06","modified_gmt":"2023-05-24T09:50:06","slug":"der-weltnichtrauchertag-2023","status":"publish","type":"post","link":"https:\/\/rauchfrei.at\/en\/der-weltnichtrauchertag-2023\/","title":{"rendered":"Der Weltnichtrauchertag 2023"},"content":{"rendered":"\n[et_pb_section fb_built=&#8221;1&#8243; module_class=&#8221;header&#8221; _builder_version=&#8221;4.16&#8243; global_colors_info=&#8221;{}&#8221;][et_pb_row _builder_version=&#8221;4.16&#8243; global_colors_info=&#8221;{}&#8221;][et_pb_column type=&#8221;4_4&#8243; _builder_version=&#8221;4.16&#8243; custom_padding=&#8221;|||&#8221; global_colors_info=&#8221;{}&#8221; custom_padding__hover=&#8221;|||&#8221;][et_pb_dp_dmb_module_10001 subheadline=&#8221;\u201eWir brauchen Lebensmittel, nicht Tabak\u201c&#8221; _builder_version=&#8221;4.20.4&#8243; global_colors_info=&#8221;{}&#8221;][\/et_pb_dp_dmb_module_10001][\/et_pb_column][\/et_pb_row][\/et_pb_section][et_pb_section fb_built=&#8221;1&#8243; _builder_version=&#8221;4.16&#8243; custom_padding=&#8221;30px|||&#8221; global_colors_info=&#8221;{}&#8221;][et_pb_row column_structure=&#8221;2_3,1_3&#8243; _builder_version=&#8221;4.16&#8243; global_colors_info=&#8221;{}&#8221;][et_pb_column type=&#8221;2_3&#8243; module_class=&#8221;blog-content&#8221; _builder_version=&#8221;4.16&#8243; custom_padding=&#8221;|||&#8221; global_colors_info=&#8221;{}&#8221; custom_padding__hover=&#8221;|||&#8221;][et_pb_image src=&#8221;https:\/\/rauchfrei.at\/wp-content\/uploads\/out_shutterstock_790269046_Freedomz-scaled.jpg&#8221; title_text=&#8221;out_shutterstock_790269046_Freedomz&#8221; align_tablet=&#8221;center&#8221; align_phone=&#8221;center&#8221; align_last_edited=&#8221;on|desktop&#8221; _builder_version=&#8221;4.20.4&#8243; always_center_on_mobile=&#8221;on&#8221; global_colors_info=&#8221;{}&#8221;][\/et_pb_image][et_pb_text _builder_version=&#8221;4.20.4&#8243; hover_enabled=&#8221;0&#8243; global_colors_info=&#8221;{}&#8221; sticky_enabled=&#8221;0&#8243;]<p>Themen wie Klimawandel, Nahrungsmittelknappheit, nachhaltiger Umgang mit Ressourcen besch\u00e4ftigen in vielen Bereichen unseres t\u00e4glichen Lebens.<\/p>\n<p>Neben den gesundheitlichen Wirkungen der Rauchfreiheit gibt es viele \u00f6kologische und humanit\u00e4re Aspekte bei der Produktion, Herstellung und Entsorgung der Tabakprodukte.<\/p>\n<p>Bei vielen Menschen, die den Konsum von Tabakwaren beenden, steht der Wunsch nach einem ges\u00fcnderen tabak -und nikotinfreien Leben an erster Stelle. \u00a0Die <a href=\"https:\/\/rauchfrei.at\/fakten\/gesundheitliche-auswirkungen-des-rauchens\/\" target=\"_blank\" rel=\"noopener\">positiven Auswirkungen der Rauchfreiheit<\/a> auf K\u00f6rper und Gesundheit und eine Reduktion der Risiken an chronischen Atemwegserkrankungen, COPD, Krebs oder Stoffwechselerkrankungen wie Diabetes zu erkranken, sind dabei meist die wichtigsten pers\u00f6nlichen Ziele.<\/p>\n<p>Gute Gr\u00fcnde, rauchfrei zu werden, k\u00f6nnen auch die eigene Unterst\u00fctzung einer nachhaltigen Landwirtschaft und die F\u00f6rderung \u00f6kologischer Nahrungsmittelproduktionen mit fairen Arbeits- und Handelsbedingungen sein.<\/p>\n<p>Tabakanbau ben\u00f6tigt:<\/p>\n<ul>\n<li>viel Wasser<\/li>\n<li>giftige Pestizide, f\u00fcr die Tabakpflanzen<\/li>\n<li>viel Ackerland, d.h. tausende Hektar Wald, die gerodet werden<\/li>\n<li>Brennstoffe, f\u00fcr die Trocknung der Tabakbl\u00e4tter<\/li>\n<li>Landwirtschaftliche Arbeit unter schlechten gesundheitlichen und finanziellen Bedingungen f\u00fcr die Bauern<\/li>\n<\/ul>\n<p>Auch in der Herstellung und Entsorgung der Tabakprodukte kommt es zu einer Belastung der Umwelt.<\/p>\n<p>Laut WHO \u201ewird der Weltnichtrauchertag 2023 dazu dienen, Regierungen und politische Entscheidungstr\u00e4ger zu mobilisieren, die Landwirte bei der Umstellung auf nachhaltige Kulturen zu unterst\u00fctzen, indem sie Markt\u00f6kosysteme f\u00fcr alternative Kulturen schaffen, und mindestens 10 000 Landwirte weltweit zu ermutigen, sich zur Abkehr vom Tabakanbau zu verpflichten.\u201c<\/p>\n<p>Tun Sie sich selber und der Umwelt etwas Gutes! Mit Hilfe gelingt die Rauchfreiheit oft leichter als gedacht!<\/p>\n<p>Links:<\/p>\n<p><a href=\"https:\/\/www.who.int\/news\/item\/07-11-2022-we-need-food--not-tobacco---focus-of-the-world-no-tobacco-day-2023\">Wir brauchen Lebensmittel, nicht Tabak \u2013 Schwerpunkt des Weltnichtrauchertags 2023 (who.int)<\/a><\/p>\n<p><a href=\"https:\/\/unfairtobacco.org\/\">https:\/\/unfairtobacco.org\/<\/a><\/p>\n<p><a href=\"https:\/\/www.krebshilfe.de\/informieren\/ueber-krebs\/krebs-vorbeugen\/rauchen-und-krebs\/weltnichtrauchertag\/\">Weltnichtrauchertag (krebshilfe.de)<\/a><\/p>[\/et_pb_text][et_pb_post_nav in_same_term=&#8221;off&#8221; _builder_version=&#8221;4.16&#8243; global_colors_info=&#8221;{}&#8221;][\/et_pb_post_nav][\/et_pb_column][et_pb_column type=&#8221;1_3&#8243; module_class=&#8221;cat-and-tag&#8221; _builder_version=&#8221;4.16&#8243; custom_padding=&#8221;|||&#8221; global_colors_info=&#8221;{}&#8221; custom_padding__hover=&#8221;|||&#8221;][et_pb_dp_dmb_module_10093 farbe=&#8221;blitzblau&#8221; headline=&#8221;Tabak- und Nikotinprodukte&#8221; image=&#8221;https:\/\/rauchfrei.at\/wp-content\/uploads\/Dampfmaedel_RGB_RZ.png&#8221; image_position=&#8221;center&#8221; link_text=&#8221;mehr Informationen&#8221; link_url=&#8221;https:\/\/rauchfrei.at\/fakten\/andere-tabakprodukte\/&#8221; admin_label=&#8221;Tabak- und Nikotinprodukte&#8221; _builder_version=&#8221;4.20.4&#8243; _module_preset=&#8221;default&#8221; global_module=&#8221;26833&#8243; saved_tabs=&#8221;all&#8221; global_colors_info=&#8221;{}&#8221;]<p>Was ist wo drin?<\/p>\n[\/et_pb_dp_dmb_module_10093][et_pb_dp_dmb_module_10093 farbe=&#8221;blitzblau&#8221; headline=&#8221;Alternativen zum Rauchen&#8221; image=&#8221;https:\/\/rauchfrei.at\/wp-content\/uploads\/Relax-in-hammok.png&#8221; image_position=&#8221;center&#8221; link_text=&#8221;mehr&#8221; link_url=&#8221;https:\/\/rauchfrei.at\/alternativen\/&#8221; admin_label=&#8221;Alternativen zum Rauchen&#8221; _builder_version=&#8221;4.16&#8243; z_index_tablet=&#8221;500&#8243; saved_tabs=&#8221;all&#8221; global_colors_info=&#8221;{}&#8221; global_module=&#8221;13174&#8243; theme_builder_area=&#8221;post_content&#8221;]<p>Es gibt viele M\u00f6glichkeiten, um nicht zur Zigarette zu greifen!<\/p>\n[\/et_pb_dp_dmb_module_10093][et_pb_dp_dmb_module_10080 link_text=&#8221;hier downloaden&#8221; link_url=&#8221;https:\/\/rauchfrei.at\/broschueren-downloads\/download-broschueren\/&#8221; admin_label=&#8221;Materialdownloads&#8221; _builder_version=&#8221;4.16&#8243; saved_tabs=&#8221;all&#8221; global_colors_info=&#8221;{}&#8221; global_module=&#8221;13235&#8243; theme_builder_area=&#8221;post_content&#8221;]<p><span lang=\"DE-AT\"><strong>Brosch\u00fcren, Folder<\/strong> und <strong>Poster<\/strong><\/span><\/p>\n[\/et_pb_dp_dmb_module_10080][\/et_pb_column][\/et_pb_row][\/et_pb_section]\n","protected":false},"excerpt":{"rendered":"<p>Das Motto des diesj\u00e4hrigen Weltnichtrauchertags richtet den Blick auf die Anbaubedingungen von Tabak, der zur Nikotingewinnung angebaut wird. Der Anbau von Tabak beutet in vielen F\u00e4llen die Umwelt und die Bauern aus. Die hohen Gewinne der Tabakindustrie gehen auf Kosten der Gesundheit vieler Menschen (bei Anbau und Konsum) und der Umwelt.<\/p>\n<p>Auch dadurch, sich f\u00fcr die Rauch- und Nikotinfreiheit zu entscheiden, tragen Konsumenten dazu bei, eine \u00f6kologisch nachhaltige Landwirtschaft mit wichtiger und vor allem nachhaltiger Nahrungsmittelproduktion zu f\u00f6rdern.<\/p>\n","protected":false},"author":25,"featured_media":0,"comment_status":"open","ping_status":"open","sticky":false,"template":"","format":"standard","meta":{"_et_pb_use_builder":"on","_et_pb_old_content":"","_et_gb_content_width":"2880","footnotes":""},"categories":[237,236],"tags":[],"class_list":["post-27117","post","type-post","status-publish","format-standard","hentry","category-literatur-und-hintergrundwissen","category-nicht-kategorisiert"],"yoast_head":"<!-- This site is optimized with the Yoast SEO plugin v26.2 - https:\/\/yoast.com\/wordpress\/plugins\/seo\/ -->\n<title>Der Weltnichtrauchertag 2023 - Rauchfrei Telefon<\/title>\n<meta name=\"robots\" content=\"index, follow, max-snippet:-1, max-image-preview:large, max-video-preview:-1\" \/>\n<link rel=\"canonical\" href=\"https:\/\/rauchfrei.at\/der-weltnichtrauchertag-2023\/\" \/>\n<meta property=\"og:locale\" content=\"en_US\" \/>\n<meta property=\"og:type\" content=\"article\" \/>\n<meta property=\"og:title\" content=\"Der Weltnichtrauchertag 2023 - Rauchfrei Telefon\" \/>\n<meta property=\"og:description\" content=\"Das Motto des diesj\u00e4hrigen Weltnichtrauchertags richtet den Blick auf die Anbaubedingungen von Tabak, der zur Nikotingewinnung angebaut wird. Der Anbau von Tabak beutet in vielen F\u00e4llen die Umwelt und die Bauern aus. Die hohen Gewinne der Tabakindustrie gehen auf Kosten der Gesundheit vieler Menschen (bei Anbau und Konsum) und der Umwelt. Auch dadurch, sich f\u00fcr die Rauch- und Nikotinfreiheit zu entscheiden, tragen Konsumenten dazu bei, eine \u00f6kologisch nachhaltige Landwirtschaft mit wichtiger und vor allem nachhaltiger Nahrungsmittelproduktion zu f\u00f6rdern.\" \/>\n<meta property=\"og:url\" content=\"https:\/\/rauchfrei.at\/der-weltnichtrauchertag-2023\/\" \/>\n<meta property=\"og:site_name\" content=\"Rauchfrei Telefon\" \/>\n<meta property=\"article:published_time\" content=\"2023-05-29T06:00:00+00:00\" \/>\n<meta name=\"author\" content=\"Rauchfrei Team\" \/>\n<meta name=\"twitter:card\" content=\"summary_large_image\" \/>\n<meta name=\"twitter:label1\" content=\"Written by\" \/>\n\t<meta name=\"twitter:data1\" content=\"Rauchfrei Team\" \/>\n\t<meta name=\"twitter:label2\" content=\"Est. reading time\" \/>\n\t<meta name=\"twitter:data2\" content=\"3 minutes\" \/>\n<script type=\"application\/ld+json\" class=\"yoast-schema-graph\">{\"@context\":\"https:\/\/schema.org\",\"@graph\":[{\"@type\":\"WebPage\",\"@id\":\"https:\/\/rauchfrei.at\/der-weltnichtrauchertag-2023\/\",\"url\":\"https:\/\/rauchfrei.at\/der-weltnichtrauchertag-2023\/\",\"name\":\"Der Weltnichtrauchertag 2023 - Rauchfrei Telefon\",\"isPartOf\":{\"@id\":\"https:\/\/rauchfrei.at\/#website\"},\"datePublished\":\"2023-05-29T06:00:00+00:00\",\"author\":{\"@id\":\"https:\/\/rauchfrei.at\/#\/schema\/person\/504bbf90c5482004fc09aef6de7f9277\"},\"inLanguage\":\"en-US\",\"potentialAction\":[{\"@type\":\"ReadAction\",\"target\":[\"https:\/\/rauchfrei.at\/der-weltnichtrauchertag-2023\/\"]}]},{\"@type\":\"WebSite\",\"@id\":\"https:\/\/rauchfrei.at\/#website\",\"url\":\"https:\/\/rauchfrei.at\/\",\"name\":\"Rauchfrei Telefon\",\"description\":\"Eine \u00f6sterreichweite Initiative der Sozialversicherungen.\",\"potentialAction\":[{\"@type\":\"SearchAction\",\"target\":{\"@type\":\"EntryPoint\",\"urlTemplate\":\"https:\/\/rauchfrei.at\/?s={search_term_string}\"},\"query-input\":{\"@type\":\"PropertyValueSpecification\",\"valueRequired\":true,\"valueName\":\"search_term_string\"}}],\"inLanguage\":\"en-US\"},{\"@type\":\"Person\",\"@id\":\"https:\/\/rauchfrei.at\/#\/schema\/person\/504bbf90c5482004fc09aef6de7f9277\",\"name\":\"Rauchfrei Team\",\"image\":{\"@type\":\"ImageObject\",\"inLanguage\":\"en-US\",\"@id\":\"https:\/\/rauchfrei.at\/#\/schema\/person\/image\/\",\"url\":\"https:\/\/secure.gravatar.com\/avatar\/2115b79a00800516fa1523bb5a329611f90e73e89be559131fc7e82b4fdc95ff?s=96&d=mm&r=g\",\"contentUrl\":\"https:\/\/secure.gravatar.com\/avatar\/2115b79a00800516fa1523bb5a329611f90e73e89be559131fc7e82b4fdc95ff?s=96&d=mm&r=g\",\"caption\":\"Rauchfrei Team\"},\"url\":\"https:\/\/rauchfrei.at\/en\/author\/rauchfrei-team\/\"}]}<\/script>\n<!-- \/ Yoast SEO plugin. -->","yoast_head_json":{"title":"Der Weltnichtrauchertag 2023 - Rauchfrei Telefon","robots":{"index":"index","follow":"follow","max-snippet":"max-snippet:-1","max-image-preview":"max-image-preview:large","max-video-preview":"max-video-preview:-1"},"canonical":"https:\/\/rauchfrei.at\/der-weltnichtrauchertag-2023\/","og_locale":"en_US","og_type":"article","og_title":"Der Weltnichtrauchertag 2023 - Rauchfrei Telefon","og_description":"Das Motto des diesj\u00e4hrigen Weltnichtrauchertags richtet den Blick auf die Anbaubedingungen von Tabak, der zur Nikotingewinnung angebaut wird. Der Anbau von Tabak beutet in vielen F\u00e4llen die Umwelt und die Bauern aus. Die hohen Gewinne der Tabakindustrie gehen auf Kosten der Gesundheit vieler Menschen (bei Anbau und Konsum) und der Umwelt. Auch dadurch, sich f\u00fcr die Rauch- und Nikotinfreiheit zu entscheiden, tragen Konsumenten dazu bei, eine \u00f6kologisch nachhaltige Landwirtschaft mit wichtiger und vor allem nachhaltiger Nahrungsmittelproduktion zu f\u00f6rdern.","og_url":"https:\/\/rauchfrei.at\/der-weltnichtrauchertag-2023\/","og_site_name":"Rauchfrei Telefon","article_published_time":"2023-05-29T06:00:00+00:00","author":"Rauchfrei Team","twitter_card":"summary_large_image","twitter_misc":{"Written by":"Rauchfrei Team","Est. reading time":"3 minutes"},"schema":{"@context":"https:\/\/schema.org","@graph":[{"@type":"WebPage","@id":"https:\/\/rauchfrei.at\/der-weltnichtrauchertag-2023\/","url":"https:\/\/rauchfrei.at\/der-weltnichtrauchertag-2023\/","name":"Der Weltnichtrauchertag 2023 - Rauchfrei Telefon","isPartOf":{"@id":"https:\/\/rauchfrei.at\/#website"},"datePublished":"2023-05-29T06:00:00+00:00","author":{"@id":"https:\/\/rauchfrei.at\/#\/schema\/person\/504bbf90c5482004fc09aef6de7f9277"},"inLanguage":"en-US","potentialAction":[{"@type":"ReadAction","target":["https:\/\/rauchfrei.at\/der-weltnichtrauchertag-2023\/"]}]},{"@type":"WebSite","@id":"https:\/\/rauchfrei.at\/#website","url":"https:\/\/rauchfrei.at\/","name":"Rauchfrei Telefon","description":"Eine \u00f6sterreichweite Initiative der Sozialversicherungen.","potentialAction":[{"@type":"SearchAction","target":{"@type":"EntryPoint","urlTemplate":"https:\/\/rauchfrei.at\/?s={search_term_string}"},"query-input":{"@type":"PropertyValueSpecification","valueRequired":true,"valueName":"search_term_string"}}],"inLanguage":"en-US"},{"@type":"Person","@id":"https:\/\/rauchfrei.at\/#\/schema\/person\/504bbf90c5482004fc09aef6de7f9277","name":"Rauchfrei Team","image":{"@type":"ImageObject","inLanguage":"en-US","@id":"https:\/\/rauchfrei.at\/#\/schema\/person\/image\/","url":"https:\/\/secure.gravatar.com\/avatar\/2115b79a00800516fa1523bb5a329611f90e73e89be559131fc7e82b4fdc95ff?s=96&d=mm&r=g","contentUrl":"https:\/\/secure.gravatar.com\/avatar\/2115b79a00800516fa1523bb5a329611f90e73e89be559131fc7e82b4fdc95ff?s=96&d=mm&r=g","caption":"Rauchfrei Team"},"url":"https:\/\/rauchfrei.at\/en\/author\/rauchfrei-team\/"}]}},"_links":{"self":[{"href":"https:\/\/rauchfrei.at\/en\/wp-json\/wp\/v2\/posts\/27117","targetHints":{"allow":["GET"]}}],"collection":[{"href":"https:\/\/rauchfrei.at\/en\/wp-json\/wp\/v2\/posts"}],"about":[{"href":"https:\/\/rauchfrei.at\/en\/wp-json\/wp\/v2\/types\/post"}],"author":[{"embeddable":true,"href":"https:\/\/rauchfrei.at\/en\/wp-json\/wp\/v2\/users\/25"}],"replies":[{"embeddable":true,"href":"https:\/\/rauchfrei.at\/en\/wp-json\/wp\/v2\/comments?post=27117"}],"version-history":[{"count":7,"href":"https:\/\/rauchfrei.at\/en\/wp-json\/wp\/v2\/posts\/27117\/revisions"}],"predecessor-version":[{"id":27129,"href":"https:\/\/rauchfrei.at\/en\/wp-json\/wp\/v2\/posts\/27117\/revisions\/27129"}],"wp:attachment":[{"href":"https:\/\/rauchfrei.at\/en\/wp-json\/wp\/v2\/media?parent=27117"}],"wp:term":[{"taxonomy":"category","embeddable":true,"href":"https:\/\/rauchfrei.at\/en\/wp-json\/wp\/v2\/categories?post=27117"},{"taxonomy":"post_tag","embeddable":true,"href":"https:\/\/rauchfrei.at\/en\/wp-json\/wp\/v2\/tags?post=27117"}],"curies":[{"name":"wp","href":"https:\/\/api.w.org\/{rel}","templated":true}]}}