
{"id":27130,"date":"2023-05-26T08:00:00","date_gmt":"2023-05-26T06:00:00","guid":{"rendered":"https:\/\/rauchfrei.at\/?p=27130"},"modified":"2023-05-31T07:20:05","modified_gmt":"2023-05-31T05:20:05","slug":"aktivitaeten-zum-weltnichtrauchertag-2023","status":"publish","type":"post","link":"https:\/\/rauchfrei.at\/en\/aktivitaeten-zum-weltnichtrauchertag-2023\/","title":{"rendered":"Aktivit\u00e4ten zum Weltnichtrauchertag 2023"},"content":{"rendered":"\n\n[et_pb_section fb_built=&#8221;1&#8243; module_class=&#8221;header&#8221; _builder_version=&#8221;4.16&#8243; global_colors_info=&#8221;{}&#8221;][et_pb_row _builder_version=&#8221;4.16&#8243; global_colors_info=&#8221;{}&#8221;][et_pb_column type=&#8221;4_4&#8243; _builder_version=&#8221;4.16&#8243; custom_padding=&#8221;|||&#8221; global_colors_info=&#8221;{}&#8221; custom_padding__hover=&#8221;|||&#8221;][et_pb_dp_dmb_module_10001 subheadline=&#8221;Informations- und Entw\u00f6hnangebote in \u00d6sterreich&#8221; _builder_version=&#8221;4.20.4&#8243; global_colors_info=&#8221;{}&#8221;][\/et_pb_dp_dmb_module_10001][\/et_pb_column][\/et_pb_row][\/et_pb_section][et_pb_section fb_built=&#8221;1&#8243; _builder_version=&#8221;4.16&#8243; custom_padding=&#8221;30px|||&#8221; global_colors_info=&#8221;{}&#8221;][et_pb_row column_structure=&#8221;2_3,1_3&#8243; _builder_version=&#8221;4.16&#8243; global_colors_info=&#8221;{}&#8221;][et_pb_column type=&#8221;2_3&#8243; module_class=&#8221;blog-content&#8221; _builder_version=&#8221;4.16&#8243; custom_padding=&#8221;|||&#8221; global_colors_info=&#8221;{}&#8221; custom_padding__hover=&#8221;|||&#8221;][et_pb_text _builder_version=&#8221;4.20.4&#8243; hover_enabled=&#8221;0&#8243; global_colors_info=&#8221;{}&#8221; sticky_enabled=&#8221;0&#8243;]<p>Das Wissen rund um die Wirkungen und Auswirkungen von Nikotin, die Nikotinabh\u00e4ngigkeit, deren Entstehung und Aufrechterhaltung und auch das Wissen um die sozialen Rahmenbedingungen beim Anbau von Tabak, bei der Herstellung und der wirtschaftlichen Regulation der Tabak- und Nikotinprodukte ist wichtig. So kann ein gesellschaftlicher Umgang mit dem Suchtstoff Nikotin so gestaltet werden, dass der Schaden geringgehalten wird.<\/p>\n<p>Ein aktueller Aspekt sind die neuartigen Nikotinprodukte. Dazu informieren die \u00d6GK und VIVID heuer in Webinaren. Die BVAEB bietet einen Informationsvortrag zum Suchtverhalten an.<\/p>\n<p>Konkrete Entw\u00f6hnangebote f\u00fcr Personen, die frei von Tabak und Nikotin werden und bleiben wollen, bieten einige Sozialversicherungstr\u00e4ger laufend an.<\/p>\n<p>Links zu den Webinaren und Entw\u00f6hnangeboten und einem Lungengesundheitstag der \u00d6GK in Salzburg finden Sie hier:<\/p>\n<p><a href=\"https:\/\/www.gesundheitskasse.at\/cdscontent\/?contentid=10007.885568&amp;portal=oegkportal\" target=\"_blank\" rel=\"noopener\">Aktivit\u00e4ten der \u00d6sterreichischen Gesundheitskasse<\/a><\/p>\n<p><a href=\"https:\/\/rauchfrei.at\/wp-content\/uploads\/OEGK_Salzburg_Infoblatt-Wie-fit-ist-Ihre-Lunge-SEi-220223.pdf\" target=\"_blank\" rel=\"noopener\">Infoblatt: Wie fit ist Ihre Lunge?<\/a><\/p>\n<p><a href=\"https:\/\/www.vivid.at\/weltnichtrauchertag-2023\/\" target=\"_blank\" rel=\"noopener\">Angebot von VIVID<\/a><\/p>\n<p>Angebote der BVAEB:<br \/><a href=\"https:\/\/www.bvaeb.at\/cdscontent\/?contentid=10007.840452\" target=\"_blank\" rel=\"noopener\">Allgemeines Angebot<\/a><\/p>\n<p><a href=\"https:\/\/rauchfrei.at\/wp-content\/uploads\/BVAEB_Infozettel_-Weltnichtrauchertag-Online-Vortrag-5.6.23_V1.pdf\" target=\"_blank\" rel=\"noopener\">Info zum Vortrag<\/a><a href=\"https:\/\/rauchfrei.at\/wp-content\/uploads\/BVAEB_Infozettel_-Weltnichtrauchertag-Online-Vortrag-5.6.23_V1.pdf\" rel=\"attachment wp-att-27138\"><\/a><\/p>\n<p><a href=\"https:\/\/rauchfrei.at\/wp-content\/uploads\/BVAEB_Infozettel_-Weltnichtrauchertag-Online-Vortrag-5.6.23_V1.pdf\" target=\"_blank\" rel=\"noopener\"><\/a><\/p>\n<p>&nbsp;<\/p>[\/et_pb_text][et_pb_post_nav in_same_term=&#8221;off&#8221; _builder_version=&#8221;4.16&#8243; global_colors_info=&#8221;{}&#8221;][\/et_pb_post_nav][\/et_pb_column][et_pb_column type=&#8221;1_3&#8243; module_class=&#8221;cat-and-tag&#8221; _builder_version=&#8221;4.16&#8243; custom_padding=&#8221;|||&#8221; global_colors_info=&#8221;{}&#8221; custom_padding__hover=&#8221;|||&#8221;][et_pb_sidebar area=&#8221;et_pb_widget_area_1&#8243; _builder_version=&#8221;4.16&#8243; global_colors_info=&#8221;{}&#8221;][\/et_pb_sidebar][et_pb_text admin_label=&#8221;Angebote in \u00d6sterreich&#8221; _builder_version=&#8221;4.16&#8243; custom_margin=&#8221;||60px&#8221; custom_padding=&#8221;||&#8221; link_option_url=&#8221;https:\/\/rauchfrei.at\/aufhoeren\/weitere-beratungsangebote-in-oe\/ambulante-beratung\/&#8221; saved_tabs=&#8221;all&#8221; global_colors_info=&#8221;{}&#8221; global_module=&#8221;13404&#8243; theme_builder_area=&#8221;post_content&#8221;]<p><a style=\"color: #212121;\" href=\"https:\/\/rauchfrei.at\/aufhoeren\/weitere-beratungsangebote-in-oe\/ambulante-beratung\/\"><\/p>\n<h2>Angebote in \u00d6sterreich<\/h2>\n<p><img loading=\"lazy\" decoding=\"async\" class=\"wp-image-13438 alignnone size-large\" src=\"https:\/\/rauchfrei.at\/wp-content\/uploads\/oesterreichkarte-2-480x248.png\" alt=\"\" width=\"480\" height=\"248\" srcset=\"https:\/\/rauchfrei.at\/wp-content\/uploads\/oesterreichkarte-2-480x248.png 480w, https:\/\/rauchfrei.at\/wp-content\/uploads\/oesterreichkarte-2-225x116.png 225w, https:\/\/rauchfrei.at\/wp-content\/uploads\/oesterreichkarte-2-768x397.png 768w, https:\/\/rauchfrei.at\/wp-content\/uploads\/oesterreichkarte-2-1080x558.png 1080w, https:\/\/rauchfrei.at\/wp-content\/uploads\/oesterreichkarte-2.png 1736w\" sizes=\"(max-width: 480px) 100vw, 480px\" \/><\/p>\n<p>Finden Sie das passende Angebot von ambulanter Einzelberatung bis hin zur station\u00e4ren Gruppenberatung<\/p>\n<p><\/a><\/p>\n<p><a class=\"mehr\" href=\"https:\/\/rauchfrei.at\/aufhoeren\/weitere-beratungsangebote-in-oe\/ambulante-beratung\/\">mehr<\/a><\/p>\n[\/et_pb_text][\/et_pb_column][\/et_pb_row][\/et_pb_section]\n\n","protected":false},"excerpt":{"rendered":"<p>J\u00e4hrlich dient der Weltnichtrauchertag der WHO dazu, rund ums Thema zu informieren, auf die Rahmenbedingungen der globalen Tabakepidemie hinzuweisen und konkrete Hilfe beim Ausstieg aus der Nikotinabh\u00e4ngigkeit anzubieten. Einige Institutionen in \u00d6sterreich nutzen den Tag f\u00fcr Informationsangebote.<\/p>\n","protected":false},"author":25,"featured_media":0,"comment_status":"open","ping_status":"open","sticky":false,"template":"","format":"standard","meta":{"_et_pb_use_builder":"on","_et_pb_old_content":"","_et_gb_content_width":"2880","footnotes":""},"categories":[237,236],"tags":[],"class_list":["post-27130","post","type-post","status-publish","format-standard","hentry","category-literatur-und-hintergrundwissen","category-nicht-kategorisiert"],"yoast_head":"<!-- This site is optimized with the Yoast SEO plugin v26.2 - https:\/\/yoast.com\/wordpress\/plugins\/seo\/ -->\n<title>Aktivit\u00e4ten zum Weltnichtrauchertag 2023 - Rauchfrei Telefon<\/title>\n<meta name=\"robots\" content=\"index, follow, max-snippet:-1, max-image-preview:large, max-video-preview:-1\" \/>\n<link rel=\"canonical\" href=\"https:\/\/rauchfrei.at\/aktivitaeten-zum-weltnichtrauchertag-2023\/\" \/>\n<meta property=\"og:locale\" content=\"en_US\" \/>\n<meta property=\"og:type\" content=\"article\" \/>\n<meta property=\"og:title\" content=\"Aktivit\u00e4ten zum Weltnichtrauchertag 2023 - Rauchfrei Telefon\" \/>\n<meta property=\"og:description\" content=\"J\u00e4hrlich dient der Weltnichtrauchertag der WHO dazu, rund ums Thema zu informieren, auf die Rahmenbedingungen der globalen Tabakepidemie hinzuweisen und konkrete Hilfe beim Ausstieg aus der Nikotinabh\u00e4ngigkeit anzubieten. Einige Institutionen in \u00d6sterreich nutzen den Tag f\u00fcr Informationsangebote.\" \/>\n<meta property=\"og:url\" content=\"https:\/\/rauchfrei.at\/aktivitaeten-zum-weltnichtrauchertag-2023\/\" \/>\n<meta property=\"og:site_name\" content=\"Rauchfrei Telefon\" \/>\n<meta property=\"article:published_time\" content=\"2023-05-26T06:00:00+00:00\" \/>\n<meta property=\"article:modified_time\" content=\"2023-05-31T05:20:05+00:00\" \/>\n<meta property=\"og:image\" content=\"https:\/\/rauchfrei.at\/wp-content\/uploads\/oesterreichkarte-2-480x248.png\" \/>\n<meta name=\"author\" content=\"Rauchfrei Team\" \/>\n<meta name=\"twitter:card\" content=\"summary_large_image\" \/>\n<meta name=\"twitter:label1\" content=\"Written by\" \/>\n\t<meta name=\"twitter:data1\" content=\"Rauchfrei Team\" \/>\n\t<meta name=\"twitter:label2\" content=\"Est. reading time\" \/>\n\t<meta name=\"twitter:data2\" content=\"2 minutes\" \/>\n<script type=\"application\/ld+json\" class=\"yoast-schema-graph\">{\"@context\":\"https:\/\/schema.org\",\"@graph\":[{\"@type\":\"WebPage\",\"@id\":\"https:\/\/rauchfrei.at\/aktivitaeten-zum-weltnichtrauchertag-2023\/\",\"url\":\"https:\/\/rauchfrei.at\/aktivitaeten-zum-weltnichtrauchertag-2023\/\",\"name\":\"Aktivit\u00e4ten zum Weltnichtrauchertag 2023 - Rauchfrei Telefon\",\"isPartOf\":{\"@id\":\"https:\/\/rauchfrei.at\/#website\"},\"primaryImageOfPage\":{\"@id\":\"https:\/\/rauchfrei.at\/aktivitaeten-zum-weltnichtrauchertag-2023\/#primaryimage\"},\"image\":{\"@id\":\"https:\/\/rauchfrei.at\/aktivitaeten-zum-weltnichtrauchertag-2023\/#primaryimage\"},\"thumbnailUrl\":\"https:\/\/rauchfrei.at\/wp-content\/uploads\/oesterreichkarte-2-480x248.png\",\"datePublished\":\"2023-05-26T06:00:00+00:00\",\"dateModified\":\"2023-05-31T05:20:05+00:00\",\"author\":{\"@id\":\"https:\/\/rauchfrei.at\/#\/schema\/person\/504bbf90c5482004fc09aef6de7f9277\"},\"inLanguage\":\"en-US\",\"potentialAction\":[{\"@type\":\"ReadAction\",\"target\":[\"https:\/\/rauchfrei.at\/aktivitaeten-zum-weltnichtrauchertag-2023\/\"]}]},{\"@type\":\"ImageObject\",\"inLanguage\":\"en-US\",\"@id\":\"https:\/\/rauchfrei.at\/aktivitaeten-zum-weltnichtrauchertag-2023\/#primaryimage\",\"url\":\"https:\/\/rauchfrei.at\/wp-content\/uploads\/oesterreichkarte-2-480x248.png\",\"contentUrl\":\"https:\/\/rauchfrei.at\/wp-content\/uploads\/oesterreichkarte-2-480x248.png\"},{\"@type\":\"WebSite\",\"@id\":\"https:\/\/rauchfrei.at\/#website\",\"url\":\"https:\/\/rauchfrei.at\/\",\"name\":\"Rauchfrei Telefon\",\"description\":\"Eine \u00f6sterreichweite Initiative der Sozialversicherungen.\",\"potentialAction\":[{\"@type\":\"SearchAction\",\"target\":{\"@type\":\"EntryPoint\",\"urlTemplate\":\"https:\/\/rauchfrei.at\/?s={search_term_string}\"},\"query-input\":{\"@type\":\"PropertyValueSpecification\",\"valueRequired\":true,\"valueName\":\"search_term_string\"}}],\"inLanguage\":\"en-US\"},{\"@type\":\"Person\",\"@id\":\"https:\/\/rauchfrei.at\/#\/schema\/person\/504bbf90c5482004fc09aef6de7f9277\",\"name\":\"Rauchfrei Team\",\"image\":{\"@type\":\"ImageObject\",\"inLanguage\":\"en-US\",\"@id\":\"https:\/\/rauchfrei.at\/#\/schema\/person\/image\/\",\"url\":\"https:\/\/secure.gravatar.com\/avatar\/2115b79a00800516fa1523bb5a329611f90e73e89be559131fc7e82b4fdc95ff?s=96&d=mm&r=g\",\"contentUrl\":\"https:\/\/secure.gravatar.com\/avatar\/2115b79a00800516fa1523bb5a329611f90e73e89be559131fc7e82b4fdc95ff?s=96&d=mm&r=g\",\"caption\":\"Rauchfrei Team\"},\"url\":\"https:\/\/rauchfrei.at\/en\/author\/rauchfrei-team\/\"}]}<\/script>\n<!-- \/ Yoast SEO plugin. -->","yoast_head_json":{"title":"Aktivit\u00e4ten zum Weltnichtrauchertag 2023 - Rauchfrei Telefon","robots":{"index":"index","follow":"follow","max-snippet":"max-snippet:-1","max-image-preview":"max-image-preview:large","max-video-preview":"max-video-preview:-1"},"canonical":"https:\/\/rauchfrei.at\/aktivitaeten-zum-weltnichtrauchertag-2023\/","og_locale":"en_US","og_type":"article","og_title":"Aktivit\u00e4ten zum Weltnichtrauchertag 2023 - Rauchfrei Telefon","og_description":"J\u00e4hrlich dient der Weltnichtrauchertag der WHO dazu, rund ums Thema zu informieren, auf die Rahmenbedingungen der globalen Tabakepidemie hinzuweisen und konkrete Hilfe beim Ausstieg aus der Nikotinabh\u00e4ngigkeit anzubieten. Einige Institutionen in \u00d6sterreich nutzen den Tag f\u00fcr Informationsangebote.","og_url":"https:\/\/rauchfrei.at\/aktivitaeten-zum-weltnichtrauchertag-2023\/","og_site_name":"Rauchfrei Telefon","article_published_time":"2023-05-26T06:00:00+00:00","article_modified_time":"2023-05-31T05:20:05+00:00","og_image":[{"url":"https:\/\/rauchfrei.at\/wp-content\/uploads\/oesterreichkarte-2-480x248.png","type":"","width":"","height":""}],"author":"Rauchfrei Team","twitter_card":"summary_large_image","twitter_misc":{"Written by":"Rauchfrei Team","Est. reading time":"2 minutes"},"schema":{"@context":"https:\/\/schema.org","@graph":[{"@type":"WebPage","@id":"https:\/\/rauchfrei.at\/aktivitaeten-zum-weltnichtrauchertag-2023\/","url":"https:\/\/rauchfrei.at\/aktivitaeten-zum-weltnichtrauchertag-2023\/","name":"Aktivit\u00e4ten zum Weltnichtrauchertag 2023 - Rauchfrei Telefon","isPartOf":{"@id":"https:\/\/rauchfrei.at\/#website"},"primaryImageOfPage":{"@id":"https:\/\/rauchfrei.at\/aktivitaeten-zum-weltnichtrauchertag-2023\/#primaryimage"},"image":{"@id":"https:\/\/rauchfrei.at\/aktivitaeten-zum-weltnichtrauchertag-2023\/#primaryimage"},"thumbnailUrl":"https:\/\/rauchfrei.at\/wp-content\/uploads\/oesterreichkarte-2-480x248.png","datePublished":"2023-05-26T06:00:00+00:00","dateModified":"2023-05-31T05:20:05+00:00","author":{"@id":"https:\/\/rauchfrei.at\/#\/schema\/person\/504bbf90c5482004fc09aef6de7f9277"},"inLanguage":"en-US","potentialAction":[{"@type":"ReadAction","target":["https:\/\/rauchfrei.at\/aktivitaeten-zum-weltnichtrauchertag-2023\/"]}]},{"@type":"ImageObject","inLanguage":"en-US","@id":"https:\/\/rauchfrei.at\/aktivitaeten-zum-weltnichtrauchertag-2023\/#primaryimage","url":"https:\/\/rauchfrei.at\/wp-content\/uploads\/oesterreichkarte-2-480x248.png","contentUrl":"https:\/\/rauchfrei.at\/wp-content\/uploads\/oesterreichkarte-2-480x248.png"},{"@type":"WebSite","@id":"https:\/\/rauchfrei.at\/#website","url":"https:\/\/rauchfrei.at\/","name":"Rauchfrei Telefon","description":"Eine \u00f6sterreichweite Initiative der Sozialversicherungen.","potentialAction":[{"@type":"SearchAction","target":{"@type":"EntryPoint","urlTemplate":"https:\/\/rauchfrei.at\/?s={search_term_string}"},"query-input":{"@type":"PropertyValueSpecification","valueRequired":true,"valueName":"search_term_string"}}],"inLanguage":"en-US"},{"@type":"Person","@id":"https:\/\/rauchfrei.at\/#\/schema\/person\/504bbf90c5482004fc09aef6de7f9277","name":"Rauchfrei Team","image":{"@type":"ImageObject","inLanguage":"en-US","@id":"https:\/\/rauchfrei.at\/#\/schema\/person\/image\/","url":"https:\/\/secure.gravatar.com\/avatar\/2115b79a00800516fa1523bb5a329611f90e73e89be559131fc7e82b4fdc95ff?s=96&d=mm&r=g","contentUrl":"https:\/\/secure.gravatar.com\/avatar\/2115b79a00800516fa1523bb5a329611f90e73e89be559131fc7e82b4fdc95ff?s=96&d=mm&r=g","caption":"Rauchfrei Team"},"url":"https:\/\/rauchfrei.at\/en\/author\/rauchfrei-team\/"}]}},"_links":{"self":[{"href":"https:\/\/rauchfrei.at\/en\/wp-json\/wp\/v2\/posts\/27130","targetHints":{"allow":["GET"]}}],"collection":[{"href":"https:\/\/rauchfrei.at\/en\/wp-json\/wp\/v2\/posts"}],"about":[{"href":"https:\/\/rauchfrei.at\/en\/wp-json\/wp\/v2\/types\/post"}],"author":[{"embeddable":true,"href":"https:\/\/rauchfrei.at\/en\/wp-json\/wp\/v2\/users\/25"}],"replies":[{"embeddable":true,"href":"https:\/\/rauchfrei.at\/en\/wp-json\/wp\/v2\/comments?post=27130"}],"version-history":[{"count":8,"href":"https:\/\/rauchfrei.at\/en\/wp-json\/wp\/v2\/posts\/27130\/revisions"}],"predecessor-version":[{"id":27164,"href":"https:\/\/rauchfrei.at\/en\/wp-json\/wp\/v2\/posts\/27130\/revisions\/27164"}],"wp:attachment":[{"href":"https:\/\/rauchfrei.at\/en\/wp-json\/wp\/v2\/media?parent=27130"}],"wp:term":[{"taxonomy":"category","embeddable":true,"href":"https:\/\/rauchfrei.at\/en\/wp-json\/wp\/v2\/categories?post=27130"},{"taxonomy":"post_tag","embeddable":true,"href":"https:\/\/rauchfrei.at\/en\/wp-json\/wp\/v2\/tags?post=27130"}],"curies":[{"name":"wp","href":"https:\/\/api.w.org\/{rel}","templated":true}]}}